{"id":670569,"date":"2022-06-01T08:40:20","date_gmt":"2022-06-01T11:40:20","guid":{"rendered":"https:\/\/bahiaeconomica.com.br\/wp\/beta\/?p=670569"},"modified":"2022-06-01T11:29:19","modified_gmt":"2022-06-01T14:29:19","slug":"bahia-tem-62-pessoas-superinteligentes-segundo-organizacao","status":"publish","type":"post","link":"https:\/\/bahiaeconomica.com.br\/wp\/2022\/06\/01\/bahia-tem-62-pessoas-superinteligentes-segundo-organizacao\/","title":{"rendered":"BAHIA TEM 62 PESSOAS SUPERINTELIGENTES SEGUNDO ORGANIZA\u00c7\u00c3O"},"content":{"rendered":"<p>Se a intelig\u00eancia tamb\u00e9m \u00e9 sinal de humildade, ainda n\u00e3o h\u00e1 nada que prove. Por enquanto, ficamos com a percep\u00e7\u00e3o de um dos mais inteligentes da Bahia, o engenheiro soteropolitano<!--more--> Alexandro Ribeiro, 46 anos. Mesmo fazendo parte dos 2% de superdotados do Brasil, ele se v\u00ea apenas como algu\u00e9m com \u201cum interesse fora do comum\u201d. Salvador \u00e9 a \u00fanica cidade do estado que est\u00e1 na rota da Associa\u00e7\u00e3o Mensa Brasil, entidade que re\u00fane pessoas e profissionais de altas capacidades intelectuais no pa\u00eds. Alexandro \u00e9 membro da institui\u00e7\u00e3o. A Bahia tem, atualmente, 62 pessoas na Mensa Brasil. No pa\u00eds, a institui\u00e7\u00e3o j\u00e1 re\u00fane 2 mil cadastrados e 600 ativos. A associa\u00e7\u00e3o \u00e9 a afiliada oficial da Mensa Internacional, principal organiza\u00e7\u00e3o de alto quociente de intelig\u00eancia (QI) do mundo. Fundada no Reino Unido, em 1946, est\u00e1 presente em cerca de 100 pa\u00edses e conta com, aproximadamente, 145 mil membros.<\/p>\n<p>O que para muita gente pode ser um pesadelo, para Alexandro sempre foi sin\u00f4nimo de divers\u00e3o: matem\u00e1tica. Foi por causa da paix\u00e3o pelas exatas que amigos, professores e familiares perceberam, por volta dos seus 12 anos, que a habilidade dele superava a dos colegas. \u201c\u00c9 dif\u00edcil falar em superintelig\u00eancia. Na verdade, considero que tenho um interesse acima da m\u00e9dia pelas exatas, pelo pensamento l\u00f3gico e por tudo nessa linha. \u00c9 primeiro uma paix\u00e3o, a\u00ed depois a gente come\u00e7a a se dedicar\u201d, avalia.<\/p>\n<p>Mas nem tudo s\u00e3o c\u00e1lculos perfeitos. Quando o assunto \u00e9 emo\u00e7\u00e3o, ele afirma que falta habilidade. Alexandro \u00e9 afiliado a Mensa desde o final do ano passado, quando fez o teste da entidade pela segunda vez. A avalia\u00e7\u00e3o em quest\u00e3o identifica pessoas com altas habilidades e superdota\u00e7\u00e3o. A primeira vez que realizou foi em 1999, aos 20 anos, quando a associa\u00e7\u00e3o ainda n\u00e3o tinha uma representa\u00e7\u00e3o no Brasil. Passou, mas n\u00e3o se filiou por esse motivo. \u201cDessa vez vou conseguir seguir e espero contribuir de alguma maneira para a sociedade\u201d.<\/p>\n<p>Salvador \u00e9 um dos locais em que acontece a rodada de testes no Brasil, aplicados sempre no \u00faltimo s\u00e1bado de todos os meses \u00edmpares. Em mar\u00e7o deste ano, a entidade identificou 19 novos brasileiros superinteligentes. Entre eles, um era baiano, o estudante soteropolitano do 3\u00ba ano do Ensino M\u00e9dio, Gabriel Negreiros, de 17 anos. Em maio, a aplica\u00e7\u00e3o da avalia\u00e7\u00e3o aconteceu no s\u00e1bado (28), em Salvador e em outras cidades como Araraquara (SP), Bel\u00e9m (PA), Belo Horizonte (MG), Bras\u00edlia\u00a0 (DF), Campinas (SP), Cuiab\u00e1 (MT), Curitiba (PR), Fortaleza (CE), Natal (RN), Porto Alegre (RS), Ribeir\u00e3o Preto (SP), Rio de Janeiro (RJ), S\u00e3o Paulo (SP) e S\u00e3o Jos\u00e9 dos Campos (SP). O teste \u00e9 aplicado ao mesmo tempo em todo o pa\u00eds. O n\u00famero de aprovados da \u00faltima rodada ainda est\u00e1 sendo contabilizado.<\/p>\n<p>\u201cO conceito usado para definir a superintelig\u00eancia \u00e9 baseado na preval\u00eancia de alto quociente de intelig\u00eancia\u00a0 (QI), que \u00e9 de 2% da popula\u00e7\u00e3o em geral. Para ser considerada superdotada, a pessoa precisa estar no percentual 98 ou superior dos maiores resultados de QI da popula\u00e7\u00e3o\u201d, pontua o presidente da Mensa Brasil, Rodrigo Sauaia. \u201c\u00c9 preciso respeitar as caracter\u00edsticas individuais de cada um. Outro aspecto relevante \u00e9 que a intelig\u00eancia n\u00e3o est\u00e1 restrita ao desempenho escolar ou acad\u00eamico. Essas capacidades se expandem para outras \u00e1reas da vida, como atividades art\u00edsticas, esportivas, profissionais, idiomas, por exemplo\u201d, esclarece.<\/p>\n<p>Sempre que houver a suspeita, Sauaia recomenda que os pais procurem especialistas em superdota\u00e7\u00e3o para investigar. \u201cAs habilidades que constituem a intelig\u00eancia s\u00e3o muitas, o que torna a intelig\u00eancia, portanto, multidimensional e male\u00e1vel. Existem capacidades intelectuais determinadas geneticamente e existem capacidades intelectuais determinadas por fatores ambientais. Descobrir o alto QI na inf\u00e2ncia pode contribuir em diversos aspectos da vida acad\u00eamica, social e profissional do indiv\u00edduo\u201d, complementa.<\/p>\n<p>Os testes s\u00e3o feitos de forma presencial, conforme diretrizes do Conselho Federal de Psicologia (CFP), e a pr\u00f3xima rodada na Bahia est\u00e1 prevista para o dia 30 de julho. Podem participar pessoas com idade a partir de 17 anos. As inscri\u00e7\u00f5es custam R$ 98 e s\u00e3o realizadas no site mensa.org.br\/admissao\/ ou pelo e-mail testes@mensa.org.br.<\/p>\n<p>\u201cA superdota\u00e7\u00e3o costuma ser percebida na inf\u00e2ncia, geralmente pelos pais e educadores. Contudo, nem sempre uma habilidade acima da m\u00e9dia indica que a crian\u00e7a tem alto QI. Quando o alto QI n\u00e3o \u00e9 identificado precocemente, a crian\u00e7a pode se mostrar desinteressada na escola e mais vulner\u00e1vel a cr\u00edticas. Al\u00e9m disso, pode ter problemas de comportamento e questionar, demasiadamente, as regras\u201d, revela o presidente da entidade.<\/p>\n<p>No Brasil, em m\u00e9dia, a popula\u00e7\u00e3o apresenta QI de 100 pontos, com varia\u00e7\u00e3o de 15 pontos para mais ou para menos. Pessoas com altas habilidades e superdota\u00e7\u00e3o apresentam QI muito acima dessa m\u00e9dia. Os valores podem variar para cada pa\u00eds e tamb\u00e9m de acordo com os diferentes tipos de testes. \u201cTemos uma das maiores popula\u00e7\u00f5es do planeta. Cerca de 2% dos habitantes do pa\u00eds podem apresentar sinais de altas habilidades, com um QI muito acima da m\u00e9dia, por\u00e9m ainda n\u00e3o h\u00e1 um mapeamento abrangente destes indiv\u00edduos\u201d, comenta Rodrigo Sauaia.<\/p>\n<p>Foto: divulga\u00e7\u00e3o<\/p>\n","protected":false},"excerpt":{"rendered":"<p>Se a intelig\u00eancia tamb\u00e9m \u00e9 sinal de humildade, ainda n\u00e3o h\u00e1 nada que prove. Por enquanto, ficamos com a percep\u00e7\u00e3o de um dos mais inteligentes da Bahia, o engenheiro soteropolitano<\/p>\n","protected":false},"author":1,"featured_media":670570,"comment_status":"closed","ping_status":"closed","sticky":false,"template":"","format":"standard","meta":[],"categories":[14,3,21],"tags":[52,567,1086,992],"acf":[],"yoast_head":"<!-- This site is optimized with the Yoast SEO plugin v20.8 - https:\/\/yoast.com\/wordpress\/plugins\/seo\/ -->\n<title>BAHIA TEM 62 PESSOAS SUPERINTELIGENTES SEGUNDO ORGANIZA\u00c7\u00c3O - Bahia Economica<\/title>\n<meta name=\"description\" content=\"O maior portal de Economia da Bahia DESTAQUE DO DIA, ECONOMIA \/ POL\u00cdTICA, Sa\u00fade \/ Educa\u00e7\u00e3o Bahia Economica\" \/>\n<meta name=\"robots\" content=\"index, follow, max-snippet:-1, max-image-preview:large, max-video-preview:-1\" \/>\n<link rel=\"canonical\" href=\"https:\/\/bahiaeconomica.com.br\/wp\/2022\/06\/01\/bahia-tem-62-pessoas-superinteligentes-segundo-organizacao\/\" \/>\n<meta property=\"og:locale\" content=\"pt_BR\" \/>\n<meta property=\"og:type\" content=\"article\" \/>\n<meta property=\"og:title\" content=\"BAHIA TEM 62 PESSOAS SUPERINTELIGENTES SEGUNDO ORGANIZA\u00c7\u00c3O - Bahia Economica\" \/>\n<meta property=\"og:description\" content=\"O maior portal de Economia da Bahia DESTAQUE DO DIA, ECONOMIA \/ POL\u00cdTICA, Sa\u00fade \/ Educa\u00e7\u00e3o Bahia Economica\" \/>\n<meta property=\"og:url\" content=\"https:\/\/bahiaeconomica.com.br\/wp\/2022\/06\/01\/bahia-tem-62-pessoas-superinteligentes-segundo-organizacao\/\" \/>\n<meta property=\"og:site_name\" content=\"Bahia Economica\" \/>\n<meta property=\"article:publisher\" content=\"https:\/\/www.facebook.com\/bahiaeconomica\" \/>\n<meta property=\"article:published_time\" content=\"2022-06-01T11:40:20+00:00\" \/>\n<meta property=\"article:modified_time\" content=\"2022-06-01T14:29:19+00:00\" \/>\n<meta property=\"og:image\" content=\"https:\/\/bahiaeconomica.com.br\/wp\/wp-content\/uploads\/2022\/06\/csm_29052022PN1500_ef3dcc264d.jpeg\" \/>\n\t<meta property=\"og:image:width\" content=\"913\" \/>\n\t<meta property=\"og:image:height\" content=\"684\" \/>\n\t<meta property=\"og:image:type\" content=\"image\/jpeg\" \/>\n<meta name=\"author\" content=\"admin\" \/>\n<meta name=\"twitter:card\" content=\"summary_large_image\" \/>\n<meta name=\"twitter:label1\" content=\"Escrito por\" \/>\n\t<meta name=\"twitter:data1\" content=\"admin\" \/>\n\t<meta name=\"twitter:label2\" content=\"Est. tempo de leitura\" \/>\n\t<meta name=\"twitter:data2\" content=\"4 minutos\" \/>\n<script type=\"application\/ld+json\" class=\"yoast-schema-graph\">{\"@context\":\"https:\/\/schema.org\",\"@graph\":[{\"@type\":\"Article\",\"@id\":\"https:\/\/bahiaeconomica.com.br\/wp\/2022\/06\/01\/bahia-tem-62-pessoas-superinteligentes-segundo-organizacao\/#article\",\"isPartOf\":{\"@id\":\"https:\/\/bahiaeconomica.com.br\/wp\/2022\/06\/01\/bahia-tem-62-pessoas-superinteligentes-segundo-organizacao\/\"},\"author\":{\"name\":\"admin\",\"@id\":\"https:\/\/bahiaeconomica.com.br\/wp\/#\/schema\/person\/cb1ab5ba96ad3d9390805381c76284ec\"},\"headline\":\"BAHIA TEM 62 PESSOAS SUPERINTELIGENTES SEGUNDO ORGANIZA\u00c7\u00c3O\",\"datePublished\":\"2022-06-01T11:40:20+00:00\",\"dateModified\":\"2022-06-01T14:29:19+00:00\",\"mainEntityOfPage\":{\"@id\":\"https:\/\/bahiaeconomica.com.br\/wp\/2022\/06\/01\/bahia-tem-62-pessoas-superinteligentes-segundo-organizacao\/\"},\"wordCount\":890,\"publisher\":{\"@id\":\"https:\/\/bahiaeconomica.com.br\/wp\/#organization\"},\"keywords\":[\"Brasil\",\"Educa\u00e7\u00e3o\",\"novidade\",\"policia\"],\"articleSection\":[\"DESTAQUE DO DIA\",\"ECONOMIA \/ POL\u00cdTICA\",\"Sa\u00fade \/ Educa\u00e7\u00e3o\"],\"inLanguage\":\"pt-BR\"},{\"@type\":\"WebPage\",\"@id\":\"https:\/\/bahiaeconomica.com.br\/wp\/2022\/06\/01\/bahia-tem-62-pessoas-superinteligentes-segundo-organizacao\/\",\"url\":\"https:\/\/bahiaeconomica.com.br\/wp\/2022\/06\/01\/bahia-tem-62-pessoas-superinteligentes-segundo-organizacao\/\",\"name\":\"BAHIA TEM 62 PESSOAS SUPERINTELIGENTES SEGUNDO ORGANIZA\u00c7\u00c3O - Bahia Economica\",\"isPartOf\":{\"@id\":\"https:\/\/bahiaeconomica.com.br\/wp\/#website\"},\"datePublished\":\"2022-06-01T11:40:20+00:00\",\"dateModified\":\"2022-06-01T14:29:19+00:00\",\"description\":\"O maior portal de Economia da Bahia DESTAQUE DO DIA, ECONOMIA \/ POL\u00cdTICA, Sa\u00fade \/ Educa\u00e7\u00e3o Bahia Economica\",\"breadcrumb\":{\"@id\":\"https:\/\/bahiaeconomica.com.br\/wp\/2022\/06\/01\/bahia-tem-62-pessoas-superinteligentes-segundo-organizacao\/#breadcrumb\"},\"inLanguage\":\"pt-BR\",\"potentialAction\":[{\"@type\":\"ReadAction\",\"target\":[\"https:\/\/bahiaeconomica.com.br\/wp\/2022\/06\/01\/bahia-tem-62-pessoas-superinteligentes-segundo-organizacao\/\"]}]},{\"@type\":\"BreadcrumbList\",\"@id\":\"https:\/\/bahiaeconomica.com.br\/wp\/2022\/06\/01\/bahia-tem-62-pessoas-superinteligentes-segundo-organizacao\/#breadcrumb\",\"itemListElement\":[{\"@type\":\"ListItem\",\"position\":1,\"name\":\"In\u00edcio\",\"item\":\"https:\/\/bahiaeconomica.com.br\/wp\/\"},{\"@type\":\"ListItem\",\"position\":2,\"name\":\"BAHIA TEM 62 PESSOAS SUPERINTELIGENTES SEGUNDO ORGANIZA\u00c7\u00c3O\"}]},{\"@type\":\"WebSite\",\"@id\":\"https:\/\/bahiaeconomica.com.br\/wp\/#website\",\"url\":\"https:\/\/bahiaeconomica.com.br\/wp\/\",\"name\":\"Bahia Economica\",\"description\":\"O maior portal de Economia da Bahia\",\"publisher\":{\"@id\":\"https:\/\/bahiaeconomica.com.br\/wp\/#organization\"},\"potentialAction\":[{\"@type\":\"SearchAction\",\"target\":{\"@type\":\"EntryPoint\",\"urlTemplate\":\"https:\/\/bahiaeconomica.com.br\/wp\/?s={search_term_string}\"},\"query-input\":\"required name=search_term_string\"}],\"inLanguage\":\"pt-BR\"},{\"@type\":\"Organization\",\"@id\":\"https:\/\/bahiaeconomica.com.br\/wp\/#organization\",\"name\":\"Bahia Econ\u00f4mica\",\"url\":\"https:\/\/bahiaeconomica.com.br\/wp\/\",\"logo\":{\"@type\":\"ImageObject\",\"inLanguage\":\"pt-BR\",\"@id\":\"https:\/\/bahiaeconomica.com.br\/wp\/#\/schema\/logo\/image\/\",\"url\":\"https:\/\/bahiaeconomica.com.br\/wp\/wp-content\/uploads\/2020\/12\/cropped-BE.png\",\"contentUrl\":\"https:\/\/bahiaeconomica.com.br\/wp\/wp-content\/uploads\/2020\/12\/cropped-BE.png\",\"width\":512,\"height\":512,\"caption\":\"Bahia Econ\u00f4mica\"},\"image\":{\"@id\":\"https:\/\/bahiaeconomica.com.br\/wp\/#\/schema\/logo\/image\/\"},\"sameAs\":[\"https:\/\/www.facebook.com\/bahiaeconomica\"]},{\"@type\":\"Person\",\"@id\":\"https:\/\/bahiaeconomica.com.br\/wp\/#\/schema\/person\/cb1ab5ba96ad3d9390805381c76284ec\",\"name\":\"admin\",\"url\":\"https:\/\/bahiaeconomica.com.br\/wp\/author\/admin\/\"}]}<\/script>\n<!-- \/ Yoast SEO plugin. -->","yoast_head_json":{"title":"BAHIA TEM 62 PESSOAS SUPERINTELIGENTES SEGUNDO ORGANIZA\u00c7\u00c3O - Bahia Economica","description":"O maior portal de Economia da Bahia DESTAQUE DO DIA, ECONOMIA \/ POL\u00cdTICA, Sa\u00fade \/ Educa\u00e7\u00e3o Bahia Economica","robots":{"index":"index","follow":"follow","max-snippet":"max-snippet:-1","max-image-preview":"max-image-preview:large","max-video-preview":"max-video-preview:-1"},"canonical":"https:\/\/bahiaeconomica.com.br\/wp\/2022\/06\/01\/bahia-tem-62-pessoas-superinteligentes-segundo-organizacao\/","og_locale":"pt_BR","og_type":"article","og_title":"BAHIA TEM 62 PESSOAS SUPERINTELIGENTES SEGUNDO ORGANIZA\u00c7\u00c3O - Bahia Economica","og_description":"O maior portal de Economia da Bahia DESTAQUE DO DIA, ECONOMIA \/ POL\u00cdTICA, Sa\u00fade \/ Educa\u00e7\u00e3o Bahia Economica","og_url":"https:\/\/bahiaeconomica.com.br\/wp\/2022\/06\/01\/bahia-tem-62-pessoas-superinteligentes-segundo-organizacao\/","og_site_name":"Bahia Economica","article_publisher":"https:\/\/www.facebook.com\/bahiaeconomica","article_published_time":"2022-06-01T11:40:20+00:00","article_modified_time":"2022-06-01T14:29:19+00:00","og_image":[{"width":913,"height":684,"url":"https:\/\/bahiaeconomica.com.br\/wp\/wp-content\/uploads\/2022\/06\/csm_29052022PN1500_ef3dcc264d.jpeg","type":"image\/jpeg"}],"author":"admin","twitter_card":"summary_large_image","twitter_misc":{"Escrito por":"admin","Est. tempo de leitura":"4 minutos"},"schema":{"@context":"https:\/\/schema.org","@graph":[{"@type":"Article","@id":"https:\/\/bahiaeconomica.com.br\/wp\/2022\/06\/01\/bahia-tem-62-pessoas-superinteligentes-segundo-organizacao\/#article","isPartOf":{"@id":"https:\/\/bahiaeconomica.com.br\/wp\/2022\/06\/01\/bahia-tem-62-pessoas-superinteligentes-segundo-organizacao\/"},"author":{"name":"admin","@id":"https:\/\/bahiaeconomica.com.br\/wp\/#\/schema\/person\/cb1ab5ba96ad3d9390805381c76284ec"},"headline":"BAHIA TEM 62 PESSOAS SUPERINTELIGENTES SEGUNDO ORGANIZA\u00c7\u00c3O","datePublished":"2022-06-01T11:40:20+00:00","dateModified":"2022-06-01T14:29:19+00:00","mainEntityOfPage":{"@id":"https:\/\/bahiaeconomica.com.br\/wp\/2022\/06\/01\/bahia-tem-62-pessoas-superinteligentes-segundo-organizacao\/"},"wordCount":890,"publisher":{"@id":"https:\/\/bahiaeconomica.com.br\/wp\/#organization"},"keywords":["Brasil","Educa\u00e7\u00e3o","novidade","policia"],"articleSection":["DESTAQUE DO DIA","ECONOMIA \/ POL\u00cdTICA","Sa\u00fade \/ Educa\u00e7\u00e3o"],"inLanguage":"pt-BR"},{"@type":"WebPage","@id":"https:\/\/bahiaeconomica.com.br\/wp\/2022\/06\/01\/bahia-tem-62-pessoas-superinteligentes-segundo-organizacao\/","url":"https:\/\/bahiaeconomica.com.br\/wp\/2022\/06\/01\/bahia-tem-62-pessoas-superinteligentes-segundo-organizacao\/","name":"BAHIA TEM 62 PESSOAS SUPERINTELIGENTES SEGUNDO ORGANIZA\u00c7\u00c3O - Bahia Economica","isPartOf":{"@id":"https:\/\/bahiaeconomica.com.br\/wp\/#website"},"datePublished":"2022-06-01T11:40:20+00:00","dateModified":"2022-06-01T14:29:19+00:00","description":"O maior portal de Economia da Bahia DESTAQUE DO DIA, ECONOMIA \/ POL\u00cdTICA, Sa\u00fade \/ Educa\u00e7\u00e3o Bahia Economica","breadcrumb":{"@id":"https:\/\/bahiaeconomica.com.br\/wp\/2022\/06\/01\/bahia-tem-62-pessoas-superinteligentes-segundo-organizacao\/#breadcrumb"},"inLanguage":"pt-BR","potentialAction":[{"@type":"ReadAction","target":["https:\/\/bahiaeconomica.com.br\/wp\/2022\/06\/01\/bahia-tem-62-pessoas-superinteligentes-segundo-organizacao\/"]}]},{"@type":"BreadcrumbList","@id":"https:\/\/bahiaeconomica.com.br\/wp\/2022\/06\/01\/bahia-tem-62-pessoas-superinteligentes-segundo-organizacao\/#breadcrumb","itemListElement":[{"@type":"ListItem","position":1,"name":"In\u00edcio","item":"https:\/\/bahiaeconomica.com.br\/wp\/"},{"@type":"ListItem","position":2,"name":"BAHIA TEM 62 PESSOAS SUPERINTELIGENTES SEGUNDO ORGANIZA\u00c7\u00c3O"}]},{"@type":"WebSite","@id":"https:\/\/bahiaeconomica.com.br\/wp\/#website","url":"https:\/\/bahiaeconomica.com.br\/wp\/","name":"Bahia Economica","description":"O maior portal de Economia da Bahia","publisher":{"@id":"https:\/\/bahiaeconomica.com.br\/wp\/#organization"},"potentialAction":[{"@type":"SearchAction","target":{"@type":"EntryPoint","urlTemplate":"https:\/\/bahiaeconomica.com.br\/wp\/?s={search_term_string}"},"query-input":"required name=search_term_string"}],"inLanguage":"pt-BR"},{"@type":"Organization","@id":"https:\/\/bahiaeconomica.com.br\/wp\/#organization","name":"Bahia Econ\u00f4mica","url":"https:\/\/bahiaeconomica.com.br\/wp\/","logo":{"@type":"ImageObject","inLanguage":"pt-BR","@id":"https:\/\/bahiaeconomica.com.br\/wp\/#\/schema\/logo\/image\/","url":"https:\/\/bahiaeconomica.com.br\/wp\/wp-content\/uploads\/2020\/12\/cropped-BE.png","contentUrl":"https:\/\/bahiaeconomica.com.br\/wp\/wp-content\/uploads\/2020\/12\/cropped-BE.png","width":512,"height":512,"caption":"Bahia Econ\u00f4mica"},"image":{"@id":"https:\/\/bahiaeconomica.com.br\/wp\/#\/schema\/logo\/image\/"},"sameAs":["https:\/\/www.facebook.com\/bahiaeconomica"]},{"@type":"Person","@id":"https:\/\/bahiaeconomica.com.br\/wp\/#\/schema\/person\/cb1ab5ba96ad3d9390805381c76284ec","name":"admin","url":"https:\/\/bahiaeconomica.com.br\/wp\/author\/admin\/"}]}},"views":36,"_links":{"self":[{"href":"https:\/\/bahiaeconomica.com.br\/wp\/wp-json\/wp\/v2\/posts\/670569"}],"collection":[{"href":"https:\/\/bahiaeconomica.com.br\/wp\/wp-json\/wp\/v2\/posts"}],"about":[{"href":"https:\/\/bahiaeconomica.com.br\/wp\/wp-json\/wp\/v2\/types\/post"}],"author":[{"embeddable":true,"href":"https:\/\/bahiaeconomica.com.br\/wp\/wp-json\/wp\/v2\/users\/1"}],"replies":[{"embeddable":true,"href":"https:\/\/bahiaeconomica.com.br\/wp\/wp-json\/wp\/v2\/comments?post=670569"}],"version-history":[{"count":1,"href":"https:\/\/bahiaeconomica.com.br\/wp\/wp-json\/wp\/v2\/posts\/670569\/revisions"}],"predecessor-version":[{"id":670571,"href":"https:\/\/bahiaeconomica.com.br\/wp\/wp-json\/wp\/v2\/posts\/670569\/revisions\/670571"}],"wp:featuredmedia":[{"embeddable":true,"href":"https:\/\/bahiaeconomica.com.br\/wp\/wp-json\/wp\/v2\/media\/670570"}],"wp:attachment":[{"href":"https:\/\/bahiaeconomica.com.br\/wp\/wp-json\/wp\/v2\/media?parent=670569"}],"wp:term":[{"taxonomy":"category","embeddable":true,"href":"https:\/\/bahiaeconomica.com.br\/wp\/wp-json\/wp\/v2\/categories?post=670569"},{"taxonomy":"post_tag","embeddable":true,"href":"https:\/\/bahiaeconomica.com.br\/wp\/wp-json\/wp\/v2\/tags?post=670569"}],"curies":[{"name":"wp","href":"https:\/\/api.w.org\/{rel}","templated":true}]}}