{"id":670177,"date":"2022-05-30T16:47:54","date_gmt":"2022-05-30T19:47:54","guid":{"rendered":"https:\/\/bahiaeconomica.com.br\/wp\/beta\/?p=670177"},"modified":"2022-05-30T16:47:54","modified_gmt":"2022-05-30T19:47:54","slug":"plano-traca-acoes-para-tornar-salvador-uma-cidade-inteligente","status":"publish","type":"post","link":"https:\/\/bahiaeconomica.com.br\/wp\/2022\/05\/30\/plano-traca-acoes-para-tornar-salvador-uma-cidade-inteligente\/","title":{"rendered":"PLANO TRA\u00c7A A\u00c7\u00d5ES PARA TORNAR SALVADOR UMA CIDADE INTELIGENTE"},"content":{"rendered":"<p>Os detalhes do Plano Diretor de Tecnologias da Cidade Inteligente (PDTCI), que define linhas de pol\u00edtica p\u00fablica para esta \u00e1rea em<!--more--> Salvador nos pr\u00f3ximos 30 anos, foram apresentados nesta segunda-feira (30) pelo prefeito Bruno Reis e pelo secret\u00e1rio de Inova\u00e7\u00e3o e Tecnologia (Semit), Samuel Ara\u00fajo, no Hub Salvador, no Com\u00e9rcio. Na ocasi\u00e3o, ainda foi assinado o contrato para implanta\u00e7\u00e3o da rede de fibra \u00f3ptica multisservi\u00e7os, que vai estabelecer a conectividade dos cidad\u00e3os com a Prefeitura.<\/p>\n<p>Para o prefeito, o investimento significa resultado direto na qualidade de vida de nossos cidad\u00e3os. &#8220;Este \u00e9 mais um presente que a cidade ganha, um caminho para podermos trilhar em um mundo cada vez mais competitivo, a alta tecnologia exige aprimoramento constante. E Salvador n\u00e3o dispunha de ferramentas e pol\u00edticas p\u00fablicas que pudessem impactar diretamente na vida das pessoas, transformando a capital baiana numa verdadeira smart city&#8221;.<\/p>\n<p>Com este plano ser\u00e1 definido o futuro de Salvador pelos pr\u00f3ximos 30 anos. &#8220;Isso far\u00e1 da cidade a metr\u00f3pole mais inteligente do Brasil. Poderemos conectar toda a cidade, em especial os pr\u00e9dios p\u00fablicos e poderemos levar diversos servi\u00e7os para toda a capital baiana, por meio da conectividade, atrav\u00e9s de recursos tecnol\u00f3gicos e digitais. At\u00e9 2024 vamos investir R$2,1 bilh\u00f5es em tecnologia e inova\u00e7\u00e3o. Uma das novidades era a implanta\u00e7\u00e3o de wi-fi gratuito em mais 80 \u00e1reas priorit\u00e1rias em toda a cidade. Ser\u00e3o, ao todo, 800 pr\u00e9dios p\u00fablicos e 80 novas arames de acesso livre a internet&#8221;, concluiu Bruno Reis.<\/p>\n<p>&nbsp;<\/p>\n<p>Foto: M\u00e1rcio Filho\/MTUR<\/p>\n","protected":false},"excerpt":{"rendered":"<p>Os detalhes do Plano Diretor de Tecnologias da Cidade Inteligente (PDTCI), que define linhas de pol\u00edtica p\u00fablica para esta \u00e1rea em<\/p>\n","protected":false},"author":1,"featured_media":670182,"comment_status":"closed","ping_status":"closed","sticky":false,"template":"","format":"standard","meta":[],"categories":[7],"tags":[1208,1517,4669,1136,6344,6345,6341,1512,533,931,73,6342,6343],"acf":[],"yoast_head":"<!-- This site is optimized with the Yoast SEO plugin v20.8 - https:\/\/yoast.com\/wordpress\/plugins\/seo\/ -->\n<title>PLANO TRA\u00c7A A\u00c7\u00d5ES PARA TORNAR SALVADOR UMA CIDADE INTELIGENTE - Bahia Economica<\/title>\n<meta name=\"description\" content=\"O maior portal de Economia da Bahia BAHIA INVEST Bahia Economica\" \/>\n<meta name=\"robots\" content=\"index, follow, max-snippet:-1, max-image-preview:large, max-video-preview:-1\" \/>\n<link rel=\"canonical\" href=\"https:\/\/bahiaeconomica.com.br\/wp\/2022\/05\/30\/plano-traca-acoes-para-tornar-salvador-uma-cidade-inteligente\/\" \/>\n<meta property=\"og:locale\" content=\"pt_BR\" \/>\n<meta property=\"og:type\" content=\"article\" \/>\n<meta property=\"og:title\" content=\"PLANO TRA\u00c7A A\u00c7\u00d5ES PARA TORNAR SALVADOR UMA CIDADE INTELIGENTE - Bahia Economica\" \/>\n<meta property=\"og:description\" content=\"O maior portal de Economia da Bahia BAHIA INVEST Bahia Economica\" \/>\n<meta property=\"og:url\" content=\"https:\/\/bahiaeconomica.com.br\/wp\/2022\/05\/30\/plano-traca-acoes-para-tornar-salvador-uma-cidade-inteligente\/\" \/>\n<meta property=\"og:site_name\" content=\"Bahia Economica\" \/>\n<meta property=\"article:publisher\" content=\"https:\/\/www.facebook.com\/bahiaeconomica\" \/>\n<meta property=\"article:published_time\" content=\"2022-05-30T19:47:54+00:00\" \/>\n<meta property=\"og:image\" content=\"https:\/\/bahiaeconomica.com.br\/wp\/wp-content\/uploads\/2022\/05\/salvador-3.jpg\" \/>\n\t<meta property=\"og:image:width\" content=\"500\" \/>\n\t<meta property=\"og:image:height\" content=\"300\" \/>\n\t<meta property=\"og:image:type\" content=\"image\/jpeg\" \/>\n<meta name=\"author\" content=\"admin\" \/>\n<meta name=\"twitter:card\" content=\"summary_large_image\" \/>\n<meta name=\"twitter:label1\" content=\"Escrito por\" \/>\n\t<meta name=\"twitter:data1\" content=\"admin\" \/>\n\t<meta name=\"twitter:label2\" content=\"Est. tempo de leitura\" \/>\n\t<meta name=\"twitter:data2\" content=\"1 minuto\" \/>\n<script type=\"application\/ld+json\" class=\"yoast-schema-graph\">{\"@context\":\"https:\/\/schema.org\",\"@graph\":[{\"@type\":\"Article\",\"@id\":\"https:\/\/bahiaeconomica.com.br\/wp\/2022\/05\/30\/plano-traca-acoes-para-tornar-salvador-uma-cidade-inteligente\/#article\",\"isPartOf\":{\"@id\":\"https:\/\/bahiaeconomica.com.br\/wp\/2022\/05\/30\/plano-traca-acoes-para-tornar-salvador-uma-cidade-inteligente\/\"},\"author\":{\"name\":\"admin\",\"@id\":\"https:\/\/bahiaeconomica.com.br\/wp\/#\/schema\/person\/cb1ab5ba96ad3d9390805381c76284ec\"},\"headline\":\"PLANO TRA\u00c7A A\u00c7\u00d5ES PARA TORNAR SALVADOR UMA CIDADE INTELIGENTE\",\"datePublished\":\"2022-05-30T19:47:54+00:00\",\"dateModified\":\"2022-05-30T19:47:54+00:00\",\"mainEntityOfPage\":{\"@id\":\"https:\/\/bahiaeconomica.com.br\/wp\/2022\/05\/30\/plano-traca-acoes-para-tornar-salvador-uma-cidade-inteligente\/\"},\"wordCount\":279,\"publisher\":{\"@id\":\"https:\/\/bahiaeconomica.com.br\/wp\/#organization\"},\"keywords\":[\"bruno\",\"cidade\",\"City\",\"diretor\",\"inteligente\",\"metr\u00f3pole\",\"PDTCI\",\"plano\",\"Prefeito\",\"reis\",\"Salvador\",\"Semit\",\"smart\"],\"articleSection\":[\"BAHIA INVEST\"],\"inLanguage\":\"pt-BR\"},{\"@type\":\"WebPage\",\"@id\":\"https:\/\/bahiaeconomica.com.br\/wp\/2022\/05\/30\/plano-traca-acoes-para-tornar-salvador-uma-cidade-inteligente\/\",\"url\":\"https:\/\/bahiaeconomica.com.br\/wp\/2022\/05\/30\/plano-traca-acoes-para-tornar-salvador-uma-cidade-inteligente\/\",\"name\":\"PLANO TRA\u00c7A A\u00c7\u00d5ES PARA TORNAR SALVADOR UMA CIDADE INTELIGENTE - Bahia Economica\",\"isPartOf\":{\"@id\":\"https:\/\/bahiaeconomica.com.br\/wp\/#website\"},\"datePublished\":\"2022-05-30T19:47:54+00:00\",\"dateModified\":\"2022-05-30T19:47:54+00:00\",\"description\":\"O maior portal de Economia da Bahia BAHIA INVEST Bahia Economica\",\"breadcrumb\":{\"@id\":\"https:\/\/bahiaeconomica.com.br\/wp\/2022\/05\/30\/plano-traca-acoes-para-tornar-salvador-uma-cidade-inteligente\/#breadcrumb\"},\"inLanguage\":\"pt-BR\",\"potentialAction\":[{\"@type\":\"ReadAction\",\"target\":[\"https:\/\/bahiaeconomica.com.br\/wp\/2022\/05\/30\/plano-traca-acoes-para-tornar-salvador-uma-cidade-inteligente\/\"]}]},{\"@type\":\"BreadcrumbList\",\"@id\":\"https:\/\/bahiaeconomica.com.br\/wp\/2022\/05\/30\/plano-traca-acoes-para-tornar-salvador-uma-cidade-inteligente\/#breadcrumb\",\"itemListElement\":[{\"@type\":\"ListItem\",\"position\":1,\"name\":\"In\u00edcio\",\"item\":\"https:\/\/bahiaeconomica.com.br\/wp\/\"},{\"@type\":\"ListItem\",\"position\":2,\"name\":\"PLANO TRA\u00c7A A\u00c7\u00d5ES PARA TORNAR SALVADOR UMA CIDADE INTELIGENTE\"}]},{\"@type\":\"WebSite\",\"@id\":\"https:\/\/bahiaeconomica.com.br\/wp\/#website\",\"url\":\"https:\/\/bahiaeconomica.com.br\/wp\/\",\"name\":\"Bahia Economica\",\"description\":\"O maior portal de Economia da Bahia\",\"publisher\":{\"@id\":\"https:\/\/bahiaeconomica.com.br\/wp\/#organization\"},\"potentialAction\":[{\"@type\":\"SearchAction\",\"target\":{\"@type\":\"EntryPoint\",\"urlTemplate\":\"https:\/\/bahiaeconomica.com.br\/wp\/?s={search_term_string}\"},\"query-input\":\"required name=search_term_string\"}],\"inLanguage\":\"pt-BR\"},{\"@type\":\"Organization\",\"@id\":\"https:\/\/bahiaeconomica.com.br\/wp\/#organization\",\"name\":\"Bahia Econ\u00f4mica\",\"url\":\"https:\/\/bahiaeconomica.com.br\/wp\/\",\"logo\":{\"@type\":\"ImageObject\",\"inLanguage\":\"pt-BR\",\"@id\":\"https:\/\/bahiaeconomica.com.br\/wp\/#\/schema\/logo\/image\/\",\"url\":\"https:\/\/bahiaeconomica.com.br\/wp\/wp-content\/uploads\/2020\/12\/cropped-BE.png\",\"contentUrl\":\"https:\/\/bahiaeconomica.com.br\/wp\/wp-content\/uploads\/2020\/12\/cropped-BE.png\",\"width\":512,\"height\":512,\"caption\":\"Bahia Econ\u00f4mica\"},\"image\":{\"@id\":\"https:\/\/bahiaeconomica.com.br\/wp\/#\/schema\/logo\/image\/\"},\"sameAs\":[\"https:\/\/www.facebook.com\/bahiaeconomica\"]},{\"@type\":\"Person\",\"@id\":\"https:\/\/bahiaeconomica.com.br\/wp\/#\/schema\/person\/cb1ab5ba96ad3d9390805381c76284ec\",\"name\":\"admin\",\"url\":\"https:\/\/bahiaeconomica.com.br\/wp\/author\/admin\/\"}]}<\/script>\n<!-- \/ Yoast SEO plugin. -->","yoast_head_json":{"title":"PLANO TRA\u00c7A A\u00c7\u00d5ES PARA TORNAR SALVADOR UMA CIDADE INTELIGENTE - Bahia Economica","description":"O maior portal de Economia da Bahia BAHIA INVEST Bahia Economica","robots":{"index":"index","follow":"follow","max-snippet":"max-snippet:-1","max-image-preview":"max-image-preview:large","max-video-preview":"max-video-preview:-1"},"canonical":"https:\/\/bahiaeconomica.com.br\/wp\/2022\/05\/30\/plano-traca-acoes-para-tornar-salvador-uma-cidade-inteligente\/","og_locale":"pt_BR","og_type":"article","og_title":"PLANO TRA\u00c7A A\u00c7\u00d5ES PARA TORNAR SALVADOR UMA CIDADE INTELIGENTE - Bahia Economica","og_description":"O maior portal de Economia da Bahia BAHIA INVEST Bahia Economica","og_url":"https:\/\/bahiaeconomica.com.br\/wp\/2022\/05\/30\/plano-traca-acoes-para-tornar-salvador-uma-cidade-inteligente\/","og_site_name":"Bahia Economica","article_publisher":"https:\/\/www.facebook.com\/bahiaeconomica","article_published_time":"2022-05-30T19:47:54+00:00","og_image":[{"width":500,"height":300,"url":"https:\/\/bahiaeconomica.com.br\/wp\/wp-content\/uploads\/2022\/05\/salvador-3.jpg","type":"image\/jpeg"}],"author":"admin","twitter_card":"summary_large_image","twitter_misc":{"Escrito por":"admin","Est. tempo de leitura":"1 minuto"},"schema":{"@context":"https:\/\/schema.org","@graph":[{"@type":"Article","@id":"https:\/\/bahiaeconomica.com.br\/wp\/2022\/05\/30\/plano-traca-acoes-para-tornar-salvador-uma-cidade-inteligente\/#article","isPartOf":{"@id":"https:\/\/bahiaeconomica.com.br\/wp\/2022\/05\/30\/plano-traca-acoes-para-tornar-salvador-uma-cidade-inteligente\/"},"author":{"name":"admin","@id":"https:\/\/bahiaeconomica.com.br\/wp\/#\/schema\/person\/cb1ab5ba96ad3d9390805381c76284ec"},"headline":"PLANO TRA\u00c7A A\u00c7\u00d5ES PARA TORNAR SALVADOR UMA CIDADE INTELIGENTE","datePublished":"2022-05-30T19:47:54+00:00","dateModified":"2022-05-30T19:47:54+00:00","mainEntityOfPage":{"@id":"https:\/\/bahiaeconomica.com.br\/wp\/2022\/05\/30\/plano-traca-acoes-para-tornar-salvador-uma-cidade-inteligente\/"},"wordCount":279,"publisher":{"@id":"https:\/\/bahiaeconomica.com.br\/wp\/#organization"},"keywords":["bruno","cidade","City","diretor","inteligente","metr\u00f3pole","PDTCI","plano","Prefeito","reis","Salvador","Semit","smart"],"articleSection":["BAHIA INVEST"],"inLanguage":"pt-BR"},{"@type":"WebPage","@id":"https:\/\/bahiaeconomica.com.br\/wp\/2022\/05\/30\/plano-traca-acoes-para-tornar-salvador-uma-cidade-inteligente\/","url":"https:\/\/bahiaeconomica.com.br\/wp\/2022\/05\/30\/plano-traca-acoes-para-tornar-salvador-uma-cidade-inteligente\/","name":"PLANO TRA\u00c7A A\u00c7\u00d5ES PARA TORNAR SALVADOR UMA CIDADE INTELIGENTE - Bahia Economica","isPartOf":{"@id":"https:\/\/bahiaeconomica.com.br\/wp\/#website"},"datePublished":"2022-05-30T19:47:54+00:00","dateModified":"2022-05-30T19:47:54+00:00","description":"O maior portal de Economia da Bahia BAHIA INVEST Bahia Economica","breadcrumb":{"@id":"https:\/\/bahiaeconomica.com.br\/wp\/2022\/05\/30\/plano-traca-acoes-para-tornar-salvador-uma-cidade-inteligente\/#breadcrumb"},"inLanguage":"pt-BR","potentialAction":[{"@type":"ReadAction","target":["https:\/\/bahiaeconomica.com.br\/wp\/2022\/05\/30\/plano-traca-acoes-para-tornar-salvador-uma-cidade-inteligente\/"]}]},{"@type":"BreadcrumbList","@id":"https:\/\/bahiaeconomica.com.br\/wp\/2022\/05\/30\/plano-traca-acoes-para-tornar-salvador-uma-cidade-inteligente\/#breadcrumb","itemListElement":[{"@type":"ListItem","position":1,"name":"In\u00edcio","item":"https:\/\/bahiaeconomica.com.br\/wp\/"},{"@type":"ListItem","position":2,"name":"PLANO TRA\u00c7A A\u00c7\u00d5ES PARA TORNAR SALVADOR UMA CIDADE INTELIGENTE"}]},{"@type":"WebSite","@id":"https:\/\/bahiaeconomica.com.br\/wp\/#website","url":"https:\/\/bahiaeconomica.com.br\/wp\/","name":"Bahia Economica","description":"O maior portal de Economia da Bahia","publisher":{"@id":"https:\/\/bahiaeconomica.com.br\/wp\/#organization"},"potentialAction":[{"@type":"SearchAction","target":{"@type":"EntryPoint","urlTemplate":"https:\/\/bahiaeconomica.com.br\/wp\/?s={search_term_string}"},"query-input":"required name=search_term_string"}],"inLanguage":"pt-BR"},{"@type":"Organization","@id":"https:\/\/bahiaeconomica.com.br\/wp\/#organization","name":"Bahia Econ\u00f4mica","url":"https:\/\/bahiaeconomica.com.br\/wp\/","logo":{"@type":"ImageObject","inLanguage":"pt-BR","@id":"https:\/\/bahiaeconomica.com.br\/wp\/#\/schema\/logo\/image\/","url":"https:\/\/bahiaeconomica.com.br\/wp\/wp-content\/uploads\/2020\/12\/cropped-BE.png","contentUrl":"https:\/\/bahiaeconomica.com.br\/wp\/wp-content\/uploads\/2020\/12\/cropped-BE.png","width":512,"height":512,"caption":"Bahia Econ\u00f4mica"},"image":{"@id":"https:\/\/bahiaeconomica.com.br\/wp\/#\/schema\/logo\/image\/"},"sameAs":["https:\/\/www.facebook.com\/bahiaeconomica"]},{"@type":"Person","@id":"https:\/\/bahiaeconomica.com.br\/wp\/#\/schema\/person\/cb1ab5ba96ad3d9390805381c76284ec","name":"admin","url":"https:\/\/bahiaeconomica.com.br\/wp\/author\/admin\/"}]}},"views":44,"_links":{"self":[{"href":"https:\/\/bahiaeconomica.com.br\/wp\/wp-json\/wp\/v2\/posts\/670177"}],"collection":[{"href":"https:\/\/bahiaeconomica.com.br\/wp\/wp-json\/wp\/v2\/posts"}],"about":[{"href":"https:\/\/bahiaeconomica.com.br\/wp\/wp-json\/wp\/v2\/types\/post"}],"author":[{"embeddable":true,"href":"https:\/\/bahiaeconomica.com.br\/wp\/wp-json\/wp\/v2\/users\/1"}],"replies":[{"embeddable":true,"href":"https:\/\/bahiaeconomica.com.br\/wp\/wp-json\/wp\/v2\/comments?post=670177"}],"version-history":[{"count":1,"href":"https:\/\/bahiaeconomica.com.br\/wp\/wp-json\/wp\/v2\/posts\/670177\/revisions"}],"predecessor-version":[{"id":670183,"href":"https:\/\/bahiaeconomica.com.br\/wp\/wp-json\/wp\/v2\/posts\/670177\/revisions\/670183"}],"wp:featuredmedia":[{"embeddable":true,"href":"https:\/\/bahiaeconomica.com.br\/wp\/wp-json\/wp\/v2\/media\/670182"}],"wp:attachment":[{"href":"https:\/\/bahiaeconomica.com.br\/wp\/wp-json\/wp\/v2\/media?parent=670177"}],"wp:term":[{"taxonomy":"category","embeddable":true,"href":"https:\/\/bahiaeconomica.com.br\/wp\/wp-json\/wp\/v2\/categories?post=670177"},{"taxonomy":"post_tag","embeddable":true,"href":"https:\/\/bahiaeconomica.com.br\/wp\/wp-json\/wp\/v2\/tags?post=670177"}],"curies":[{"name":"wp","href":"https:\/\/api.w.org\/{rel}","templated":true}]}}