{"id":670097,"date":"2022-05-30T11:28:00","date_gmt":"2022-05-30T14:28:00","guid":{"rendered":"https:\/\/bahiaeconomica.com.br\/wp\/beta\/?p=670097"},"modified":"2022-05-30T11:28:00","modified_gmt":"2022-05-30T14:28:00","slug":"lewandowski-pede-para-deixar-o-bayern-de-munique","status":"publish","type":"post","link":"https:\/\/bahiaeconomica.com.br\/wp\/2022\/05\/30\/lewandowski-pede-para-deixar-o-bayern-de-munique\/","title":{"rendered":"LEWANDOWSKI PEDE PARA DEIXAR O BAYERN DE MUNIQUE"},"content":{"rendered":"<p>Robert Lewandowski revelou, na manh\u00e3 desta segunda-feira, seu desejo de deixar o Bayern de Munique. Em entrevista coletiva, antes de compromissos com a sele\u00e7\u00e3o da<!--more--> Pol\u00f4nia, o centroavante deixou claro que pretende se transferir. O jogador \u00e9 pretendido pelo Barcelona para a pr\u00f3xima temporada. &#8211; Minha era no Bayern acabou agora. Eu n\u00e3o vejo nenhuma possibilidade de continuar jogando no clube mais. O Bayern \u00e9 um clube s\u00e9rio e eu acredito que eles n\u00e3o v\u00e3o me manter. Eu n\u00e3o quero mais jogar l\u00e1. Est\u00e1 claro. Uma transfer\u00eancia \u00e9 a melhor solu\u00e7\u00e3o. Eu espero que eles n\u00e3o me parem &#8211; disse o polon\u00eas. Empres\u00e1rio de Lewandowski refor\u00e7a o desejo do jogador deixar o clube: \u201cPara ele, o Bayern \u00e9 hist\u00f3ria\u201d<\/p>\n<p>O atacante tem contrato com o clube alem\u00e3o at\u00e9 junho de 2023, mas deve se transferir na pr\u00f3xima janela, que abre em julho. Esta n\u00e3o foi a primeira vez que ele comentou a vontade de sair. Ap\u00f3s o empate por 2 a 2 com o Wolfsburg, na \u00faltima rodada da Bundesliga, o polon\u00eas revelou o desejo.<\/p>\n<p>Eleito pela Fifa como o melhor jogador do mundo em 2020 e 2021, Robert Lewandowski fez at\u00e9 hoje 375 jogos pelo Bayern de Munique e marcou 344 gols, em oito temporadas. Na atual, foram 46 partidas e 50 gols pela equipe alem\u00e3. O polon\u00eas ainda terminou o Campeonato Alem\u00e3o na artilharia, com 35 gols marcados.<\/p>\n<p>Enquanto o futuro de Lewandowski ainda est\u00e1 incerto no Bayern de Munique, o franc\u00eas Corentin Tolisso j\u00e1 est\u00e1 certo de deixar o clube. O meio-campista, que tem contrato at\u00e9 o fim de junho, n\u00e3o renovar\u00e1 e seguir\u00e1 sua carreira em outro time. &#8211; Corentin Tolisso fez parte de nossa equipe por cinco anos, que fez hist\u00f3ria com a temporada de seis t\u00edtulos em 2020, entre outras coisas. Agradecemos a ele por suas conquistas e comprometimento e desejamos a ele tudo de melhor para o futuro &#8211; disse o ex-goleiro e CEO do clube, Oliver Kahn.<\/p>\n<p>Foto: divulga\u00e7\u00e3o<\/p>\n","protected":false},"excerpt":{"rendered":"<p>Robert Lewandowski revelou, na manh\u00e3 desta segunda-feira, seu desejo de deixar o Bayern de Munique. Em entrevista coletiva, antes de compromissos com a sele\u00e7\u00e3o da<\/p>\n","protected":false},"author":1,"featured_media":670098,"comment_status":"closed","ping_status":"closed","sticky":false,"template":"","format":"standard","meta":[],"categories":[14,3,4486],"tags":[6328,1176,1086],"acf":[],"yoast_head":"<!-- This site is optimized with the Yoast SEO plugin v20.8 - https:\/\/yoast.com\/wordpress\/plugins\/seo\/ -->\n<title>LEWANDOWSKI PEDE PARA DEIXAR O BAYERN DE MUNIQUE - Bahia Economica<\/title>\n<meta name=\"description\" content=\"O maior portal de Economia da Bahia DESTAQUE DO DIA, ECONOMIA \/ POL\u00cdTICA, Esporte Bahia Economica\" \/>\n<meta name=\"robots\" content=\"index, follow, max-snippet:-1, max-image-preview:large, max-video-preview:-1\" \/>\n<link rel=\"canonical\" href=\"https:\/\/bahiaeconomica.com.br\/wp\/2022\/05\/30\/lewandowski-pede-para-deixar-o-bayern-de-munique\/\" \/>\n<meta property=\"og:locale\" content=\"pt_BR\" \/>\n<meta property=\"og:type\" content=\"article\" \/>\n<meta property=\"og:title\" content=\"LEWANDOWSKI PEDE PARA DEIXAR O BAYERN DE MUNIQUE - Bahia Economica\" \/>\n<meta property=\"og:description\" content=\"O maior portal de Economia da Bahia DESTAQUE DO DIA, ECONOMIA \/ POL\u00cdTICA, Esporte Bahia Economica\" \/>\n<meta property=\"og:url\" content=\"https:\/\/bahiaeconomica.com.br\/wp\/2022\/05\/30\/lewandowski-pede-para-deixar-o-bayern-de-munique\/\" \/>\n<meta property=\"og:site_name\" content=\"Bahia Economica\" \/>\n<meta property=\"article:publisher\" content=\"https:\/\/www.facebook.com\/bahiaeconomica\" \/>\n<meta property=\"article:published_time\" content=\"2022-05-30T14:28:00+00:00\" \/>\n<meta property=\"og:image\" content=\"https:\/\/bahiaeconomica.com.br\/wp\/wp-content\/uploads\/2022\/05\/dcb82ed3a93f41872db0150c97eb36c8ae12269b.webp\" \/>\n\t<meta property=\"og:image:width\" content=\"984\" \/>\n\t<meta property=\"og:image:height\" content=\"547\" \/>\n\t<meta property=\"og:image:type\" content=\"image\/webp\" \/>\n<meta name=\"author\" content=\"admin\" \/>\n<meta name=\"twitter:card\" content=\"summary_large_image\" \/>\n<meta name=\"twitter:label1\" content=\"Escrito por\" \/>\n\t<meta name=\"twitter:data1\" content=\"admin\" \/>\n\t<meta name=\"twitter:label2\" content=\"Est. tempo de leitura\" \/>\n\t<meta name=\"twitter:data2\" content=\"2 minutos\" \/>\n<script type=\"application\/ld+json\" class=\"yoast-schema-graph\">{\"@context\":\"https:\/\/schema.org\",\"@graph\":[{\"@type\":\"Article\",\"@id\":\"https:\/\/bahiaeconomica.com.br\/wp\/2022\/05\/30\/lewandowski-pede-para-deixar-o-bayern-de-munique\/#article\",\"isPartOf\":{\"@id\":\"https:\/\/bahiaeconomica.com.br\/wp\/2022\/05\/30\/lewandowski-pede-para-deixar-o-bayern-de-munique\/\"},\"author\":{\"name\":\"admin\",\"@id\":\"https:\/\/bahiaeconomica.com.br\/wp\/#\/schema\/person\/cb1ab5ba96ad3d9390805381c76284ec\"},\"headline\":\"LEWANDOWSKI PEDE PARA DEIXAR O BAYERN DE MUNIQUE\",\"datePublished\":\"2022-05-30T14:28:00+00:00\",\"dateModified\":\"2022-05-30T14:28:00+00:00\",\"mainEntityOfPage\":{\"@id\":\"https:\/\/bahiaeconomica.com.br\/wp\/2022\/05\/30\/lewandowski-pede-para-deixar-o-bayern-de-munique\/\"},\"wordCount\":347,\"publisher\":{\"@id\":\"https:\/\/bahiaeconomica.com.br\/wp\/#organization\"},\"keywords\":[\"bayer\",\"mudan\u00e7a\",\"novidade\"],\"articleSection\":[\"DESTAQUE DO DIA\",\"ECONOMIA \/ POL\u00cdTICA\",\"Esporte\"],\"inLanguage\":\"pt-BR\"},{\"@type\":\"WebPage\",\"@id\":\"https:\/\/bahiaeconomica.com.br\/wp\/2022\/05\/30\/lewandowski-pede-para-deixar-o-bayern-de-munique\/\",\"url\":\"https:\/\/bahiaeconomica.com.br\/wp\/2022\/05\/30\/lewandowski-pede-para-deixar-o-bayern-de-munique\/\",\"name\":\"LEWANDOWSKI PEDE PARA DEIXAR O BAYERN DE MUNIQUE - Bahia Economica\",\"isPartOf\":{\"@id\":\"https:\/\/bahiaeconomica.com.br\/wp\/#website\"},\"datePublished\":\"2022-05-30T14:28:00+00:00\",\"dateModified\":\"2022-05-30T14:28:00+00:00\",\"description\":\"O maior portal de Economia da Bahia DESTAQUE DO DIA, ECONOMIA \/ POL\u00cdTICA, Esporte Bahia Economica\",\"breadcrumb\":{\"@id\":\"https:\/\/bahiaeconomica.com.br\/wp\/2022\/05\/30\/lewandowski-pede-para-deixar-o-bayern-de-munique\/#breadcrumb\"},\"inLanguage\":\"pt-BR\",\"potentialAction\":[{\"@type\":\"ReadAction\",\"target\":[\"https:\/\/bahiaeconomica.com.br\/wp\/2022\/05\/30\/lewandowski-pede-para-deixar-o-bayern-de-munique\/\"]}]},{\"@type\":\"BreadcrumbList\",\"@id\":\"https:\/\/bahiaeconomica.com.br\/wp\/2022\/05\/30\/lewandowski-pede-para-deixar-o-bayern-de-munique\/#breadcrumb\",\"itemListElement\":[{\"@type\":\"ListItem\",\"position\":1,\"name\":\"In\u00edcio\",\"item\":\"https:\/\/bahiaeconomica.com.br\/wp\/\"},{\"@type\":\"ListItem\",\"position\":2,\"name\":\"LEWANDOWSKI PEDE PARA DEIXAR O BAYERN DE MUNIQUE\"}]},{\"@type\":\"WebSite\",\"@id\":\"https:\/\/bahiaeconomica.com.br\/wp\/#website\",\"url\":\"https:\/\/bahiaeconomica.com.br\/wp\/\",\"name\":\"Bahia Economica\",\"description\":\"O maior portal de Economia da Bahia\",\"publisher\":{\"@id\":\"https:\/\/bahiaeconomica.com.br\/wp\/#organization\"},\"potentialAction\":[{\"@type\":\"SearchAction\",\"target\":{\"@type\":\"EntryPoint\",\"urlTemplate\":\"https:\/\/bahiaeconomica.com.br\/wp\/?s={search_term_string}\"},\"query-input\":\"required name=search_term_string\"}],\"inLanguage\":\"pt-BR\"},{\"@type\":\"Organization\",\"@id\":\"https:\/\/bahiaeconomica.com.br\/wp\/#organization\",\"name\":\"Bahia Econ\u00f4mica\",\"url\":\"https:\/\/bahiaeconomica.com.br\/wp\/\",\"logo\":{\"@type\":\"ImageObject\",\"inLanguage\":\"pt-BR\",\"@id\":\"https:\/\/bahiaeconomica.com.br\/wp\/#\/schema\/logo\/image\/\",\"url\":\"https:\/\/bahiaeconomica.com.br\/wp\/wp-content\/uploads\/2020\/12\/cropped-BE.png\",\"contentUrl\":\"https:\/\/bahiaeconomica.com.br\/wp\/wp-content\/uploads\/2020\/12\/cropped-BE.png\",\"width\":512,\"height\":512,\"caption\":\"Bahia Econ\u00f4mica\"},\"image\":{\"@id\":\"https:\/\/bahiaeconomica.com.br\/wp\/#\/schema\/logo\/image\/\"},\"sameAs\":[\"https:\/\/www.facebook.com\/bahiaeconomica\"]},{\"@type\":\"Person\",\"@id\":\"https:\/\/bahiaeconomica.com.br\/wp\/#\/schema\/person\/cb1ab5ba96ad3d9390805381c76284ec\",\"name\":\"admin\",\"url\":\"https:\/\/bahiaeconomica.com.br\/wp\/author\/admin\/\"}]}<\/script>\n<!-- \/ Yoast SEO plugin. -->","yoast_head_json":{"title":"LEWANDOWSKI PEDE PARA DEIXAR O BAYERN DE MUNIQUE - Bahia Economica","description":"O maior portal de Economia da Bahia DESTAQUE DO DIA, ECONOMIA \/ POL\u00cdTICA, Esporte Bahia Economica","robots":{"index":"index","follow":"follow","max-snippet":"max-snippet:-1","max-image-preview":"max-image-preview:large","max-video-preview":"max-video-preview:-1"},"canonical":"https:\/\/bahiaeconomica.com.br\/wp\/2022\/05\/30\/lewandowski-pede-para-deixar-o-bayern-de-munique\/","og_locale":"pt_BR","og_type":"article","og_title":"LEWANDOWSKI PEDE PARA DEIXAR O BAYERN DE MUNIQUE - Bahia Economica","og_description":"O maior portal de Economia da Bahia DESTAQUE DO DIA, ECONOMIA \/ POL\u00cdTICA, Esporte Bahia Economica","og_url":"https:\/\/bahiaeconomica.com.br\/wp\/2022\/05\/30\/lewandowski-pede-para-deixar-o-bayern-de-munique\/","og_site_name":"Bahia Economica","article_publisher":"https:\/\/www.facebook.com\/bahiaeconomica","article_published_time":"2022-05-30T14:28:00+00:00","og_image":[{"width":984,"height":547,"url":"https:\/\/bahiaeconomica.com.br\/wp\/wp-content\/uploads\/2022\/05\/dcb82ed3a93f41872db0150c97eb36c8ae12269b.webp","type":"image\/webp"}],"author":"admin","twitter_card":"summary_large_image","twitter_misc":{"Escrito por":"admin","Est. tempo de leitura":"2 minutos"},"schema":{"@context":"https:\/\/schema.org","@graph":[{"@type":"Article","@id":"https:\/\/bahiaeconomica.com.br\/wp\/2022\/05\/30\/lewandowski-pede-para-deixar-o-bayern-de-munique\/#article","isPartOf":{"@id":"https:\/\/bahiaeconomica.com.br\/wp\/2022\/05\/30\/lewandowski-pede-para-deixar-o-bayern-de-munique\/"},"author":{"name":"admin","@id":"https:\/\/bahiaeconomica.com.br\/wp\/#\/schema\/person\/cb1ab5ba96ad3d9390805381c76284ec"},"headline":"LEWANDOWSKI PEDE PARA DEIXAR O BAYERN DE MUNIQUE","datePublished":"2022-05-30T14:28:00+00:00","dateModified":"2022-05-30T14:28:00+00:00","mainEntityOfPage":{"@id":"https:\/\/bahiaeconomica.com.br\/wp\/2022\/05\/30\/lewandowski-pede-para-deixar-o-bayern-de-munique\/"},"wordCount":347,"publisher":{"@id":"https:\/\/bahiaeconomica.com.br\/wp\/#organization"},"keywords":["bayer","mudan\u00e7a","novidade"],"articleSection":["DESTAQUE DO DIA","ECONOMIA \/ POL\u00cdTICA","Esporte"],"inLanguage":"pt-BR"},{"@type":"WebPage","@id":"https:\/\/bahiaeconomica.com.br\/wp\/2022\/05\/30\/lewandowski-pede-para-deixar-o-bayern-de-munique\/","url":"https:\/\/bahiaeconomica.com.br\/wp\/2022\/05\/30\/lewandowski-pede-para-deixar-o-bayern-de-munique\/","name":"LEWANDOWSKI PEDE PARA DEIXAR O BAYERN DE MUNIQUE - Bahia Economica","isPartOf":{"@id":"https:\/\/bahiaeconomica.com.br\/wp\/#website"},"datePublished":"2022-05-30T14:28:00+00:00","dateModified":"2022-05-30T14:28:00+00:00","description":"O maior portal de Economia da Bahia DESTAQUE DO DIA, ECONOMIA \/ POL\u00cdTICA, Esporte Bahia Economica","breadcrumb":{"@id":"https:\/\/bahiaeconomica.com.br\/wp\/2022\/05\/30\/lewandowski-pede-para-deixar-o-bayern-de-munique\/#breadcrumb"},"inLanguage":"pt-BR","potentialAction":[{"@type":"ReadAction","target":["https:\/\/bahiaeconomica.com.br\/wp\/2022\/05\/30\/lewandowski-pede-para-deixar-o-bayern-de-munique\/"]}]},{"@type":"BreadcrumbList","@id":"https:\/\/bahiaeconomica.com.br\/wp\/2022\/05\/30\/lewandowski-pede-para-deixar-o-bayern-de-munique\/#breadcrumb","itemListElement":[{"@type":"ListItem","position":1,"name":"In\u00edcio","item":"https:\/\/bahiaeconomica.com.br\/wp\/"},{"@type":"ListItem","position":2,"name":"LEWANDOWSKI PEDE PARA DEIXAR O BAYERN DE MUNIQUE"}]},{"@type":"WebSite","@id":"https:\/\/bahiaeconomica.com.br\/wp\/#website","url":"https:\/\/bahiaeconomica.com.br\/wp\/","name":"Bahia Economica","description":"O maior portal de Economia da Bahia","publisher":{"@id":"https:\/\/bahiaeconomica.com.br\/wp\/#organization"},"potentialAction":[{"@type":"SearchAction","target":{"@type":"EntryPoint","urlTemplate":"https:\/\/bahiaeconomica.com.br\/wp\/?s={search_term_string}"},"query-input":"required name=search_term_string"}],"inLanguage":"pt-BR"},{"@type":"Organization","@id":"https:\/\/bahiaeconomica.com.br\/wp\/#organization","name":"Bahia Econ\u00f4mica","url":"https:\/\/bahiaeconomica.com.br\/wp\/","logo":{"@type":"ImageObject","inLanguage":"pt-BR","@id":"https:\/\/bahiaeconomica.com.br\/wp\/#\/schema\/logo\/image\/","url":"https:\/\/bahiaeconomica.com.br\/wp\/wp-content\/uploads\/2020\/12\/cropped-BE.png","contentUrl":"https:\/\/bahiaeconomica.com.br\/wp\/wp-content\/uploads\/2020\/12\/cropped-BE.png","width":512,"height":512,"caption":"Bahia Econ\u00f4mica"},"image":{"@id":"https:\/\/bahiaeconomica.com.br\/wp\/#\/schema\/logo\/image\/"},"sameAs":["https:\/\/www.facebook.com\/bahiaeconomica"]},{"@type":"Person","@id":"https:\/\/bahiaeconomica.com.br\/wp\/#\/schema\/person\/cb1ab5ba96ad3d9390805381c76284ec","name":"admin","url":"https:\/\/bahiaeconomica.com.br\/wp\/author\/admin\/"}]}},"views":4,"_links":{"self":[{"href":"https:\/\/bahiaeconomica.com.br\/wp\/wp-json\/wp\/v2\/posts\/670097"}],"collection":[{"href":"https:\/\/bahiaeconomica.com.br\/wp\/wp-json\/wp\/v2\/posts"}],"about":[{"href":"https:\/\/bahiaeconomica.com.br\/wp\/wp-json\/wp\/v2\/types\/post"}],"author":[{"embeddable":true,"href":"https:\/\/bahiaeconomica.com.br\/wp\/wp-json\/wp\/v2\/users\/1"}],"replies":[{"embeddable":true,"href":"https:\/\/bahiaeconomica.com.br\/wp\/wp-json\/wp\/v2\/comments?post=670097"}],"version-history":[{"count":1,"href":"https:\/\/bahiaeconomica.com.br\/wp\/wp-json\/wp\/v2\/posts\/670097\/revisions"}],"predecessor-version":[{"id":670099,"href":"https:\/\/bahiaeconomica.com.br\/wp\/wp-json\/wp\/v2\/posts\/670097\/revisions\/670099"}],"wp:featuredmedia":[{"embeddable":true,"href":"https:\/\/bahiaeconomica.com.br\/wp\/wp-json\/wp\/v2\/media\/670098"}],"wp:attachment":[{"href":"https:\/\/bahiaeconomica.com.br\/wp\/wp-json\/wp\/v2\/media?parent=670097"}],"wp:term":[{"taxonomy":"category","embeddable":true,"href":"https:\/\/bahiaeconomica.com.br\/wp\/wp-json\/wp\/v2\/categories?post=670097"},{"taxonomy":"post_tag","embeddable":true,"href":"https:\/\/bahiaeconomica.com.br\/wp\/wp-json\/wp\/v2\/tags?post=670097"}],"curies":[{"name":"wp","href":"https:\/\/api.w.org\/{rel}","templated":true}]}}