{"id":670077,"date":"2022-05-31T07:20:20","date_gmt":"2022-05-31T10:20:20","guid":{"rendered":"https:\/\/bahiaeconomica.com.br\/wp\/beta\/?p=670077"},"modified":"2022-05-31T13:17:20","modified_gmt":"2022-05-31T16:17:20","slug":"prazo-para-declarar-o-imposto-de-renda-2022-termina-na-terca-feira-31","status":"publish","type":"post","link":"https:\/\/bahiaeconomica.com.br\/wp\/2022\/05\/31\/prazo-para-declarar-o-imposto-de-renda-2022-termina-na-terca-feira-31\/","title":{"rendered":"PRAZO PARA DECLARAR O IMPOSTO DE RENDA 2022 TERMINA HOJE (31)"},"content":{"rendered":"<p>O prazo para entregar a declara\u00e7\u00e3o do Imposto de Renda termina nesta ter\u00e7a-feira (31), e os contribuintes que ainda n\u00e3o prestaram contas com o Le\u00e3o devem ficar atentos ao prazo para evitar o pagamento de multa.<!--more--><\/p>\n<p>Quem n\u00e3o entregar a declara\u00e7\u00e3o no prazo dever\u00e1 pagar multa de 1% ao m\u00eas sobre o imposto devido, limitado a 20% do valor do Imposto de Renda. O valor m\u00ednimo da multa \u00e9 de R$ 165,74.<\/p>\n<p>A multa \u00e9 gerada no momento da entrega da declara\u00e7\u00e3o atrasada e a notifica\u00e7\u00e3o de lan\u00e7amento fica junto ao recibo de entrega. O contribuinte ter\u00e1 30 dias para fazer o pagamento, segundo a Receita. Ap\u00f3s este prazo, come\u00e7am a correr juros de mora (taxa Selic).<\/p>\n<p>Quem deve declarar<\/p>\n<p>Contribuintes com rendimentos tribut\u00e1veis, sujeitos ao ajuste na declara\u00e7\u00e3o, cuja soma foi superior a R$ 28.559,70 e, em rela\u00e7\u00e3o \u00e0 atividade rural, obtiveram receita bruta em valor superior a R$ 142.798,50;<\/p>\n<p>Pessoas com rendimentos isentos, n\u00e3o tribut\u00e1veis ou tributados exclusivamente na fonte, cuja soma foi superior a R$ 40.000;<\/p>\n<p>Pessoas f\u00edsicas residentes no Brasil que no ano-calend\u00e1rio de 2021 tiveram, em qualquer m\u00eas, ganho de capital na aliena\u00e7\u00e3o de bens ou direitos, sujeito \u00e0 incid\u00eancia do imposto, ou realizaram opera\u00e7\u00f5es em bolsas de valores, de mercadorias, de futuros e assemelhadas, ou que tiveram, em 31 de dezembro, a posse ou a propriedade de bens ou direitos, inclusive terra nua, de valor total superior a R$ 300.000<\/p>\n<p>Documentos necess\u00e1rios:<\/p>\n<ul>\n<li>CPF;<\/li>\n<li>Informes de rendimentos da(s) fonte(s) pagadora(s), inclusive de aplica\u00e7\u00f5es financeiras;<\/li>\n<li>Dados atualizados da conta banc\u00e1ria para restitui\u00e7\u00e3o ou d\u00e9bitos do imposto apurado;<\/li>\n<li>Nome, CPF, grau de parentesco dos dependentes e data de nascimento;<\/li>\n<li>Endere\u00e7o atualizado;<\/li>\n<li>C\u00f3pia da \u00faltima Declara\u00e7\u00e3o de Imposto de Renda Pessoa F\u00edsica entregue;<\/li>\n<li>Atividade profissional exercida atualmente;<\/li>\n<li>Recibos e comprovantes de pagamento que geram dedu\u00e7\u00e3o no c\u00e1lculo do imposto, por exemplo: despesas m\u00e9dicas, plano de sa\u00fade, despesas com educa\u00e7\u00e3o \/ instru\u00e7\u00e3o;<\/li>\n<li>Outros documentos como os que comprovam a aquisi\u00e7\u00e3o ou venda de bens e direitos para serem devidamente declarados.<\/li>\n<\/ul>\n<p>Calend\u00e1rio de restitui\u00e7\u00f5es:<\/p>\n<p>As restitui\u00e7\u00f5es do IRPF 2022 ser\u00e3o feitas em cinco lotes:<\/p>\n<ul>\n<li>31 de maio de 2022;<\/li>\n<li>30 de junho de 2022;<\/li>\n<li>29 de julho de 2022;<\/li>\n<li>31 de agosto de 2022;<\/li>\n<li>30 de setembro de 2022<\/li>\n<\/ul>\n<p>Fonte: CNN<\/p>\n<p>Foto: Marcelo Camargo\/Ag\u00eancia Brasil<\/p>\n","protected":false},"excerpt":{"rendered":"<p>O prazo para entregar a declara\u00e7\u00e3o do Imposto de Renda termina nesta ter\u00e7a-feira (31), e os contribuintes que ainda n\u00e3o prestaram contas com o Le\u00e3o devem ficar atentos ao prazo para evitar o pagamento de multa.<\/p>\n","protected":false},"author":1,"featured_media":670078,"comment_status":"closed","ping_status":"closed","sticky":false,"template":"","format":"standard","meta":[],"categories":[14,3],"tags":[2839,3319],"acf":[],"yoast_head":"<!-- This site is optimized with the Yoast SEO plugin v20.8 - https:\/\/yoast.com\/wordpress\/plugins\/seo\/ -->\n<title>PRAZO PARA DECLARAR O IMPOSTO DE RENDA 2022 TERMINA HOJE (31) - Bahia Economica<\/title>\n<meta name=\"description\" content=\"O maior portal de Economia da Bahia DESTAQUE DO DIA, ECONOMIA \/ POL\u00cdTICA Bahia Economica\" \/>\n<meta name=\"robots\" content=\"index, follow, max-snippet:-1, max-image-preview:large, max-video-preview:-1\" \/>\n<link rel=\"canonical\" href=\"https:\/\/bahiaeconomica.com.br\/wp\/2022\/05\/31\/prazo-para-declarar-o-imposto-de-renda-2022-termina-na-terca-feira-31\/\" \/>\n<meta property=\"og:locale\" content=\"pt_BR\" \/>\n<meta property=\"og:type\" content=\"article\" \/>\n<meta property=\"og:title\" content=\"PRAZO PARA DECLARAR O IMPOSTO DE RENDA 2022 TERMINA HOJE (31) - Bahia Economica\" \/>\n<meta property=\"og:description\" content=\"O maior portal de Economia da Bahia DESTAQUE DO DIA, ECONOMIA \/ POL\u00cdTICA Bahia Economica\" \/>\n<meta property=\"og:url\" content=\"https:\/\/bahiaeconomica.com.br\/wp\/2022\/05\/31\/prazo-para-declarar-o-imposto-de-renda-2022-termina-na-terca-feira-31\/\" \/>\n<meta property=\"og:site_name\" content=\"Bahia Economica\" \/>\n<meta property=\"article:publisher\" content=\"https:\/\/www.facebook.com\/bahiaeconomica\" \/>\n<meta property=\"article:published_time\" content=\"2022-05-31T10:20:20+00:00\" \/>\n<meta property=\"article:modified_time\" content=\"2022-05-31T16:17:20+00:00\" \/>\n<meta property=\"og:image\" content=\"https:\/\/bahiaeconomica.com.br\/wp\/wp-content\/uploads\/2022\/05\/imposto_de_renda.webp\" \/>\n\t<meta property=\"og:image:width\" content=\"876\" \/>\n\t<meta property=\"og:image:height\" content=\"484\" \/>\n\t<meta property=\"og:image:type\" content=\"image\/webp\" \/>\n<meta name=\"author\" content=\"admin\" \/>\n<meta name=\"twitter:card\" content=\"summary_large_image\" \/>\n<meta name=\"twitter:label1\" content=\"Escrito por\" \/>\n\t<meta name=\"twitter:data1\" content=\"admin\" \/>\n\t<meta name=\"twitter:label2\" content=\"Est. tempo de leitura\" \/>\n\t<meta name=\"twitter:data2\" content=\"2 minutos\" \/>\n<script type=\"application\/ld+json\" class=\"yoast-schema-graph\">{\"@context\":\"https:\/\/schema.org\",\"@graph\":[{\"@type\":\"Article\",\"@id\":\"https:\/\/bahiaeconomica.com.br\/wp\/2022\/05\/31\/prazo-para-declarar-o-imposto-de-renda-2022-termina-na-terca-feira-31\/#article\",\"isPartOf\":{\"@id\":\"https:\/\/bahiaeconomica.com.br\/wp\/2022\/05\/31\/prazo-para-declarar-o-imposto-de-renda-2022-termina-na-terca-feira-31\/\"},\"author\":{\"name\":\"admin\",\"@id\":\"https:\/\/bahiaeconomica.com.br\/wp\/#\/schema\/person\/cb1ab5ba96ad3d9390805381c76284ec\"},\"headline\":\"PRAZO PARA DECLARAR O IMPOSTO DE RENDA 2022 TERMINA HOJE (31)\",\"datePublished\":\"2022-05-31T10:20:20+00:00\",\"dateModified\":\"2022-05-31T16:17:20+00:00\",\"mainEntityOfPage\":{\"@id\":\"https:\/\/bahiaeconomica.com.br\/wp\/2022\/05\/31\/prazo-para-declarar-o-imposto-de-renda-2022-termina-na-terca-feira-31\/\"},\"wordCount\":406,\"publisher\":{\"@id\":\"https:\/\/bahiaeconomica.com.br\/wp\/#organization\"},\"keywords\":[\"imposto de renda\",\"receita federal\"],\"articleSection\":[\"DESTAQUE DO DIA\",\"ECONOMIA \/ POL\u00cdTICA\"],\"inLanguage\":\"pt-BR\"},{\"@type\":\"WebPage\",\"@id\":\"https:\/\/bahiaeconomica.com.br\/wp\/2022\/05\/31\/prazo-para-declarar-o-imposto-de-renda-2022-termina-na-terca-feira-31\/\",\"url\":\"https:\/\/bahiaeconomica.com.br\/wp\/2022\/05\/31\/prazo-para-declarar-o-imposto-de-renda-2022-termina-na-terca-feira-31\/\",\"name\":\"PRAZO PARA DECLARAR O IMPOSTO DE RENDA 2022 TERMINA HOJE (31) - Bahia Economica\",\"isPartOf\":{\"@id\":\"https:\/\/bahiaeconomica.com.br\/wp\/#website\"},\"datePublished\":\"2022-05-31T10:20:20+00:00\",\"dateModified\":\"2022-05-31T16:17:20+00:00\",\"description\":\"O maior portal de Economia da Bahia DESTAQUE DO DIA, ECONOMIA \/ POL\u00cdTICA Bahia Economica\",\"breadcrumb\":{\"@id\":\"https:\/\/bahiaeconomica.com.br\/wp\/2022\/05\/31\/prazo-para-declarar-o-imposto-de-renda-2022-termina-na-terca-feira-31\/#breadcrumb\"},\"inLanguage\":\"pt-BR\",\"potentialAction\":[{\"@type\":\"ReadAction\",\"target\":[\"https:\/\/bahiaeconomica.com.br\/wp\/2022\/05\/31\/prazo-para-declarar-o-imposto-de-renda-2022-termina-na-terca-feira-31\/\"]}]},{\"@type\":\"BreadcrumbList\",\"@id\":\"https:\/\/bahiaeconomica.com.br\/wp\/2022\/05\/31\/prazo-para-declarar-o-imposto-de-renda-2022-termina-na-terca-feira-31\/#breadcrumb\",\"itemListElement\":[{\"@type\":\"ListItem\",\"position\":1,\"name\":\"In\u00edcio\",\"item\":\"https:\/\/bahiaeconomica.com.br\/wp\/\"},{\"@type\":\"ListItem\",\"position\":2,\"name\":\"PRAZO PARA DECLARAR O IMPOSTO DE RENDA 2022 TERMINA HOJE (31)\"}]},{\"@type\":\"WebSite\",\"@id\":\"https:\/\/bahiaeconomica.com.br\/wp\/#website\",\"url\":\"https:\/\/bahiaeconomica.com.br\/wp\/\",\"name\":\"Bahia Economica\",\"description\":\"O maior portal de Economia da Bahia\",\"publisher\":{\"@id\":\"https:\/\/bahiaeconomica.com.br\/wp\/#organization\"},\"potentialAction\":[{\"@type\":\"SearchAction\",\"target\":{\"@type\":\"EntryPoint\",\"urlTemplate\":\"https:\/\/bahiaeconomica.com.br\/wp\/?s={search_term_string}\"},\"query-input\":\"required name=search_term_string\"}],\"inLanguage\":\"pt-BR\"},{\"@type\":\"Organization\",\"@id\":\"https:\/\/bahiaeconomica.com.br\/wp\/#organization\",\"name\":\"Bahia Econ\u00f4mica\",\"url\":\"https:\/\/bahiaeconomica.com.br\/wp\/\",\"logo\":{\"@type\":\"ImageObject\",\"inLanguage\":\"pt-BR\",\"@id\":\"https:\/\/bahiaeconomica.com.br\/wp\/#\/schema\/logo\/image\/\",\"url\":\"https:\/\/bahiaeconomica.com.br\/wp\/wp-content\/uploads\/2020\/12\/cropped-BE.png\",\"contentUrl\":\"https:\/\/bahiaeconomica.com.br\/wp\/wp-content\/uploads\/2020\/12\/cropped-BE.png\",\"width\":512,\"height\":512,\"caption\":\"Bahia Econ\u00f4mica\"},\"image\":{\"@id\":\"https:\/\/bahiaeconomica.com.br\/wp\/#\/schema\/logo\/image\/\"},\"sameAs\":[\"https:\/\/www.facebook.com\/bahiaeconomica\"]},{\"@type\":\"Person\",\"@id\":\"https:\/\/bahiaeconomica.com.br\/wp\/#\/schema\/person\/cb1ab5ba96ad3d9390805381c76284ec\",\"name\":\"admin\",\"url\":\"https:\/\/bahiaeconomica.com.br\/wp\/author\/admin\/\"}]}<\/script>\n<!-- \/ Yoast SEO plugin. -->","yoast_head_json":{"title":"PRAZO PARA DECLARAR O IMPOSTO DE RENDA 2022 TERMINA HOJE (31) - Bahia Economica","description":"O maior portal de Economia da Bahia DESTAQUE DO DIA, ECONOMIA \/ POL\u00cdTICA Bahia Economica","robots":{"index":"index","follow":"follow","max-snippet":"max-snippet:-1","max-image-preview":"max-image-preview:large","max-video-preview":"max-video-preview:-1"},"canonical":"https:\/\/bahiaeconomica.com.br\/wp\/2022\/05\/31\/prazo-para-declarar-o-imposto-de-renda-2022-termina-na-terca-feira-31\/","og_locale":"pt_BR","og_type":"article","og_title":"PRAZO PARA DECLARAR O IMPOSTO DE RENDA 2022 TERMINA HOJE (31) - Bahia Economica","og_description":"O maior portal de Economia da Bahia DESTAQUE DO DIA, ECONOMIA \/ POL\u00cdTICA Bahia Economica","og_url":"https:\/\/bahiaeconomica.com.br\/wp\/2022\/05\/31\/prazo-para-declarar-o-imposto-de-renda-2022-termina-na-terca-feira-31\/","og_site_name":"Bahia Economica","article_publisher":"https:\/\/www.facebook.com\/bahiaeconomica","article_published_time":"2022-05-31T10:20:20+00:00","article_modified_time":"2022-05-31T16:17:20+00:00","og_image":[{"width":876,"height":484,"url":"https:\/\/bahiaeconomica.com.br\/wp\/wp-content\/uploads\/2022\/05\/imposto_de_renda.webp","type":"image\/webp"}],"author":"admin","twitter_card":"summary_large_image","twitter_misc":{"Escrito por":"admin","Est. tempo de leitura":"2 minutos"},"schema":{"@context":"https:\/\/schema.org","@graph":[{"@type":"Article","@id":"https:\/\/bahiaeconomica.com.br\/wp\/2022\/05\/31\/prazo-para-declarar-o-imposto-de-renda-2022-termina-na-terca-feira-31\/#article","isPartOf":{"@id":"https:\/\/bahiaeconomica.com.br\/wp\/2022\/05\/31\/prazo-para-declarar-o-imposto-de-renda-2022-termina-na-terca-feira-31\/"},"author":{"name":"admin","@id":"https:\/\/bahiaeconomica.com.br\/wp\/#\/schema\/person\/cb1ab5ba96ad3d9390805381c76284ec"},"headline":"PRAZO PARA DECLARAR O IMPOSTO DE RENDA 2022 TERMINA HOJE (31)","datePublished":"2022-05-31T10:20:20+00:00","dateModified":"2022-05-31T16:17:20+00:00","mainEntityOfPage":{"@id":"https:\/\/bahiaeconomica.com.br\/wp\/2022\/05\/31\/prazo-para-declarar-o-imposto-de-renda-2022-termina-na-terca-feira-31\/"},"wordCount":406,"publisher":{"@id":"https:\/\/bahiaeconomica.com.br\/wp\/#organization"},"keywords":["imposto de renda","receita federal"],"articleSection":["DESTAQUE DO DIA","ECONOMIA \/ POL\u00cdTICA"],"inLanguage":"pt-BR"},{"@type":"WebPage","@id":"https:\/\/bahiaeconomica.com.br\/wp\/2022\/05\/31\/prazo-para-declarar-o-imposto-de-renda-2022-termina-na-terca-feira-31\/","url":"https:\/\/bahiaeconomica.com.br\/wp\/2022\/05\/31\/prazo-para-declarar-o-imposto-de-renda-2022-termina-na-terca-feira-31\/","name":"PRAZO PARA DECLARAR O IMPOSTO DE RENDA 2022 TERMINA HOJE (31) - Bahia Economica","isPartOf":{"@id":"https:\/\/bahiaeconomica.com.br\/wp\/#website"},"datePublished":"2022-05-31T10:20:20+00:00","dateModified":"2022-05-31T16:17:20+00:00","description":"O maior portal de Economia da Bahia DESTAQUE DO DIA, ECONOMIA \/ POL\u00cdTICA Bahia Economica","breadcrumb":{"@id":"https:\/\/bahiaeconomica.com.br\/wp\/2022\/05\/31\/prazo-para-declarar-o-imposto-de-renda-2022-termina-na-terca-feira-31\/#breadcrumb"},"inLanguage":"pt-BR","potentialAction":[{"@type":"ReadAction","target":["https:\/\/bahiaeconomica.com.br\/wp\/2022\/05\/31\/prazo-para-declarar-o-imposto-de-renda-2022-termina-na-terca-feira-31\/"]}]},{"@type":"BreadcrumbList","@id":"https:\/\/bahiaeconomica.com.br\/wp\/2022\/05\/31\/prazo-para-declarar-o-imposto-de-renda-2022-termina-na-terca-feira-31\/#breadcrumb","itemListElement":[{"@type":"ListItem","position":1,"name":"In\u00edcio","item":"https:\/\/bahiaeconomica.com.br\/wp\/"},{"@type":"ListItem","position":2,"name":"PRAZO PARA DECLARAR O IMPOSTO DE RENDA 2022 TERMINA HOJE (31)"}]},{"@type":"WebSite","@id":"https:\/\/bahiaeconomica.com.br\/wp\/#website","url":"https:\/\/bahiaeconomica.com.br\/wp\/","name":"Bahia Economica","description":"O maior portal de Economia da Bahia","publisher":{"@id":"https:\/\/bahiaeconomica.com.br\/wp\/#organization"},"potentialAction":[{"@type":"SearchAction","target":{"@type":"EntryPoint","urlTemplate":"https:\/\/bahiaeconomica.com.br\/wp\/?s={search_term_string}"},"query-input":"required name=search_term_string"}],"inLanguage":"pt-BR"},{"@type":"Organization","@id":"https:\/\/bahiaeconomica.com.br\/wp\/#organization","name":"Bahia Econ\u00f4mica","url":"https:\/\/bahiaeconomica.com.br\/wp\/","logo":{"@type":"ImageObject","inLanguage":"pt-BR","@id":"https:\/\/bahiaeconomica.com.br\/wp\/#\/schema\/logo\/image\/","url":"https:\/\/bahiaeconomica.com.br\/wp\/wp-content\/uploads\/2020\/12\/cropped-BE.png","contentUrl":"https:\/\/bahiaeconomica.com.br\/wp\/wp-content\/uploads\/2020\/12\/cropped-BE.png","width":512,"height":512,"caption":"Bahia Econ\u00f4mica"},"image":{"@id":"https:\/\/bahiaeconomica.com.br\/wp\/#\/schema\/logo\/image\/"},"sameAs":["https:\/\/www.facebook.com\/bahiaeconomica"]},{"@type":"Person","@id":"https:\/\/bahiaeconomica.com.br\/wp\/#\/schema\/person\/cb1ab5ba96ad3d9390805381c76284ec","name":"admin","url":"https:\/\/bahiaeconomica.com.br\/wp\/author\/admin\/"}]}},"views":2,"_links":{"self":[{"href":"https:\/\/bahiaeconomica.com.br\/wp\/wp-json\/wp\/v2\/posts\/670077"}],"collection":[{"href":"https:\/\/bahiaeconomica.com.br\/wp\/wp-json\/wp\/v2\/posts"}],"about":[{"href":"https:\/\/bahiaeconomica.com.br\/wp\/wp-json\/wp\/v2\/types\/post"}],"author":[{"embeddable":true,"href":"https:\/\/bahiaeconomica.com.br\/wp\/wp-json\/wp\/v2\/users\/1"}],"replies":[{"embeddable":true,"href":"https:\/\/bahiaeconomica.com.br\/wp\/wp-json\/wp\/v2\/comments?post=670077"}],"version-history":[{"count":3,"href":"https:\/\/bahiaeconomica.com.br\/wp\/wp-json\/wp\/v2\/posts\/670077\/revisions"}],"predecessor-version":[{"id":670283,"href":"https:\/\/bahiaeconomica.com.br\/wp\/wp-json\/wp\/v2\/posts\/670077\/revisions\/670283"}],"wp:featuredmedia":[{"embeddable":true,"href":"https:\/\/bahiaeconomica.com.br\/wp\/wp-json\/wp\/v2\/media\/670078"}],"wp:attachment":[{"href":"https:\/\/bahiaeconomica.com.br\/wp\/wp-json\/wp\/v2\/media?parent=670077"}],"wp:term":[{"taxonomy":"category","embeddable":true,"href":"https:\/\/bahiaeconomica.com.br\/wp\/wp-json\/wp\/v2\/categories?post=670077"},{"taxonomy":"post_tag","embeddable":true,"href":"https:\/\/bahiaeconomica.com.br\/wp\/wp-json\/wp\/v2\/tags?post=670077"}],"curies":[{"name":"wp","href":"https:\/\/api.w.org\/{rel}","templated":true}]}}