{"id":669615,"date":"2022-05-26T17:22:05","date_gmt":"2022-05-26T20:22:05","guid":{"rendered":"https:\/\/bahiaeconomica.com.br\/wp\/beta\/?p=669615"},"modified":"2022-05-26T17:22:05","modified_gmt":"2022-05-26T20:22:05","slug":"vagas-de-emprego-no-simm-para-esta-sexta-feira-27","status":"publish","type":"post","link":"https:\/\/bahiaeconomica.com.br\/wp\/2022\/05\/26\/vagas-de-emprego-no-simm-para-esta-sexta-feira-27\/","title":{"rendered":"VAGAS DE EMPREGO NO SIMM PARA EST\u00c1 SEXTA-FEIRA (27)"},"content":{"rendered":"<p>As vagas s\u00e3o para est\u00e1 sexta-feira (27). Os candidatos que tiverem interesse dever\u00e3o acessar o site e realizar o agendamento www.agendamentosemdec.salvador.ba.gov.br , a partir das 17:30. O atendimento est\u00e1 sendo de forma h\u00edbrida, presencialmente e remotamente, via whatsapp; a escolha \u00e9 no momento do agendamento. Em caso de defici\u00eancia, os candidatos dever\u00e3o entrar em contato pelo n\u00famero: 3202-2005 para realizar o agendamento.<\/p>\n<div>\n<p><strong>Operador de Telemarketing (est\u00e1gio)<\/strong><\/p>\n<p>Ensino superior incompleto em Administra\u00e7\u00e3o (estar cursando a partir 2\u00ba ao 6\u00ba semestre), sem experi\u00eancia, requisitos imprescind\u00edveis: ter conhecimento de inform\u00e1tica e disponibilidade para estagiar a tarde<\/p>\n<p><strong>Bolsa a combinar + benef\u00edcios<\/strong><\/p>\n<p><strong>10 vagas<\/strong><\/p>\n<p><strong>Auxiliar administrativo<\/strong><\/p>\n<p>Ensino m\u00e9dio completo, 6 meses de experi\u00eancia, imprescind\u00edvel boa dic\u00e7\u00e3o e Excel intermedi\u00e1rio.<\/p>\n<p><strong>Sal\u00e1rio a combinar + benef\u00edcios<\/strong><\/p>\n<p><strong>1 Vaga<\/strong><\/p>\n<p><strong>Mec\u00e2nico de Autom\u00f3vel<\/strong><\/p>\n<p>Ensino m\u00e9dio completo, 6 meses de experi\u00eancia, requisitos imprescind\u00edveis: experi\u00eancia com mec\u00e2nica em geral e revis\u00e3o de ve\u00edculo para viagem<\/p>\n<p><strong>Sal\u00e1rio R$1.300,00 + benef\u00edcios<\/strong><\/p>\n<p><strong>1 Vaga<\/strong><\/p>\n<p><strong>T\u00e9cnico de rastreamento veicular<\/strong><\/p>\n<p>Ensino fundamental completo, 6 meses de experi\u00eancia, imprescind\u00edvel ter CNH A e Moto; Conforme nova lei trabalhista a forma de contrata\u00e7\u00e3o ser\u00e1 no Regime MEI.<\/p>\n<p><strong>Sal\u00e1rio a combinar + benef\u00edcios<\/strong><\/p>\n<p><strong>1 Vaga<\/strong><\/p>\n<p><strong>Cozinheiro de restaurante<\/strong><\/p>\n<p>Ensino m\u00e9dio completo, 6 meses de experi\u00eancia.<\/p>\n<p><strong>Sal\u00e1rio a combinar + benef\u00edcios<\/strong><\/p>\n<p><strong>1 Vaga<\/strong><\/p>\n<p><strong>Supervisor de vendas<\/strong><strong>\u00a0\u00a0<\/strong><strong>de servi\u00e7os de internet<\/strong><\/p>\n<p>Ensino m\u00e9dio completo, 3 meses de experi\u00eancia.<\/p>\n<p><strong>Sal\u00e1rio a combinar + benef\u00edcios<\/strong><\/p>\n<p><strong>5 Vagas<\/strong><\/p>\n<p><strong>Consultor de vendas<\/strong><strong>\u00a0\u00a0<\/strong><strong>de servi\u00e7os de internet<\/strong><\/p>\n<p>Ensino m\u00e9dio completo, 3 meses de experi\u00eancia.<\/p>\n<p><strong>Sal\u00e1rio a combinar + benef\u00edcios<\/strong><\/p>\n<p><strong>20 Vagas<\/strong><\/p>\n<p><strong>Operador de caixa ( vaga exclusiva para pessoas com defici\u00eancia )<\/strong><\/p>\n<p>Ensino m\u00e9dio completo, sem experi\u00eancia, inform\u00e1tica b\u00e1sica e disponibilidade para trabalhar nos turnos: tarde\/noite.<\/p>\n<p><strong>Sal\u00e1rio R$1.212,00 + benef\u00edcios<\/strong><\/p>\n<p><strong>10 Vagas<\/strong><\/p>\n<p><strong>Repositor de mercadorias<\/strong><strong>\u00a0\u00a0<\/strong><strong>( vaga exclusiva para pessoas com defici\u00eancia )<\/strong><\/p>\n<p>Ensino m\u00e9dio completo, sem experi\u00eancia, inform\u00e1tica b\u00e1sica e disponibilidade para trabalhar nos turnos: tarde\/noite.<\/p>\n<p><strong>Sal\u00e1rio R$1.212,00 + benef\u00edcios<\/strong><\/p>\n<p><strong>10 Vagas<\/strong><\/p>\n<p><strong>Auxiliar de a\u00e7ougue<\/strong><strong>\u00a0\u00a0<\/strong><strong>(vaga exclusiva para pessoas com defici\u00eancia )<\/strong><\/p>\n<p>Ensino m\u00e9dio completo, sem experi\u00eancia, disponibilidade para trabalhar nos turnos: tarde\/noite.<\/p>\n<p><strong>Sal\u00e1rio R$1.212,00 + benef\u00edcios<\/strong><\/p>\n<p><strong>10 Vagas<\/strong><\/p>\n<p><strong>Estoquista<\/strong><\/p>\n<p>Ensino m\u00e9dio completo, 6 meses de experi\u00eancia recente, requisitos imprescind\u00edveis: ter disponibilidade de hor\u00e1rio e para trabalhar na Barra ou Pituba<\/p>\n<p><strong>Sal\u00e1rio a combinar + benef\u00edcios<\/strong><\/p>\n<p><strong>2 Vagas<\/strong><\/p>\n<p><strong>Auxiliar de manuten\u00e7\u00e3o predial<\/strong><\/p>\n<p>Ensino m\u00e9dio completo, 6 meses de experi\u00eancia, imprescind\u00edvel curso de NR- 10 atualizado.<\/p>\n<p><strong>Sal\u00e1rio a combinar + benef\u00edcios<\/strong><\/p>\n<p><strong>1 Vaga<\/strong><\/p>\n<p><strong>Laminador de fibra de vidro<\/strong><\/p>\n<p>Ensino fundamental completo, 6 meses de experi\u00eancia, desej\u00e1vel\u00a0\u00a0curso na \u00e1rea, imprescind\u00edvel viv\u00eancia na \u00e1rea comprovada<\/p>\n<p><strong>Sal\u00e1rio a combinar + benef\u00edcios<\/strong><\/p>\n<p><strong>5 Vagas<\/strong><\/p>\n<p><strong>T\u00e9cnico em vendas<\/strong><\/p>\n<p>Ensino superior incompleto em Administra\u00e7\u00e3o ou Gest\u00e3o Comercial ou Gest\u00e3o de Neg\u00f3cios\u00a0\u00a0ou Comunica\u00e7\u00e3o (estar cursando a partir 4\u00ba semestre a noite), 6 meses de experi\u00eancia<\/p>\n<p><strong>Sal\u00e1rio a combinar + benef\u00edcios<\/strong><\/p>\n<p><strong>1 Vaga<\/strong><\/p>\n<p><strong>Reparador e Pintor de Ve\u00edculos<\/strong><\/p>\n<p>Ensino fundamental completo, 6 meses de experi\u00eancia<\/p>\n<p><strong>Sal\u00e1rio a combinar + benef\u00edcios<\/strong><\/p>\n<p><strong>1 Vaga<\/strong><\/p>\n<p><strong>Operador de Telemarketing (vaga exclusiva para pessoas com defici\u00eancia)<\/strong><\/p>\n<p>Ensino m\u00e9dio completo, sem experi\u00eancia, imprescind\u00edvel boa dic\u00e7\u00e3o e conhecimento de inform\u00e1tica<\/p>\n<p><strong>Sal\u00e1rio a combinar + benef\u00edcios<\/strong><\/p>\n<p><strong>40 Vagas<\/strong><\/p>\n<\/div>\n","protected":false},"excerpt":{"rendered":"<p>As vagas s\u00e3o para est\u00e1 sexta-feira (27). Os candidatos que tiverem interesse dever\u00e3o acessar o site e realizar o agendamento www.agendamentosemdec.salvador.ba.gov.br , a partir das 17:30. O atendimento est\u00e1 sendo de forma h\u00edbrida, presencialmente e remotamente, via whatsapp; a escolha \u00e9 no momento do agendamento. Em caso de defici\u00eancia, os candidatos dever\u00e3o entrar em contato [&hellip;]<\/p>\n","protected":false},"author":1,"featured_media":657179,"comment_status":"closed","ping_status":"closed","sticky":false,"template":"","format":"standard","meta":[],"categories":[8],"tags":[],"acf":[],"yoast_head":"<!-- This site is optimized with the Yoast SEO plugin v20.8 - https:\/\/yoast.com\/wordpress\/plugins\/seo\/ -->\n<title>VAGAS DE EMPREGO NO SIMM PARA EST\u00c1 SEXTA-FEIRA (27) - Bahia Economica<\/title>\n<meta name=\"description\" content=\"O maior portal de Economia da Bahia EMPREGOS \/ CONCURSOS Bahia Economica\" \/>\n<meta name=\"robots\" content=\"index, follow, max-snippet:-1, max-image-preview:large, max-video-preview:-1\" \/>\n<link rel=\"canonical\" href=\"https:\/\/bahiaeconomica.com.br\/wp\/2022\/05\/26\/vagas-de-emprego-no-simm-para-esta-sexta-feira-27\/\" \/>\n<meta property=\"og:locale\" content=\"pt_BR\" \/>\n<meta property=\"og:type\" content=\"article\" \/>\n<meta property=\"og:title\" content=\"VAGAS DE EMPREGO NO SIMM PARA EST\u00c1 SEXTA-FEIRA (27) - Bahia Economica\" \/>\n<meta property=\"og:description\" content=\"O maior portal de Economia da Bahia EMPREGOS \/ CONCURSOS Bahia Economica\" \/>\n<meta property=\"og:url\" content=\"https:\/\/bahiaeconomica.com.br\/wp\/2022\/05\/26\/vagas-de-emprego-no-simm-para-esta-sexta-feira-27\/\" \/>\n<meta property=\"og:site_name\" content=\"Bahia Economica\" \/>\n<meta property=\"article:publisher\" content=\"https:\/\/www.facebook.com\/bahiaeconomica\" \/>\n<meta property=\"article:published_time\" content=\"2022-05-26T20:22:05+00:00\" \/>\n<meta property=\"og:image\" content=\"https:\/\/bahiaeconomica.com.br\/wp\/wp-content\/uploads\/2022\/04\/csm_simm_488a5398e6.jpg\" \/>\n\t<meta property=\"og:image:width\" content=\"940\" \/>\n\t<meta property=\"og:image:height\" content=\"529\" \/>\n\t<meta property=\"og:image:type\" content=\"image\/jpeg\" \/>\n<meta name=\"author\" content=\"admin\" \/>\n<meta name=\"twitter:card\" content=\"summary_large_image\" \/>\n<meta name=\"twitter:label1\" content=\"Escrito por\" \/>\n\t<meta name=\"twitter:data1\" content=\"admin\" \/>\n\t<meta name=\"twitter:label2\" content=\"Est. tempo de leitura\" \/>\n\t<meta name=\"twitter:data2\" content=\"3 minutos\" \/>\n<script type=\"application\/ld+json\" class=\"yoast-schema-graph\">{\"@context\":\"https:\/\/schema.org\",\"@graph\":[{\"@type\":\"Article\",\"@id\":\"https:\/\/bahiaeconomica.com.br\/wp\/2022\/05\/26\/vagas-de-emprego-no-simm-para-esta-sexta-feira-27\/#article\",\"isPartOf\":{\"@id\":\"https:\/\/bahiaeconomica.com.br\/wp\/2022\/05\/26\/vagas-de-emprego-no-simm-para-esta-sexta-feira-27\/\"},\"author\":{\"name\":\"admin\",\"@id\":\"https:\/\/bahiaeconomica.com.br\/wp\/#\/schema\/person\/cb1ab5ba96ad3d9390805381c76284ec\"},\"headline\":\"VAGAS DE EMPREGO NO SIMM PARA EST\u00c1 SEXTA-FEIRA (27)\",\"datePublished\":\"2022-05-26T20:22:05+00:00\",\"dateModified\":\"2022-05-26T20:22:05+00:00\",\"mainEntityOfPage\":{\"@id\":\"https:\/\/bahiaeconomica.com.br\/wp\/2022\/05\/26\/vagas-de-emprego-no-simm-para-esta-sexta-feira-27\/\"},\"wordCount\":568,\"publisher\":{\"@id\":\"https:\/\/bahiaeconomica.com.br\/wp\/#organization\"},\"articleSection\":[\"EMPREGOS \/ CONCURSOS\"],\"inLanguage\":\"pt-BR\"},{\"@type\":\"WebPage\",\"@id\":\"https:\/\/bahiaeconomica.com.br\/wp\/2022\/05\/26\/vagas-de-emprego-no-simm-para-esta-sexta-feira-27\/\",\"url\":\"https:\/\/bahiaeconomica.com.br\/wp\/2022\/05\/26\/vagas-de-emprego-no-simm-para-esta-sexta-feira-27\/\",\"name\":\"VAGAS DE EMPREGO NO SIMM PARA EST\u00c1 SEXTA-FEIRA (27) - Bahia Economica\",\"isPartOf\":{\"@id\":\"https:\/\/bahiaeconomica.com.br\/wp\/#website\"},\"datePublished\":\"2022-05-26T20:22:05+00:00\",\"dateModified\":\"2022-05-26T20:22:05+00:00\",\"description\":\"O maior portal de Economia da Bahia EMPREGOS \/ CONCURSOS Bahia Economica\",\"breadcrumb\":{\"@id\":\"https:\/\/bahiaeconomica.com.br\/wp\/2022\/05\/26\/vagas-de-emprego-no-simm-para-esta-sexta-feira-27\/#breadcrumb\"},\"inLanguage\":\"pt-BR\",\"potentialAction\":[{\"@type\":\"ReadAction\",\"target\":[\"https:\/\/bahiaeconomica.com.br\/wp\/2022\/05\/26\/vagas-de-emprego-no-simm-para-esta-sexta-feira-27\/\"]}]},{\"@type\":\"BreadcrumbList\",\"@id\":\"https:\/\/bahiaeconomica.com.br\/wp\/2022\/05\/26\/vagas-de-emprego-no-simm-para-esta-sexta-feira-27\/#breadcrumb\",\"itemListElement\":[{\"@type\":\"ListItem\",\"position\":1,\"name\":\"In\u00edcio\",\"item\":\"https:\/\/bahiaeconomica.com.br\/wp\/\"},{\"@type\":\"ListItem\",\"position\":2,\"name\":\"VAGAS DE EMPREGO NO SIMM PARA EST\u00c1 SEXTA-FEIRA (27)\"}]},{\"@type\":\"WebSite\",\"@id\":\"https:\/\/bahiaeconomica.com.br\/wp\/#website\",\"url\":\"https:\/\/bahiaeconomica.com.br\/wp\/\",\"name\":\"Bahia Economica\",\"description\":\"O maior portal de Economia da Bahia\",\"publisher\":{\"@id\":\"https:\/\/bahiaeconomica.com.br\/wp\/#organization\"},\"potentialAction\":[{\"@type\":\"SearchAction\",\"target\":{\"@type\":\"EntryPoint\",\"urlTemplate\":\"https:\/\/bahiaeconomica.com.br\/wp\/?s={search_term_string}\"},\"query-input\":\"required name=search_term_string\"}],\"inLanguage\":\"pt-BR\"},{\"@type\":\"Organization\",\"@id\":\"https:\/\/bahiaeconomica.com.br\/wp\/#organization\",\"name\":\"Bahia Econ\u00f4mica\",\"url\":\"https:\/\/bahiaeconomica.com.br\/wp\/\",\"logo\":{\"@type\":\"ImageObject\",\"inLanguage\":\"pt-BR\",\"@id\":\"https:\/\/bahiaeconomica.com.br\/wp\/#\/schema\/logo\/image\/\",\"url\":\"https:\/\/bahiaeconomica.com.br\/wp\/wp-content\/uploads\/2020\/12\/cropped-BE.png\",\"contentUrl\":\"https:\/\/bahiaeconomica.com.br\/wp\/wp-content\/uploads\/2020\/12\/cropped-BE.png\",\"width\":512,\"height\":512,\"caption\":\"Bahia Econ\u00f4mica\"},\"image\":{\"@id\":\"https:\/\/bahiaeconomica.com.br\/wp\/#\/schema\/logo\/image\/\"},\"sameAs\":[\"https:\/\/www.facebook.com\/bahiaeconomica\"]},{\"@type\":\"Person\",\"@id\":\"https:\/\/bahiaeconomica.com.br\/wp\/#\/schema\/person\/cb1ab5ba96ad3d9390805381c76284ec\",\"name\":\"admin\",\"url\":\"https:\/\/bahiaeconomica.com.br\/wp\/author\/admin\/\"}]}<\/script>\n<!-- \/ Yoast SEO plugin. -->","yoast_head_json":{"title":"VAGAS DE EMPREGO NO SIMM PARA EST\u00c1 SEXTA-FEIRA (27) - Bahia Economica","description":"O maior portal de Economia da Bahia EMPREGOS \/ CONCURSOS Bahia Economica","robots":{"index":"index","follow":"follow","max-snippet":"max-snippet:-1","max-image-preview":"max-image-preview:large","max-video-preview":"max-video-preview:-1"},"canonical":"https:\/\/bahiaeconomica.com.br\/wp\/2022\/05\/26\/vagas-de-emprego-no-simm-para-esta-sexta-feira-27\/","og_locale":"pt_BR","og_type":"article","og_title":"VAGAS DE EMPREGO NO SIMM PARA EST\u00c1 SEXTA-FEIRA (27) - Bahia Economica","og_description":"O maior portal de Economia da Bahia EMPREGOS \/ CONCURSOS Bahia Economica","og_url":"https:\/\/bahiaeconomica.com.br\/wp\/2022\/05\/26\/vagas-de-emprego-no-simm-para-esta-sexta-feira-27\/","og_site_name":"Bahia Economica","article_publisher":"https:\/\/www.facebook.com\/bahiaeconomica","article_published_time":"2022-05-26T20:22:05+00:00","og_image":[{"width":940,"height":529,"url":"https:\/\/bahiaeconomica.com.br\/wp\/wp-content\/uploads\/2022\/04\/csm_simm_488a5398e6.jpg","type":"image\/jpeg"}],"author":"admin","twitter_card":"summary_large_image","twitter_misc":{"Escrito por":"admin","Est. tempo de leitura":"3 minutos"},"schema":{"@context":"https:\/\/schema.org","@graph":[{"@type":"Article","@id":"https:\/\/bahiaeconomica.com.br\/wp\/2022\/05\/26\/vagas-de-emprego-no-simm-para-esta-sexta-feira-27\/#article","isPartOf":{"@id":"https:\/\/bahiaeconomica.com.br\/wp\/2022\/05\/26\/vagas-de-emprego-no-simm-para-esta-sexta-feira-27\/"},"author":{"name":"admin","@id":"https:\/\/bahiaeconomica.com.br\/wp\/#\/schema\/person\/cb1ab5ba96ad3d9390805381c76284ec"},"headline":"VAGAS DE EMPREGO NO SIMM PARA EST\u00c1 SEXTA-FEIRA (27)","datePublished":"2022-05-26T20:22:05+00:00","dateModified":"2022-05-26T20:22:05+00:00","mainEntityOfPage":{"@id":"https:\/\/bahiaeconomica.com.br\/wp\/2022\/05\/26\/vagas-de-emprego-no-simm-para-esta-sexta-feira-27\/"},"wordCount":568,"publisher":{"@id":"https:\/\/bahiaeconomica.com.br\/wp\/#organization"},"articleSection":["EMPREGOS \/ CONCURSOS"],"inLanguage":"pt-BR"},{"@type":"WebPage","@id":"https:\/\/bahiaeconomica.com.br\/wp\/2022\/05\/26\/vagas-de-emprego-no-simm-para-esta-sexta-feira-27\/","url":"https:\/\/bahiaeconomica.com.br\/wp\/2022\/05\/26\/vagas-de-emprego-no-simm-para-esta-sexta-feira-27\/","name":"VAGAS DE EMPREGO NO SIMM PARA EST\u00c1 SEXTA-FEIRA (27) - Bahia Economica","isPartOf":{"@id":"https:\/\/bahiaeconomica.com.br\/wp\/#website"},"datePublished":"2022-05-26T20:22:05+00:00","dateModified":"2022-05-26T20:22:05+00:00","description":"O maior portal de Economia da Bahia EMPREGOS \/ CONCURSOS Bahia Economica","breadcrumb":{"@id":"https:\/\/bahiaeconomica.com.br\/wp\/2022\/05\/26\/vagas-de-emprego-no-simm-para-esta-sexta-feira-27\/#breadcrumb"},"inLanguage":"pt-BR","potentialAction":[{"@type":"ReadAction","target":["https:\/\/bahiaeconomica.com.br\/wp\/2022\/05\/26\/vagas-de-emprego-no-simm-para-esta-sexta-feira-27\/"]}]},{"@type":"BreadcrumbList","@id":"https:\/\/bahiaeconomica.com.br\/wp\/2022\/05\/26\/vagas-de-emprego-no-simm-para-esta-sexta-feira-27\/#breadcrumb","itemListElement":[{"@type":"ListItem","position":1,"name":"In\u00edcio","item":"https:\/\/bahiaeconomica.com.br\/wp\/"},{"@type":"ListItem","position":2,"name":"VAGAS DE EMPREGO NO SIMM PARA EST\u00c1 SEXTA-FEIRA (27)"}]},{"@type":"WebSite","@id":"https:\/\/bahiaeconomica.com.br\/wp\/#website","url":"https:\/\/bahiaeconomica.com.br\/wp\/","name":"Bahia Economica","description":"O maior portal de Economia da Bahia","publisher":{"@id":"https:\/\/bahiaeconomica.com.br\/wp\/#organization"},"potentialAction":[{"@type":"SearchAction","target":{"@type":"EntryPoint","urlTemplate":"https:\/\/bahiaeconomica.com.br\/wp\/?s={search_term_string}"},"query-input":"required name=search_term_string"}],"inLanguage":"pt-BR"},{"@type":"Organization","@id":"https:\/\/bahiaeconomica.com.br\/wp\/#organization","name":"Bahia Econ\u00f4mica","url":"https:\/\/bahiaeconomica.com.br\/wp\/","logo":{"@type":"ImageObject","inLanguage":"pt-BR","@id":"https:\/\/bahiaeconomica.com.br\/wp\/#\/schema\/logo\/image\/","url":"https:\/\/bahiaeconomica.com.br\/wp\/wp-content\/uploads\/2020\/12\/cropped-BE.png","contentUrl":"https:\/\/bahiaeconomica.com.br\/wp\/wp-content\/uploads\/2020\/12\/cropped-BE.png","width":512,"height":512,"caption":"Bahia Econ\u00f4mica"},"image":{"@id":"https:\/\/bahiaeconomica.com.br\/wp\/#\/schema\/logo\/image\/"},"sameAs":["https:\/\/www.facebook.com\/bahiaeconomica"]},{"@type":"Person","@id":"https:\/\/bahiaeconomica.com.br\/wp\/#\/schema\/person\/cb1ab5ba96ad3d9390805381c76284ec","name":"admin","url":"https:\/\/bahiaeconomica.com.br\/wp\/author\/admin\/"}]}},"views":4,"_links":{"self":[{"href":"https:\/\/bahiaeconomica.com.br\/wp\/wp-json\/wp\/v2\/posts\/669615"}],"collection":[{"href":"https:\/\/bahiaeconomica.com.br\/wp\/wp-json\/wp\/v2\/posts"}],"about":[{"href":"https:\/\/bahiaeconomica.com.br\/wp\/wp-json\/wp\/v2\/types\/post"}],"author":[{"embeddable":true,"href":"https:\/\/bahiaeconomica.com.br\/wp\/wp-json\/wp\/v2\/users\/1"}],"replies":[{"embeddable":true,"href":"https:\/\/bahiaeconomica.com.br\/wp\/wp-json\/wp\/v2\/comments?post=669615"}],"version-history":[{"count":1,"href":"https:\/\/bahiaeconomica.com.br\/wp\/wp-json\/wp\/v2\/posts\/669615\/revisions"}],"predecessor-version":[{"id":669621,"href":"https:\/\/bahiaeconomica.com.br\/wp\/wp-json\/wp\/v2\/posts\/669615\/revisions\/669621"}],"wp:featuredmedia":[{"embeddable":true,"href":"https:\/\/bahiaeconomica.com.br\/wp\/wp-json\/wp\/v2\/media\/657179"}],"wp:attachment":[{"href":"https:\/\/bahiaeconomica.com.br\/wp\/wp-json\/wp\/v2\/media?parent=669615"}],"wp:term":[{"taxonomy":"category","embeddable":true,"href":"https:\/\/bahiaeconomica.com.br\/wp\/wp-json\/wp\/v2\/categories?post=669615"},{"taxonomy":"post_tag","embeddable":true,"href":"https:\/\/bahiaeconomica.com.br\/wp\/wp-json\/wp\/v2\/tags?post=669615"}],"curies":[{"name":"wp","href":"https:\/\/api.w.org\/{rel}","templated":true}]}}