{"id":667208,"date":"2022-05-17T09:00:43","date_gmt":"2022-05-17T12:00:43","guid":{"rendered":"https:\/\/bahiaeconomica.com.br\/wp\/beta\/?p=667208"},"modified":"2022-05-17T09:00:43","modified_gmt":"2022-05-17T12:00:43","slug":"juliette-se-manifesta-apos-alfinetada-de-schmutz","status":"publish","type":"post","link":"https:\/\/bahiaeconomica.com.br\/wp\/2022\/05\/17\/juliette-se-manifesta-apos-alfinetada-de-schmutz\/","title":{"rendered":"JULIETTE SE MANIFESTA AP\u00d3S ALFINETADA DE SCHMUTZ"},"content":{"rendered":"<p style=\"text-align: justify;\">Juliette finalmente se manifestou, ap\u00f3s o burburinho causado pela alfinetada da atriz Samantha Schmutz, que ironizou o fato da campe\u00e3 do Big Brother Brasil 21 se considerar artista.<\/p>\n<p style=\"text-align: justify;\">Em resposta, a paraibana publicou uma breve mensagem no Twitter, na noite desta segunda-feira (16). \u201cA arte abra\u00e7a, encanta, emociona e transcende qualquer r\u00f3tulo. Ser artista \u00e9 algo t\u00e3o bonito e maior que tudo isso\u2026 \u00c9 tocar o outro com o que h\u00e1 de melhor em voc\u00ea, \u00e9 doa\u00e7\u00e3o, \u00e9 amor, \u00e9 verdade\u2026\u201d, escreveu Juliette.<\/p>\n<p style=\"text-align: justify;\">\u201cEnt\u00e3o, sim, eu SOU artista e aprendiz de muita coisa\u201d, concluiu a ex-BBB que ap\u00f3s o programa investiu na carreira de cantora e atualmente viaja em turn\u00ea pelo Brasil com o show \u201cCaminho\u201d.<\/p>\n<blockquote class=\"twitter-tweet\" data-width=\"500\" data-dnt=\"true\">\n<p lang=\"pt\" dir=\"ltr\">A arte abra\u00e7a, encanta, emociona e transcende qualquer r\u00f3tulo. <br \/>Ser artista \u00e9 algo t\u00e3o bonito e maior que tudo isso\u2026 \u00e9 tocar o outro com o que h\u00e1 de melhor em voc\u00ea, \u00e9 doa\u00e7\u00e3o, \u00e9 amor, \u00e9 verdade&#8230; <br \/>Ent\u00e3o, sim, eu SOU artista e aprendiz de muita coisa. \u2764<\/p>\n<p>&mdash; Juliette (@juliette) <a href=\"https:\/\/twitter.com\/juliette\/status\/1526389035459137536?ref_src=twsrc%5Etfw\">May 17, 2022<\/a><\/p><\/blockquote>\n<p><script async src=\"https:\/\/platform.twitter.com\/widgets.js\" charset=\"utf-8\"><\/script><\/p>\n<p>Foto: Instagram<\/p>\n","protected":false},"excerpt":{"rendered":"<p>Juliette finalmente se manifestou, ap\u00f3s o burburinho causado pela alfinetada da atriz Samantha Schmutz, que ironizou o fato da campe\u00e3 do Big Brother Brasil 21 se considerar artista. Em resposta, a paraibana publicou uma breve mensagem no Twitter, na noite desta segunda-feira (16). \u201cA arte abra\u00e7a, encanta, emociona e transcende qualquer r\u00f3tulo. Ser artista \u00e9 [&hellip;]<\/p>\n","protected":false},"author":1,"featured_media":603320,"comment_status":"closed","ping_status":"closed","sticky":false,"template":"","format":"standard","meta":[],"categories":[4],"tags":[],"acf":[],"yoast_head":"<!-- This site is optimized with the Yoast SEO plugin v20.8 - https:\/\/yoast.com\/wordpress\/plugins\/seo\/ -->\n<title>JULIETTE SE MANIFESTA AP\u00d3S ALFINETADA DE SCHMUTZ - Bahia Economica<\/title>\n<meta name=\"description\" content=\"O maior portal de Economia da Bahia ENTRETENIMENTO Bahia Economica\" \/>\n<meta name=\"robots\" content=\"index, follow, max-snippet:-1, max-image-preview:large, max-video-preview:-1\" \/>\n<link rel=\"canonical\" href=\"https:\/\/bahiaeconomica.com.br\/wp\/2022\/05\/17\/juliette-se-manifesta-apos-alfinetada-de-schmutz\/\" \/>\n<meta property=\"og:locale\" content=\"pt_BR\" \/>\n<meta property=\"og:type\" content=\"article\" \/>\n<meta property=\"og:title\" content=\"JULIETTE SE MANIFESTA AP\u00d3S ALFINETADA DE SCHMUTZ - Bahia Economica\" \/>\n<meta property=\"og:description\" content=\"O maior portal de Economia da Bahia ENTRETENIMENTO Bahia Economica\" \/>\n<meta property=\"og:url\" content=\"https:\/\/bahiaeconomica.com.br\/wp\/2022\/05\/17\/juliette-se-manifesta-apos-alfinetada-de-schmutz\/\" \/>\n<meta property=\"og:site_name\" content=\"Bahia Economica\" \/>\n<meta property=\"article:publisher\" content=\"https:\/\/www.facebook.com\/bahiaeconomica\" \/>\n<meta property=\"article:published_time\" content=\"2022-05-17T12:00:43+00:00\" \/>\n<meta property=\"og:image\" content=\"https:\/\/bahiaeconomica.com.br\/wp\/wp-content\/uploads\/2021\/09\/juliette-divulgacao.jpg\" \/>\n\t<meta property=\"og:image:width\" content=\"644\" \/>\n\t<meta property=\"og:image:height\" content=\"387\" \/>\n\t<meta property=\"og:image:type\" content=\"image\/jpeg\" \/>\n<meta name=\"author\" content=\"admin\" \/>\n<meta name=\"twitter:card\" content=\"summary_large_image\" \/>\n<meta name=\"twitter:label1\" content=\"Escrito por\" \/>\n\t<meta name=\"twitter:data1\" content=\"admin\" \/>\n\t<meta name=\"twitter:label2\" content=\"Est. tempo de leitura\" \/>\n\t<meta name=\"twitter:data2\" content=\"1 minuto\" \/>\n<script type=\"application\/ld+json\" class=\"yoast-schema-graph\">{\"@context\":\"https:\/\/schema.org\",\"@graph\":[{\"@type\":\"Article\",\"@id\":\"https:\/\/bahiaeconomica.com.br\/wp\/2022\/05\/17\/juliette-se-manifesta-apos-alfinetada-de-schmutz\/#article\",\"isPartOf\":{\"@id\":\"https:\/\/bahiaeconomica.com.br\/wp\/2022\/05\/17\/juliette-se-manifesta-apos-alfinetada-de-schmutz\/\"},\"author\":{\"name\":\"admin\",\"@id\":\"https:\/\/bahiaeconomica.com.br\/wp\/#\/schema\/person\/cb1ab5ba96ad3d9390805381c76284ec\"},\"headline\":\"JULIETTE SE MANIFESTA AP\u00d3S ALFINETADA DE SCHMUTZ\",\"datePublished\":\"2022-05-17T12:00:43+00:00\",\"dateModified\":\"2022-05-17T12:00:43+00:00\",\"mainEntityOfPage\":{\"@id\":\"https:\/\/bahiaeconomica.com.br\/wp\/2022\/05\/17\/juliette-se-manifesta-apos-alfinetada-de-schmutz\/\"},\"wordCount\":154,\"publisher\":{\"@id\":\"https:\/\/bahiaeconomica.com.br\/wp\/#organization\"},\"articleSection\":[\"ENTRETENIMENTO\"],\"inLanguage\":\"pt-BR\"},{\"@type\":\"WebPage\",\"@id\":\"https:\/\/bahiaeconomica.com.br\/wp\/2022\/05\/17\/juliette-se-manifesta-apos-alfinetada-de-schmutz\/\",\"url\":\"https:\/\/bahiaeconomica.com.br\/wp\/2022\/05\/17\/juliette-se-manifesta-apos-alfinetada-de-schmutz\/\",\"name\":\"JULIETTE SE MANIFESTA AP\u00d3S ALFINETADA DE SCHMUTZ - Bahia Economica\",\"isPartOf\":{\"@id\":\"https:\/\/bahiaeconomica.com.br\/wp\/#website\"},\"datePublished\":\"2022-05-17T12:00:43+00:00\",\"dateModified\":\"2022-05-17T12:00:43+00:00\",\"description\":\"O maior portal de Economia da Bahia ENTRETENIMENTO Bahia Economica\",\"breadcrumb\":{\"@id\":\"https:\/\/bahiaeconomica.com.br\/wp\/2022\/05\/17\/juliette-se-manifesta-apos-alfinetada-de-schmutz\/#breadcrumb\"},\"inLanguage\":\"pt-BR\",\"potentialAction\":[{\"@type\":\"ReadAction\",\"target\":[\"https:\/\/bahiaeconomica.com.br\/wp\/2022\/05\/17\/juliette-se-manifesta-apos-alfinetada-de-schmutz\/\"]}]},{\"@type\":\"BreadcrumbList\",\"@id\":\"https:\/\/bahiaeconomica.com.br\/wp\/2022\/05\/17\/juliette-se-manifesta-apos-alfinetada-de-schmutz\/#breadcrumb\",\"itemListElement\":[{\"@type\":\"ListItem\",\"position\":1,\"name\":\"In\u00edcio\",\"item\":\"https:\/\/bahiaeconomica.com.br\/wp\/\"},{\"@type\":\"ListItem\",\"position\":2,\"name\":\"JULIETTE SE MANIFESTA AP\u00d3S ALFINETADA DE SCHMUTZ\"}]},{\"@type\":\"WebSite\",\"@id\":\"https:\/\/bahiaeconomica.com.br\/wp\/#website\",\"url\":\"https:\/\/bahiaeconomica.com.br\/wp\/\",\"name\":\"Bahia Economica\",\"description\":\"O maior portal de Economia da Bahia\",\"publisher\":{\"@id\":\"https:\/\/bahiaeconomica.com.br\/wp\/#organization\"},\"potentialAction\":[{\"@type\":\"SearchAction\",\"target\":{\"@type\":\"EntryPoint\",\"urlTemplate\":\"https:\/\/bahiaeconomica.com.br\/wp\/?s={search_term_string}\"},\"query-input\":\"required name=search_term_string\"}],\"inLanguage\":\"pt-BR\"},{\"@type\":\"Organization\",\"@id\":\"https:\/\/bahiaeconomica.com.br\/wp\/#organization\",\"name\":\"Bahia Econ\u00f4mica\",\"url\":\"https:\/\/bahiaeconomica.com.br\/wp\/\",\"logo\":{\"@type\":\"ImageObject\",\"inLanguage\":\"pt-BR\",\"@id\":\"https:\/\/bahiaeconomica.com.br\/wp\/#\/schema\/logo\/image\/\",\"url\":\"https:\/\/bahiaeconomica.com.br\/wp\/wp-content\/uploads\/2020\/12\/cropped-BE.png\",\"contentUrl\":\"https:\/\/bahiaeconomica.com.br\/wp\/wp-content\/uploads\/2020\/12\/cropped-BE.png\",\"width\":512,\"height\":512,\"caption\":\"Bahia Econ\u00f4mica\"},\"image\":{\"@id\":\"https:\/\/bahiaeconomica.com.br\/wp\/#\/schema\/logo\/image\/\"},\"sameAs\":[\"https:\/\/www.facebook.com\/bahiaeconomica\"]},{\"@type\":\"Person\",\"@id\":\"https:\/\/bahiaeconomica.com.br\/wp\/#\/schema\/person\/cb1ab5ba96ad3d9390805381c76284ec\",\"name\":\"admin\",\"url\":\"https:\/\/bahiaeconomica.com.br\/wp\/author\/admin\/\"}]}<\/script>\n<!-- \/ Yoast SEO plugin. -->","yoast_head_json":{"title":"JULIETTE SE MANIFESTA AP\u00d3S ALFINETADA DE SCHMUTZ - Bahia Economica","description":"O maior portal de Economia da Bahia ENTRETENIMENTO Bahia Economica","robots":{"index":"index","follow":"follow","max-snippet":"max-snippet:-1","max-image-preview":"max-image-preview:large","max-video-preview":"max-video-preview:-1"},"canonical":"https:\/\/bahiaeconomica.com.br\/wp\/2022\/05\/17\/juliette-se-manifesta-apos-alfinetada-de-schmutz\/","og_locale":"pt_BR","og_type":"article","og_title":"JULIETTE SE MANIFESTA AP\u00d3S ALFINETADA DE SCHMUTZ - Bahia Economica","og_description":"O maior portal de Economia da Bahia ENTRETENIMENTO Bahia Economica","og_url":"https:\/\/bahiaeconomica.com.br\/wp\/2022\/05\/17\/juliette-se-manifesta-apos-alfinetada-de-schmutz\/","og_site_name":"Bahia Economica","article_publisher":"https:\/\/www.facebook.com\/bahiaeconomica","article_published_time":"2022-05-17T12:00:43+00:00","og_image":[{"width":644,"height":387,"url":"https:\/\/bahiaeconomica.com.br\/wp\/wp-content\/uploads\/2021\/09\/juliette-divulgacao.jpg","type":"image\/jpeg"}],"author":"admin","twitter_card":"summary_large_image","twitter_misc":{"Escrito por":"admin","Est. tempo de leitura":"1 minuto"},"schema":{"@context":"https:\/\/schema.org","@graph":[{"@type":"Article","@id":"https:\/\/bahiaeconomica.com.br\/wp\/2022\/05\/17\/juliette-se-manifesta-apos-alfinetada-de-schmutz\/#article","isPartOf":{"@id":"https:\/\/bahiaeconomica.com.br\/wp\/2022\/05\/17\/juliette-se-manifesta-apos-alfinetada-de-schmutz\/"},"author":{"name":"admin","@id":"https:\/\/bahiaeconomica.com.br\/wp\/#\/schema\/person\/cb1ab5ba96ad3d9390805381c76284ec"},"headline":"JULIETTE SE MANIFESTA AP\u00d3S ALFINETADA DE SCHMUTZ","datePublished":"2022-05-17T12:00:43+00:00","dateModified":"2022-05-17T12:00:43+00:00","mainEntityOfPage":{"@id":"https:\/\/bahiaeconomica.com.br\/wp\/2022\/05\/17\/juliette-se-manifesta-apos-alfinetada-de-schmutz\/"},"wordCount":154,"publisher":{"@id":"https:\/\/bahiaeconomica.com.br\/wp\/#organization"},"articleSection":["ENTRETENIMENTO"],"inLanguage":"pt-BR"},{"@type":"WebPage","@id":"https:\/\/bahiaeconomica.com.br\/wp\/2022\/05\/17\/juliette-se-manifesta-apos-alfinetada-de-schmutz\/","url":"https:\/\/bahiaeconomica.com.br\/wp\/2022\/05\/17\/juliette-se-manifesta-apos-alfinetada-de-schmutz\/","name":"JULIETTE SE MANIFESTA AP\u00d3S ALFINETADA DE SCHMUTZ - Bahia Economica","isPartOf":{"@id":"https:\/\/bahiaeconomica.com.br\/wp\/#website"},"datePublished":"2022-05-17T12:00:43+00:00","dateModified":"2022-05-17T12:00:43+00:00","description":"O maior portal de Economia da Bahia ENTRETENIMENTO Bahia Economica","breadcrumb":{"@id":"https:\/\/bahiaeconomica.com.br\/wp\/2022\/05\/17\/juliette-se-manifesta-apos-alfinetada-de-schmutz\/#breadcrumb"},"inLanguage":"pt-BR","potentialAction":[{"@type":"ReadAction","target":["https:\/\/bahiaeconomica.com.br\/wp\/2022\/05\/17\/juliette-se-manifesta-apos-alfinetada-de-schmutz\/"]}]},{"@type":"BreadcrumbList","@id":"https:\/\/bahiaeconomica.com.br\/wp\/2022\/05\/17\/juliette-se-manifesta-apos-alfinetada-de-schmutz\/#breadcrumb","itemListElement":[{"@type":"ListItem","position":1,"name":"In\u00edcio","item":"https:\/\/bahiaeconomica.com.br\/wp\/"},{"@type":"ListItem","position":2,"name":"JULIETTE SE MANIFESTA AP\u00d3S ALFINETADA DE SCHMUTZ"}]},{"@type":"WebSite","@id":"https:\/\/bahiaeconomica.com.br\/wp\/#website","url":"https:\/\/bahiaeconomica.com.br\/wp\/","name":"Bahia Economica","description":"O maior portal de Economia da Bahia","publisher":{"@id":"https:\/\/bahiaeconomica.com.br\/wp\/#organization"},"potentialAction":[{"@type":"SearchAction","target":{"@type":"EntryPoint","urlTemplate":"https:\/\/bahiaeconomica.com.br\/wp\/?s={search_term_string}"},"query-input":"required name=search_term_string"}],"inLanguage":"pt-BR"},{"@type":"Organization","@id":"https:\/\/bahiaeconomica.com.br\/wp\/#organization","name":"Bahia Econ\u00f4mica","url":"https:\/\/bahiaeconomica.com.br\/wp\/","logo":{"@type":"ImageObject","inLanguage":"pt-BR","@id":"https:\/\/bahiaeconomica.com.br\/wp\/#\/schema\/logo\/image\/","url":"https:\/\/bahiaeconomica.com.br\/wp\/wp-content\/uploads\/2020\/12\/cropped-BE.png","contentUrl":"https:\/\/bahiaeconomica.com.br\/wp\/wp-content\/uploads\/2020\/12\/cropped-BE.png","width":512,"height":512,"caption":"Bahia Econ\u00f4mica"},"image":{"@id":"https:\/\/bahiaeconomica.com.br\/wp\/#\/schema\/logo\/image\/"},"sameAs":["https:\/\/www.facebook.com\/bahiaeconomica"]},{"@type":"Person","@id":"https:\/\/bahiaeconomica.com.br\/wp\/#\/schema\/person\/cb1ab5ba96ad3d9390805381c76284ec","name":"admin","url":"https:\/\/bahiaeconomica.com.br\/wp\/author\/admin\/"}]}},"views":3,"_links":{"self":[{"href":"https:\/\/bahiaeconomica.com.br\/wp\/wp-json\/wp\/v2\/posts\/667208"}],"collection":[{"href":"https:\/\/bahiaeconomica.com.br\/wp\/wp-json\/wp\/v2\/posts"}],"about":[{"href":"https:\/\/bahiaeconomica.com.br\/wp\/wp-json\/wp\/v2\/types\/post"}],"author":[{"embeddable":true,"href":"https:\/\/bahiaeconomica.com.br\/wp\/wp-json\/wp\/v2\/users\/1"}],"replies":[{"embeddable":true,"href":"https:\/\/bahiaeconomica.com.br\/wp\/wp-json\/wp\/v2\/comments?post=667208"}],"version-history":[{"count":1,"href":"https:\/\/bahiaeconomica.com.br\/wp\/wp-json\/wp\/v2\/posts\/667208\/revisions"}],"predecessor-version":[{"id":667209,"href":"https:\/\/bahiaeconomica.com.br\/wp\/wp-json\/wp\/v2\/posts\/667208\/revisions\/667209"}],"wp:featuredmedia":[{"embeddable":true,"href":"https:\/\/bahiaeconomica.com.br\/wp\/wp-json\/wp\/v2\/media\/603320"}],"wp:attachment":[{"href":"https:\/\/bahiaeconomica.com.br\/wp\/wp-json\/wp\/v2\/media?parent=667208"}],"wp:term":[{"taxonomy":"category","embeddable":true,"href":"https:\/\/bahiaeconomica.com.br\/wp\/wp-json\/wp\/v2\/categories?post=667208"},{"taxonomy":"post_tag","embeddable":true,"href":"https:\/\/bahiaeconomica.com.br\/wp\/wp-json\/wp\/v2\/tags?post=667208"}],"curies":[{"name":"wp","href":"https:\/\/api.w.org\/{rel}","templated":true}]}}