{"id":666752,"date":"2022-05-14T07:51:05","date_gmt":"2022-05-14T10:51:05","guid":{"rendered":"https:\/\/bahiaeconomica.com.br\/wp\/beta\/?p=666752"},"modified":"2022-05-14T07:51:05","modified_gmt":"2022-05-14T10:51:05","slug":"augusto-aras-recomenda-nova-eleicao-na-camara-de-salvador","status":"publish","type":"post","link":"https:\/\/bahiaeconomica.com.br\/wp\/2022\/05\/14\/augusto-aras-recomenda-nova-eleicao-na-camara-de-salvador\/","title":{"rendered":"AUGUSTO ARAS RECOMENDA NOVA ELEI\u00c7\u00c3O NA C\u00c2MARA DE SALVADOR"},"content":{"rendered":"<p>O procurador-geral da Rep\u00fablica, Augusto Aras, se manifestou nesta sexta-feira (13) contra a reelei\u00e7\u00e3o do vereador Geraldo J\u00fanior (MDB) para a presid\u00eancia da C\u00e2mara<!--more--> Municipal de Salvador e recomendou a realiza\u00e7\u00e3o de nova elei\u00e7\u00e3o para a Mesa Diretora do Legislativo da capital baiana. Em manifesta\u00e7\u00e3o ao Supremo Tribunal Federal (STF), Aras deu parecer pela proced\u00eancia da a\u00e7\u00e3o ajuizada pelo Uni\u00e3o Brasil contra as altera\u00e7\u00f5es feitas no Regimento Interno e na Lei Org\u00e2nica do Munic\u00edpio que permitiram a reconduc\u00e3o do emedebista.<\/p>\n<p>&#8220;Em face do exposto, opina o procurador-geral da Rep\u00fablica pela proced\u00eancia dos pedidos, para que seja atribu\u00edda interpreta\u00e7\u00e3o conforme \u00e0 Constitui\u00e7\u00e3o Federal ao art. 35, \u00a7 2\u00ba, da Lei Org\u00e2nica do Munic\u00edpio de Salvador\/BA, e ao art. 6\u00ba, caput, do Regimento Interno da C\u00e2mara Municipal de Salvador\/BA, no sentido de permitir apenas uma \u00fanica reelei\u00e7\u00e3o dos membros da Mesa Executiva para os mesmos cargos&#8221;, diz o parecer.<\/p>\n<p>Al\u00e9m disso, Aras recomenda &#8220;que seja determinada a realiza\u00e7\u00e3o de nova elei\u00e7\u00e3o para a renova\u00e7\u00e3o da Mesa Executiva, em prazo razo\u00e1vel anterior ao t\u00e9rmino do bi\u00eanio, tendo em vista a n\u00e3o observ\u00e2ncia do novo entendimento jurisprudencial do Supremo Tribunal Federal, mesmo ap\u00f3s o marco temporal fixado para sua observ\u00e2ncia pelas Casas Legislativas estaduais e municipais&#8221;.<\/p>\n<p>O chefe da PGR diz que a Constitui\u00e7\u00e3o, &#8220;j\u00e1 em sua reda\u00e7\u00e3o original, proibiu a reelei\u00e7\u00e3o de chefes do Poder Executivo federal, estaduais, distrital e municipais. Mesmo quando, posteriormente, admitiu reelei\u00e7\u00e3o para os cargos de presidente da Rep\u00fablica, governadores e prefeitos, por interm\u00e9dio da Emenda Constitucional 16\/1997, limitou-a o constituinte a um \u00fanico per\u00edodo subsequente&#8221;.<\/p>\n<p>Observou ainda que a Lei Maior, ao proibir &#8220;reelei\u00e7\u00f5es reiteradas e indeterminadas de ocupantes de cargos da c\u00fapula dos poderes Executivo e Legislativo, materializar o pluralismo pol\u00edtico, fundamento da Rep\u00fablica Federativa do Brasil, assim como o princ\u00edpio republicano, que recha\u00e7a todo e qualquer benef\u00edcio voltado \u00e0 perpetua\u00e7\u00e3o no poder de determinados grupos, classes ou pessoas, em detrimento dos demais&#8221;.<\/p>\n<p>Ele citou entendimento aplicado pelo ministro Luis Roberto Barroso contra a reelei\u00e7\u00e3o sucessiva: &#8220;1. O art. 57, \u00a7 4\u00ba, da CF, n\u00e3o \u00e9 norma de reprodu\u00e7\u00e3o obrigat\u00f3ria por parte dos Estados-membros. 2. \u00c9 inconstitucional a reelei\u00e7\u00e3o em n\u00famero ilimitado, para mandatos consecutivos, dos membros das Mesas Diretoras das Assembleias Legislativas Estaduais para os mesmos cargos que ocupam, sendo-lhes permitida uma \u00fanica recondu\u00e7\u00e3o&#8221;.<\/p>\n<p>O mesmo entendimento, Aras continua, foi estendido pelo STF no sentido de n\u00e3o ser admitida mais de uma recondu\u00e7\u00e3o para mesa diretora tamb\u00e9m para as c\u00e2maras municipais. Na quinta-feira (12), o Advogado-Geral da Uni\u00e3o, Bruno Bianco Leal, j\u00e1 havia afirmado que a reelei\u00e7\u00e3o do presidente fere a constitucionalidade dos legisla\u00e7\u00f5es aplicadas pelo STF em casos semelhantes. Ambas manifesta\u00e7\u00f5es &#8211; da PGR e AGU &#8211; respondem \u00e0 solicita\u00e7\u00e3o do ministro do Supremo Kassio Nunes Marques.<\/p>\n<p>De acordo com o advogado Ademir Ismerim, respons\u00e1vel pelas duas a\u00e7\u00f5es ajuizadas pelo Uni\u00e3o Brasil, o partido entende que os pareceres da AGU e PGR s\u00e3o extremamente significativos para o desenla\u00e7o do processo. Ele explica que, no caso que tramita no Supremo, a tend\u00eancia \u00e9 que o ministro Nunes Marques submeta a a\u00e7\u00e3o ao plen\u00e1rio da Corte, mas n\u00e3o h\u00e1 uma prazo definido de quando isso deve ocorrer. &#8220;Essa reelei\u00e7\u00e3o \u00e9 para o bi\u00eanio de 2023, ent\u00e3o, em tese, n\u00e3o h\u00e1 urg\u00eancia para isso. Mas, como \u00e9 um assunto palpitante, a gente (o partido) espera que seja julgado logo. Os advogados do partido em Bras\u00edlia tamb\u00e9m ir\u00e3o fazer gest\u00e3o junto a Tribunal.&#8221;(Correio)<\/p>\n<p>Foto: divulga\u00e7\u00e3o<\/p>\n","protected":false},"excerpt":{"rendered":"<p>O procurador-geral da Rep\u00fablica, Augusto Aras, se manifestou nesta sexta-feira (13) contra a reelei\u00e7\u00e3o do vereador Geraldo J\u00fanior (MDB) para a presid\u00eancia da C\u00e2mara<\/p>\n","protected":false},"author":1,"featured_media":637310,"comment_status":"closed","ping_status":"closed","sticky":false,"template":"","format":"standard","meta":[],"categories":[3],"tags":[1676,1644,52,100],"acf":[],"yoast_head":"<!-- This site is optimized with the Yoast SEO plugin v20.8 - https:\/\/yoast.com\/wordpress\/plugins\/seo\/ -->\n<title>AUGUSTO ARAS RECOMENDA NOVA ELEI\u00c7\u00c3O NA C\u00c2MARA DE SALVADOR - Bahia Economica<\/title>\n<meta name=\"description\" content=\"O maior portal de Economia da Bahia ECONOMIA \/ POL\u00cdTICA Bahia Economica\" \/>\n<meta name=\"robots\" content=\"index, follow, max-snippet:-1, max-image-preview:large, max-video-preview:-1\" \/>\n<link rel=\"canonical\" href=\"https:\/\/bahiaeconomica.com.br\/wp\/2022\/05\/14\/augusto-aras-recomenda-nova-eleicao-na-camara-de-salvador\/\" \/>\n<meta property=\"og:locale\" content=\"pt_BR\" \/>\n<meta property=\"og:type\" content=\"article\" \/>\n<meta property=\"og:title\" content=\"AUGUSTO ARAS RECOMENDA NOVA ELEI\u00c7\u00c3O NA C\u00c2MARA DE SALVADOR - Bahia Economica\" \/>\n<meta property=\"og:description\" content=\"O maior portal de Economia da Bahia ECONOMIA \/ POL\u00cdTICA Bahia Economica\" \/>\n<meta property=\"og:url\" content=\"https:\/\/bahiaeconomica.com.br\/wp\/2022\/05\/14\/augusto-aras-recomenda-nova-eleicao-na-camara-de-salvador\/\" \/>\n<meta property=\"og:site_name\" content=\"Bahia Economica\" \/>\n<meta property=\"article:publisher\" content=\"https:\/\/www.facebook.com\/bahiaeconomica\" \/>\n<meta property=\"article:published_time\" content=\"2022-05-14T10:51:05+00:00\" \/>\n<meta property=\"og:image\" content=\"https:\/\/bahiaeconomica.com.br\/wp\/wp-content\/uploads\/2022\/02\/augusto-aras_15.dez_.2020.jpg\" \/>\n\t<meta property=\"og:image:width\" content=\"500\" \/>\n\t<meta property=\"og:image:height\" content=\"300\" \/>\n\t<meta property=\"og:image:type\" content=\"image\/jpeg\" \/>\n<meta name=\"author\" content=\"admin\" \/>\n<meta name=\"twitter:card\" content=\"summary_large_image\" \/>\n<meta name=\"twitter:label1\" content=\"Escrito por\" \/>\n\t<meta name=\"twitter:data1\" content=\"admin\" \/>\n\t<meta name=\"twitter:label2\" content=\"Est. tempo de leitura\" \/>\n\t<meta name=\"twitter:data2\" content=\"3 minutos\" \/>\n<script type=\"application\/ld+json\" class=\"yoast-schema-graph\">{\"@context\":\"https:\/\/schema.org\",\"@graph\":[{\"@type\":\"Article\",\"@id\":\"https:\/\/bahiaeconomica.com.br\/wp\/2022\/05\/14\/augusto-aras-recomenda-nova-eleicao-na-camara-de-salvador\/#article\",\"isPartOf\":{\"@id\":\"https:\/\/bahiaeconomica.com.br\/wp\/2022\/05\/14\/augusto-aras-recomenda-nova-eleicao-na-camara-de-salvador\/\"},\"author\":{\"name\":\"admin\",\"@id\":\"https:\/\/bahiaeconomica.com.br\/wp\/#\/schema\/person\/cb1ab5ba96ad3d9390805381c76284ec\"},\"headline\":\"AUGUSTO ARAS RECOMENDA NOVA ELEI\u00c7\u00c3O NA C\u00c2MARA DE SALVADOR\",\"datePublished\":\"2022-05-14T10:51:05+00:00\",\"dateModified\":\"2022-05-14T10:51:05+00:00\",\"mainEntityOfPage\":{\"@id\":\"https:\/\/bahiaeconomica.com.br\/wp\/2022\/05\/14\/augusto-aras-recomenda-nova-eleicao-na-camara-de-salvador\/\"},\"wordCount\":644,\"publisher\":{\"@id\":\"https:\/\/bahiaeconomica.com.br\/wp\/#organization\"},\"keywords\":[\"aras\",\"augusto\",\"Brasil\",\"Pol\u00edtica\"],\"articleSection\":[\"ECONOMIA \/ POL\u00cdTICA\"],\"inLanguage\":\"pt-BR\"},{\"@type\":\"WebPage\",\"@id\":\"https:\/\/bahiaeconomica.com.br\/wp\/2022\/05\/14\/augusto-aras-recomenda-nova-eleicao-na-camara-de-salvador\/\",\"url\":\"https:\/\/bahiaeconomica.com.br\/wp\/2022\/05\/14\/augusto-aras-recomenda-nova-eleicao-na-camara-de-salvador\/\",\"name\":\"AUGUSTO ARAS RECOMENDA NOVA ELEI\u00c7\u00c3O NA C\u00c2MARA DE SALVADOR - Bahia Economica\",\"isPartOf\":{\"@id\":\"https:\/\/bahiaeconomica.com.br\/wp\/#website\"},\"datePublished\":\"2022-05-14T10:51:05+00:00\",\"dateModified\":\"2022-05-14T10:51:05+00:00\",\"description\":\"O maior portal de Economia da Bahia ECONOMIA \/ POL\u00cdTICA Bahia Economica\",\"breadcrumb\":{\"@id\":\"https:\/\/bahiaeconomica.com.br\/wp\/2022\/05\/14\/augusto-aras-recomenda-nova-eleicao-na-camara-de-salvador\/#breadcrumb\"},\"inLanguage\":\"pt-BR\",\"potentialAction\":[{\"@type\":\"ReadAction\",\"target\":[\"https:\/\/bahiaeconomica.com.br\/wp\/2022\/05\/14\/augusto-aras-recomenda-nova-eleicao-na-camara-de-salvador\/\"]}]},{\"@type\":\"BreadcrumbList\",\"@id\":\"https:\/\/bahiaeconomica.com.br\/wp\/2022\/05\/14\/augusto-aras-recomenda-nova-eleicao-na-camara-de-salvador\/#breadcrumb\",\"itemListElement\":[{\"@type\":\"ListItem\",\"position\":1,\"name\":\"In\u00edcio\",\"item\":\"https:\/\/bahiaeconomica.com.br\/wp\/\"},{\"@type\":\"ListItem\",\"position\":2,\"name\":\"AUGUSTO ARAS RECOMENDA NOVA ELEI\u00c7\u00c3O NA C\u00c2MARA DE SALVADOR\"}]},{\"@type\":\"WebSite\",\"@id\":\"https:\/\/bahiaeconomica.com.br\/wp\/#website\",\"url\":\"https:\/\/bahiaeconomica.com.br\/wp\/\",\"name\":\"Bahia Economica\",\"description\":\"O maior portal de Economia da Bahia\",\"publisher\":{\"@id\":\"https:\/\/bahiaeconomica.com.br\/wp\/#organization\"},\"potentialAction\":[{\"@type\":\"SearchAction\",\"target\":{\"@type\":\"EntryPoint\",\"urlTemplate\":\"https:\/\/bahiaeconomica.com.br\/wp\/?s={search_term_string}\"},\"query-input\":\"required name=search_term_string\"}],\"inLanguage\":\"pt-BR\"},{\"@type\":\"Organization\",\"@id\":\"https:\/\/bahiaeconomica.com.br\/wp\/#organization\",\"name\":\"Bahia Econ\u00f4mica\",\"url\":\"https:\/\/bahiaeconomica.com.br\/wp\/\",\"logo\":{\"@type\":\"ImageObject\",\"inLanguage\":\"pt-BR\",\"@id\":\"https:\/\/bahiaeconomica.com.br\/wp\/#\/schema\/logo\/image\/\",\"url\":\"https:\/\/bahiaeconomica.com.br\/wp\/wp-content\/uploads\/2020\/12\/cropped-BE.png\",\"contentUrl\":\"https:\/\/bahiaeconomica.com.br\/wp\/wp-content\/uploads\/2020\/12\/cropped-BE.png\",\"width\":512,\"height\":512,\"caption\":\"Bahia Econ\u00f4mica\"},\"image\":{\"@id\":\"https:\/\/bahiaeconomica.com.br\/wp\/#\/schema\/logo\/image\/\"},\"sameAs\":[\"https:\/\/www.facebook.com\/bahiaeconomica\"]},{\"@type\":\"Person\",\"@id\":\"https:\/\/bahiaeconomica.com.br\/wp\/#\/schema\/person\/cb1ab5ba96ad3d9390805381c76284ec\",\"name\":\"admin\",\"url\":\"https:\/\/bahiaeconomica.com.br\/wp\/author\/admin\/\"}]}<\/script>\n<!-- \/ Yoast SEO plugin. -->","yoast_head_json":{"title":"AUGUSTO ARAS RECOMENDA NOVA ELEI\u00c7\u00c3O NA C\u00c2MARA DE SALVADOR - Bahia Economica","description":"O maior portal de Economia da Bahia ECONOMIA \/ POL\u00cdTICA Bahia Economica","robots":{"index":"index","follow":"follow","max-snippet":"max-snippet:-1","max-image-preview":"max-image-preview:large","max-video-preview":"max-video-preview:-1"},"canonical":"https:\/\/bahiaeconomica.com.br\/wp\/2022\/05\/14\/augusto-aras-recomenda-nova-eleicao-na-camara-de-salvador\/","og_locale":"pt_BR","og_type":"article","og_title":"AUGUSTO ARAS RECOMENDA NOVA ELEI\u00c7\u00c3O NA C\u00c2MARA DE SALVADOR - Bahia Economica","og_description":"O maior portal de Economia da Bahia ECONOMIA \/ POL\u00cdTICA Bahia Economica","og_url":"https:\/\/bahiaeconomica.com.br\/wp\/2022\/05\/14\/augusto-aras-recomenda-nova-eleicao-na-camara-de-salvador\/","og_site_name":"Bahia Economica","article_publisher":"https:\/\/www.facebook.com\/bahiaeconomica","article_published_time":"2022-05-14T10:51:05+00:00","og_image":[{"width":500,"height":300,"url":"https:\/\/bahiaeconomica.com.br\/wp\/wp-content\/uploads\/2022\/02\/augusto-aras_15.dez_.2020.jpg","type":"image\/jpeg"}],"author":"admin","twitter_card":"summary_large_image","twitter_misc":{"Escrito por":"admin","Est. tempo de leitura":"3 minutos"},"schema":{"@context":"https:\/\/schema.org","@graph":[{"@type":"Article","@id":"https:\/\/bahiaeconomica.com.br\/wp\/2022\/05\/14\/augusto-aras-recomenda-nova-eleicao-na-camara-de-salvador\/#article","isPartOf":{"@id":"https:\/\/bahiaeconomica.com.br\/wp\/2022\/05\/14\/augusto-aras-recomenda-nova-eleicao-na-camara-de-salvador\/"},"author":{"name":"admin","@id":"https:\/\/bahiaeconomica.com.br\/wp\/#\/schema\/person\/cb1ab5ba96ad3d9390805381c76284ec"},"headline":"AUGUSTO ARAS RECOMENDA NOVA ELEI\u00c7\u00c3O NA C\u00c2MARA DE SALVADOR","datePublished":"2022-05-14T10:51:05+00:00","dateModified":"2022-05-14T10:51:05+00:00","mainEntityOfPage":{"@id":"https:\/\/bahiaeconomica.com.br\/wp\/2022\/05\/14\/augusto-aras-recomenda-nova-eleicao-na-camara-de-salvador\/"},"wordCount":644,"publisher":{"@id":"https:\/\/bahiaeconomica.com.br\/wp\/#organization"},"keywords":["aras","augusto","Brasil","Pol\u00edtica"],"articleSection":["ECONOMIA \/ POL\u00cdTICA"],"inLanguage":"pt-BR"},{"@type":"WebPage","@id":"https:\/\/bahiaeconomica.com.br\/wp\/2022\/05\/14\/augusto-aras-recomenda-nova-eleicao-na-camara-de-salvador\/","url":"https:\/\/bahiaeconomica.com.br\/wp\/2022\/05\/14\/augusto-aras-recomenda-nova-eleicao-na-camara-de-salvador\/","name":"AUGUSTO ARAS RECOMENDA NOVA ELEI\u00c7\u00c3O NA C\u00c2MARA DE SALVADOR - Bahia Economica","isPartOf":{"@id":"https:\/\/bahiaeconomica.com.br\/wp\/#website"},"datePublished":"2022-05-14T10:51:05+00:00","dateModified":"2022-05-14T10:51:05+00:00","description":"O maior portal de Economia da Bahia ECONOMIA \/ POL\u00cdTICA Bahia Economica","breadcrumb":{"@id":"https:\/\/bahiaeconomica.com.br\/wp\/2022\/05\/14\/augusto-aras-recomenda-nova-eleicao-na-camara-de-salvador\/#breadcrumb"},"inLanguage":"pt-BR","potentialAction":[{"@type":"ReadAction","target":["https:\/\/bahiaeconomica.com.br\/wp\/2022\/05\/14\/augusto-aras-recomenda-nova-eleicao-na-camara-de-salvador\/"]}]},{"@type":"BreadcrumbList","@id":"https:\/\/bahiaeconomica.com.br\/wp\/2022\/05\/14\/augusto-aras-recomenda-nova-eleicao-na-camara-de-salvador\/#breadcrumb","itemListElement":[{"@type":"ListItem","position":1,"name":"In\u00edcio","item":"https:\/\/bahiaeconomica.com.br\/wp\/"},{"@type":"ListItem","position":2,"name":"AUGUSTO ARAS RECOMENDA NOVA ELEI\u00c7\u00c3O NA C\u00c2MARA DE SALVADOR"}]},{"@type":"WebSite","@id":"https:\/\/bahiaeconomica.com.br\/wp\/#website","url":"https:\/\/bahiaeconomica.com.br\/wp\/","name":"Bahia Economica","description":"O maior portal de Economia da Bahia","publisher":{"@id":"https:\/\/bahiaeconomica.com.br\/wp\/#organization"},"potentialAction":[{"@type":"SearchAction","target":{"@type":"EntryPoint","urlTemplate":"https:\/\/bahiaeconomica.com.br\/wp\/?s={search_term_string}"},"query-input":"required name=search_term_string"}],"inLanguage":"pt-BR"},{"@type":"Organization","@id":"https:\/\/bahiaeconomica.com.br\/wp\/#organization","name":"Bahia Econ\u00f4mica","url":"https:\/\/bahiaeconomica.com.br\/wp\/","logo":{"@type":"ImageObject","inLanguage":"pt-BR","@id":"https:\/\/bahiaeconomica.com.br\/wp\/#\/schema\/logo\/image\/","url":"https:\/\/bahiaeconomica.com.br\/wp\/wp-content\/uploads\/2020\/12\/cropped-BE.png","contentUrl":"https:\/\/bahiaeconomica.com.br\/wp\/wp-content\/uploads\/2020\/12\/cropped-BE.png","width":512,"height":512,"caption":"Bahia Econ\u00f4mica"},"image":{"@id":"https:\/\/bahiaeconomica.com.br\/wp\/#\/schema\/logo\/image\/"},"sameAs":["https:\/\/www.facebook.com\/bahiaeconomica"]},{"@type":"Person","@id":"https:\/\/bahiaeconomica.com.br\/wp\/#\/schema\/person\/cb1ab5ba96ad3d9390805381c76284ec","name":"admin","url":"https:\/\/bahiaeconomica.com.br\/wp\/author\/admin\/"}]}},"views":1,"_links":{"self":[{"href":"https:\/\/bahiaeconomica.com.br\/wp\/wp-json\/wp\/v2\/posts\/666752"}],"collection":[{"href":"https:\/\/bahiaeconomica.com.br\/wp\/wp-json\/wp\/v2\/posts"}],"about":[{"href":"https:\/\/bahiaeconomica.com.br\/wp\/wp-json\/wp\/v2\/types\/post"}],"author":[{"embeddable":true,"href":"https:\/\/bahiaeconomica.com.br\/wp\/wp-json\/wp\/v2\/users\/1"}],"replies":[{"embeddable":true,"href":"https:\/\/bahiaeconomica.com.br\/wp\/wp-json\/wp\/v2\/comments?post=666752"}],"version-history":[{"count":1,"href":"https:\/\/bahiaeconomica.com.br\/wp\/wp-json\/wp\/v2\/posts\/666752\/revisions"}],"predecessor-version":[{"id":666753,"href":"https:\/\/bahiaeconomica.com.br\/wp\/wp-json\/wp\/v2\/posts\/666752\/revisions\/666753"}],"wp:featuredmedia":[{"embeddable":true,"href":"https:\/\/bahiaeconomica.com.br\/wp\/wp-json\/wp\/v2\/media\/637310"}],"wp:attachment":[{"href":"https:\/\/bahiaeconomica.com.br\/wp\/wp-json\/wp\/v2\/media?parent=666752"}],"wp:term":[{"taxonomy":"category","embeddable":true,"href":"https:\/\/bahiaeconomica.com.br\/wp\/wp-json\/wp\/v2\/categories?post=666752"},{"taxonomy":"post_tag","embeddable":true,"href":"https:\/\/bahiaeconomica.com.br\/wp\/wp-json\/wp\/v2\/tags?post=666752"}],"curies":[{"name":"wp","href":"https:\/\/api.w.org\/{rel}","templated":true}]}}