{"id":663523,"date":"2022-05-04T12:08:15","date_gmt":"2022-05-04T15:08:15","guid":{"rendered":"https:\/\/bahiaeconomica.com.br\/wp\/beta\/?p=663523"},"modified":"2022-05-04T12:08:15","modified_gmt":"2022-05-04T15:08:15","slug":"assembleia-sobre-destituicao-de-paulo-carneiro-e-marcada","status":"publish","type":"post","link":"https:\/\/bahiaeconomica.com.br\/wp\/2022\/05\/04\/assembleia-sobre-destituicao-de-paulo-carneiro-e-marcada\/","title":{"rendered":"ASSEMBLEIA SOBRE DESTITUI\u00c7\u00c3O DE PAULO CARNEIRO \u00c9 MARCADA"},"content":{"rendered":"<p>A destitui\u00e7\u00e3o de Paulo Carneiro do cargo de presidente do Vit\u00f3ria ser\u00e1 deliberada no pr\u00f3ximo dia 21 (s\u00e1bado), a partir das 8h, no Barrad\u00e3o. O presidente do Conselho Deliberativo do clube, F\u00e1bio Mota, convocou uma Assembleia Geral Extraordin\u00e1ria para a data com o objetivo de definir a situa\u00e7\u00e3o do ex-dirigente rubro-negro.<!--more--><\/p>\n<p>Durante a assembleia, Paulo Carneiro ou seu advogado ter\u00e1 direito de falar por at\u00e9 15 minutos em observ\u00e2ncia \u00e0 ampla defesa.<\/p>\n<p>Eleito presidente em 2019, Paulo Carneiro foi afastado da fun\u00e7\u00e3o em 2 de setembro, quando o Conselho Deliberativo aprovou, em reuni\u00e3o extraordin\u00e1ria, o parecer da Comiss\u00e3o de \u00c9tica que recomendava o afastamento do dirigente, motivado por ind\u00edcios de gest\u00e3o temer\u00e1ria.<\/p>\n<p>O ent\u00e3o vice-presidente Luiz Henrique Vianna assumiu o posto at\u00e9 iniciar, em 28 de outubro, uma sequ\u00eancia de pedidos de afastamento. Presidente do Conselho Deliberativo, F\u00e1bio Mota acumula as fun\u00e7\u00f5es desde ent\u00e3o.<\/p>\n<p>Os ind\u00edcios de gest\u00e3o temer\u00e1ria que pesam contra Paulo Carneiro incluem o adiantamento de remunera\u00e7\u00e3o pessoal durante a pandemia e a aus\u00eancia de contrato com uma empresa (Magnum) que recebeu R$ 3,5 milh\u00f5es do Vit\u00f3ria.<\/p>\n","protected":false},"excerpt":{"rendered":"<p>A destitui\u00e7\u00e3o de Paulo Carneiro do cargo de presidente do Vit\u00f3ria ser\u00e1 deliberada no pr\u00f3ximo dia 21 (s\u00e1bado), a partir das 8h, no Barrad\u00e3o. O presidente do Conselho Deliberativo do clube, F\u00e1bio Mota, convocou uma Assembleia Geral Extraordin\u00e1ria para a data com o objetivo de definir a situa\u00e7\u00e3o do ex-dirigente rubro-negro.<\/p>\n","protected":false},"author":1,"featured_media":591131,"comment_status":"closed","ping_status":"closed","sticky":false,"template":"","format":"standard","meta":[],"categories":[4486],"tags":[5833,5832,1002],"acf":[],"yoast_head":"<!-- This site is optimized with the Yoast SEO plugin v20.8 - https:\/\/yoast.com\/wordpress\/plugins\/seo\/ -->\n<title>ASSEMBLEIA SOBRE DESTITUI\u00c7\u00c3O DE PAULO CARNEIRO \u00c9 MARCADA - Bahia Economica<\/title>\n<meta name=\"description\" content=\"O maior portal de Economia da Bahia Esporte Bahia Economica\" \/>\n<meta name=\"robots\" content=\"index, follow, max-snippet:-1, max-image-preview:large, max-video-preview:-1\" \/>\n<link rel=\"canonical\" href=\"https:\/\/bahiaeconomica.com.br\/wp\/2022\/05\/04\/assembleia-sobre-destituicao-de-paulo-carneiro-e-marcada\/\" \/>\n<meta property=\"og:locale\" content=\"pt_BR\" \/>\n<meta property=\"og:type\" content=\"article\" \/>\n<meta property=\"og:title\" content=\"ASSEMBLEIA SOBRE DESTITUI\u00c7\u00c3O DE PAULO CARNEIRO \u00c9 MARCADA - Bahia Economica\" \/>\n<meta property=\"og:description\" content=\"O maior portal de Economia da Bahia Esporte Bahia Economica\" \/>\n<meta property=\"og:url\" content=\"https:\/\/bahiaeconomica.com.br\/wp\/2022\/05\/04\/assembleia-sobre-destituicao-de-paulo-carneiro-e-marcada\/\" \/>\n<meta property=\"og:site_name\" content=\"Bahia Economica\" \/>\n<meta property=\"article:publisher\" content=\"https:\/\/www.facebook.com\/bahiaeconomica\" \/>\n<meta property=\"article:published_time\" content=\"2022-05-04T15:08:15+00:00\" \/>\n<meta property=\"og:image\" content=\"https:\/\/bahiaeconomica.com.br\/wp\/wp-content\/uploads\/2021\/08\/IMAGEM_VITORIA_5.jpg\" \/>\n\t<meta property=\"og:image:width\" content=\"380\" \/>\n\t<meta property=\"og:image:height\" content=\"280\" \/>\n\t<meta property=\"og:image:type\" content=\"image\/jpeg\" \/>\n<meta name=\"author\" content=\"admin\" \/>\n<meta name=\"twitter:card\" content=\"summary_large_image\" \/>\n<meta name=\"twitter:label1\" content=\"Escrito por\" \/>\n\t<meta name=\"twitter:data1\" content=\"admin\" \/>\n\t<meta name=\"twitter:label2\" content=\"Est. tempo de leitura\" \/>\n\t<meta name=\"twitter:data2\" content=\"1 minuto\" \/>\n<script type=\"application\/ld+json\" class=\"yoast-schema-graph\">{\"@context\":\"https:\/\/schema.org\",\"@graph\":[{\"@type\":\"Article\",\"@id\":\"https:\/\/bahiaeconomica.com.br\/wp\/2022\/05\/04\/assembleia-sobre-destituicao-de-paulo-carneiro-e-marcada\/#article\",\"isPartOf\":{\"@id\":\"https:\/\/bahiaeconomica.com.br\/wp\/2022\/05\/04\/assembleia-sobre-destituicao-de-paulo-carneiro-e-marcada\/\"},\"author\":{\"name\":\"admin\",\"@id\":\"https:\/\/bahiaeconomica.com.br\/wp\/#\/schema\/person\/cb1ab5ba96ad3d9390805381c76284ec\"},\"headline\":\"ASSEMBLEIA SOBRE DESTITUI\u00c7\u00c3O DE PAULO CARNEIRO \u00c9 MARCADA\",\"datePublished\":\"2022-05-04T15:08:15+00:00\",\"dateModified\":\"2022-05-04T15:08:15+00:00\",\"mainEntityOfPage\":{\"@id\":\"https:\/\/bahiaeconomica.com.br\/wp\/2022\/05\/04\/assembleia-sobre-destituicao-de-paulo-carneiro-e-marcada\/\"},\"wordCount\":208,\"publisher\":{\"@id\":\"https:\/\/bahiaeconomica.com.br\/wp\/#organization\"},\"keywords\":[\"assmebleia\",\"paulo carneiro\",\"vitoria\"],\"articleSection\":[\"Esporte\"],\"inLanguage\":\"pt-BR\"},{\"@type\":\"WebPage\",\"@id\":\"https:\/\/bahiaeconomica.com.br\/wp\/2022\/05\/04\/assembleia-sobre-destituicao-de-paulo-carneiro-e-marcada\/\",\"url\":\"https:\/\/bahiaeconomica.com.br\/wp\/2022\/05\/04\/assembleia-sobre-destituicao-de-paulo-carneiro-e-marcada\/\",\"name\":\"ASSEMBLEIA SOBRE DESTITUI\u00c7\u00c3O DE PAULO CARNEIRO \u00c9 MARCADA - Bahia Economica\",\"isPartOf\":{\"@id\":\"https:\/\/bahiaeconomica.com.br\/wp\/#website\"},\"datePublished\":\"2022-05-04T15:08:15+00:00\",\"dateModified\":\"2022-05-04T15:08:15+00:00\",\"description\":\"O maior portal de Economia da Bahia Esporte Bahia Economica\",\"breadcrumb\":{\"@id\":\"https:\/\/bahiaeconomica.com.br\/wp\/2022\/05\/04\/assembleia-sobre-destituicao-de-paulo-carneiro-e-marcada\/#breadcrumb\"},\"inLanguage\":\"pt-BR\",\"potentialAction\":[{\"@type\":\"ReadAction\",\"target\":[\"https:\/\/bahiaeconomica.com.br\/wp\/2022\/05\/04\/assembleia-sobre-destituicao-de-paulo-carneiro-e-marcada\/\"]}]},{\"@type\":\"BreadcrumbList\",\"@id\":\"https:\/\/bahiaeconomica.com.br\/wp\/2022\/05\/04\/assembleia-sobre-destituicao-de-paulo-carneiro-e-marcada\/#breadcrumb\",\"itemListElement\":[{\"@type\":\"ListItem\",\"position\":1,\"name\":\"In\u00edcio\",\"item\":\"https:\/\/bahiaeconomica.com.br\/wp\/\"},{\"@type\":\"ListItem\",\"position\":2,\"name\":\"ASSEMBLEIA SOBRE DESTITUI\u00c7\u00c3O DE PAULO CARNEIRO \u00c9 MARCADA\"}]},{\"@type\":\"WebSite\",\"@id\":\"https:\/\/bahiaeconomica.com.br\/wp\/#website\",\"url\":\"https:\/\/bahiaeconomica.com.br\/wp\/\",\"name\":\"Bahia Economica\",\"description\":\"O maior portal de Economia da Bahia\",\"publisher\":{\"@id\":\"https:\/\/bahiaeconomica.com.br\/wp\/#organization\"},\"potentialAction\":[{\"@type\":\"SearchAction\",\"target\":{\"@type\":\"EntryPoint\",\"urlTemplate\":\"https:\/\/bahiaeconomica.com.br\/wp\/?s={search_term_string}\"},\"query-input\":\"required name=search_term_string\"}],\"inLanguage\":\"pt-BR\"},{\"@type\":\"Organization\",\"@id\":\"https:\/\/bahiaeconomica.com.br\/wp\/#organization\",\"name\":\"Bahia Econ\u00f4mica\",\"url\":\"https:\/\/bahiaeconomica.com.br\/wp\/\",\"logo\":{\"@type\":\"ImageObject\",\"inLanguage\":\"pt-BR\",\"@id\":\"https:\/\/bahiaeconomica.com.br\/wp\/#\/schema\/logo\/image\/\",\"url\":\"https:\/\/bahiaeconomica.com.br\/wp\/wp-content\/uploads\/2020\/12\/cropped-BE.png\",\"contentUrl\":\"https:\/\/bahiaeconomica.com.br\/wp\/wp-content\/uploads\/2020\/12\/cropped-BE.png\",\"width\":512,\"height\":512,\"caption\":\"Bahia Econ\u00f4mica\"},\"image\":{\"@id\":\"https:\/\/bahiaeconomica.com.br\/wp\/#\/schema\/logo\/image\/\"},\"sameAs\":[\"https:\/\/www.facebook.com\/bahiaeconomica\"]},{\"@type\":\"Person\",\"@id\":\"https:\/\/bahiaeconomica.com.br\/wp\/#\/schema\/person\/cb1ab5ba96ad3d9390805381c76284ec\",\"name\":\"admin\",\"url\":\"https:\/\/bahiaeconomica.com.br\/wp\/author\/admin\/\"}]}<\/script>\n<!-- \/ Yoast SEO plugin. -->","yoast_head_json":{"title":"ASSEMBLEIA SOBRE DESTITUI\u00c7\u00c3O DE PAULO CARNEIRO \u00c9 MARCADA - Bahia Economica","description":"O maior portal de Economia da Bahia Esporte Bahia Economica","robots":{"index":"index","follow":"follow","max-snippet":"max-snippet:-1","max-image-preview":"max-image-preview:large","max-video-preview":"max-video-preview:-1"},"canonical":"https:\/\/bahiaeconomica.com.br\/wp\/2022\/05\/04\/assembleia-sobre-destituicao-de-paulo-carneiro-e-marcada\/","og_locale":"pt_BR","og_type":"article","og_title":"ASSEMBLEIA SOBRE DESTITUI\u00c7\u00c3O DE PAULO CARNEIRO \u00c9 MARCADA - Bahia Economica","og_description":"O maior portal de Economia da Bahia Esporte Bahia Economica","og_url":"https:\/\/bahiaeconomica.com.br\/wp\/2022\/05\/04\/assembleia-sobre-destituicao-de-paulo-carneiro-e-marcada\/","og_site_name":"Bahia Economica","article_publisher":"https:\/\/www.facebook.com\/bahiaeconomica","article_published_time":"2022-05-04T15:08:15+00:00","og_image":[{"width":380,"height":280,"url":"https:\/\/bahiaeconomica.com.br\/wp\/wp-content\/uploads\/2021\/08\/IMAGEM_VITORIA_5.jpg","type":"image\/jpeg"}],"author":"admin","twitter_card":"summary_large_image","twitter_misc":{"Escrito por":"admin","Est. tempo de leitura":"1 minuto"},"schema":{"@context":"https:\/\/schema.org","@graph":[{"@type":"Article","@id":"https:\/\/bahiaeconomica.com.br\/wp\/2022\/05\/04\/assembleia-sobre-destituicao-de-paulo-carneiro-e-marcada\/#article","isPartOf":{"@id":"https:\/\/bahiaeconomica.com.br\/wp\/2022\/05\/04\/assembleia-sobre-destituicao-de-paulo-carneiro-e-marcada\/"},"author":{"name":"admin","@id":"https:\/\/bahiaeconomica.com.br\/wp\/#\/schema\/person\/cb1ab5ba96ad3d9390805381c76284ec"},"headline":"ASSEMBLEIA SOBRE DESTITUI\u00c7\u00c3O DE PAULO CARNEIRO \u00c9 MARCADA","datePublished":"2022-05-04T15:08:15+00:00","dateModified":"2022-05-04T15:08:15+00:00","mainEntityOfPage":{"@id":"https:\/\/bahiaeconomica.com.br\/wp\/2022\/05\/04\/assembleia-sobre-destituicao-de-paulo-carneiro-e-marcada\/"},"wordCount":208,"publisher":{"@id":"https:\/\/bahiaeconomica.com.br\/wp\/#organization"},"keywords":["assmebleia","paulo carneiro","vitoria"],"articleSection":["Esporte"],"inLanguage":"pt-BR"},{"@type":"WebPage","@id":"https:\/\/bahiaeconomica.com.br\/wp\/2022\/05\/04\/assembleia-sobre-destituicao-de-paulo-carneiro-e-marcada\/","url":"https:\/\/bahiaeconomica.com.br\/wp\/2022\/05\/04\/assembleia-sobre-destituicao-de-paulo-carneiro-e-marcada\/","name":"ASSEMBLEIA SOBRE DESTITUI\u00c7\u00c3O DE PAULO CARNEIRO \u00c9 MARCADA - Bahia Economica","isPartOf":{"@id":"https:\/\/bahiaeconomica.com.br\/wp\/#website"},"datePublished":"2022-05-04T15:08:15+00:00","dateModified":"2022-05-04T15:08:15+00:00","description":"O maior portal de Economia da Bahia Esporte Bahia Economica","breadcrumb":{"@id":"https:\/\/bahiaeconomica.com.br\/wp\/2022\/05\/04\/assembleia-sobre-destituicao-de-paulo-carneiro-e-marcada\/#breadcrumb"},"inLanguage":"pt-BR","potentialAction":[{"@type":"ReadAction","target":["https:\/\/bahiaeconomica.com.br\/wp\/2022\/05\/04\/assembleia-sobre-destituicao-de-paulo-carneiro-e-marcada\/"]}]},{"@type":"BreadcrumbList","@id":"https:\/\/bahiaeconomica.com.br\/wp\/2022\/05\/04\/assembleia-sobre-destituicao-de-paulo-carneiro-e-marcada\/#breadcrumb","itemListElement":[{"@type":"ListItem","position":1,"name":"In\u00edcio","item":"https:\/\/bahiaeconomica.com.br\/wp\/"},{"@type":"ListItem","position":2,"name":"ASSEMBLEIA SOBRE DESTITUI\u00c7\u00c3O DE PAULO CARNEIRO \u00c9 MARCADA"}]},{"@type":"WebSite","@id":"https:\/\/bahiaeconomica.com.br\/wp\/#website","url":"https:\/\/bahiaeconomica.com.br\/wp\/","name":"Bahia Economica","description":"O maior portal de Economia da Bahia","publisher":{"@id":"https:\/\/bahiaeconomica.com.br\/wp\/#organization"},"potentialAction":[{"@type":"SearchAction","target":{"@type":"EntryPoint","urlTemplate":"https:\/\/bahiaeconomica.com.br\/wp\/?s={search_term_string}"},"query-input":"required name=search_term_string"}],"inLanguage":"pt-BR"},{"@type":"Organization","@id":"https:\/\/bahiaeconomica.com.br\/wp\/#organization","name":"Bahia Econ\u00f4mica","url":"https:\/\/bahiaeconomica.com.br\/wp\/","logo":{"@type":"ImageObject","inLanguage":"pt-BR","@id":"https:\/\/bahiaeconomica.com.br\/wp\/#\/schema\/logo\/image\/","url":"https:\/\/bahiaeconomica.com.br\/wp\/wp-content\/uploads\/2020\/12\/cropped-BE.png","contentUrl":"https:\/\/bahiaeconomica.com.br\/wp\/wp-content\/uploads\/2020\/12\/cropped-BE.png","width":512,"height":512,"caption":"Bahia Econ\u00f4mica"},"image":{"@id":"https:\/\/bahiaeconomica.com.br\/wp\/#\/schema\/logo\/image\/"},"sameAs":["https:\/\/www.facebook.com\/bahiaeconomica"]},{"@type":"Person","@id":"https:\/\/bahiaeconomica.com.br\/wp\/#\/schema\/person\/cb1ab5ba96ad3d9390805381c76284ec","name":"admin","url":"https:\/\/bahiaeconomica.com.br\/wp\/author\/admin\/"}]}},"views":4,"_links":{"self":[{"href":"https:\/\/bahiaeconomica.com.br\/wp\/wp-json\/wp\/v2\/posts\/663523"}],"collection":[{"href":"https:\/\/bahiaeconomica.com.br\/wp\/wp-json\/wp\/v2\/posts"}],"about":[{"href":"https:\/\/bahiaeconomica.com.br\/wp\/wp-json\/wp\/v2\/types\/post"}],"author":[{"embeddable":true,"href":"https:\/\/bahiaeconomica.com.br\/wp\/wp-json\/wp\/v2\/users\/1"}],"replies":[{"embeddable":true,"href":"https:\/\/bahiaeconomica.com.br\/wp\/wp-json\/wp\/v2\/comments?post=663523"}],"version-history":[{"count":1,"href":"https:\/\/bahiaeconomica.com.br\/wp\/wp-json\/wp\/v2\/posts\/663523\/revisions"}],"predecessor-version":[{"id":663532,"href":"https:\/\/bahiaeconomica.com.br\/wp\/wp-json\/wp\/v2\/posts\/663523\/revisions\/663532"}],"wp:featuredmedia":[{"embeddable":true,"href":"https:\/\/bahiaeconomica.com.br\/wp\/wp-json\/wp\/v2\/media\/591131"}],"wp:attachment":[{"href":"https:\/\/bahiaeconomica.com.br\/wp\/wp-json\/wp\/v2\/media?parent=663523"}],"wp:term":[{"taxonomy":"category","embeddable":true,"href":"https:\/\/bahiaeconomica.com.br\/wp\/wp-json\/wp\/v2\/categories?post=663523"},{"taxonomy":"post_tag","embeddable":true,"href":"https:\/\/bahiaeconomica.com.br\/wp\/wp-json\/wp\/v2\/tags?post=663523"}],"curies":[{"name":"wp","href":"https:\/\/api.w.org\/{rel}","templated":true}]}}