{"id":663494,"date":"2022-05-04T10:23:10","date_gmt":"2022-05-04T13:23:10","guid":{"rendered":"https:\/\/bahiaeconomica.com.br\/wp\/beta\/?p=663494"},"modified":"2022-05-04T10:23:10","modified_gmt":"2022-05-04T13:23:10","slug":"ufrb-abre-inscricoes-para-vagas-de-professores","status":"publish","type":"post","link":"https:\/\/bahiaeconomica.com.br\/wp\/2022\/05\/04\/ufrb-abre-inscricoes-para-vagas-de-professores\/","title":{"rendered":"UFRB ABRE INSCRI\u00c7\u00d5ES PARA VAGAS DE PROFESSORES"},"content":{"rendered":"<p>A Universidade Federal do Rec\u00f4ncavo da Bahia (UFRB) abriu inscri\u00e7\u00f5es para o processo seletivo simplificado destinado a contrata\u00e7\u00e3o de professores e professoras visitantes nacionais e estrangeiros(as), para atuar nos cursos de p\u00f3s-gradua\u00e7\u00e3o (mestrado e doutorado) da institui\u00e7\u00e3o.<!--more--><\/p>\n<p>Das 19 vagas, quatro s\u00e3o reservadas para candidatos(as) negros(as) e duas para pessoas com defici\u00eancia. Este volume de vagas ofertadas \u00e9 maior do que todos os processos seletivos anteriores realizados pela UFRB.<\/p>\n<p>As inscri\u00e7\u00f5es podem ser realizadas at\u00e9 23 de maio, por meio de formul\u00e1rio eletr\u00f4nico. Est\u00e3o dispon\u00edveis vagas em 14 programas de p\u00f3s-gradua\u00e7\u00e3o: Arqueologia e Patrim\u00f4nio Cultural; Ci\u00eancias Agr\u00e1rias; Ci\u00eancias Sociais: Cultura, Desigualdades e Desenvolvimento; Comunica\u00e7\u00e3o; Defesa Agropecu\u00e1ria; Educa\u00e7\u00e3o Cientifica, Inclus\u00e3o e Diversidade; Educa\u00e7\u00e3o do Campo; Engenharia Agr\u00edcola; Gest\u00e3o de Pol\u00edticas P\u00fablicas e Seguran\u00e7a Social; Hist\u00f3ria da \u00c1frica, da Di\u00e1spora e dos Povos Ind\u00edgenas; Pol\u00edtica Social e Territ\u00f3rios; Recursos Gen\u00e9ticos Vegetais; Sa\u00fade da Popula\u00e7\u00e3o Negra e Ind\u00edgena; e Zootecnia.<\/p>\n<p>O edital apresenta como novidade a contempla\u00e7\u00e3o dos programas de p\u00f3s-gradua\u00e7\u00e3o na modalidade profissional, al\u00e9m dos programas acad\u00eamicos.<\/p>\n<p>A contrata\u00e7\u00e3o de professor(a) visitante nacional e de professor(a) visitante estrangeiro(a) ser\u00e1, inicialmente, pelo per\u00edodo de 12 meses, podendo ser prorrogado at\u00e9 o limite m\u00e1ximo de 24 meses. O regime de trabalho necess\u00e1rio \u00e9 de 40 (quarenta) horas semanais com dedica\u00e7\u00e3o exclusiva.<\/p>\n<p>J\u00e1 a remunera\u00e7\u00e3o ser\u00e1 estabelecida com base na qualifica\u00e7\u00e3o e experi\u00eancia do(a) professor(a) doutor(a), podendo ter no m\u00ednimo dois anos de titula\u00e7\u00e3o de doutorado, Classe C (Adjunto), correspondente ao valor bruto salarial de R$ 12.258,12; no m\u00ednimo dez anos de titula\u00e7\u00e3o de doutorado, Classe D (Associado), com sal\u00e1rio bruto de R$ 17.713,59; e no m\u00ednimo dezoito anos de titula\u00e7\u00e3o de doutorado, Classe E (Titular), com sal\u00e1rio bruto de R$ 20.988,01.<\/p>\n<p>Resultado<\/p>\n<p>A Comiss\u00e3o de Sele\u00e7\u00e3o ter\u00e1 at\u00e9 o dia 27 de junho para emitir o resultado final, que dever\u00e1 ser divulgado no site de Concursos da UFRB e publicado no Di\u00e1rio Oficial da Uni\u00e3o (DOU). Confira o Edital Interno N\u00ba 01\/2022 \u2013 Professor Visitante.<\/p>\n<p>Foto &#8211; divulga\u00e7\u00e3o<\/p>\n","protected":false},"excerpt":{"rendered":"<p>A Universidade Federal do Rec\u00f4ncavo da Bahia (UFRB) abriu inscri\u00e7\u00f5es para o processo seletivo simplificado destinado a contrata\u00e7\u00e3o de professores e professoras visitantes nacionais e estrangeiros(as), para atuar nos cursos de p\u00f3s-gradua\u00e7\u00e3o (mestrado e doutorado) da institui\u00e7\u00e3o.<\/p>\n","protected":false},"author":1,"featured_media":660247,"comment_status":"closed","ping_status":"closed","sticky":false,"template":"","format":"standard","meta":[],"categories":[8],"tags":[1529,2098,1013],"acf":[],"yoast_head":"<!-- This site is optimized with the Yoast SEO plugin v20.8 - https:\/\/yoast.com\/wordpress\/plugins\/seo\/ -->\n<title>UFRB ABRE INSCRI\u00c7\u00d5ES PARA VAGAS DE PROFESSORES - Bahia Economica<\/title>\n<meta name=\"description\" content=\"O maior portal de Economia da Bahia EMPREGOS \/ CONCURSOS Bahia Economica\" \/>\n<meta name=\"robots\" content=\"index, follow, max-snippet:-1, max-image-preview:large, max-video-preview:-1\" \/>\n<link rel=\"canonical\" href=\"https:\/\/bahiaeconomica.com.br\/wp\/2022\/05\/04\/ufrb-abre-inscricoes-para-vagas-de-professores\/\" \/>\n<meta property=\"og:locale\" content=\"pt_BR\" \/>\n<meta property=\"og:type\" content=\"article\" \/>\n<meta property=\"og:title\" content=\"UFRB ABRE INSCRI\u00c7\u00d5ES PARA VAGAS DE PROFESSORES - Bahia Economica\" \/>\n<meta property=\"og:description\" content=\"O maior portal de Economia da Bahia EMPREGOS \/ CONCURSOS Bahia Economica\" \/>\n<meta property=\"og:url\" content=\"https:\/\/bahiaeconomica.com.br\/wp\/2022\/05\/04\/ufrb-abre-inscricoes-para-vagas-de-professores\/\" \/>\n<meta property=\"og:site_name\" content=\"Bahia Economica\" \/>\n<meta property=\"article:publisher\" content=\"https:\/\/www.facebook.com\/bahiaeconomica\" \/>\n<meta property=\"article:published_time\" content=\"2022-05-04T13:23:10+00:00\" \/>\n<meta property=\"og:image\" content=\"https:\/\/bahiaeconomica.com.br\/wp\/wp-content\/uploads\/2022\/04\/foto-ufrb_widelg360.jpg\" \/>\n\t<meta property=\"og:image:width\" content=\"360\" \/>\n\t<meta property=\"og:image:height\" content=\"220\" \/>\n\t<meta property=\"og:image:type\" content=\"image\/jpeg\" \/>\n<meta name=\"author\" content=\"admin\" \/>\n<meta name=\"twitter:card\" content=\"summary_large_image\" \/>\n<meta name=\"twitter:label1\" content=\"Escrito por\" \/>\n\t<meta name=\"twitter:data1\" content=\"admin\" \/>\n\t<meta name=\"twitter:label2\" content=\"Est. tempo de leitura\" \/>\n\t<meta name=\"twitter:data2\" content=\"2 minutos\" \/>\n<script type=\"application\/ld+json\" class=\"yoast-schema-graph\">{\"@context\":\"https:\/\/schema.org\",\"@graph\":[{\"@type\":\"Article\",\"@id\":\"https:\/\/bahiaeconomica.com.br\/wp\/2022\/05\/04\/ufrb-abre-inscricoes-para-vagas-de-professores\/#article\",\"isPartOf\":{\"@id\":\"https:\/\/bahiaeconomica.com.br\/wp\/2022\/05\/04\/ufrb-abre-inscricoes-para-vagas-de-professores\/\"},\"author\":{\"name\":\"admin\",\"@id\":\"https:\/\/bahiaeconomica.com.br\/wp\/#\/schema\/person\/cb1ab5ba96ad3d9390805381c76284ec\"},\"headline\":\"UFRB ABRE INSCRI\u00c7\u00d5ES PARA VAGAS DE PROFESSORES\",\"datePublished\":\"2022-05-04T13:23:10+00:00\",\"dateModified\":\"2022-05-04T13:23:10+00:00\",\"mainEntityOfPage\":{\"@id\":\"https:\/\/bahiaeconomica.com.br\/wp\/2022\/05\/04\/ufrb-abre-inscricoes-para-vagas-de-professores\/\"},\"wordCount\":391,\"publisher\":{\"@id\":\"https:\/\/bahiaeconomica.com.br\/wp\/#organization\"},\"keywords\":[\"professores\",\"ufrb\",\"vagas\"],\"articleSection\":[\"EMPREGOS \/ CONCURSOS\"],\"inLanguage\":\"pt-BR\"},{\"@type\":\"WebPage\",\"@id\":\"https:\/\/bahiaeconomica.com.br\/wp\/2022\/05\/04\/ufrb-abre-inscricoes-para-vagas-de-professores\/\",\"url\":\"https:\/\/bahiaeconomica.com.br\/wp\/2022\/05\/04\/ufrb-abre-inscricoes-para-vagas-de-professores\/\",\"name\":\"UFRB ABRE INSCRI\u00c7\u00d5ES PARA VAGAS DE PROFESSORES - Bahia Economica\",\"isPartOf\":{\"@id\":\"https:\/\/bahiaeconomica.com.br\/wp\/#website\"},\"datePublished\":\"2022-05-04T13:23:10+00:00\",\"dateModified\":\"2022-05-04T13:23:10+00:00\",\"description\":\"O maior portal de Economia da Bahia EMPREGOS \/ CONCURSOS Bahia Economica\",\"breadcrumb\":{\"@id\":\"https:\/\/bahiaeconomica.com.br\/wp\/2022\/05\/04\/ufrb-abre-inscricoes-para-vagas-de-professores\/#breadcrumb\"},\"inLanguage\":\"pt-BR\",\"potentialAction\":[{\"@type\":\"ReadAction\",\"target\":[\"https:\/\/bahiaeconomica.com.br\/wp\/2022\/05\/04\/ufrb-abre-inscricoes-para-vagas-de-professores\/\"]}]},{\"@type\":\"BreadcrumbList\",\"@id\":\"https:\/\/bahiaeconomica.com.br\/wp\/2022\/05\/04\/ufrb-abre-inscricoes-para-vagas-de-professores\/#breadcrumb\",\"itemListElement\":[{\"@type\":\"ListItem\",\"position\":1,\"name\":\"In\u00edcio\",\"item\":\"https:\/\/bahiaeconomica.com.br\/wp\/\"},{\"@type\":\"ListItem\",\"position\":2,\"name\":\"UFRB ABRE INSCRI\u00c7\u00d5ES PARA VAGAS DE PROFESSORES\"}]},{\"@type\":\"WebSite\",\"@id\":\"https:\/\/bahiaeconomica.com.br\/wp\/#website\",\"url\":\"https:\/\/bahiaeconomica.com.br\/wp\/\",\"name\":\"Bahia Economica\",\"description\":\"O maior portal de Economia da Bahia\",\"publisher\":{\"@id\":\"https:\/\/bahiaeconomica.com.br\/wp\/#organization\"},\"potentialAction\":[{\"@type\":\"SearchAction\",\"target\":{\"@type\":\"EntryPoint\",\"urlTemplate\":\"https:\/\/bahiaeconomica.com.br\/wp\/?s={search_term_string}\"},\"query-input\":\"required name=search_term_string\"}],\"inLanguage\":\"pt-BR\"},{\"@type\":\"Organization\",\"@id\":\"https:\/\/bahiaeconomica.com.br\/wp\/#organization\",\"name\":\"Bahia Econ\u00f4mica\",\"url\":\"https:\/\/bahiaeconomica.com.br\/wp\/\",\"logo\":{\"@type\":\"ImageObject\",\"inLanguage\":\"pt-BR\",\"@id\":\"https:\/\/bahiaeconomica.com.br\/wp\/#\/schema\/logo\/image\/\",\"url\":\"https:\/\/bahiaeconomica.com.br\/wp\/wp-content\/uploads\/2020\/12\/cropped-BE.png\",\"contentUrl\":\"https:\/\/bahiaeconomica.com.br\/wp\/wp-content\/uploads\/2020\/12\/cropped-BE.png\",\"width\":512,\"height\":512,\"caption\":\"Bahia Econ\u00f4mica\"},\"image\":{\"@id\":\"https:\/\/bahiaeconomica.com.br\/wp\/#\/schema\/logo\/image\/\"},\"sameAs\":[\"https:\/\/www.facebook.com\/bahiaeconomica\"]},{\"@type\":\"Person\",\"@id\":\"https:\/\/bahiaeconomica.com.br\/wp\/#\/schema\/person\/cb1ab5ba96ad3d9390805381c76284ec\",\"name\":\"admin\",\"url\":\"https:\/\/bahiaeconomica.com.br\/wp\/author\/admin\/\"}]}<\/script>\n<!-- \/ Yoast SEO plugin. -->","yoast_head_json":{"title":"UFRB ABRE INSCRI\u00c7\u00d5ES PARA VAGAS DE PROFESSORES - Bahia Economica","description":"O maior portal de Economia da Bahia EMPREGOS \/ CONCURSOS Bahia Economica","robots":{"index":"index","follow":"follow","max-snippet":"max-snippet:-1","max-image-preview":"max-image-preview:large","max-video-preview":"max-video-preview:-1"},"canonical":"https:\/\/bahiaeconomica.com.br\/wp\/2022\/05\/04\/ufrb-abre-inscricoes-para-vagas-de-professores\/","og_locale":"pt_BR","og_type":"article","og_title":"UFRB ABRE INSCRI\u00c7\u00d5ES PARA VAGAS DE PROFESSORES - Bahia Economica","og_description":"O maior portal de Economia da Bahia EMPREGOS \/ CONCURSOS Bahia Economica","og_url":"https:\/\/bahiaeconomica.com.br\/wp\/2022\/05\/04\/ufrb-abre-inscricoes-para-vagas-de-professores\/","og_site_name":"Bahia Economica","article_publisher":"https:\/\/www.facebook.com\/bahiaeconomica","article_published_time":"2022-05-04T13:23:10+00:00","og_image":[{"width":360,"height":220,"url":"https:\/\/bahiaeconomica.com.br\/wp\/wp-content\/uploads\/2022\/04\/foto-ufrb_widelg360.jpg","type":"image\/jpeg"}],"author":"admin","twitter_card":"summary_large_image","twitter_misc":{"Escrito por":"admin","Est. tempo de leitura":"2 minutos"},"schema":{"@context":"https:\/\/schema.org","@graph":[{"@type":"Article","@id":"https:\/\/bahiaeconomica.com.br\/wp\/2022\/05\/04\/ufrb-abre-inscricoes-para-vagas-de-professores\/#article","isPartOf":{"@id":"https:\/\/bahiaeconomica.com.br\/wp\/2022\/05\/04\/ufrb-abre-inscricoes-para-vagas-de-professores\/"},"author":{"name":"admin","@id":"https:\/\/bahiaeconomica.com.br\/wp\/#\/schema\/person\/cb1ab5ba96ad3d9390805381c76284ec"},"headline":"UFRB ABRE INSCRI\u00c7\u00d5ES PARA VAGAS DE PROFESSORES","datePublished":"2022-05-04T13:23:10+00:00","dateModified":"2022-05-04T13:23:10+00:00","mainEntityOfPage":{"@id":"https:\/\/bahiaeconomica.com.br\/wp\/2022\/05\/04\/ufrb-abre-inscricoes-para-vagas-de-professores\/"},"wordCount":391,"publisher":{"@id":"https:\/\/bahiaeconomica.com.br\/wp\/#organization"},"keywords":["professores","ufrb","vagas"],"articleSection":["EMPREGOS \/ CONCURSOS"],"inLanguage":"pt-BR"},{"@type":"WebPage","@id":"https:\/\/bahiaeconomica.com.br\/wp\/2022\/05\/04\/ufrb-abre-inscricoes-para-vagas-de-professores\/","url":"https:\/\/bahiaeconomica.com.br\/wp\/2022\/05\/04\/ufrb-abre-inscricoes-para-vagas-de-professores\/","name":"UFRB ABRE INSCRI\u00c7\u00d5ES PARA VAGAS DE PROFESSORES - Bahia Economica","isPartOf":{"@id":"https:\/\/bahiaeconomica.com.br\/wp\/#website"},"datePublished":"2022-05-04T13:23:10+00:00","dateModified":"2022-05-04T13:23:10+00:00","description":"O maior portal de Economia da Bahia EMPREGOS \/ CONCURSOS Bahia Economica","breadcrumb":{"@id":"https:\/\/bahiaeconomica.com.br\/wp\/2022\/05\/04\/ufrb-abre-inscricoes-para-vagas-de-professores\/#breadcrumb"},"inLanguage":"pt-BR","potentialAction":[{"@type":"ReadAction","target":["https:\/\/bahiaeconomica.com.br\/wp\/2022\/05\/04\/ufrb-abre-inscricoes-para-vagas-de-professores\/"]}]},{"@type":"BreadcrumbList","@id":"https:\/\/bahiaeconomica.com.br\/wp\/2022\/05\/04\/ufrb-abre-inscricoes-para-vagas-de-professores\/#breadcrumb","itemListElement":[{"@type":"ListItem","position":1,"name":"In\u00edcio","item":"https:\/\/bahiaeconomica.com.br\/wp\/"},{"@type":"ListItem","position":2,"name":"UFRB ABRE INSCRI\u00c7\u00d5ES PARA VAGAS DE PROFESSORES"}]},{"@type":"WebSite","@id":"https:\/\/bahiaeconomica.com.br\/wp\/#website","url":"https:\/\/bahiaeconomica.com.br\/wp\/","name":"Bahia Economica","description":"O maior portal de Economia da Bahia","publisher":{"@id":"https:\/\/bahiaeconomica.com.br\/wp\/#organization"},"potentialAction":[{"@type":"SearchAction","target":{"@type":"EntryPoint","urlTemplate":"https:\/\/bahiaeconomica.com.br\/wp\/?s={search_term_string}"},"query-input":"required name=search_term_string"}],"inLanguage":"pt-BR"},{"@type":"Organization","@id":"https:\/\/bahiaeconomica.com.br\/wp\/#organization","name":"Bahia Econ\u00f4mica","url":"https:\/\/bahiaeconomica.com.br\/wp\/","logo":{"@type":"ImageObject","inLanguage":"pt-BR","@id":"https:\/\/bahiaeconomica.com.br\/wp\/#\/schema\/logo\/image\/","url":"https:\/\/bahiaeconomica.com.br\/wp\/wp-content\/uploads\/2020\/12\/cropped-BE.png","contentUrl":"https:\/\/bahiaeconomica.com.br\/wp\/wp-content\/uploads\/2020\/12\/cropped-BE.png","width":512,"height":512,"caption":"Bahia Econ\u00f4mica"},"image":{"@id":"https:\/\/bahiaeconomica.com.br\/wp\/#\/schema\/logo\/image\/"},"sameAs":["https:\/\/www.facebook.com\/bahiaeconomica"]},{"@type":"Person","@id":"https:\/\/bahiaeconomica.com.br\/wp\/#\/schema\/person\/cb1ab5ba96ad3d9390805381c76284ec","name":"admin","url":"https:\/\/bahiaeconomica.com.br\/wp\/author\/admin\/"}]}},"views":4,"_links":{"self":[{"href":"https:\/\/bahiaeconomica.com.br\/wp\/wp-json\/wp\/v2\/posts\/663494"}],"collection":[{"href":"https:\/\/bahiaeconomica.com.br\/wp\/wp-json\/wp\/v2\/posts"}],"about":[{"href":"https:\/\/bahiaeconomica.com.br\/wp\/wp-json\/wp\/v2\/types\/post"}],"author":[{"embeddable":true,"href":"https:\/\/bahiaeconomica.com.br\/wp\/wp-json\/wp\/v2\/users\/1"}],"replies":[{"embeddable":true,"href":"https:\/\/bahiaeconomica.com.br\/wp\/wp-json\/wp\/v2\/comments?post=663494"}],"version-history":[{"count":1,"href":"https:\/\/bahiaeconomica.com.br\/wp\/wp-json\/wp\/v2\/posts\/663494\/revisions"}],"predecessor-version":[{"id":663499,"href":"https:\/\/bahiaeconomica.com.br\/wp\/wp-json\/wp\/v2\/posts\/663494\/revisions\/663499"}],"wp:featuredmedia":[{"embeddable":true,"href":"https:\/\/bahiaeconomica.com.br\/wp\/wp-json\/wp\/v2\/media\/660247"}],"wp:attachment":[{"href":"https:\/\/bahiaeconomica.com.br\/wp\/wp-json\/wp\/v2\/media?parent=663494"}],"wp:term":[{"taxonomy":"category","embeddable":true,"href":"https:\/\/bahiaeconomica.com.br\/wp\/wp-json\/wp\/v2\/categories?post=663494"},{"taxonomy":"post_tag","embeddable":true,"href":"https:\/\/bahiaeconomica.com.br\/wp\/wp-json\/wp\/v2\/tags?post=663494"}],"curies":[{"name":"wp","href":"https:\/\/api.w.org\/{rel}","templated":true}]}}