{"id":662600,"date":"2022-05-02T07:43:07","date_gmt":"2022-05-02T10:43:07","guid":{"rendered":"https:\/\/bahiaeconomica.com.br\/wp\/beta\/?p=662600"},"modified":"2022-05-02T07:43:07","modified_gmt":"2022-05-02T10:43:07","slug":"ataque-do-bahia-sofre-com-lesoes-no-comeco-da-serie-b","status":"publish","type":"post","link":"https:\/\/bahiaeconomica.com.br\/wp\/2022\/05\/02\/ataque-do-bahia-sofre-com-lesoes-no-comeco-da-serie-b\/","title":{"rendered":"ATAQUE DO BAHIA SOFRE COM LES\u00d5ES NO COME\u00c7O DA S\u00c9RIE B"},"content":{"rendered":"<p>O Bahia largou bem na S\u00e9rie B do Brasileiro. Com 10 pontos, o tricolor \u00e9 o vice-l\u00edder do campeonato. Apesar do bom come\u00e7o, o ataque tricolor est\u00e1 deixando a desejar e vem <!--more-->enfrentando dificuldades para encontrar o caminho do gol advers\u00e1rio. Principal refer\u00eancia, o colombiano Rodallega se machucou na estreia da competi\u00e7\u00e3o e o clube ainda n\u00e3o sinalizou uma previs\u00e3o de retorno. Artilheiro do time na temporada com 12 gols, o veterano de pontaria certeira est\u00e1 fazendo falta.<\/p>\n<p>Como se j\u00e1 n\u00e3o bastasse a aus\u00eancia de Rodallega, o Bahia perdeu mais uma pe\u00e7a do sistema ofensivo. Vice-artilheiro da equipe no ano ao lado de Marco Ant\u00f4nio, com quatro gols, Ra\u00ed Nascimento fraturou o 3\u00ba e o 4\u00ba metacarpos da m\u00e3o direita, precisar\u00e1 passar por cirurgia nos pr\u00f3ximos dias e, portanto, vai ficar de molho por um per\u00edodo, ainda n\u00e3o especificado pelo clube.<\/p>\n<p>Ra\u00ed formou o trio de ataque titular com Marco Ant\u00f4nio e Dav\u00f3 diante do Ituano. Ele se machucou durante a derrota por 1&#215;0, no est\u00e1dio Novelli J\u00fanior, em Itu-SP, na \u00faltima sexta-feira (29), quando o Bahia n\u00e3o conseguiu estufar a rede rival. Como consequ\u00eancia, o tricolor perdeu a invencibilidade e a lideran\u00e7a. Agora ocupa a segunda coloca\u00e7\u00e3o.<\/p>\n<p>O Bahia foi ultrapassado pelo Gr\u00eamio, que soma os mesmos 10 pontos, por\u00e9m tem melhor saldo de gols (quatro contra tr\u00eas). O G4 da S\u00e9rie B \u00e9 formado tamb\u00e9m por Cruzeiro e Chapecoense, 3\u00ba e 4\u00ba colocados, respectivamente. A equipe mineira tamb\u00e9m tem 10 pontos, por\u00e9m dois gols de saldo. O time catarinense tem oito pontos.O jogo contra o Ituano foi o primeiro em que o ataque do Bahia passou em branco, mas o setor ofensivo tem produzido placares magros. A \u00fanica vez no campeonato que o tricolor marcou mais de uma vez foi na estreia, quando Jacar\u00e9 balan\u00e7ou a rede duas vezes, contra o Cruzeiro.<\/p>\n<p>Na ter\u00e7a-feira (3), \u00e0s 19h, o Bahia ter\u00e1 a chance de recuperar o posto de l\u00edder, ao menos temporariamente, j\u00e1 que receber\u00e1 o Londrina, na Fonte Nova. O Gr\u00eamio s\u00f3 joga no domingo (8), \u00e0s 16h, diante do Cruzeiro, no Mineir\u00e3o. O jogo da Chape acontece na quinta-feira (5), \u00e0s 21h30, no est\u00e1dio Augusto Bauer, contra o Brusque.<\/p>\n<p>Apesar do desfalque no ataque, o t\u00e9cnico Guto Ferreira deve ganhar um refor\u00e7o no meio-campo para enfrentar o Londrina. Recuperado do estiramento na coxa, o volante Rezende treinou normalmente neste domingo (1\u00ba) com o elenco e deve retornar ao time. H\u00e1 chance tamb\u00e9m do meia Warley ser relacionado pela primeira vez. Ele tamb\u00e9m se recuperou de um estiramento na coxa e participou das atividades com o grupo.<\/p>\n<p>Foto: FELIPE OLIVEIRA \/ ECBAHIA<\/p>\n","protected":false},"excerpt":{"rendered":"<p>O Bahia largou bem na S\u00e9rie B do Brasileiro. Com 10 pontos, o tricolor \u00e9 o vice-l\u00edder do campeonato. Apesar do bom come\u00e7o, o ataque tricolor est\u00e1 deixando a desejar e vem<\/p>\n","protected":false},"author":1,"featured_media":662602,"comment_status":"closed","ping_status":"closed","sticky":false,"template":"","format":"standard","meta":[],"categories":[14,3,4486],"tags":[1814,85,1243,5779],"acf":[],"yoast_head":"<!-- This site is optimized with the Yoast SEO plugin v20.8 - https:\/\/yoast.com\/wordpress\/plugins\/seo\/ -->\n<title>ATAQUE DO BAHIA SOFRE COM LES\u00d5ES NO COME\u00c7O DA S\u00c9RIE B - Bahia Economica<\/title>\n<meta name=\"description\" content=\"O maior portal de Economia da Bahia DESTAQUE DO DIA, ECONOMIA \/ POL\u00cdTICA, Esporte Bahia Economica\" \/>\n<meta name=\"robots\" content=\"index, follow, max-snippet:-1, max-image-preview:large, max-video-preview:-1\" \/>\n<link rel=\"canonical\" href=\"https:\/\/bahiaeconomica.com.br\/wp\/2022\/05\/02\/ataque-do-bahia-sofre-com-lesoes-no-comeco-da-serie-b\/\" \/>\n<meta property=\"og:locale\" content=\"pt_BR\" \/>\n<meta property=\"og:type\" content=\"article\" \/>\n<meta property=\"og:title\" content=\"ATAQUE DO BAHIA SOFRE COM LES\u00d5ES NO COME\u00c7O DA S\u00c9RIE B - Bahia Economica\" \/>\n<meta property=\"og:description\" content=\"O maior portal de Economia da Bahia DESTAQUE DO DIA, ECONOMIA \/ POL\u00cdTICA, Esporte Bahia Economica\" \/>\n<meta property=\"og:url\" content=\"https:\/\/bahiaeconomica.com.br\/wp\/2022\/05\/02\/ataque-do-bahia-sofre-com-lesoes-no-comeco-da-serie-b\/\" \/>\n<meta property=\"og:site_name\" content=\"Bahia Economica\" \/>\n<meta property=\"article:publisher\" content=\"https:\/\/www.facebook.com\/bahiaeconomica\" \/>\n<meta property=\"article:published_time\" content=\"2022-05-02T10:43:07+00:00\" \/>\n<meta property=\"og:image\" content=\"https:\/\/bahiaeconomica.com.br\/wp\/wp-content\/uploads\/2022\/05\/csm_52040040993_d38038e0d9_k_b2d6011fd0.jpg\" \/>\n\t<meta property=\"og:image:width\" content=\"940\" \/>\n\t<meta property=\"og:image:height\" content=\"585\" \/>\n\t<meta property=\"og:image:type\" content=\"image\/jpeg\" \/>\n<meta name=\"author\" content=\"admin\" \/>\n<meta name=\"twitter:card\" content=\"summary_large_image\" \/>\n<meta name=\"twitter:label1\" content=\"Escrito por\" \/>\n\t<meta name=\"twitter:data1\" content=\"admin\" \/>\n\t<meta name=\"twitter:label2\" content=\"Est. tempo de leitura\" \/>\n\t<meta name=\"twitter:data2\" content=\"2 minutos\" \/>\n<script type=\"application\/ld+json\" class=\"yoast-schema-graph\">{\"@context\":\"https:\/\/schema.org\",\"@graph\":[{\"@type\":\"Article\",\"@id\":\"https:\/\/bahiaeconomica.com.br\/wp\/2022\/05\/02\/ataque-do-bahia-sofre-com-lesoes-no-comeco-da-serie-b\/#article\",\"isPartOf\":{\"@id\":\"https:\/\/bahiaeconomica.com.br\/wp\/2022\/05\/02\/ataque-do-bahia-sofre-com-lesoes-no-comeco-da-serie-b\/\"},\"author\":{\"name\":\"admin\",\"@id\":\"https:\/\/bahiaeconomica.com.br\/wp\/#\/schema\/person\/cb1ab5ba96ad3d9390805381c76284ec\"},\"headline\":\"ATAQUE DO BAHIA SOFRE COM LES\u00d5ES NO COME\u00c7O DA S\u00c9RIE B\",\"datePublished\":\"2022-05-02T10:43:07+00:00\",\"dateModified\":\"2022-05-02T10:43:07+00:00\",\"mainEntityOfPage\":{\"@id\":\"https:\/\/bahiaeconomica.com.br\/wp\/2022\/05\/02\/ataque-do-bahia-sofre-com-lesoes-no-comeco-da-serie-b\/\"},\"wordCount\":474,\"publisher\":{\"@id\":\"https:\/\/bahiaeconomica.com.br\/wp\/#organization\"},\"keywords\":[\"atacante\",\"Bahia\",\"contrata\u00e7\u00e3o\",\"jogadorm\"],\"articleSection\":[\"DESTAQUE DO DIA\",\"ECONOMIA \/ POL\u00cdTICA\",\"Esporte\"],\"inLanguage\":\"pt-BR\"},{\"@type\":\"WebPage\",\"@id\":\"https:\/\/bahiaeconomica.com.br\/wp\/2022\/05\/02\/ataque-do-bahia-sofre-com-lesoes-no-comeco-da-serie-b\/\",\"url\":\"https:\/\/bahiaeconomica.com.br\/wp\/2022\/05\/02\/ataque-do-bahia-sofre-com-lesoes-no-comeco-da-serie-b\/\",\"name\":\"ATAQUE DO BAHIA SOFRE COM LES\u00d5ES NO COME\u00c7O DA S\u00c9RIE B - Bahia Economica\",\"isPartOf\":{\"@id\":\"https:\/\/bahiaeconomica.com.br\/wp\/#website\"},\"datePublished\":\"2022-05-02T10:43:07+00:00\",\"dateModified\":\"2022-05-02T10:43:07+00:00\",\"description\":\"O maior portal de Economia da Bahia DESTAQUE DO DIA, ECONOMIA \/ POL\u00cdTICA, Esporte Bahia Economica\",\"breadcrumb\":{\"@id\":\"https:\/\/bahiaeconomica.com.br\/wp\/2022\/05\/02\/ataque-do-bahia-sofre-com-lesoes-no-comeco-da-serie-b\/#breadcrumb\"},\"inLanguage\":\"pt-BR\",\"potentialAction\":[{\"@type\":\"ReadAction\",\"target\":[\"https:\/\/bahiaeconomica.com.br\/wp\/2022\/05\/02\/ataque-do-bahia-sofre-com-lesoes-no-comeco-da-serie-b\/\"]}]},{\"@type\":\"BreadcrumbList\",\"@id\":\"https:\/\/bahiaeconomica.com.br\/wp\/2022\/05\/02\/ataque-do-bahia-sofre-com-lesoes-no-comeco-da-serie-b\/#breadcrumb\",\"itemListElement\":[{\"@type\":\"ListItem\",\"position\":1,\"name\":\"In\u00edcio\",\"item\":\"https:\/\/bahiaeconomica.com.br\/wp\/\"},{\"@type\":\"ListItem\",\"position\":2,\"name\":\"ATAQUE DO BAHIA SOFRE COM LES\u00d5ES NO COME\u00c7O DA S\u00c9RIE B\"}]},{\"@type\":\"WebSite\",\"@id\":\"https:\/\/bahiaeconomica.com.br\/wp\/#website\",\"url\":\"https:\/\/bahiaeconomica.com.br\/wp\/\",\"name\":\"Bahia Economica\",\"description\":\"O maior portal de Economia da Bahia\",\"publisher\":{\"@id\":\"https:\/\/bahiaeconomica.com.br\/wp\/#organization\"},\"potentialAction\":[{\"@type\":\"SearchAction\",\"target\":{\"@type\":\"EntryPoint\",\"urlTemplate\":\"https:\/\/bahiaeconomica.com.br\/wp\/?s={search_term_string}\"},\"query-input\":\"required name=search_term_string\"}],\"inLanguage\":\"pt-BR\"},{\"@type\":\"Organization\",\"@id\":\"https:\/\/bahiaeconomica.com.br\/wp\/#organization\",\"name\":\"Bahia Econ\u00f4mica\",\"url\":\"https:\/\/bahiaeconomica.com.br\/wp\/\",\"logo\":{\"@type\":\"ImageObject\",\"inLanguage\":\"pt-BR\",\"@id\":\"https:\/\/bahiaeconomica.com.br\/wp\/#\/schema\/logo\/image\/\",\"url\":\"https:\/\/bahiaeconomica.com.br\/wp\/wp-content\/uploads\/2020\/12\/cropped-BE.png\",\"contentUrl\":\"https:\/\/bahiaeconomica.com.br\/wp\/wp-content\/uploads\/2020\/12\/cropped-BE.png\",\"width\":512,\"height\":512,\"caption\":\"Bahia Econ\u00f4mica\"},\"image\":{\"@id\":\"https:\/\/bahiaeconomica.com.br\/wp\/#\/schema\/logo\/image\/\"},\"sameAs\":[\"https:\/\/www.facebook.com\/bahiaeconomica\"]},{\"@type\":\"Person\",\"@id\":\"https:\/\/bahiaeconomica.com.br\/wp\/#\/schema\/person\/cb1ab5ba96ad3d9390805381c76284ec\",\"name\":\"admin\",\"url\":\"https:\/\/bahiaeconomica.com.br\/wp\/author\/admin\/\"}]}<\/script>\n<!-- \/ Yoast SEO plugin. -->","yoast_head_json":{"title":"ATAQUE DO BAHIA SOFRE COM LES\u00d5ES NO COME\u00c7O DA S\u00c9RIE B - Bahia Economica","description":"O maior portal de Economia da Bahia DESTAQUE DO DIA, ECONOMIA \/ POL\u00cdTICA, Esporte Bahia Economica","robots":{"index":"index","follow":"follow","max-snippet":"max-snippet:-1","max-image-preview":"max-image-preview:large","max-video-preview":"max-video-preview:-1"},"canonical":"https:\/\/bahiaeconomica.com.br\/wp\/2022\/05\/02\/ataque-do-bahia-sofre-com-lesoes-no-comeco-da-serie-b\/","og_locale":"pt_BR","og_type":"article","og_title":"ATAQUE DO BAHIA SOFRE COM LES\u00d5ES NO COME\u00c7O DA S\u00c9RIE B - Bahia Economica","og_description":"O maior portal de Economia da Bahia DESTAQUE DO DIA, ECONOMIA \/ POL\u00cdTICA, Esporte Bahia Economica","og_url":"https:\/\/bahiaeconomica.com.br\/wp\/2022\/05\/02\/ataque-do-bahia-sofre-com-lesoes-no-comeco-da-serie-b\/","og_site_name":"Bahia Economica","article_publisher":"https:\/\/www.facebook.com\/bahiaeconomica","article_published_time":"2022-05-02T10:43:07+00:00","og_image":[{"width":940,"height":585,"url":"https:\/\/bahiaeconomica.com.br\/wp\/wp-content\/uploads\/2022\/05\/csm_52040040993_d38038e0d9_k_b2d6011fd0.jpg","type":"image\/jpeg"}],"author":"admin","twitter_card":"summary_large_image","twitter_misc":{"Escrito por":"admin","Est. tempo de leitura":"2 minutos"},"schema":{"@context":"https:\/\/schema.org","@graph":[{"@type":"Article","@id":"https:\/\/bahiaeconomica.com.br\/wp\/2022\/05\/02\/ataque-do-bahia-sofre-com-lesoes-no-comeco-da-serie-b\/#article","isPartOf":{"@id":"https:\/\/bahiaeconomica.com.br\/wp\/2022\/05\/02\/ataque-do-bahia-sofre-com-lesoes-no-comeco-da-serie-b\/"},"author":{"name":"admin","@id":"https:\/\/bahiaeconomica.com.br\/wp\/#\/schema\/person\/cb1ab5ba96ad3d9390805381c76284ec"},"headline":"ATAQUE DO BAHIA SOFRE COM LES\u00d5ES NO COME\u00c7O DA S\u00c9RIE B","datePublished":"2022-05-02T10:43:07+00:00","dateModified":"2022-05-02T10:43:07+00:00","mainEntityOfPage":{"@id":"https:\/\/bahiaeconomica.com.br\/wp\/2022\/05\/02\/ataque-do-bahia-sofre-com-lesoes-no-comeco-da-serie-b\/"},"wordCount":474,"publisher":{"@id":"https:\/\/bahiaeconomica.com.br\/wp\/#organization"},"keywords":["atacante","Bahia","contrata\u00e7\u00e3o","jogadorm"],"articleSection":["DESTAQUE DO DIA","ECONOMIA \/ POL\u00cdTICA","Esporte"],"inLanguage":"pt-BR"},{"@type":"WebPage","@id":"https:\/\/bahiaeconomica.com.br\/wp\/2022\/05\/02\/ataque-do-bahia-sofre-com-lesoes-no-comeco-da-serie-b\/","url":"https:\/\/bahiaeconomica.com.br\/wp\/2022\/05\/02\/ataque-do-bahia-sofre-com-lesoes-no-comeco-da-serie-b\/","name":"ATAQUE DO BAHIA SOFRE COM LES\u00d5ES NO COME\u00c7O DA S\u00c9RIE B - Bahia Economica","isPartOf":{"@id":"https:\/\/bahiaeconomica.com.br\/wp\/#website"},"datePublished":"2022-05-02T10:43:07+00:00","dateModified":"2022-05-02T10:43:07+00:00","description":"O maior portal de Economia da Bahia DESTAQUE DO DIA, ECONOMIA \/ POL\u00cdTICA, Esporte Bahia Economica","breadcrumb":{"@id":"https:\/\/bahiaeconomica.com.br\/wp\/2022\/05\/02\/ataque-do-bahia-sofre-com-lesoes-no-comeco-da-serie-b\/#breadcrumb"},"inLanguage":"pt-BR","potentialAction":[{"@type":"ReadAction","target":["https:\/\/bahiaeconomica.com.br\/wp\/2022\/05\/02\/ataque-do-bahia-sofre-com-lesoes-no-comeco-da-serie-b\/"]}]},{"@type":"BreadcrumbList","@id":"https:\/\/bahiaeconomica.com.br\/wp\/2022\/05\/02\/ataque-do-bahia-sofre-com-lesoes-no-comeco-da-serie-b\/#breadcrumb","itemListElement":[{"@type":"ListItem","position":1,"name":"In\u00edcio","item":"https:\/\/bahiaeconomica.com.br\/wp\/"},{"@type":"ListItem","position":2,"name":"ATAQUE DO BAHIA SOFRE COM LES\u00d5ES NO COME\u00c7O DA S\u00c9RIE B"}]},{"@type":"WebSite","@id":"https:\/\/bahiaeconomica.com.br\/wp\/#website","url":"https:\/\/bahiaeconomica.com.br\/wp\/","name":"Bahia Economica","description":"O maior portal de Economia da Bahia","publisher":{"@id":"https:\/\/bahiaeconomica.com.br\/wp\/#organization"},"potentialAction":[{"@type":"SearchAction","target":{"@type":"EntryPoint","urlTemplate":"https:\/\/bahiaeconomica.com.br\/wp\/?s={search_term_string}"},"query-input":"required name=search_term_string"}],"inLanguage":"pt-BR"},{"@type":"Organization","@id":"https:\/\/bahiaeconomica.com.br\/wp\/#organization","name":"Bahia Econ\u00f4mica","url":"https:\/\/bahiaeconomica.com.br\/wp\/","logo":{"@type":"ImageObject","inLanguage":"pt-BR","@id":"https:\/\/bahiaeconomica.com.br\/wp\/#\/schema\/logo\/image\/","url":"https:\/\/bahiaeconomica.com.br\/wp\/wp-content\/uploads\/2020\/12\/cropped-BE.png","contentUrl":"https:\/\/bahiaeconomica.com.br\/wp\/wp-content\/uploads\/2020\/12\/cropped-BE.png","width":512,"height":512,"caption":"Bahia Econ\u00f4mica"},"image":{"@id":"https:\/\/bahiaeconomica.com.br\/wp\/#\/schema\/logo\/image\/"},"sameAs":["https:\/\/www.facebook.com\/bahiaeconomica"]},{"@type":"Person","@id":"https:\/\/bahiaeconomica.com.br\/wp\/#\/schema\/person\/cb1ab5ba96ad3d9390805381c76284ec","name":"admin","url":"https:\/\/bahiaeconomica.com.br\/wp\/author\/admin\/"}]}},"views":5,"_links":{"self":[{"href":"https:\/\/bahiaeconomica.com.br\/wp\/wp-json\/wp\/v2\/posts\/662600"}],"collection":[{"href":"https:\/\/bahiaeconomica.com.br\/wp\/wp-json\/wp\/v2\/posts"}],"about":[{"href":"https:\/\/bahiaeconomica.com.br\/wp\/wp-json\/wp\/v2\/types\/post"}],"author":[{"embeddable":true,"href":"https:\/\/bahiaeconomica.com.br\/wp\/wp-json\/wp\/v2\/users\/1"}],"replies":[{"embeddable":true,"href":"https:\/\/bahiaeconomica.com.br\/wp\/wp-json\/wp\/v2\/comments?post=662600"}],"version-history":[{"count":1,"href":"https:\/\/bahiaeconomica.com.br\/wp\/wp-json\/wp\/v2\/posts\/662600\/revisions"}],"predecessor-version":[{"id":662603,"href":"https:\/\/bahiaeconomica.com.br\/wp\/wp-json\/wp\/v2\/posts\/662600\/revisions\/662603"}],"wp:featuredmedia":[{"embeddable":true,"href":"https:\/\/bahiaeconomica.com.br\/wp\/wp-json\/wp\/v2\/media\/662602"}],"wp:attachment":[{"href":"https:\/\/bahiaeconomica.com.br\/wp\/wp-json\/wp\/v2\/media?parent=662600"}],"wp:term":[{"taxonomy":"category","embeddable":true,"href":"https:\/\/bahiaeconomica.com.br\/wp\/wp-json\/wp\/v2\/categories?post=662600"},{"taxonomy":"post_tag","embeddable":true,"href":"https:\/\/bahiaeconomica.com.br\/wp\/wp-json\/wp\/v2\/tags?post=662600"}],"curies":[{"name":"wp","href":"https:\/\/api.w.org\/{rel}","templated":true}]}}