{"id":661051,"date":"2022-04-27T07:07:54","date_gmt":"2022-04-27T10:07:54","guid":{"rendered":"https:\/\/bahiaeconomica.com.br\/wp\/beta\/?p=661051"},"modified":"2022-04-27T07:11:05","modified_gmt":"2022-04-27T10:11:05","slug":"uniao-brasil-aciona-novamente-geraldo-jr-na-justica-para-anular-composicao-de-comissoes-da-camara","status":"publish","type":"post","link":"https:\/\/bahiaeconomica.com.br\/wp\/2022\/04\/27\/uniao-brasil-aciona-novamente-geraldo-jr-na-justica-para-anular-composicao-de-comissoes-da-camara\/","title":{"rendered":"UNI\u00c3O BRASIL ACIONA NOVAMENTE GERALDO JR NA JUSTI\u00c7A PARA ANULAR COMPOSI\u00c7\u00c3O DE COMISS\u00d5ES DA C\u00c2MARA"},"content":{"rendered":"<p>Ap\u00f3s derrota de Claudio Tinoco (UB) que teve um mandado de seguran\u00e7a indeferido pelo Juiz Marcelo de Oliveira Brand\u00e3o (<a href=\"https:\/\/bahiaeconomica.com.br\/wp\/beta\/2022\/04\/26\/justica-nega-mandado-de-seguranca-para-suspender-eleicao-de-geraldo-junior\/\">Veja Aqui<\/a>). A dire\u00e7\u00e3o do Uni\u00e3o Brasil na <!--more-->Bahia impetrou, na noite desta ter\u00e7a-feira (26), um mandado de seguran\u00e7a c\u00edvel para anular a nova composi\u00e7\u00e3o das comiss\u00f5es tem\u00e1ticas da C\u00e2mara Municipal de Salvador, definidas na \u00faltima semana pelo presidente Geraldo J\u00fanior. A pe\u00e7a inicial, assinada pelo advogado Ademir Osmerin, alega que houve abuso de poder e que n\u00e3o foi respeitado o princ\u00edpio da proporcionalidade.<\/p>\n<p>O Uni\u00e3o Brasil pede que a concess\u00e3o de medida liminar seja respondida em 72 horas para \u201csuspens\u00e3o dos efeitos jur\u00eddicos, diretos e reflexos, dos Atos Legislativos\u201d que foram publicados em Di\u00e1rio Oficial. Como exemplo, a legenda cita que teve apenas dois assentos na reformula\u00e7\u00e3o de cinco comiss\u00f5es, cujos integrantes foram oficializados na \u00faltima ter\u00e7a (19). Ambos os espa\u00e7os foram ocupados pelo vereador e l\u00edder de governo Paulo Magalh\u00e3es Jr no colegiado de Planejamento Urbano e Meio Ambiente, e Cultura. Uni\u00e3o Brasil ficou de fora das sess\u00f5es tidas como mais importantes da Casa, que s\u00e3o Constitui\u00e7\u00e3o, Justi\u00e7a e Reda\u00e7\u00e3o Final (CCJ) e Finan\u00e7as, Or\u00e7amento e Fiscaliza\u00e7\u00e3o (CFOF) e Transporte, Tr\u00e2nsito e Servi\u00e7os P\u00fablicos Municipais.<\/p>\n<p>Foto: divulga\u00e7\u00e3o\/c\u00e2mara<\/p>\n","protected":false},"excerpt":{"rendered":"<p>Ap\u00f3s derrota de Claudio Tinoco (UB) que teve um mandado de seguran\u00e7a indeferido pelo Juiz Marcelo de Oliveira Brand\u00e3o (Veja Aqui). A dire\u00e7\u00e3o do Uni\u00e3o Brasil na<\/p>\n","protected":false},"author":1,"featured_media":660489,"comment_status":"closed","ping_status":"closed","sticky":false,"template":"","format":"standard","meta":[],"categories":[3],"tags":[52,4996,100,5406],"acf":[],"yoast_head":"<!-- This site is optimized with the Yoast SEO plugin v20.8 - https:\/\/yoast.com\/wordpress\/plugins\/seo\/ -->\n<title>UNI\u00c3O BRASIL ACIONA NOVAMENTE GERALDO JR NA JUSTI\u00c7A PARA ANULAR COMPOSI\u00c7\u00c3O DE COMISS\u00d5ES DA C\u00c2MARA - Bahia Economica<\/title>\n<meta name=\"description\" content=\"O maior portal de Economia da Bahia ECONOMIA \/ POL\u00cdTICA Bahia Economica\" \/>\n<meta name=\"robots\" content=\"index, follow, max-snippet:-1, max-image-preview:large, max-video-preview:-1\" \/>\n<link rel=\"canonical\" href=\"https:\/\/bahiaeconomica.com.br\/wp\/2022\/04\/27\/uniao-brasil-aciona-novamente-geraldo-jr-na-justica-para-anular-composicao-de-comissoes-da-camara\/\" \/>\n<meta property=\"og:locale\" content=\"pt_BR\" \/>\n<meta property=\"og:type\" content=\"article\" \/>\n<meta property=\"og:title\" content=\"UNI\u00c3O BRASIL ACIONA NOVAMENTE GERALDO JR NA JUSTI\u00c7A PARA ANULAR COMPOSI\u00c7\u00c3O DE COMISS\u00d5ES DA C\u00c2MARA - Bahia Economica\" \/>\n<meta property=\"og:description\" content=\"O maior portal de Economia da Bahia ECONOMIA \/ POL\u00cdTICA Bahia Economica\" \/>\n<meta property=\"og:url\" content=\"https:\/\/bahiaeconomica.com.br\/wp\/2022\/04\/27\/uniao-brasil-aciona-novamente-geraldo-jr-na-justica-para-anular-composicao-de-comissoes-da-camara\/\" \/>\n<meta property=\"og:site_name\" content=\"Bahia Economica\" \/>\n<meta property=\"article:publisher\" content=\"https:\/\/www.facebook.com\/bahiaeconomica\" \/>\n<meta property=\"article:published_time\" content=\"2022-04-27T10:07:54+00:00\" \/>\n<meta property=\"article:modified_time\" content=\"2022-04-27T10:11:05+00:00\" \/>\n<meta property=\"og:image\" content=\"https:\/\/bahiaeconomica.com.br\/wp\/wp-content\/uploads\/2022\/04\/geraldojunior.jpg\" \/>\n\t<meta property=\"og:image:width\" content=\"500\" \/>\n\t<meta property=\"og:image:height\" content=\"300\" \/>\n\t<meta property=\"og:image:type\" content=\"image\/jpeg\" \/>\n<meta name=\"author\" content=\"admin\" \/>\n<meta name=\"twitter:card\" content=\"summary_large_image\" \/>\n<meta name=\"twitter:label1\" content=\"Escrito por\" \/>\n\t<meta name=\"twitter:data1\" content=\"admin\" \/>\n\t<meta name=\"twitter:label2\" content=\"Est. tempo de leitura\" \/>\n\t<meta name=\"twitter:data2\" content=\"1 minuto\" \/>\n<script type=\"application\/ld+json\" class=\"yoast-schema-graph\">{\"@context\":\"https:\/\/schema.org\",\"@graph\":[{\"@type\":\"Article\",\"@id\":\"https:\/\/bahiaeconomica.com.br\/wp\/2022\/04\/27\/uniao-brasil-aciona-novamente-geraldo-jr-na-justica-para-anular-composicao-de-comissoes-da-camara\/#article\",\"isPartOf\":{\"@id\":\"https:\/\/bahiaeconomica.com.br\/wp\/2022\/04\/27\/uniao-brasil-aciona-novamente-geraldo-jr-na-justica-para-anular-composicao-de-comissoes-da-camara\/\"},\"author\":{\"name\":\"admin\",\"@id\":\"https:\/\/bahiaeconomica.com.br\/wp\/#\/schema\/person\/cb1ab5ba96ad3d9390805381c76284ec\"},\"headline\":\"UNI\u00c3O BRASIL ACIONA NOVAMENTE GERALDO JR NA JUSTI\u00c7A PARA ANULAR COMPOSI\u00c7\u00c3O DE COMISS\u00d5ES DA C\u00c2MARA\",\"datePublished\":\"2022-04-27T10:07:54+00:00\",\"dateModified\":\"2022-04-27T10:11:05+00:00\",\"mainEntityOfPage\":{\"@id\":\"https:\/\/bahiaeconomica.com.br\/wp\/2022\/04\/27\/uniao-brasil-aciona-novamente-geraldo-jr-na-justica-para-anular-composicao-de-comissoes-da-camara\/\"},\"wordCount\":257,\"publisher\":{\"@id\":\"https:\/\/bahiaeconomica.com.br\/wp\/#organization\"},\"keywords\":[\"Brasil\",\"geraldo junior\",\"Pol\u00edtica\",\"Uni\u00e3o Brasil\"],\"articleSection\":[\"ECONOMIA \/ POL\u00cdTICA\"],\"inLanguage\":\"pt-BR\"},{\"@type\":\"WebPage\",\"@id\":\"https:\/\/bahiaeconomica.com.br\/wp\/2022\/04\/27\/uniao-brasil-aciona-novamente-geraldo-jr-na-justica-para-anular-composicao-de-comissoes-da-camara\/\",\"url\":\"https:\/\/bahiaeconomica.com.br\/wp\/2022\/04\/27\/uniao-brasil-aciona-novamente-geraldo-jr-na-justica-para-anular-composicao-de-comissoes-da-camara\/\",\"name\":\"UNI\u00c3O BRASIL ACIONA NOVAMENTE GERALDO JR NA JUSTI\u00c7A PARA ANULAR COMPOSI\u00c7\u00c3O DE COMISS\u00d5ES DA C\u00c2MARA - Bahia Economica\",\"isPartOf\":{\"@id\":\"https:\/\/bahiaeconomica.com.br\/wp\/#website\"},\"datePublished\":\"2022-04-27T10:07:54+00:00\",\"dateModified\":\"2022-04-27T10:11:05+00:00\",\"description\":\"O maior portal de Economia da Bahia ECONOMIA \/ POL\u00cdTICA Bahia Economica\",\"breadcrumb\":{\"@id\":\"https:\/\/bahiaeconomica.com.br\/wp\/2022\/04\/27\/uniao-brasil-aciona-novamente-geraldo-jr-na-justica-para-anular-composicao-de-comissoes-da-camara\/#breadcrumb\"},\"inLanguage\":\"pt-BR\",\"potentialAction\":[{\"@type\":\"ReadAction\",\"target\":[\"https:\/\/bahiaeconomica.com.br\/wp\/2022\/04\/27\/uniao-brasil-aciona-novamente-geraldo-jr-na-justica-para-anular-composicao-de-comissoes-da-camara\/\"]}]},{\"@type\":\"BreadcrumbList\",\"@id\":\"https:\/\/bahiaeconomica.com.br\/wp\/2022\/04\/27\/uniao-brasil-aciona-novamente-geraldo-jr-na-justica-para-anular-composicao-de-comissoes-da-camara\/#breadcrumb\",\"itemListElement\":[{\"@type\":\"ListItem\",\"position\":1,\"name\":\"In\u00edcio\",\"item\":\"https:\/\/bahiaeconomica.com.br\/wp\/\"},{\"@type\":\"ListItem\",\"position\":2,\"name\":\"UNI\u00c3O BRASIL ACIONA NOVAMENTE GERALDO JR NA JUSTI\u00c7A PARA ANULAR COMPOSI\u00c7\u00c3O DE COMISS\u00d5ES DA C\u00c2MARA\"}]},{\"@type\":\"WebSite\",\"@id\":\"https:\/\/bahiaeconomica.com.br\/wp\/#website\",\"url\":\"https:\/\/bahiaeconomica.com.br\/wp\/\",\"name\":\"Bahia Economica\",\"description\":\"O maior portal de Economia da Bahia\",\"publisher\":{\"@id\":\"https:\/\/bahiaeconomica.com.br\/wp\/#organization\"},\"potentialAction\":[{\"@type\":\"SearchAction\",\"target\":{\"@type\":\"EntryPoint\",\"urlTemplate\":\"https:\/\/bahiaeconomica.com.br\/wp\/?s={search_term_string}\"},\"query-input\":\"required name=search_term_string\"}],\"inLanguage\":\"pt-BR\"},{\"@type\":\"Organization\",\"@id\":\"https:\/\/bahiaeconomica.com.br\/wp\/#organization\",\"name\":\"Bahia Econ\u00f4mica\",\"url\":\"https:\/\/bahiaeconomica.com.br\/wp\/\",\"logo\":{\"@type\":\"ImageObject\",\"inLanguage\":\"pt-BR\",\"@id\":\"https:\/\/bahiaeconomica.com.br\/wp\/#\/schema\/logo\/image\/\",\"url\":\"https:\/\/bahiaeconomica.com.br\/wp\/wp-content\/uploads\/2020\/12\/cropped-BE.png\",\"contentUrl\":\"https:\/\/bahiaeconomica.com.br\/wp\/wp-content\/uploads\/2020\/12\/cropped-BE.png\",\"width\":512,\"height\":512,\"caption\":\"Bahia Econ\u00f4mica\"},\"image\":{\"@id\":\"https:\/\/bahiaeconomica.com.br\/wp\/#\/schema\/logo\/image\/\"},\"sameAs\":[\"https:\/\/www.facebook.com\/bahiaeconomica\"]},{\"@type\":\"Person\",\"@id\":\"https:\/\/bahiaeconomica.com.br\/wp\/#\/schema\/person\/cb1ab5ba96ad3d9390805381c76284ec\",\"name\":\"admin\",\"url\":\"https:\/\/bahiaeconomica.com.br\/wp\/author\/admin\/\"}]}<\/script>\n<!-- \/ Yoast SEO plugin. -->","yoast_head_json":{"title":"UNI\u00c3O BRASIL ACIONA NOVAMENTE GERALDO JR NA JUSTI\u00c7A PARA ANULAR COMPOSI\u00c7\u00c3O DE COMISS\u00d5ES DA C\u00c2MARA - Bahia Economica","description":"O maior portal de Economia da Bahia ECONOMIA \/ POL\u00cdTICA Bahia Economica","robots":{"index":"index","follow":"follow","max-snippet":"max-snippet:-1","max-image-preview":"max-image-preview:large","max-video-preview":"max-video-preview:-1"},"canonical":"https:\/\/bahiaeconomica.com.br\/wp\/2022\/04\/27\/uniao-brasil-aciona-novamente-geraldo-jr-na-justica-para-anular-composicao-de-comissoes-da-camara\/","og_locale":"pt_BR","og_type":"article","og_title":"UNI\u00c3O BRASIL ACIONA NOVAMENTE GERALDO JR NA JUSTI\u00c7A PARA ANULAR COMPOSI\u00c7\u00c3O DE COMISS\u00d5ES DA C\u00c2MARA - Bahia Economica","og_description":"O maior portal de Economia da Bahia ECONOMIA \/ POL\u00cdTICA Bahia Economica","og_url":"https:\/\/bahiaeconomica.com.br\/wp\/2022\/04\/27\/uniao-brasil-aciona-novamente-geraldo-jr-na-justica-para-anular-composicao-de-comissoes-da-camara\/","og_site_name":"Bahia Economica","article_publisher":"https:\/\/www.facebook.com\/bahiaeconomica","article_published_time":"2022-04-27T10:07:54+00:00","article_modified_time":"2022-04-27T10:11:05+00:00","og_image":[{"width":500,"height":300,"url":"https:\/\/bahiaeconomica.com.br\/wp\/wp-content\/uploads\/2022\/04\/geraldojunior.jpg","type":"image\/jpeg"}],"author":"admin","twitter_card":"summary_large_image","twitter_misc":{"Escrito por":"admin","Est. tempo de leitura":"1 minuto"},"schema":{"@context":"https:\/\/schema.org","@graph":[{"@type":"Article","@id":"https:\/\/bahiaeconomica.com.br\/wp\/2022\/04\/27\/uniao-brasil-aciona-novamente-geraldo-jr-na-justica-para-anular-composicao-de-comissoes-da-camara\/#article","isPartOf":{"@id":"https:\/\/bahiaeconomica.com.br\/wp\/2022\/04\/27\/uniao-brasil-aciona-novamente-geraldo-jr-na-justica-para-anular-composicao-de-comissoes-da-camara\/"},"author":{"name":"admin","@id":"https:\/\/bahiaeconomica.com.br\/wp\/#\/schema\/person\/cb1ab5ba96ad3d9390805381c76284ec"},"headline":"UNI\u00c3O BRASIL ACIONA NOVAMENTE GERALDO JR NA JUSTI\u00c7A PARA ANULAR COMPOSI\u00c7\u00c3O DE COMISS\u00d5ES DA C\u00c2MARA","datePublished":"2022-04-27T10:07:54+00:00","dateModified":"2022-04-27T10:11:05+00:00","mainEntityOfPage":{"@id":"https:\/\/bahiaeconomica.com.br\/wp\/2022\/04\/27\/uniao-brasil-aciona-novamente-geraldo-jr-na-justica-para-anular-composicao-de-comissoes-da-camara\/"},"wordCount":257,"publisher":{"@id":"https:\/\/bahiaeconomica.com.br\/wp\/#organization"},"keywords":["Brasil","geraldo junior","Pol\u00edtica","Uni\u00e3o Brasil"],"articleSection":["ECONOMIA \/ POL\u00cdTICA"],"inLanguage":"pt-BR"},{"@type":"WebPage","@id":"https:\/\/bahiaeconomica.com.br\/wp\/2022\/04\/27\/uniao-brasil-aciona-novamente-geraldo-jr-na-justica-para-anular-composicao-de-comissoes-da-camara\/","url":"https:\/\/bahiaeconomica.com.br\/wp\/2022\/04\/27\/uniao-brasil-aciona-novamente-geraldo-jr-na-justica-para-anular-composicao-de-comissoes-da-camara\/","name":"UNI\u00c3O BRASIL ACIONA NOVAMENTE GERALDO JR NA JUSTI\u00c7A PARA ANULAR COMPOSI\u00c7\u00c3O DE COMISS\u00d5ES DA C\u00c2MARA - Bahia Economica","isPartOf":{"@id":"https:\/\/bahiaeconomica.com.br\/wp\/#website"},"datePublished":"2022-04-27T10:07:54+00:00","dateModified":"2022-04-27T10:11:05+00:00","description":"O maior portal de Economia da Bahia ECONOMIA \/ POL\u00cdTICA Bahia Economica","breadcrumb":{"@id":"https:\/\/bahiaeconomica.com.br\/wp\/2022\/04\/27\/uniao-brasil-aciona-novamente-geraldo-jr-na-justica-para-anular-composicao-de-comissoes-da-camara\/#breadcrumb"},"inLanguage":"pt-BR","potentialAction":[{"@type":"ReadAction","target":["https:\/\/bahiaeconomica.com.br\/wp\/2022\/04\/27\/uniao-brasil-aciona-novamente-geraldo-jr-na-justica-para-anular-composicao-de-comissoes-da-camara\/"]}]},{"@type":"BreadcrumbList","@id":"https:\/\/bahiaeconomica.com.br\/wp\/2022\/04\/27\/uniao-brasil-aciona-novamente-geraldo-jr-na-justica-para-anular-composicao-de-comissoes-da-camara\/#breadcrumb","itemListElement":[{"@type":"ListItem","position":1,"name":"In\u00edcio","item":"https:\/\/bahiaeconomica.com.br\/wp\/"},{"@type":"ListItem","position":2,"name":"UNI\u00c3O BRASIL ACIONA NOVAMENTE GERALDO JR NA JUSTI\u00c7A PARA ANULAR COMPOSI\u00c7\u00c3O DE COMISS\u00d5ES DA C\u00c2MARA"}]},{"@type":"WebSite","@id":"https:\/\/bahiaeconomica.com.br\/wp\/#website","url":"https:\/\/bahiaeconomica.com.br\/wp\/","name":"Bahia Economica","description":"O maior portal de Economia da Bahia","publisher":{"@id":"https:\/\/bahiaeconomica.com.br\/wp\/#organization"},"potentialAction":[{"@type":"SearchAction","target":{"@type":"EntryPoint","urlTemplate":"https:\/\/bahiaeconomica.com.br\/wp\/?s={search_term_string}"},"query-input":"required name=search_term_string"}],"inLanguage":"pt-BR"},{"@type":"Organization","@id":"https:\/\/bahiaeconomica.com.br\/wp\/#organization","name":"Bahia Econ\u00f4mica","url":"https:\/\/bahiaeconomica.com.br\/wp\/","logo":{"@type":"ImageObject","inLanguage":"pt-BR","@id":"https:\/\/bahiaeconomica.com.br\/wp\/#\/schema\/logo\/image\/","url":"https:\/\/bahiaeconomica.com.br\/wp\/wp-content\/uploads\/2020\/12\/cropped-BE.png","contentUrl":"https:\/\/bahiaeconomica.com.br\/wp\/wp-content\/uploads\/2020\/12\/cropped-BE.png","width":512,"height":512,"caption":"Bahia Econ\u00f4mica"},"image":{"@id":"https:\/\/bahiaeconomica.com.br\/wp\/#\/schema\/logo\/image\/"},"sameAs":["https:\/\/www.facebook.com\/bahiaeconomica"]},{"@type":"Person","@id":"https:\/\/bahiaeconomica.com.br\/wp\/#\/schema\/person\/cb1ab5ba96ad3d9390805381c76284ec","name":"admin","url":"https:\/\/bahiaeconomica.com.br\/wp\/author\/admin\/"}]}},"views":4,"_links":{"self":[{"href":"https:\/\/bahiaeconomica.com.br\/wp\/wp-json\/wp\/v2\/posts\/661051"}],"collection":[{"href":"https:\/\/bahiaeconomica.com.br\/wp\/wp-json\/wp\/v2\/posts"}],"about":[{"href":"https:\/\/bahiaeconomica.com.br\/wp\/wp-json\/wp\/v2\/types\/post"}],"author":[{"embeddable":true,"href":"https:\/\/bahiaeconomica.com.br\/wp\/wp-json\/wp\/v2\/users\/1"}],"replies":[{"embeddable":true,"href":"https:\/\/bahiaeconomica.com.br\/wp\/wp-json\/wp\/v2\/comments?post=661051"}],"version-history":[{"count":2,"href":"https:\/\/bahiaeconomica.com.br\/wp\/wp-json\/wp\/v2\/posts\/661051\/revisions"}],"predecessor-version":[{"id":661057,"href":"https:\/\/bahiaeconomica.com.br\/wp\/wp-json\/wp\/v2\/posts\/661051\/revisions\/661057"}],"wp:featuredmedia":[{"embeddable":true,"href":"https:\/\/bahiaeconomica.com.br\/wp\/wp-json\/wp\/v2\/media\/660489"}],"wp:attachment":[{"href":"https:\/\/bahiaeconomica.com.br\/wp\/wp-json\/wp\/v2\/media?parent=661051"}],"wp:term":[{"taxonomy":"category","embeddable":true,"href":"https:\/\/bahiaeconomica.com.br\/wp\/wp-json\/wp\/v2\/categories?post=661051"},{"taxonomy":"post_tag","embeddable":true,"href":"https:\/\/bahiaeconomica.com.br\/wp\/wp-json\/wp\/v2\/tags?post=661051"}],"curies":[{"name":"wp","href":"https:\/\/api.w.org\/{rel}","templated":true}]}}