{"id":658995,"date":"2022-04-19T15:46:40","date_gmt":"2022-04-19T18:46:40","guid":{"rendered":"https:\/\/bahiaeconomica.com.br\/wp\/beta\/?p=658995"},"modified":"2022-04-19T16:30:27","modified_gmt":"2022-04-19T19:30:27","slug":"wagner-diz-ter-repudio-por-pl-da-exploracao-em-terras-indigenas","status":"publish","type":"post","link":"https:\/\/bahiaeconomica.com.br\/wp\/2022\/04\/19\/wagner-diz-ter-repudio-por-pl-da-exploracao-em-terras-indigenas\/","title":{"rendered":"WAGNER DIZ TER &#8216;REP\u00daDIO&#8217; POR PL DA EXPLORA\u00c7\u00c3O EM TERRAS IND\u00cdGENAS"},"content":{"rendered":"<p>Por Reda\u00e7\u00e3o<\/p>\n<p>No Dia dos Povos Ind\u00edgenas no Brasil, celebrado nesta ter\u00e7a-feira, 19, o senador Jaques Wagner (PT) disse ter rep\u00fadio por projetos como o marco temporal, a minera\u00e7\u00e3o em<!--more--> terras ind\u00edgenas (PL 191\/20) e a amplia\u00e7\u00e3o do uso de agrot\u00f3xicos, que tramitam no Congresso.<\/p>\n<p>\u201cHoje \u00e9 o dia que marca a luta dos povos ind\u00edgenas, pelo direito de existir e resistir aos frequentes ataques aos povos origin\u00e1rios e suas terras. [&#8230;] Por isso, atuamos contra os projetos que tramitam no Congresso, como o marco temporal, a minera\u00e7\u00e3o em terra ind\u00edgenas e a amplia\u00e7\u00e3o do uso de agrot\u00f3xicos. Tamb\u00e9m repudiamos a explora\u00e7\u00e3o nas comunidades ind\u00edgenas\u201d, escreveu Wagner, em publica\u00e7\u00e3o nas redes sociais.<\/p>\n<p>O senador acrescenta que as terras j\u00e1 demarcadas ajudam na redu\u00e7\u00e3o do desmatamento das florestas do pa\u00eds. \u201cTerrit\u00f3rio ind\u00edgena \u00e9 sin\u00f4nimo de preserva\u00e7\u00e3o ambiental e respeito \u00e0 natureza\u201d, conclui.<\/p>\n<p>Foto: Alessandro Dantas\/PT<\/p>\n","protected":false},"excerpt":{"rendered":"<p>Por Reda\u00e7\u00e3o No Dia dos Povos Ind\u00edgenas no Brasil, celebrado nesta ter\u00e7a-feira, 19, o senador Jaques Wagner (PT) disse ter rep\u00fadio por projetos como o marco temporal, a minera\u00e7\u00e3o em<\/p>\n","protected":false},"author":1,"featured_media":658997,"comment_status":"closed","ping_status":"closed","sticky":false,"template":"","format":"standard","meta":[],"categories":[14,3],"tags":[2943,1191,3547,2411,1120,951,142,2671,2599,5510,1569],"acf":[],"yoast_head":"<!-- This site is optimized with the Yoast SEO plugin v20.8 - https:\/\/yoast.com\/wordpress\/plugins\/seo\/ -->\n<title>WAGNER DIZ TER &#039;REP\u00daDIO&#039; POR PL DA EXPLORA\u00c7\u00c3O EM TERRAS IND\u00cdGENAS - Bahia Economica<\/title>\n<meta name=\"description\" content=\"O maior portal de Economia da Bahia DESTAQUE DO DIA, ECONOMIA \/ POL\u00cdTICA Bahia Economica\" \/>\n<meta name=\"robots\" content=\"index, follow, max-snippet:-1, max-image-preview:large, max-video-preview:-1\" \/>\n<link rel=\"canonical\" href=\"https:\/\/bahiaeconomica.com.br\/wp\/2022\/04\/19\/wagner-diz-ter-repudio-por-pl-da-exploracao-em-terras-indigenas\/\" \/>\n<meta property=\"og:locale\" content=\"pt_BR\" \/>\n<meta property=\"og:type\" content=\"article\" \/>\n<meta property=\"og:title\" content=\"WAGNER DIZ TER &#039;REP\u00daDIO&#039; POR PL DA EXPLORA\u00c7\u00c3O EM TERRAS IND\u00cdGENAS - Bahia Economica\" \/>\n<meta property=\"og:description\" content=\"O maior portal de Economia da Bahia DESTAQUE DO DIA, ECONOMIA \/ POL\u00cdTICA Bahia Economica\" \/>\n<meta property=\"og:url\" content=\"https:\/\/bahiaeconomica.com.br\/wp\/2022\/04\/19\/wagner-diz-ter-repudio-por-pl-da-exploracao-em-terras-indigenas\/\" \/>\n<meta property=\"og:site_name\" content=\"Bahia Economica\" \/>\n<meta property=\"article:publisher\" content=\"https:\/\/www.facebook.com\/bahiaeconomica\" \/>\n<meta property=\"article:published_time\" content=\"2022-04-19T18:46:40+00:00\" \/>\n<meta property=\"article:modified_time\" content=\"2022-04-19T19:30:27+00:00\" \/>\n<meta property=\"og:image\" content=\"https:\/\/bahiaeconomica.com.br\/wp\/wp-content\/uploads\/2022\/04\/jaqueswagner-alessandrodantas13.jpeg\" \/>\n\t<meta property=\"og:image:width\" content=\"500\" \/>\n\t<meta property=\"og:image:height\" content=\"300\" \/>\n\t<meta property=\"og:image:type\" content=\"image\/jpeg\" \/>\n<meta name=\"author\" content=\"admin\" \/>\n<meta name=\"twitter:card\" content=\"summary_large_image\" \/>\n<meta name=\"twitter:label1\" content=\"Escrito por\" \/>\n\t<meta name=\"twitter:data1\" content=\"admin\" \/>\n\t<meta name=\"twitter:label2\" content=\"Est. tempo de leitura\" \/>\n\t<meta name=\"twitter:data2\" content=\"1 minuto\" \/>\n<script type=\"application\/ld+json\" class=\"yoast-schema-graph\">{\"@context\":\"https:\/\/schema.org\",\"@graph\":[{\"@type\":\"Article\",\"@id\":\"https:\/\/bahiaeconomica.com.br\/wp\/2022\/04\/19\/wagner-diz-ter-repudio-por-pl-da-exploracao-em-terras-indigenas\/#article\",\"isPartOf\":{\"@id\":\"https:\/\/bahiaeconomica.com.br\/wp\/2022\/04\/19\/wagner-diz-ter-repudio-por-pl-da-exploracao-em-terras-indigenas\/\"},\"author\":{\"name\":\"admin\",\"@id\":\"https:\/\/bahiaeconomica.com.br\/wp\/#\/schema\/person\/cb1ab5ba96ad3d9390805381c76284ec\"},\"headline\":\"WAGNER DIZ TER &#8216;REP\u00daDIO&#8217; POR PL DA EXPLORA\u00c7\u00c3O EM TERRAS IND\u00cdGENAS\",\"datePublished\":\"2022-04-19T18:46:40+00:00\",\"dateModified\":\"2022-04-19T19:30:27+00:00\",\"mainEntityOfPage\":{\"@id\":\"https:\/\/bahiaeconomica.com.br\/wp\/2022\/04\/19\/wagner-diz-ter-repudio-por-pl-da-exploracao-em-terras-indigenas\/\"},\"wordCount\":177,\"publisher\":{\"@id\":\"https:\/\/bahiaeconomica.com.br\/wp\/#organization\"},\"keywords\":[\"agrot\u00f3xicos\",\"congresso\",\"ind\u00edgenas\",\"jaques\",\"marco\",\"minera\u00e7\u00e3o\",\"PT\",\"senador\",\"temporal\",\"terras\",\"wagner\"],\"articleSection\":[\"DESTAQUE DO DIA\",\"ECONOMIA \/ POL\u00cdTICA\"],\"inLanguage\":\"pt-BR\"},{\"@type\":\"WebPage\",\"@id\":\"https:\/\/bahiaeconomica.com.br\/wp\/2022\/04\/19\/wagner-diz-ter-repudio-por-pl-da-exploracao-em-terras-indigenas\/\",\"url\":\"https:\/\/bahiaeconomica.com.br\/wp\/2022\/04\/19\/wagner-diz-ter-repudio-por-pl-da-exploracao-em-terras-indigenas\/\",\"name\":\"WAGNER DIZ TER 'REP\u00daDIO' POR PL DA EXPLORA\u00c7\u00c3O EM TERRAS IND\u00cdGENAS - Bahia Economica\",\"isPartOf\":{\"@id\":\"https:\/\/bahiaeconomica.com.br\/wp\/#website\"},\"datePublished\":\"2022-04-19T18:46:40+00:00\",\"dateModified\":\"2022-04-19T19:30:27+00:00\",\"description\":\"O maior portal de Economia da Bahia DESTAQUE DO DIA, ECONOMIA \/ POL\u00cdTICA Bahia Economica\",\"breadcrumb\":{\"@id\":\"https:\/\/bahiaeconomica.com.br\/wp\/2022\/04\/19\/wagner-diz-ter-repudio-por-pl-da-exploracao-em-terras-indigenas\/#breadcrumb\"},\"inLanguage\":\"pt-BR\",\"potentialAction\":[{\"@type\":\"ReadAction\",\"target\":[\"https:\/\/bahiaeconomica.com.br\/wp\/2022\/04\/19\/wagner-diz-ter-repudio-por-pl-da-exploracao-em-terras-indigenas\/\"]}]},{\"@type\":\"BreadcrumbList\",\"@id\":\"https:\/\/bahiaeconomica.com.br\/wp\/2022\/04\/19\/wagner-diz-ter-repudio-por-pl-da-exploracao-em-terras-indigenas\/#breadcrumb\",\"itemListElement\":[{\"@type\":\"ListItem\",\"position\":1,\"name\":\"In\u00edcio\",\"item\":\"https:\/\/bahiaeconomica.com.br\/wp\/\"},{\"@type\":\"ListItem\",\"position\":2,\"name\":\"WAGNER DIZ TER &#8216;REP\u00daDIO&#8217; POR PL DA EXPLORA\u00c7\u00c3O EM TERRAS IND\u00cdGENAS\"}]},{\"@type\":\"WebSite\",\"@id\":\"https:\/\/bahiaeconomica.com.br\/wp\/#website\",\"url\":\"https:\/\/bahiaeconomica.com.br\/wp\/\",\"name\":\"Bahia Economica\",\"description\":\"O maior portal de Economia da Bahia\",\"publisher\":{\"@id\":\"https:\/\/bahiaeconomica.com.br\/wp\/#organization\"},\"potentialAction\":[{\"@type\":\"SearchAction\",\"target\":{\"@type\":\"EntryPoint\",\"urlTemplate\":\"https:\/\/bahiaeconomica.com.br\/wp\/?s={search_term_string}\"},\"query-input\":\"required name=search_term_string\"}],\"inLanguage\":\"pt-BR\"},{\"@type\":\"Organization\",\"@id\":\"https:\/\/bahiaeconomica.com.br\/wp\/#organization\",\"name\":\"Bahia Econ\u00f4mica\",\"url\":\"https:\/\/bahiaeconomica.com.br\/wp\/\",\"logo\":{\"@type\":\"ImageObject\",\"inLanguage\":\"pt-BR\",\"@id\":\"https:\/\/bahiaeconomica.com.br\/wp\/#\/schema\/logo\/image\/\",\"url\":\"https:\/\/bahiaeconomica.com.br\/wp\/wp-content\/uploads\/2020\/12\/cropped-BE.png\",\"contentUrl\":\"https:\/\/bahiaeconomica.com.br\/wp\/wp-content\/uploads\/2020\/12\/cropped-BE.png\",\"width\":512,\"height\":512,\"caption\":\"Bahia Econ\u00f4mica\"},\"image\":{\"@id\":\"https:\/\/bahiaeconomica.com.br\/wp\/#\/schema\/logo\/image\/\"},\"sameAs\":[\"https:\/\/www.facebook.com\/bahiaeconomica\"]},{\"@type\":\"Person\",\"@id\":\"https:\/\/bahiaeconomica.com.br\/wp\/#\/schema\/person\/cb1ab5ba96ad3d9390805381c76284ec\",\"name\":\"admin\",\"url\":\"https:\/\/bahiaeconomica.com.br\/wp\/author\/admin\/\"}]}<\/script>\n<!-- \/ Yoast SEO plugin. -->","yoast_head_json":{"title":"WAGNER DIZ TER 'REP\u00daDIO' POR PL DA EXPLORA\u00c7\u00c3O EM TERRAS IND\u00cdGENAS - Bahia Economica","description":"O maior portal de Economia da Bahia DESTAQUE DO DIA, ECONOMIA \/ POL\u00cdTICA Bahia Economica","robots":{"index":"index","follow":"follow","max-snippet":"max-snippet:-1","max-image-preview":"max-image-preview:large","max-video-preview":"max-video-preview:-1"},"canonical":"https:\/\/bahiaeconomica.com.br\/wp\/2022\/04\/19\/wagner-diz-ter-repudio-por-pl-da-exploracao-em-terras-indigenas\/","og_locale":"pt_BR","og_type":"article","og_title":"WAGNER DIZ TER 'REP\u00daDIO' POR PL DA EXPLORA\u00c7\u00c3O EM TERRAS IND\u00cdGENAS - Bahia Economica","og_description":"O maior portal de Economia da Bahia DESTAQUE DO DIA, ECONOMIA \/ POL\u00cdTICA Bahia Economica","og_url":"https:\/\/bahiaeconomica.com.br\/wp\/2022\/04\/19\/wagner-diz-ter-repudio-por-pl-da-exploracao-em-terras-indigenas\/","og_site_name":"Bahia Economica","article_publisher":"https:\/\/www.facebook.com\/bahiaeconomica","article_published_time":"2022-04-19T18:46:40+00:00","article_modified_time":"2022-04-19T19:30:27+00:00","og_image":[{"width":500,"height":300,"url":"https:\/\/bahiaeconomica.com.br\/wp\/wp-content\/uploads\/2022\/04\/jaqueswagner-alessandrodantas13.jpeg","type":"image\/jpeg"}],"author":"admin","twitter_card":"summary_large_image","twitter_misc":{"Escrito por":"admin","Est. tempo de leitura":"1 minuto"},"schema":{"@context":"https:\/\/schema.org","@graph":[{"@type":"Article","@id":"https:\/\/bahiaeconomica.com.br\/wp\/2022\/04\/19\/wagner-diz-ter-repudio-por-pl-da-exploracao-em-terras-indigenas\/#article","isPartOf":{"@id":"https:\/\/bahiaeconomica.com.br\/wp\/2022\/04\/19\/wagner-diz-ter-repudio-por-pl-da-exploracao-em-terras-indigenas\/"},"author":{"name":"admin","@id":"https:\/\/bahiaeconomica.com.br\/wp\/#\/schema\/person\/cb1ab5ba96ad3d9390805381c76284ec"},"headline":"WAGNER DIZ TER &#8216;REP\u00daDIO&#8217; POR PL DA EXPLORA\u00c7\u00c3O EM TERRAS IND\u00cdGENAS","datePublished":"2022-04-19T18:46:40+00:00","dateModified":"2022-04-19T19:30:27+00:00","mainEntityOfPage":{"@id":"https:\/\/bahiaeconomica.com.br\/wp\/2022\/04\/19\/wagner-diz-ter-repudio-por-pl-da-exploracao-em-terras-indigenas\/"},"wordCount":177,"publisher":{"@id":"https:\/\/bahiaeconomica.com.br\/wp\/#organization"},"keywords":["agrot\u00f3xicos","congresso","ind\u00edgenas","jaques","marco","minera\u00e7\u00e3o","PT","senador","temporal","terras","wagner"],"articleSection":["DESTAQUE DO DIA","ECONOMIA \/ POL\u00cdTICA"],"inLanguage":"pt-BR"},{"@type":"WebPage","@id":"https:\/\/bahiaeconomica.com.br\/wp\/2022\/04\/19\/wagner-diz-ter-repudio-por-pl-da-exploracao-em-terras-indigenas\/","url":"https:\/\/bahiaeconomica.com.br\/wp\/2022\/04\/19\/wagner-diz-ter-repudio-por-pl-da-exploracao-em-terras-indigenas\/","name":"WAGNER DIZ TER 'REP\u00daDIO' POR PL DA EXPLORA\u00c7\u00c3O EM TERRAS IND\u00cdGENAS - Bahia Economica","isPartOf":{"@id":"https:\/\/bahiaeconomica.com.br\/wp\/#website"},"datePublished":"2022-04-19T18:46:40+00:00","dateModified":"2022-04-19T19:30:27+00:00","description":"O maior portal de Economia da Bahia DESTAQUE DO DIA, ECONOMIA \/ POL\u00cdTICA Bahia Economica","breadcrumb":{"@id":"https:\/\/bahiaeconomica.com.br\/wp\/2022\/04\/19\/wagner-diz-ter-repudio-por-pl-da-exploracao-em-terras-indigenas\/#breadcrumb"},"inLanguage":"pt-BR","potentialAction":[{"@type":"ReadAction","target":["https:\/\/bahiaeconomica.com.br\/wp\/2022\/04\/19\/wagner-diz-ter-repudio-por-pl-da-exploracao-em-terras-indigenas\/"]}]},{"@type":"BreadcrumbList","@id":"https:\/\/bahiaeconomica.com.br\/wp\/2022\/04\/19\/wagner-diz-ter-repudio-por-pl-da-exploracao-em-terras-indigenas\/#breadcrumb","itemListElement":[{"@type":"ListItem","position":1,"name":"In\u00edcio","item":"https:\/\/bahiaeconomica.com.br\/wp\/"},{"@type":"ListItem","position":2,"name":"WAGNER DIZ TER &#8216;REP\u00daDIO&#8217; POR PL DA EXPLORA\u00c7\u00c3O EM TERRAS IND\u00cdGENAS"}]},{"@type":"WebSite","@id":"https:\/\/bahiaeconomica.com.br\/wp\/#website","url":"https:\/\/bahiaeconomica.com.br\/wp\/","name":"Bahia Economica","description":"O maior portal de Economia da Bahia","publisher":{"@id":"https:\/\/bahiaeconomica.com.br\/wp\/#organization"},"potentialAction":[{"@type":"SearchAction","target":{"@type":"EntryPoint","urlTemplate":"https:\/\/bahiaeconomica.com.br\/wp\/?s={search_term_string}"},"query-input":"required name=search_term_string"}],"inLanguage":"pt-BR"},{"@type":"Organization","@id":"https:\/\/bahiaeconomica.com.br\/wp\/#organization","name":"Bahia Econ\u00f4mica","url":"https:\/\/bahiaeconomica.com.br\/wp\/","logo":{"@type":"ImageObject","inLanguage":"pt-BR","@id":"https:\/\/bahiaeconomica.com.br\/wp\/#\/schema\/logo\/image\/","url":"https:\/\/bahiaeconomica.com.br\/wp\/wp-content\/uploads\/2020\/12\/cropped-BE.png","contentUrl":"https:\/\/bahiaeconomica.com.br\/wp\/wp-content\/uploads\/2020\/12\/cropped-BE.png","width":512,"height":512,"caption":"Bahia Econ\u00f4mica"},"image":{"@id":"https:\/\/bahiaeconomica.com.br\/wp\/#\/schema\/logo\/image\/"},"sameAs":["https:\/\/www.facebook.com\/bahiaeconomica"]},{"@type":"Person","@id":"https:\/\/bahiaeconomica.com.br\/wp\/#\/schema\/person\/cb1ab5ba96ad3d9390805381c76284ec","name":"admin","url":"https:\/\/bahiaeconomica.com.br\/wp\/author\/admin\/"}]}},"views":3,"_links":{"self":[{"href":"https:\/\/bahiaeconomica.com.br\/wp\/wp-json\/wp\/v2\/posts\/658995"}],"collection":[{"href":"https:\/\/bahiaeconomica.com.br\/wp\/wp-json\/wp\/v2\/posts"}],"about":[{"href":"https:\/\/bahiaeconomica.com.br\/wp\/wp-json\/wp\/v2\/types\/post"}],"author":[{"embeddable":true,"href":"https:\/\/bahiaeconomica.com.br\/wp\/wp-json\/wp\/v2\/users\/1"}],"replies":[{"embeddable":true,"href":"https:\/\/bahiaeconomica.com.br\/wp\/wp-json\/wp\/v2\/comments?post=658995"}],"version-history":[{"count":2,"href":"https:\/\/bahiaeconomica.com.br\/wp\/wp-json\/wp\/v2\/posts\/658995\/revisions"}],"predecessor-version":[{"id":659031,"href":"https:\/\/bahiaeconomica.com.br\/wp\/wp-json\/wp\/v2\/posts\/658995\/revisions\/659031"}],"wp:featuredmedia":[{"embeddable":true,"href":"https:\/\/bahiaeconomica.com.br\/wp\/wp-json\/wp\/v2\/media\/658997"}],"wp:attachment":[{"href":"https:\/\/bahiaeconomica.com.br\/wp\/wp-json\/wp\/v2\/media?parent=658995"}],"wp:term":[{"taxonomy":"category","embeddable":true,"href":"https:\/\/bahiaeconomica.com.br\/wp\/wp-json\/wp\/v2\/categories?post=658995"},{"taxonomy":"post_tag","embeddable":true,"href":"https:\/\/bahiaeconomica.com.br\/wp\/wp-json\/wp\/v2\/tags?post=658995"}],"curies":[{"name":"wp","href":"https:\/\/api.w.org\/{rel}","templated":true}]}}