{"id":658952,"date":"2022-04-19T16:00:32","date_gmt":"2022-04-19T19:00:32","guid":{"rendered":"https:\/\/bahiaeconomica.com.br\/wp\/beta\/?p=658952"},"modified":"2022-04-19T14:40:08","modified_gmt":"2022-04-19T17:40:08","slug":"atleta-baiano-fatura-sul-americano-de-vela-na-argentina","status":"publish","type":"post","link":"https:\/\/bahiaeconomica.com.br\/wp\/2022\/04\/19\/atleta-baiano-fatura-sul-americano-de-vela-na-argentina\/","title":{"rendered":"ATLETA BAIANO FATURA SUL-AMERICANO DE VELA NA ARGENTINA"},"content":{"rendered":"<p class=\"bodytext\">O\u00a0Campeonato Sul-Americano da Classe Snipe terminou no\u00a0\u00faltimo domingo (17), e teve campe\u00e3o baiano. O atleta Bernardo Peixoto, de 19 anos, faturou o t\u00edtulo da categoria\u00a0J\u00fanior, ao lado do parceiro, o carioca\u00a0M\u00e1rcio Santos. As regatas foram disputadas em Olivos, na Argentina.<\/p>\n<p class=\"bodytext\">&#8220;\u00c9 uma conquista de muita gente. Sou muito grato n\u00e3o s\u00f3 ao meu parceiro de barco, que \u00e9 um cara excepcional, mas tamb\u00e9m aos meus familiares, amigos, apoiadores e o clube que est\u00e1 sempre ao meu lado. Tenho certeza que muitas outras conquistas vir\u00e3o pela frente e que comemoraremos bastante num futuro pr\u00f3ximo se mais e mais pessoas acreditarem nesse projeto esportivo que \u00e9 um verdadeiro sonho de vida&#8221;, comemorou Bernardo Peixoto, que \u00e9 atleta do Yacht Clube da Bahia.<\/p>\n<p class=\"bodytext\">A dupla brasileira acabou a competi\u00e7\u00e3o na 14\u00aa coloca\u00e7\u00e3o no geral (para todas as idades). O trof\u00e9u ficou com os argentinos Luis Soubie e Diego Lipszyc. Na segunda posi\u00e7\u00e3o,\u00a0apareceram Ernesto Rodriguez e Kathleen Tocke, dos Estados Unidos, seguidos pela dupla chilena Mat\u00edas Seguel e Constanza Seguel.<\/p>\n<p class=\"bodytext\">O baiano j\u00e1 est\u00e1 de volta ao Brasil e, agora, se prepara para disputar mais uma competi\u00e7\u00e3o. Desta vez, no Rio de Janeiro: o objetivo \u00e9 conquistar a ta\u00e7a Octanorm de Snipe, que acontecer\u00e1 entre os dias 21 e 24 de abril.<\/p>\n<p class=\"bodytext\">&#8220;O ritmo \u00e9 intenso, mas quem almeja coisas grandes, precisa estar pronto para desafios grandes tamb\u00e9m. Estou muito estimulado e quero continuar evoluindo. As competi\u00e7\u00f5es em alto n\u00edvel em nosso calend\u00e1rio me impulsionam a esse estado de constante crescimento. Vamos pra cima&#8221;, afirmou\u00a0o atleta de 19 anos, que tamb\u00e9m \u00e9 estudante de Economia, na Universidade Federal da Bahia.<\/p>\n<p>&nbsp;<\/p>\n<p>Cr\u00e9dito: correio\/reprodu\u00e7\u00e3o<\/p>\n","protected":false},"excerpt":{"rendered":"<p>O\u00a0Campeonato Sul-Americano da Classe Snipe terminou no\u00a0\u00faltimo domingo (17), e teve campe\u00e3o baiano. O atleta Bernardo Peixoto, de 19 anos, faturou o t\u00edtulo da categoria\u00a0J\u00fanior, ao lado do parceiro, o carioca\u00a0M\u00e1rcio Santos. As regatas foram disputadas em Olivos, na Argentina. &#8220;\u00c9 uma conquista de muita gente. Sou muito grato n\u00e3o s\u00f3 ao meu parceiro de [&hellip;]<\/p>\n","protected":false},"author":1,"featured_media":658956,"comment_status":"closed","ping_status":"closed","sticky":false,"template":"","format":"standard","meta":[],"categories":[4486],"tags":[],"acf":[],"yoast_head":"<!-- This site is optimized with the Yoast SEO plugin v20.8 - https:\/\/yoast.com\/wordpress\/plugins\/seo\/ -->\n<title>ATLETA BAIANO FATURA SUL-AMERICANO DE VELA NA ARGENTINA - Bahia Economica<\/title>\n<meta name=\"description\" content=\"O maior portal de Economia da Bahia Esporte Bahia Economica\" \/>\n<meta name=\"robots\" content=\"index, follow, max-snippet:-1, max-image-preview:large, max-video-preview:-1\" \/>\n<link rel=\"canonical\" href=\"https:\/\/bahiaeconomica.com.br\/wp\/2022\/04\/19\/atleta-baiano-fatura-sul-americano-de-vela-na-argentina\/\" \/>\n<meta property=\"og:locale\" content=\"pt_BR\" \/>\n<meta property=\"og:type\" content=\"article\" \/>\n<meta property=\"og:title\" content=\"ATLETA BAIANO FATURA SUL-AMERICANO DE VELA NA ARGENTINA - Bahia Economica\" \/>\n<meta property=\"og:description\" content=\"O maior portal de Economia da Bahia Esporte Bahia Economica\" \/>\n<meta property=\"og:url\" content=\"https:\/\/bahiaeconomica.com.br\/wp\/2022\/04\/19\/atleta-baiano-fatura-sul-americano-de-vela-na-argentina\/\" \/>\n<meta property=\"og:site_name\" content=\"Bahia Economica\" \/>\n<meta property=\"article:publisher\" content=\"https:\/\/www.facebook.com\/bahiaeconomica\" \/>\n<meta property=\"article:published_time\" content=\"2022-04-19T19:00:32+00:00\" \/>\n<meta property=\"article:modified_time\" content=\"2022-04-19T17:40:08+00:00\" \/>\n<meta property=\"og:image\" content=\"https:\/\/bahiaeconomica.com.br\/wp\/wp-content\/uploads\/2022\/04\/csm_Bernardo_bone_azul_-Marcio-campeoes-sulamericano_834c0362bd.jpg\" \/>\n\t<meta property=\"og:image:width\" content=\"940\" \/>\n\t<meta property=\"og:image:height\" content=\"585\" \/>\n\t<meta property=\"og:image:type\" content=\"image\/jpeg\" \/>\n<meta name=\"author\" content=\"admin\" \/>\n<meta name=\"twitter:card\" content=\"summary_large_image\" \/>\n<meta name=\"twitter:label1\" content=\"Escrito por\" \/>\n\t<meta name=\"twitter:data1\" content=\"admin\" \/>\n\t<meta name=\"twitter:label2\" content=\"Est. tempo de leitura\" \/>\n\t<meta name=\"twitter:data2\" content=\"1 minuto\" \/>\n<script type=\"application\/ld+json\" class=\"yoast-schema-graph\">{\"@context\":\"https:\/\/schema.org\",\"@graph\":[{\"@type\":\"Article\",\"@id\":\"https:\/\/bahiaeconomica.com.br\/wp\/2022\/04\/19\/atleta-baiano-fatura-sul-americano-de-vela-na-argentina\/#article\",\"isPartOf\":{\"@id\":\"https:\/\/bahiaeconomica.com.br\/wp\/2022\/04\/19\/atleta-baiano-fatura-sul-americano-de-vela-na-argentina\/\"},\"author\":{\"name\":\"admin\",\"@id\":\"https:\/\/bahiaeconomica.com.br\/wp\/#\/schema\/person\/cb1ab5ba96ad3d9390805381c76284ec\"},\"headline\":\"ATLETA BAIANO FATURA SUL-AMERICANO DE VELA NA ARGENTINA\",\"datePublished\":\"2022-04-19T19:00:32+00:00\",\"dateModified\":\"2022-04-19T17:40:08+00:00\",\"mainEntityOfPage\":{\"@id\":\"https:\/\/bahiaeconomica.com.br\/wp\/2022\/04\/19\/atleta-baiano-fatura-sul-americano-de-vela-na-argentina\/\"},\"wordCount\":293,\"publisher\":{\"@id\":\"https:\/\/bahiaeconomica.com.br\/wp\/#organization\"},\"articleSection\":[\"Esporte\"],\"inLanguage\":\"pt-BR\"},{\"@type\":\"WebPage\",\"@id\":\"https:\/\/bahiaeconomica.com.br\/wp\/2022\/04\/19\/atleta-baiano-fatura-sul-americano-de-vela-na-argentina\/\",\"url\":\"https:\/\/bahiaeconomica.com.br\/wp\/2022\/04\/19\/atleta-baiano-fatura-sul-americano-de-vela-na-argentina\/\",\"name\":\"ATLETA BAIANO FATURA SUL-AMERICANO DE VELA NA ARGENTINA - Bahia Economica\",\"isPartOf\":{\"@id\":\"https:\/\/bahiaeconomica.com.br\/wp\/#website\"},\"datePublished\":\"2022-04-19T19:00:32+00:00\",\"dateModified\":\"2022-04-19T17:40:08+00:00\",\"description\":\"O maior portal de Economia da Bahia Esporte Bahia Economica\",\"breadcrumb\":{\"@id\":\"https:\/\/bahiaeconomica.com.br\/wp\/2022\/04\/19\/atleta-baiano-fatura-sul-americano-de-vela-na-argentina\/#breadcrumb\"},\"inLanguage\":\"pt-BR\",\"potentialAction\":[{\"@type\":\"ReadAction\",\"target\":[\"https:\/\/bahiaeconomica.com.br\/wp\/2022\/04\/19\/atleta-baiano-fatura-sul-americano-de-vela-na-argentina\/\"]}]},{\"@type\":\"BreadcrumbList\",\"@id\":\"https:\/\/bahiaeconomica.com.br\/wp\/2022\/04\/19\/atleta-baiano-fatura-sul-americano-de-vela-na-argentina\/#breadcrumb\",\"itemListElement\":[{\"@type\":\"ListItem\",\"position\":1,\"name\":\"In\u00edcio\",\"item\":\"https:\/\/bahiaeconomica.com.br\/wp\/\"},{\"@type\":\"ListItem\",\"position\":2,\"name\":\"ATLETA BAIANO FATURA SUL-AMERICANO DE VELA NA ARGENTINA\"}]},{\"@type\":\"WebSite\",\"@id\":\"https:\/\/bahiaeconomica.com.br\/wp\/#website\",\"url\":\"https:\/\/bahiaeconomica.com.br\/wp\/\",\"name\":\"Bahia Economica\",\"description\":\"O maior portal de Economia da Bahia\",\"publisher\":{\"@id\":\"https:\/\/bahiaeconomica.com.br\/wp\/#organization\"},\"potentialAction\":[{\"@type\":\"SearchAction\",\"target\":{\"@type\":\"EntryPoint\",\"urlTemplate\":\"https:\/\/bahiaeconomica.com.br\/wp\/?s={search_term_string}\"},\"query-input\":\"required name=search_term_string\"}],\"inLanguage\":\"pt-BR\"},{\"@type\":\"Organization\",\"@id\":\"https:\/\/bahiaeconomica.com.br\/wp\/#organization\",\"name\":\"Bahia Econ\u00f4mica\",\"url\":\"https:\/\/bahiaeconomica.com.br\/wp\/\",\"logo\":{\"@type\":\"ImageObject\",\"inLanguage\":\"pt-BR\",\"@id\":\"https:\/\/bahiaeconomica.com.br\/wp\/#\/schema\/logo\/image\/\",\"url\":\"https:\/\/bahiaeconomica.com.br\/wp\/wp-content\/uploads\/2020\/12\/cropped-BE.png\",\"contentUrl\":\"https:\/\/bahiaeconomica.com.br\/wp\/wp-content\/uploads\/2020\/12\/cropped-BE.png\",\"width\":512,\"height\":512,\"caption\":\"Bahia Econ\u00f4mica\"},\"image\":{\"@id\":\"https:\/\/bahiaeconomica.com.br\/wp\/#\/schema\/logo\/image\/\"},\"sameAs\":[\"https:\/\/www.facebook.com\/bahiaeconomica\"]},{\"@type\":\"Person\",\"@id\":\"https:\/\/bahiaeconomica.com.br\/wp\/#\/schema\/person\/cb1ab5ba96ad3d9390805381c76284ec\",\"name\":\"admin\",\"url\":\"https:\/\/bahiaeconomica.com.br\/wp\/author\/admin\/\"}]}<\/script>\n<!-- \/ Yoast SEO plugin. -->","yoast_head_json":{"title":"ATLETA BAIANO FATURA SUL-AMERICANO DE VELA NA ARGENTINA - Bahia Economica","description":"O maior portal de Economia da Bahia Esporte Bahia Economica","robots":{"index":"index","follow":"follow","max-snippet":"max-snippet:-1","max-image-preview":"max-image-preview:large","max-video-preview":"max-video-preview:-1"},"canonical":"https:\/\/bahiaeconomica.com.br\/wp\/2022\/04\/19\/atleta-baiano-fatura-sul-americano-de-vela-na-argentina\/","og_locale":"pt_BR","og_type":"article","og_title":"ATLETA BAIANO FATURA SUL-AMERICANO DE VELA NA ARGENTINA - Bahia Economica","og_description":"O maior portal de Economia da Bahia Esporte Bahia Economica","og_url":"https:\/\/bahiaeconomica.com.br\/wp\/2022\/04\/19\/atleta-baiano-fatura-sul-americano-de-vela-na-argentina\/","og_site_name":"Bahia Economica","article_publisher":"https:\/\/www.facebook.com\/bahiaeconomica","article_published_time":"2022-04-19T19:00:32+00:00","article_modified_time":"2022-04-19T17:40:08+00:00","og_image":[{"width":940,"height":585,"url":"https:\/\/bahiaeconomica.com.br\/wp\/wp-content\/uploads\/2022\/04\/csm_Bernardo_bone_azul_-Marcio-campeoes-sulamericano_834c0362bd.jpg","type":"image\/jpeg"}],"author":"admin","twitter_card":"summary_large_image","twitter_misc":{"Escrito por":"admin","Est. tempo de leitura":"1 minuto"},"schema":{"@context":"https:\/\/schema.org","@graph":[{"@type":"Article","@id":"https:\/\/bahiaeconomica.com.br\/wp\/2022\/04\/19\/atleta-baiano-fatura-sul-americano-de-vela-na-argentina\/#article","isPartOf":{"@id":"https:\/\/bahiaeconomica.com.br\/wp\/2022\/04\/19\/atleta-baiano-fatura-sul-americano-de-vela-na-argentina\/"},"author":{"name":"admin","@id":"https:\/\/bahiaeconomica.com.br\/wp\/#\/schema\/person\/cb1ab5ba96ad3d9390805381c76284ec"},"headline":"ATLETA BAIANO FATURA SUL-AMERICANO DE VELA NA ARGENTINA","datePublished":"2022-04-19T19:00:32+00:00","dateModified":"2022-04-19T17:40:08+00:00","mainEntityOfPage":{"@id":"https:\/\/bahiaeconomica.com.br\/wp\/2022\/04\/19\/atleta-baiano-fatura-sul-americano-de-vela-na-argentina\/"},"wordCount":293,"publisher":{"@id":"https:\/\/bahiaeconomica.com.br\/wp\/#organization"},"articleSection":["Esporte"],"inLanguage":"pt-BR"},{"@type":"WebPage","@id":"https:\/\/bahiaeconomica.com.br\/wp\/2022\/04\/19\/atleta-baiano-fatura-sul-americano-de-vela-na-argentina\/","url":"https:\/\/bahiaeconomica.com.br\/wp\/2022\/04\/19\/atleta-baiano-fatura-sul-americano-de-vela-na-argentina\/","name":"ATLETA BAIANO FATURA SUL-AMERICANO DE VELA NA ARGENTINA - Bahia Economica","isPartOf":{"@id":"https:\/\/bahiaeconomica.com.br\/wp\/#website"},"datePublished":"2022-04-19T19:00:32+00:00","dateModified":"2022-04-19T17:40:08+00:00","description":"O maior portal de Economia da Bahia Esporte Bahia Economica","breadcrumb":{"@id":"https:\/\/bahiaeconomica.com.br\/wp\/2022\/04\/19\/atleta-baiano-fatura-sul-americano-de-vela-na-argentina\/#breadcrumb"},"inLanguage":"pt-BR","potentialAction":[{"@type":"ReadAction","target":["https:\/\/bahiaeconomica.com.br\/wp\/2022\/04\/19\/atleta-baiano-fatura-sul-americano-de-vela-na-argentina\/"]}]},{"@type":"BreadcrumbList","@id":"https:\/\/bahiaeconomica.com.br\/wp\/2022\/04\/19\/atleta-baiano-fatura-sul-americano-de-vela-na-argentina\/#breadcrumb","itemListElement":[{"@type":"ListItem","position":1,"name":"In\u00edcio","item":"https:\/\/bahiaeconomica.com.br\/wp\/"},{"@type":"ListItem","position":2,"name":"ATLETA BAIANO FATURA SUL-AMERICANO DE VELA NA ARGENTINA"}]},{"@type":"WebSite","@id":"https:\/\/bahiaeconomica.com.br\/wp\/#website","url":"https:\/\/bahiaeconomica.com.br\/wp\/","name":"Bahia Economica","description":"O maior portal de Economia da Bahia","publisher":{"@id":"https:\/\/bahiaeconomica.com.br\/wp\/#organization"},"potentialAction":[{"@type":"SearchAction","target":{"@type":"EntryPoint","urlTemplate":"https:\/\/bahiaeconomica.com.br\/wp\/?s={search_term_string}"},"query-input":"required name=search_term_string"}],"inLanguage":"pt-BR"},{"@type":"Organization","@id":"https:\/\/bahiaeconomica.com.br\/wp\/#organization","name":"Bahia Econ\u00f4mica","url":"https:\/\/bahiaeconomica.com.br\/wp\/","logo":{"@type":"ImageObject","inLanguage":"pt-BR","@id":"https:\/\/bahiaeconomica.com.br\/wp\/#\/schema\/logo\/image\/","url":"https:\/\/bahiaeconomica.com.br\/wp\/wp-content\/uploads\/2020\/12\/cropped-BE.png","contentUrl":"https:\/\/bahiaeconomica.com.br\/wp\/wp-content\/uploads\/2020\/12\/cropped-BE.png","width":512,"height":512,"caption":"Bahia Econ\u00f4mica"},"image":{"@id":"https:\/\/bahiaeconomica.com.br\/wp\/#\/schema\/logo\/image\/"},"sameAs":["https:\/\/www.facebook.com\/bahiaeconomica"]},{"@type":"Person","@id":"https:\/\/bahiaeconomica.com.br\/wp\/#\/schema\/person\/cb1ab5ba96ad3d9390805381c76284ec","name":"admin","url":"https:\/\/bahiaeconomica.com.br\/wp\/author\/admin\/"}]}},"views":6,"_links":{"self":[{"href":"https:\/\/bahiaeconomica.com.br\/wp\/wp-json\/wp\/v2\/posts\/658952"}],"collection":[{"href":"https:\/\/bahiaeconomica.com.br\/wp\/wp-json\/wp\/v2\/posts"}],"about":[{"href":"https:\/\/bahiaeconomica.com.br\/wp\/wp-json\/wp\/v2\/types\/post"}],"author":[{"embeddable":true,"href":"https:\/\/bahiaeconomica.com.br\/wp\/wp-json\/wp\/v2\/users\/1"}],"replies":[{"embeddable":true,"href":"https:\/\/bahiaeconomica.com.br\/wp\/wp-json\/wp\/v2\/comments?post=658952"}],"version-history":[{"count":1,"href":"https:\/\/bahiaeconomica.com.br\/wp\/wp-json\/wp\/v2\/posts\/658952\/revisions"}],"predecessor-version":[{"id":658957,"href":"https:\/\/bahiaeconomica.com.br\/wp\/wp-json\/wp\/v2\/posts\/658952\/revisions\/658957"}],"wp:featuredmedia":[{"embeddable":true,"href":"https:\/\/bahiaeconomica.com.br\/wp\/wp-json\/wp\/v2\/media\/658956"}],"wp:attachment":[{"href":"https:\/\/bahiaeconomica.com.br\/wp\/wp-json\/wp\/v2\/media?parent=658952"}],"wp:term":[{"taxonomy":"category","embeddable":true,"href":"https:\/\/bahiaeconomica.com.br\/wp\/wp-json\/wp\/v2\/categories?post=658952"},{"taxonomy":"post_tag","embeddable":true,"href":"https:\/\/bahiaeconomica.com.br\/wp\/wp-json\/wp\/v2\/tags?post=658952"}],"curies":[{"name":"wp","href":"https:\/\/api.w.org\/{rel}","templated":true}]}}