{"id":658385,"date":"2022-04-18T07:20:34","date_gmt":"2022-04-18T10:20:34","guid":{"rendered":"https:\/\/bahiaeconomica.com.br\/wp\/beta\/?p=658385"},"modified":"2022-04-18T07:20:34","modified_gmt":"2022-04-18T10:20:34","slug":"salvador-retoma-vacinacao-nesta-segunda-18","status":"publish","type":"post","link":"https:\/\/bahiaeconomica.com.br\/wp\/2022\/04\/18\/salvador-retoma-vacinacao-nesta-segunda-18\/","title":{"rendered":"SALVADOR RETOMA VACINA\u00c7\u00c3O NESTA SEGUNDA (18)"},"content":{"rendered":"<p>A vacina\u00e7\u00e3o contra a Covid-19 em Salvador ser\u00e1 retomada, nesta segunda-feira (18), das 8h \u00e0s 16h, com a estrat\u00e9gia \u201cLiberou Geral\u201d para aplica\u00e7\u00e3o da 1\u00aa dose em pessoas com<!--more--> 12 anos ou mais, al\u00e9m da 2\u00aa e 3\u00aa dose para indiv\u00edduos com 18 anos ou mais, independentemente de ser residente na capital baiana. O \u00fanico requisito \u00e9 ter o cart\u00e3o SUS vinculado a algum munic\u00edpio do estado da Bahia.<\/p>\n<p>O interessado deve apresentar, obrigatoriamente, original e c\u00f3pia do cart\u00e3o de vacina, carteira nacional de vacina\u00e7\u00e3o digital (ConectSUS) atualizado, documento de identifica\u00e7\u00e3o com foto e comprovante de resid\u00eancia do munic\u00edpio do Estado da Bahia. Os demais grupos n\u00e3o inclu\u00eddos na estrat\u00e9gia \u201cLiberou Geral\u201d devem residir em Salvador e ter o nome na lista do site da Secretaria Municipal da Sa\u00fade (SMS), no endere\u00e7o www.saude.salvador.ba.gov.br. Tamb\u00e9m nesta segunda (18) segue a vacina\u00e7\u00e3o para crian\u00e7as de 5 a 11 anos em institui\u00e7\u00f5es de ensino da capital baiana.<\/p>\n<p>DOCUMENTOS:<\/p>\n<p>Crian\u00e7a ou adolescente acompanhado pelo pai ou m\u00e3e: \u00c9 necess\u00e1rio estar com nome no site da SMS e, no ato da vacina\u00e7\u00e3o, apresentar original e c\u00f3pia do documento de identifica\u00e7\u00e3o com foto do pai ou da m\u00e3e que estiver presente, original e c\u00f3pia do documento de identifica\u00e7\u00e3o da crian\u00e7a\/adolescente, e originais da caderneta de vacina e Cart\u00e3o SUS de Salvador da crian\u00e7a\/adolescente.<\/p>\n<p>Crian\u00e7a ou adolescente desacompanhado do pai ou da m\u00e3e: \u00c9 necess\u00e1rio estar com o nome no site e, no ato da vacina\u00e7\u00e3o, estar acompanhada por outra pessoa maior de 18 anos. Al\u00e9m disso, dever\u00e1 ser apresentado o Formul\u00e1rio de Vacina\u00e7\u00e3o preenchido e assinado pelo genitor da crian\u00e7a (pai ou m\u00e3e), c\u00f3pia do documento de identifica\u00e7\u00e3o com foto do respons\u00e1vel pela assinatura no documento, mais original e c\u00f3pia do documento de identifica\u00e7\u00e3o da crian\u00e7a\/adolescente, al\u00e9m dos originais da caderneta de vacina e do Cart\u00e3o SUS de Salvador da crian\u00e7a\/adolescente. O Formul\u00e1rio de Vacina est\u00e1 dispon\u00edvel para impress\u00e3o no site da SMS.<\/p>\n<p>Adultos: Dever\u00e3o apresentar no ato da vacina\u00e7\u00e3o o ConectSUS atualizado e documento oficial de identifica\u00e7\u00e3o com foto.<\/p>\n<p>Volunt\u00e1rios de pesquisas e estudos: Para recebimento da 3\u00aa dose, os volunt\u00e1rios de pesquisas e estudos dever\u00e3o apresentar os documentos citados acima, al\u00e9m de declara\u00e7\u00e3o do instituto de pesquisa indicando que est\u00e3o liberados para 3\u00aa dose, sem preju\u00edzo do prosseguimento do estudo\/pesquisa.<\/p>\n<p>Gestantes e pu\u00e9rperas: As gestantes devem apresentar, obrigatoriamente, c\u00f3pia impressa da prescri\u00e7\u00e3o m\u00e9dica. As pu\u00e9rperas, al\u00e9m da prescri\u00e7\u00e3o m\u00e9dica, devem tamb\u00e9m apresentar uma c\u00f3pia da certid\u00e3o de nascimento do beb\u00ea ou Declara\u00e7\u00e3o de Nascidos Vivos.<\/p>\n<p>&nbsp;<\/p>\n<p>Imunossuprimidos \u2013 4\u00aa dose e idosos com 80 anos ou mais: Os interessados devem ter 18 anos ou mais, j\u00e1 ter tomado as tr\u00eas doses do esquema vacinal, tendo tomado a 3\u00aa dose at\u00e9 a data indicada na estrat\u00e9gia. Al\u00e9m disso, \u00e9 necess\u00e1rio, obrigatoriamente, estar com o nome no site da SMS, no link www.saude.salvador.ba.gov.br\/servicos\/servicos-online\/gruposprioritariosvacinacao\/.<\/p>\n<p>Os casos excepcionais relacionados \u00e0 falta de apresenta\u00e7\u00e3o da documenta\u00e7\u00e3o completa ser\u00e3o tratados individualmente no pr\u00f3prio ato\/local da vacina\u00e7\u00e3o, como vem ocorrendo desde o in\u00edcio da estrat\u00e9gia.<\/p>\n<p>* 1\u00aa DOSE \u2013 PFIZER: CRIAN\u00c7AS DE 5 A 11 ANOS (INCLUINDO IMUNOSSUPRIMIDAS);<\/p>\n<p>* 2\u00aa DOSE \u2013 CORONAVAC \u2013 CRIAN\u00c7AS E ADOLESCENTES DE 6 A 17 ANOS QUE TOMARAM A PRIMEIRA DOSE AT\u00c9 21\/3\/2022;<\/p>\n<p>* 2\u00aa DOSE \u2013 PFIZER PEDI\u00c1TRICA: CRIAN\u00c7AS DE 5 A 11 ANOS QUE TOMARAM A PRIMEIRA DOSE AT\u00c9 21\/2\/2022<\/p>\n<p>Pontos fixos: USF Piraj\u00e1, USF Vale do Matatu, USF Jardim das Margaridas, USF Cajazeiras V, USF San Martin III, USF Lealdina Barros (Vale da Muri\u00e7oca), UBS Barbalho, UBS Eun\u00edsio Teixeira (Saboeiro), USF Jo\u00e3o Roma Filho (Jardim Nova Esperan\u00e7a), USF Joanes Leste, UBS S\u00e9rgio Arouca (Paripe) e USF Imbu\u00ed.<\/p>\n<p>* 1\u00aa DOSE \u2013 PFIZER: PESSOAS COM 12 ANOS OU MAIS (INCLUINDO GESTANTES E PU\u00c9RPERAS) \u2013 LIBEROU GERAL;<\/p>\n<p>* 2\u00aa DOSE PFIZER: PESSOAS COM 12 ANOS OU MAIS APRAZADAS AT\u00c9 14\/5\/2022 \u2013 LIBEROU GERAL;<\/p>\n<p>* 2\u00aa DOSE: GESTANTES E PU\u00c9RPERAS APRAZADAS AT\u00c9 14\/5\/2022;<\/p>\n<p>* 3\u00aa DOSE: PESSOAS COM 18 ANOS OU MAIS QUE TOMARAM A SEGUNDA DOSE AT\u00c9 18\/12\/2021 \u2013 LIBEROU GERAL;<\/p>\n<p>* 3\u00aa DOSE \u2013 PFIZER: IMUNOSSUPRIMIDOS COM 12 ANOS OU MAIS QUE TOMARAM A SEGUNDA DOSE AT\u00c9 O DIA 20\/2\/2022;<\/p>\n<p>* 3\u00aa DOSE: GESTANTES E PU\u00c9RPERAS QUE TOMARAM A 2\u00aa DOSE AT\u00c9 14\/11\/2021;<\/p>\n<p>* 4\u00aa DOSE: IDOSOS COM 80 ANOS OU MAIS QUE TOMARAM A 3\u00aa DOSE AT\u00c9 18\/12\/2021.<\/p>\n<p>Drive-thrus: Vila Militar (Dendezeiros), Shopping Bela Vista (9h \u00e0s 16h) e 5\u00ba Centro de Sa\u00fade (Barris).<\/p>\n<p>Pontos fixos: USF Terreiro de Jesus (Pelourinho), UBS Ramiro de Azevedo (Campo da P\u00f3lvora), USF Cambonas (Via Regional), UBS Vale dos Lagos, USF S\u00e3o Marcos, USF Cajazeiras X, USF Boa Vista de S\u00e3o Caetano, USF San Martim I, UBS S\u00e3o Crist\u00f3v\u00e3o, USF Eduardo Mamede (Mussurunga), Home Center Ferreira Costa (Paralela), UBS Ministro Alckmin (Massaranduba), USF Vista Alegre, USF Alto de Coutos II, USF Plataforma, USF Tubar\u00e3o, USF Teot\u00f4nio Vilela II (Nova Bras\u00edlia de Val\u00e9ria), USF Vale do Matatu, USF Santa Luzia (Engenho Velho de Brotas), USF Sussuarana, USF Calabet\u00e3o, 5\u00ba Centro de Sa\u00fade (Barris), USF Menino Joel (Nordeste de Amaralina) e USF Curralinho.<\/p>\n<p>* 2\u00aa DOSE CORONAVAC: APRAZADOS AT\u00c9 18\/4\/2022 \u2013 LIBEROU GERAL;<\/p>\n<p>* 2\u00aa DOSE JANSSEN: PARA QUEM TOMOU A PRIMEIRA DOSE\/DOSE \u00daNICA DA JANSSEN AT\u00c9 A DATA DE 15\/2\/2022;<\/p>\n<p>* 2\u00aa DOSE OXFORD: APRAZADOS AT\u00c9 14\/5\/2022<\/p>\n<p>Drive-thrus: 5\u00ba Centro de Sa\u00fade (Barris) e Vila Militar (Dendezeiros)<\/p>\n<p>Pontos fixos: UBS Ramiro de Azevedo (Campo da P\u00f3lvora), UBS Vale dos Lagos, USF Gal Costa, 5\u00ba Centro de Sa\u00fade (Barris), UBS Frei Benjamin (Val\u00e9ria), UBS Nelson Piauhy Dourado (\u00c1guas Claras), USF Eduardo Mamede (Mussurunga), USF San Martim I, USF Santa Luzia (Engenho Velho de Brotas), USF Resgate, USF Plataforma, USF Tubar\u00e3o e USF Teot\u00f4nio Vilela II (Nova Bras\u00edlia de Val\u00e9ria).<\/p>\n<p>4\u00aa DOSE: PESSOAS IMUNOSSUPRIMIDAS COM 12 ANOS OU MAIS QUE TOMARAM A 3\u00aa DOSE AT\u00c9 18\/12\/2021<\/p>\n<p>Ponto fixo: USF Federa\u00e7\u00e3o.<\/p>\n<p>&nbsp;<\/p>\n<p>Foto: Angelo Pontes\/Sistema Fieb<\/p>\n","protected":false},"excerpt":{"rendered":"<p>A vacina\u00e7\u00e3o contra a Covid-19 em Salvador ser\u00e1 retomada, nesta segunda-feira (18), das 8h \u00e0s 16h, com a estrat\u00e9gia \u201cLiberou Geral\u201d para aplica\u00e7\u00e3o da 1\u00aa dose em pessoas com<\/p>\n","protected":false},"author":1,"featured_media":652502,"comment_status":"closed","ping_status":"closed","sticky":false,"template":"","format":"standard","meta":[],"categories":[3,21],"tags":[52,1307,528],"acf":[],"yoast_head":"<!-- This site is optimized with the Yoast SEO plugin v20.8 - https:\/\/yoast.com\/wordpress\/plugins\/seo\/ -->\n<title>SALVADOR RETOMA VACINA\u00c7\u00c3O NESTA SEGUNDA (18) - Bahia Economica<\/title>\n<meta name=\"description\" content=\"O maior portal de Economia da Bahia ECONOMIA \/ POL\u00cdTICA, Sa\u00fade \/ Educa\u00e7\u00e3o Bahia Economica\" \/>\n<meta name=\"robots\" content=\"index, follow, max-snippet:-1, max-image-preview:large, max-video-preview:-1\" \/>\n<link rel=\"canonical\" href=\"https:\/\/bahiaeconomica.com.br\/wp\/2022\/04\/18\/salvador-retoma-vacinacao-nesta-segunda-18\/\" \/>\n<meta property=\"og:locale\" content=\"pt_BR\" \/>\n<meta property=\"og:type\" content=\"article\" \/>\n<meta property=\"og:title\" content=\"SALVADOR RETOMA VACINA\u00c7\u00c3O NESTA SEGUNDA (18) - Bahia Economica\" \/>\n<meta property=\"og:description\" content=\"O maior portal de Economia da Bahia ECONOMIA \/ POL\u00cdTICA, Sa\u00fade \/ Educa\u00e7\u00e3o Bahia Economica\" \/>\n<meta property=\"og:url\" content=\"https:\/\/bahiaeconomica.com.br\/wp\/2022\/04\/18\/salvador-retoma-vacinacao-nesta-segunda-18\/\" \/>\n<meta property=\"og:site_name\" content=\"Bahia Economica\" \/>\n<meta property=\"article:publisher\" content=\"https:\/\/www.facebook.com\/bahiaeconomica\" \/>\n<meta property=\"article:published_time\" content=\"2022-04-18T10:20:34+00:00\" \/>\n<meta property=\"og:image\" content=\"https:\/\/bahiaeconomica.com.br\/wp\/wp-content\/uploads\/2022\/03\/21-01-2022-vacinacao-criancas-fotos-igor-santos-secom-digital-3.webp\" \/>\n\t<meta property=\"og:image:width\" content=\"640\" \/>\n\t<meta property=\"og:image:height\" content=\"427\" \/>\n\t<meta property=\"og:image:type\" content=\"image\/webp\" \/>\n<meta name=\"author\" content=\"admin\" \/>\n<meta name=\"twitter:card\" content=\"summary_large_image\" \/>\n<meta name=\"twitter:label1\" content=\"Escrito por\" \/>\n\t<meta name=\"twitter:data1\" content=\"admin\" \/>\n\t<meta name=\"twitter:label2\" content=\"Est. tempo de leitura\" \/>\n\t<meta name=\"twitter:data2\" content=\"5 minutos\" \/>\n<script type=\"application\/ld+json\" class=\"yoast-schema-graph\">{\"@context\":\"https:\/\/schema.org\",\"@graph\":[{\"@type\":\"Article\",\"@id\":\"https:\/\/bahiaeconomica.com.br\/wp\/2022\/04\/18\/salvador-retoma-vacinacao-nesta-segunda-18\/#article\",\"isPartOf\":{\"@id\":\"https:\/\/bahiaeconomica.com.br\/wp\/2022\/04\/18\/salvador-retoma-vacinacao-nesta-segunda-18\/\"},\"author\":{\"name\":\"admin\",\"@id\":\"https:\/\/bahiaeconomica.com.br\/wp\/#\/schema\/person\/cb1ab5ba96ad3d9390805381c76284ec\"},\"headline\":\"SALVADOR RETOMA VACINA\u00c7\u00c3O NESTA SEGUNDA (18)\",\"datePublished\":\"2022-04-18T10:20:34+00:00\",\"dateModified\":\"2022-04-18T10:20:34+00:00\",\"mainEntityOfPage\":{\"@id\":\"https:\/\/bahiaeconomica.com.br\/wp\/2022\/04\/18\/salvador-retoma-vacinacao-nesta-segunda-18\/\"},\"wordCount\":1015,\"publisher\":{\"@id\":\"https:\/\/bahiaeconomica.com.br\/wp\/#organization\"},\"keywords\":[\"Brasil\",\"polica\",\"Vacina\"],\"articleSection\":[\"ECONOMIA \/ POL\u00cdTICA\",\"Sa\u00fade \/ Educa\u00e7\u00e3o\"],\"inLanguage\":\"pt-BR\"},{\"@type\":\"WebPage\",\"@id\":\"https:\/\/bahiaeconomica.com.br\/wp\/2022\/04\/18\/salvador-retoma-vacinacao-nesta-segunda-18\/\",\"url\":\"https:\/\/bahiaeconomica.com.br\/wp\/2022\/04\/18\/salvador-retoma-vacinacao-nesta-segunda-18\/\",\"name\":\"SALVADOR RETOMA VACINA\u00c7\u00c3O NESTA SEGUNDA (18) - Bahia Economica\",\"isPartOf\":{\"@id\":\"https:\/\/bahiaeconomica.com.br\/wp\/#website\"},\"datePublished\":\"2022-04-18T10:20:34+00:00\",\"dateModified\":\"2022-04-18T10:20:34+00:00\",\"description\":\"O maior portal de Economia da Bahia ECONOMIA \/ POL\u00cdTICA, Sa\u00fade \/ Educa\u00e7\u00e3o Bahia Economica\",\"breadcrumb\":{\"@id\":\"https:\/\/bahiaeconomica.com.br\/wp\/2022\/04\/18\/salvador-retoma-vacinacao-nesta-segunda-18\/#breadcrumb\"},\"inLanguage\":\"pt-BR\",\"potentialAction\":[{\"@type\":\"ReadAction\",\"target\":[\"https:\/\/bahiaeconomica.com.br\/wp\/2022\/04\/18\/salvador-retoma-vacinacao-nesta-segunda-18\/\"]}]},{\"@type\":\"BreadcrumbList\",\"@id\":\"https:\/\/bahiaeconomica.com.br\/wp\/2022\/04\/18\/salvador-retoma-vacinacao-nesta-segunda-18\/#breadcrumb\",\"itemListElement\":[{\"@type\":\"ListItem\",\"position\":1,\"name\":\"In\u00edcio\",\"item\":\"https:\/\/bahiaeconomica.com.br\/wp\/\"},{\"@type\":\"ListItem\",\"position\":2,\"name\":\"SALVADOR RETOMA VACINA\u00c7\u00c3O NESTA SEGUNDA (18)\"}]},{\"@type\":\"WebSite\",\"@id\":\"https:\/\/bahiaeconomica.com.br\/wp\/#website\",\"url\":\"https:\/\/bahiaeconomica.com.br\/wp\/\",\"name\":\"Bahia Economica\",\"description\":\"O maior portal de Economia da Bahia\",\"publisher\":{\"@id\":\"https:\/\/bahiaeconomica.com.br\/wp\/#organization\"},\"potentialAction\":[{\"@type\":\"SearchAction\",\"target\":{\"@type\":\"EntryPoint\",\"urlTemplate\":\"https:\/\/bahiaeconomica.com.br\/wp\/?s={search_term_string}\"},\"query-input\":\"required name=search_term_string\"}],\"inLanguage\":\"pt-BR\"},{\"@type\":\"Organization\",\"@id\":\"https:\/\/bahiaeconomica.com.br\/wp\/#organization\",\"name\":\"Bahia Econ\u00f4mica\",\"url\":\"https:\/\/bahiaeconomica.com.br\/wp\/\",\"logo\":{\"@type\":\"ImageObject\",\"inLanguage\":\"pt-BR\",\"@id\":\"https:\/\/bahiaeconomica.com.br\/wp\/#\/schema\/logo\/image\/\",\"url\":\"https:\/\/bahiaeconomica.com.br\/wp\/wp-content\/uploads\/2020\/12\/cropped-BE.png\",\"contentUrl\":\"https:\/\/bahiaeconomica.com.br\/wp\/wp-content\/uploads\/2020\/12\/cropped-BE.png\",\"width\":512,\"height\":512,\"caption\":\"Bahia Econ\u00f4mica\"},\"image\":{\"@id\":\"https:\/\/bahiaeconomica.com.br\/wp\/#\/schema\/logo\/image\/\"},\"sameAs\":[\"https:\/\/www.facebook.com\/bahiaeconomica\"]},{\"@type\":\"Person\",\"@id\":\"https:\/\/bahiaeconomica.com.br\/wp\/#\/schema\/person\/cb1ab5ba96ad3d9390805381c76284ec\",\"name\":\"admin\",\"url\":\"https:\/\/bahiaeconomica.com.br\/wp\/author\/admin\/\"}]}<\/script>\n<!-- \/ Yoast SEO plugin. -->","yoast_head_json":{"title":"SALVADOR RETOMA VACINA\u00c7\u00c3O NESTA SEGUNDA (18) - Bahia Economica","description":"O maior portal de Economia da Bahia ECONOMIA \/ POL\u00cdTICA, Sa\u00fade \/ Educa\u00e7\u00e3o Bahia Economica","robots":{"index":"index","follow":"follow","max-snippet":"max-snippet:-1","max-image-preview":"max-image-preview:large","max-video-preview":"max-video-preview:-1"},"canonical":"https:\/\/bahiaeconomica.com.br\/wp\/2022\/04\/18\/salvador-retoma-vacinacao-nesta-segunda-18\/","og_locale":"pt_BR","og_type":"article","og_title":"SALVADOR RETOMA VACINA\u00c7\u00c3O NESTA SEGUNDA (18) - Bahia Economica","og_description":"O maior portal de Economia da Bahia ECONOMIA \/ POL\u00cdTICA, Sa\u00fade \/ Educa\u00e7\u00e3o Bahia Economica","og_url":"https:\/\/bahiaeconomica.com.br\/wp\/2022\/04\/18\/salvador-retoma-vacinacao-nesta-segunda-18\/","og_site_name":"Bahia Economica","article_publisher":"https:\/\/www.facebook.com\/bahiaeconomica","article_published_time":"2022-04-18T10:20:34+00:00","og_image":[{"width":640,"height":427,"url":"https:\/\/bahiaeconomica.com.br\/wp\/wp-content\/uploads\/2022\/03\/21-01-2022-vacinacao-criancas-fotos-igor-santos-secom-digital-3.webp","type":"image\/webp"}],"author":"admin","twitter_card":"summary_large_image","twitter_misc":{"Escrito por":"admin","Est. tempo de leitura":"5 minutos"},"schema":{"@context":"https:\/\/schema.org","@graph":[{"@type":"Article","@id":"https:\/\/bahiaeconomica.com.br\/wp\/2022\/04\/18\/salvador-retoma-vacinacao-nesta-segunda-18\/#article","isPartOf":{"@id":"https:\/\/bahiaeconomica.com.br\/wp\/2022\/04\/18\/salvador-retoma-vacinacao-nesta-segunda-18\/"},"author":{"name":"admin","@id":"https:\/\/bahiaeconomica.com.br\/wp\/#\/schema\/person\/cb1ab5ba96ad3d9390805381c76284ec"},"headline":"SALVADOR RETOMA VACINA\u00c7\u00c3O NESTA SEGUNDA (18)","datePublished":"2022-04-18T10:20:34+00:00","dateModified":"2022-04-18T10:20:34+00:00","mainEntityOfPage":{"@id":"https:\/\/bahiaeconomica.com.br\/wp\/2022\/04\/18\/salvador-retoma-vacinacao-nesta-segunda-18\/"},"wordCount":1015,"publisher":{"@id":"https:\/\/bahiaeconomica.com.br\/wp\/#organization"},"keywords":["Brasil","polica","Vacina"],"articleSection":["ECONOMIA \/ POL\u00cdTICA","Sa\u00fade \/ Educa\u00e7\u00e3o"],"inLanguage":"pt-BR"},{"@type":"WebPage","@id":"https:\/\/bahiaeconomica.com.br\/wp\/2022\/04\/18\/salvador-retoma-vacinacao-nesta-segunda-18\/","url":"https:\/\/bahiaeconomica.com.br\/wp\/2022\/04\/18\/salvador-retoma-vacinacao-nesta-segunda-18\/","name":"SALVADOR RETOMA VACINA\u00c7\u00c3O NESTA SEGUNDA (18) - Bahia Economica","isPartOf":{"@id":"https:\/\/bahiaeconomica.com.br\/wp\/#website"},"datePublished":"2022-04-18T10:20:34+00:00","dateModified":"2022-04-18T10:20:34+00:00","description":"O maior portal de Economia da Bahia ECONOMIA \/ POL\u00cdTICA, Sa\u00fade \/ Educa\u00e7\u00e3o Bahia Economica","breadcrumb":{"@id":"https:\/\/bahiaeconomica.com.br\/wp\/2022\/04\/18\/salvador-retoma-vacinacao-nesta-segunda-18\/#breadcrumb"},"inLanguage":"pt-BR","potentialAction":[{"@type":"ReadAction","target":["https:\/\/bahiaeconomica.com.br\/wp\/2022\/04\/18\/salvador-retoma-vacinacao-nesta-segunda-18\/"]}]},{"@type":"BreadcrumbList","@id":"https:\/\/bahiaeconomica.com.br\/wp\/2022\/04\/18\/salvador-retoma-vacinacao-nesta-segunda-18\/#breadcrumb","itemListElement":[{"@type":"ListItem","position":1,"name":"In\u00edcio","item":"https:\/\/bahiaeconomica.com.br\/wp\/"},{"@type":"ListItem","position":2,"name":"SALVADOR RETOMA VACINA\u00c7\u00c3O NESTA SEGUNDA (18)"}]},{"@type":"WebSite","@id":"https:\/\/bahiaeconomica.com.br\/wp\/#website","url":"https:\/\/bahiaeconomica.com.br\/wp\/","name":"Bahia Economica","description":"O maior portal de Economia da Bahia","publisher":{"@id":"https:\/\/bahiaeconomica.com.br\/wp\/#organization"},"potentialAction":[{"@type":"SearchAction","target":{"@type":"EntryPoint","urlTemplate":"https:\/\/bahiaeconomica.com.br\/wp\/?s={search_term_string}"},"query-input":"required name=search_term_string"}],"inLanguage":"pt-BR"},{"@type":"Organization","@id":"https:\/\/bahiaeconomica.com.br\/wp\/#organization","name":"Bahia Econ\u00f4mica","url":"https:\/\/bahiaeconomica.com.br\/wp\/","logo":{"@type":"ImageObject","inLanguage":"pt-BR","@id":"https:\/\/bahiaeconomica.com.br\/wp\/#\/schema\/logo\/image\/","url":"https:\/\/bahiaeconomica.com.br\/wp\/wp-content\/uploads\/2020\/12\/cropped-BE.png","contentUrl":"https:\/\/bahiaeconomica.com.br\/wp\/wp-content\/uploads\/2020\/12\/cropped-BE.png","width":512,"height":512,"caption":"Bahia Econ\u00f4mica"},"image":{"@id":"https:\/\/bahiaeconomica.com.br\/wp\/#\/schema\/logo\/image\/"},"sameAs":["https:\/\/www.facebook.com\/bahiaeconomica"]},{"@type":"Person","@id":"https:\/\/bahiaeconomica.com.br\/wp\/#\/schema\/person\/cb1ab5ba96ad3d9390805381c76284ec","name":"admin","url":"https:\/\/bahiaeconomica.com.br\/wp\/author\/admin\/"}]}},"views":3,"_links":{"self":[{"href":"https:\/\/bahiaeconomica.com.br\/wp\/wp-json\/wp\/v2\/posts\/658385"}],"collection":[{"href":"https:\/\/bahiaeconomica.com.br\/wp\/wp-json\/wp\/v2\/posts"}],"about":[{"href":"https:\/\/bahiaeconomica.com.br\/wp\/wp-json\/wp\/v2\/types\/post"}],"author":[{"embeddable":true,"href":"https:\/\/bahiaeconomica.com.br\/wp\/wp-json\/wp\/v2\/users\/1"}],"replies":[{"embeddable":true,"href":"https:\/\/bahiaeconomica.com.br\/wp\/wp-json\/wp\/v2\/comments?post=658385"}],"version-history":[{"count":1,"href":"https:\/\/bahiaeconomica.com.br\/wp\/wp-json\/wp\/v2\/posts\/658385\/revisions"}],"predecessor-version":[{"id":658387,"href":"https:\/\/bahiaeconomica.com.br\/wp\/wp-json\/wp\/v2\/posts\/658385\/revisions\/658387"}],"wp:featuredmedia":[{"embeddable":true,"href":"https:\/\/bahiaeconomica.com.br\/wp\/wp-json\/wp\/v2\/media\/652502"}],"wp:attachment":[{"href":"https:\/\/bahiaeconomica.com.br\/wp\/wp-json\/wp\/v2\/media?parent=658385"}],"wp:term":[{"taxonomy":"category","embeddable":true,"href":"https:\/\/bahiaeconomica.com.br\/wp\/wp-json\/wp\/v2\/categories?post=658385"},{"taxonomy":"post_tag","embeddable":true,"href":"https:\/\/bahiaeconomica.com.br\/wp\/wp-json\/wp\/v2\/tags?post=658385"}],"curies":[{"name":"wp","href":"https:\/\/api.w.org\/{rel}","templated":true}]}}