{"id":658166,"date":"2022-04-14T20:00:45","date_gmt":"2022-04-14T23:00:45","guid":{"rendered":"https:\/\/bahiaeconomica.com.br\/wp\/beta\/?p=658166"},"modified":"2022-04-14T20:05:03","modified_gmt":"2022-04-14T23:05:03","slug":"neto-critica-gestao-estadual-da-saude-pouca-vergonha","status":"publish","type":"post","link":"https:\/\/bahiaeconomica.com.br\/wp\/2022\/04\/14\/neto-critica-gestao-estadual-da-saude-pouca-vergonha\/","title":{"rendered":"NETO CRITICA GEST\u00c3O ESTADUAL DA SA\u00daDE: &#8220;POUCA VERGONHA&#8221;"},"content":{"rendered":"<p>O pr\u00e9-candidato ao governo do Estado, ACM Neto (Uni\u00e3o Brasil), se referiu a fila da regula\u00e7\u00e3o como uma &#8220;pouca vergonha&#8221; em v\u00eddeo publicado em suas redes sociais<!--more-->. Ele disse ainda que a maioria das pessoas depende do servi\u00e7o p\u00fablico para ter acesso \u00e0 sa\u00fade porque n\u00e3o d\u00e3o conta dos custos na rede privada, ou mesmo com planos de sa\u00fade.<\/p>\n<p>&#8220;Infelizmente, maioria do povo baiano n\u00e3o tem dinheiro para pagar medico particular nem para pagar mensalidade de plano de sa\u00fade, ent\u00e3o depende do servi\u00e7o p\u00fablico. O que acontece \u00e9 que as pessoas esperam meses, quando n\u00e3o, mais de um ano at\u00e9 conseguir uma vaga por conta da tal da regula\u00e7\u00e3o em nosso estado. Eu quero ser governador para cuidar da sa\u00fade das pessoas, para acabar com essa pouca vergonha da regula\u00e7\u00e3o na Bahia&#8221;, declarou ACM Neto.<br \/>\nNa legenda do v\u00eddeo, Neto escreveu que &#8220;Quem vive o drama da regula\u00e7\u00e3o n\u00e3o quer saber de desculpas. A Bahia precisa de um governador que tenha total compromisso com a sa\u00fade&#8221;.<\/p>\n<p>&nbsp;<\/p>\n<p>Acesse <a href=\"https:\/\/www.instagram.com\/p\/CcT0rFJpl3Z\/\">AQUI<\/a> o v\u00eddeo.<\/p>\n","protected":false},"excerpt":{"rendered":"<p>O pr\u00e9-candidato ao governo do Estado, ACM Neto (Uni\u00e3o Brasil), se referiu a fila da regula\u00e7\u00e3o como uma &#8220;pouca vergonha&#8221; em v\u00eddeo publicado em suas redes sociais<\/p>\n","protected":false},"author":1,"featured_media":657689,"comment_status":"closed","ping_status":"closed","sticky":false,"template":"","format":"standard","meta":[],"categories":[14,3],"tags":[],"acf":[],"yoast_head":"<!-- This site is optimized with the Yoast SEO plugin v20.8 - https:\/\/yoast.com\/wordpress\/plugins\/seo\/ -->\n<title>NETO CRITICA GEST\u00c3O ESTADUAL DA SA\u00daDE: &quot;POUCA VERGONHA&quot; - Bahia Economica<\/title>\n<meta name=\"description\" content=\"O maior portal de Economia da Bahia DESTAQUE DO DIA, ECONOMIA \/ POL\u00cdTICA Bahia Economica\" \/>\n<meta name=\"robots\" content=\"index, follow, max-snippet:-1, max-image-preview:large, max-video-preview:-1\" \/>\n<link rel=\"canonical\" href=\"https:\/\/bahiaeconomica.com.br\/wp\/2022\/04\/14\/neto-critica-gestao-estadual-da-saude-pouca-vergonha\/\" \/>\n<meta property=\"og:locale\" content=\"pt_BR\" \/>\n<meta property=\"og:type\" content=\"article\" \/>\n<meta property=\"og:title\" content=\"NETO CRITICA GEST\u00c3O ESTADUAL DA SA\u00daDE: &quot;POUCA VERGONHA&quot; - Bahia Economica\" \/>\n<meta property=\"og:description\" content=\"O maior portal de Economia da Bahia DESTAQUE DO DIA, ECONOMIA \/ POL\u00cdTICA Bahia Economica\" \/>\n<meta property=\"og:url\" content=\"https:\/\/bahiaeconomica.com.br\/wp\/2022\/04\/14\/neto-critica-gestao-estadual-da-saude-pouca-vergonha\/\" \/>\n<meta property=\"og:site_name\" content=\"Bahia Economica\" \/>\n<meta property=\"article:publisher\" content=\"https:\/\/www.facebook.com\/bahiaeconomica\" \/>\n<meta property=\"article:published_time\" content=\"2022-04-14T23:00:45+00:00\" \/>\n<meta property=\"article:modified_time\" content=\"2022-04-14T23:05:03+00:00\" \/>\n<meta property=\"og:image\" content=\"https:\/\/bahiaeconomica.com.br\/wp\/wp-content\/uploads\/2022\/04\/neto.jpg\" \/>\n\t<meta property=\"og:image:width\" content=\"500\" \/>\n\t<meta property=\"og:image:height\" content=\"300\" \/>\n\t<meta property=\"og:image:type\" content=\"image\/jpeg\" \/>\n<meta name=\"author\" content=\"admin\" \/>\n<meta name=\"twitter:card\" content=\"summary_large_image\" \/>\n<meta name=\"twitter:label1\" content=\"Escrito por\" \/>\n\t<meta name=\"twitter:data1\" content=\"admin\" \/>\n\t<meta name=\"twitter:label2\" content=\"Est. tempo de leitura\" \/>\n\t<meta name=\"twitter:data2\" content=\"1 minuto\" \/>\n<script type=\"application\/ld+json\" class=\"yoast-schema-graph\">{\"@context\":\"https:\/\/schema.org\",\"@graph\":[{\"@type\":\"Article\",\"@id\":\"https:\/\/bahiaeconomica.com.br\/wp\/2022\/04\/14\/neto-critica-gestao-estadual-da-saude-pouca-vergonha\/#article\",\"isPartOf\":{\"@id\":\"https:\/\/bahiaeconomica.com.br\/wp\/2022\/04\/14\/neto-critica-gestao-estadual-da-saude-pouca-vergonha\/\"},\"author\":{\"name\":\"admin\",\"@id\":\"https:\/\/bahiaeconomica.com.br\/wp\/#\/schema\/person\/cb1ab5ba96ad3d9390805381c76284ec\"},\"headline\":\"NETO CRITICA GEST\u00c3O ESTADUAL DA SA\u00daDE: &#8220;POUCA VERGONHA&#8221;\",\"datePublished\":\"2022-04-14T23:00:45+00:00\",\"dateModified\":\"2022-04-14T23:05:03+00:00\",\"mainEntityOfPage\":{\"@id\":\"https:\/\/bahiaeconomica.com.br\/wp\/2022\/04\/14\/neto-critica-gestao-estadual-da-saude-pouca-vergonha\/\"},\"wordCount\":203,\"publisher\":{\"@id\":\"https:\/\/bahiaeconomica.com.br\/wp\/#organization\"},\"articleSection\":[\"DESTAQUE DO DIA\",\"ECONOMIA \/ POL\u00cdTICA\"],\"inLanguage\":\"pt-BR\"},{\"@type\":\"WebPage\",\"@id\":\"https:\/\/bahiaeconomica.com.br\/wp\/2022\/04\/14\/neto-critica-gestao-estadual-da-saude-pouca-vergonha\/\",\"url\":\"https:\/\/bahiaeconomica.com.br\/wp\/2022\/04\/14\/neto-critica-gestao-estadual-da-saude-pouca-vergonha\/\",\"name\":\"NETO CRITICA GEST\u00c3O ESTADUAL DA SA\u00daDE: \\\"POUCA VERGONHA\\\" - Bahia Economica\",\"isPartOf\":{\"@id\":\"https:\/\/bahiaeconomica.com.br\/wp\/#website\"},\"datePublished\":\"2022-04-14T23:00:45+00:00\",\"dateModified\":\"2022-04-14T23:05:03+00:00\",\"description\":\"O maior portal de Economia da Bahia DESTAQUE DO DIA, ECONOMIA \/ POL\u00cdTICA Bahia Economica\",\"breadcrumb\":{\"@id\":\"https:\/\/bahiaeconomica.com.br\/wp\/2022\/04\/14\/neto-critica-gestao-estadual-da-saude-pouca-vergonha\/#breadcrumb\"},\"inLanguage\":\"pt-BR\",\"potentialAction\":[{\"@type\":\"ReadAction\",\"target\":[\"https:\/\/bahiaeconomica.com.br\/wp\/2022\/04\/14\/neto-critica-gestao-estadual-da-saude-pouca-vergonha\/\"]}]},{\"@type\":\"BreadcrumbList\",\"@id\":\"https:\/\/bahiaeconomica.com.br\/wp\/2022\/04\/14\/neto-critica-gestao-estadual-da-saude-pouca-vergonha\/#breadcrumb\",\"itemListElement\":[{\"@type\":\"ListItem\",\"position\":1,\"name\":\"In\u00edcio\",\"item\":\"https:\/\/bahiaeconomica.com.br\/wp\/\"},{\"@type\":\"ListItem\",\"position\":2,\"name\":\"NETO CRITICA GEST\u00c3O ESTADUAL DA SA\u00daDE: &#8220;POUCA VERGONHA&#8221;\"}]},{\"@type\":\"WebSite\",\"@id\":\"https:\/\/bahiaeconomica.com.br\/wp\/#website\",\"url\":\"https:\/\/bahiaeconomica.com.br\/wp\/\",\"name\":\"Bahia Economica\",\"description\":\"O maior portal de Economia da Bahia\",\"publisher\":{\"@id\":\"https:\/\/bahiaeconomica.com.br\/wp\/#organization\"},\"potentialAction\":[{\"@type\":\"SearchAction\",\"target\":{\"@type\":\"EntryPoint\",\"urlTemplate\":\"https:\/\/bahiaeconomica.com.br\/wp\/?s={search_term_string}\"},\"query-input\":\"required name=search_term_string\"}],\"inLanguage\":\"pt-BR\"},{\"@type\":\"Organization\",\"@id\":\"https:\/\/bahiaeconomica.com.br\/wp\/#organization\",\"name\":\"Bahia Econ\u00f4mica\",\"url\":\"https:\/\/bahiaeconomica.com.br\/wp\/\",\"logo\":{\"@type\":\"ImageObject\",\"inLanguage\":\"pt-BR\",\"@id\":\"https:\/\/bahiaeconomica.com.br\/wp\/#\/schema\/logo\/image\/\",\"url\":\"https:\/\/bahiaeconomica.com.br\/wp\/wp-content\/uploads\/2020\/12\/cropped-BE.png\",\"contentUrl\":\"https:\/\/bahiaeconomica.com.br\/wp\/wp-content\/uploads\/2020\/12\/cropped-BE.png\",\"width\":512,\"height\":512,\"caption\":\"Bahia Econ\u00f4mica\"},\"image\":{\"@id\":\"https:\/\/bahiaeconomica.com.br\/wp\/#\/schema\/logo\/image\/\"},\"sameAs\":[\"https:\/\/www.facebook.com\/bahiaeconomica\"]},{\"@type\":\"Person\",\"@id\":\"https:\/\/bahiaeconomica.com.br\/wp\/#\/schema\/person\/cb1ab5ba96ad3d9390805381c76284ec\",\"name\":\"admin\",\"url\":\"https:\/\/bahiaeconomica.com.br\/wp\/author\/admin\/\"}]}<\/script>\n<!-- \/ Yoast SEO plugin. -->","yoast_head_json":{"title":"NETO CRITICA GEST\u00c3O ESTADUAL DA SA\u00daDE: \"POUCA VERGONHA\" - Bahia Economica","description":"O maior portal de Economia da Bahia DESTAQUE DO DIA, ECONOMIA \/ POL\u00cdTICA Bahia Economica","robots":{"index":"index","follow":"follow","max-snippet":"max-snippet:-1","max-image-preview":"max-image-preview:large","max-video-preview":"max-video-preview:-1"},"canonical":"https:\/\/bahiaeconomica.com.br\/wp\/2022\/04\/14\/neto-critica-gestao-estadual-da-saude-pouca-vergonha\/","og_locale":"pt_BR","og_type":"article","og_title":"NETO CRITICA GEST\u00c3O ESTADUAL DA SA\u00daDE: \"POUCA VERGONHA\" - Bahia Economica","og_description":"O maior portal de Economia da Bahia DESTAQUE DO DIA, ECONOMIA \/ POL\u00cdTICA Bahia Economica","og_url":"https:\/\/bahiaeconomica.com.br\/wp\/2022\/04\/14\/neto-critica-gestao-estadual-da-saude-pouca-vergonha\/","og_site_name":"Bahia Economica","article_publisher":"https:\/\/www.facebook.com\/bahiaeconomica","article_published_time":"2022-04-14T23:00:45+00:00","article_modified_time":"2022-04-14T23:05:03+00:00","og_image":[{"width":500,"height":300,"url":"https:\/\/bahiaeconomica.com.br\/wp\/wp-content\/uploads\/2022\/04\/neto.jpg","type":"image\/jpeg"}],"author":"admin","twitter_card":"summary_large_image","twitter_misc":{"Escrito por":"admin","Est. tempo de leitura":"1 minuto"},"schema":{"@context":"https:\/\/schema.org","@graph":[{"@type":"Article","@id":"https:\/\/bahiaeconomica.com.br\/wp\/2022\/04\/14\/neto-critica-gestao-estadual-da-saude-pouca-vergonha\/#article","isPartOf":{"@id":"https:\/\/bahiaeconomica.com.br\/wp\/2022\/04\/14\/neto-critica-gestao-estadual-da-saude-pouca-vergonha\/"},"author":{"name":"admin","@id":"https:\/\/bahiaeconomica.com.br\/wp\/#\/schema\/person\/cb1ab5ba96ad3d9390805381c76284ec"},"headline":"NETO CRITICA GEST\u00c3O ESTADUAL DA SA\u00daDE: &#8220;POUCA VERGONHA&#8221;","datePublished":"2022-04-14T23:00:45+00:00","dateModified":"2022-04-14T23:05:03+00:00","mainEntityOfPage":{"@id":"https:\/\/bahiaeconomica.com.br\/wp\/2022\/04\/14\/neto-critica-gestao-estadual-da-saude-pouca-vergonha\/"},"wordCount":203,"publisher":{"@id":"https:\/\/bahiaeconomica.com.br\/wp\/#organization"},"articleSection":["DESTAQUE DO DIA","ECONOMIA \/ POL\u00cdTICA"],"inLanguage":"pt-BR"},{"@type":"WebPage","@id":"https:\/\/bahiaeconomica.com.br\/wp\/2022\/04\/14\/neto-critica-gestao-estadual-da-saude-pouca-vergonha\/","url":"https:\/\/bahiaeconomica.com.br\/wp\/2022\/04\/14\/neto-critica-gestao-estadual-da-saude-pouca-vergonha\/","name":"NETO CRITICA GEST\u00c3O ESTADUAL DA SA\u00daDE: \"POUCA VERGONHA\" - Bahia Economica","isPartOf":{"@id":"https:\/\/bahiaeconomica.com.br\/wp\/#website"},"datePublished":"2022-04-14T23:00:45+00:00","dateModified":"2022-04-14T23:05:03+00:00","description":"O maior portal de Economia da Bahia DESTAQUE DO DIA, ECONOMIA \/ POL\u00cdTICA Bahia Economica","breadcrumb":{"@id":"https:\/\/bahiaeconomica.com.br\/wp\/2022\/04\/14\/neto-critica-gestao-estadual-da-saude-pouca-vergonha\/#breadcrumb"},"inLanguage":"pt-BR","potentialAction":[{"@type":"ReadAction","target":["https:\/\/bahiaeconomica.com.br\/wp\/2022\/04\/14\/neto-critica-gestao-estadual-da-saude-pouca-vergonha\/"]}]},{"@type":"BreadcrumbList","@id":"https:\/\/bahiaeconomica.com.br\/wp\/2022\/04\/14\/neto-critica-gestao-estadual-da-saude-pouca-vergonha\/#breadcrumb","itemListElement":[{"@type":"ListItem","position":1,"name":"In\u00edcio","item":"https:\/\/bahiaeconomica.com.br\/wp\/"},{"@type":"ListItem","position":2,"name":"NETO CRITICA GEST\u00c3O ESTADUAL DA SA\u00daDE: &#8220;POUCA VERGONHA&#8221;"}]},{"@type":"WebSite","@id":"https:\/\/bahiaeconomica.com.br\/wp\/#website","url":"https:\/\/bahiaeconomica.com.br\/wp\/","name":"Bahia Economica","description":"O maior portal de Economia da Bahia","publisher":{"@id":"https:\/\/bahiaeconomica.com.br\/wp\/#organization"},"potentialAction":[{"@type":"SearchAction","target":{"@type":"EntryPoint","urlTemplate":"https:\/\/bahiaeconomica.com.br\/wp\/?s={search_term_string}"},"query-input":"required name=search_term_string"}],"inLanguage":"pt-BR"},{"@type":"Organization","@id":"https:\/\/bahiaeconomica.com.br\/wp\/#organization","name":"Bahia Econ\u00f4mica","url":"https:\/\/bahiaeconomica.com.br\/wp\/","logo":{"@type":"ImageObject","inLanguage":"pt-BR","@id":"https:\/\/bahiaeconomica.com.br\/wp\/#\/schema\/logo\/image\/","url":"https:\/\/bahiaeconomica.com.br\/wp\/wp-content\/uploads\/2020\/12\/cropped-BE.png","contentUrl":"https:\/\/bahiaeconomica.com.br\/wp\/wp-content\/uploads\/2020\/12\/cropped-BE.png","width":512,"height":512,"caption":"Bahia Econ\u00f4mica"},"image":{"@id":"https:\/\/bahiaeconomica.com.br\/wp\/#\/schema\/logo\/image\/"},"sameAs":["https:\/\/www.facebook.com\/bahiaeconomica"]},{"@type":"Person","@id":"https:\/\/bahiaeconomica.com.br\/wp\/#\/schema\/person\/cb1ab5ba96ad3d9390805381c76284ec","name":"admin","url":"https:\/\/bahiaeconomica.com.br\/wp\/author\/admin\/"}]}},"views":3,"_links":{"self":[{"href":"https:\/\/bahiaeconomica.com.br\/wp\/wp-json\/wp\/v2\/posts\/658166"}],"collection":[{"href":"https:\/\/bahiaeconomica.com.br\/wp\/wp-json\/wp\/v2\/posts"}],"about":[{"href":"https:\/\/bahiaeconomica.com.br\/wp\/wp-json\/wp\/v2\/types\/post"}],"author":[{"embeddable":true,"href":"https:\/\/bahiaeconomica.com.br\/wp\/wp-json\/wp\/v2\/users\/1"}],"replies":[{"embeddable":true,"href":"https:\/\/bahiaeconomica.com.br\/wp\/wp-json\/wp\/v2\/comments?post=658166"}],"version-history":[{"count":1,"href":"https:\/\/bahiaeconomica.com.br\/wp\/wp-json\/wp\/v2\/posts\/658166\/revisions"}],"predecessor-version":[{"id":658168,"href":"https:\/\/bahiaeconomica.com.br\/wp\/wp-json\/wp\/v2\/posts\/658166\/revisions\/658168"}],"wp:featuredmedia":[{"embeddable":true,"href":"https:\/\/bahiaeconomica.com.br\/wp\/wp-json\/wp\/v2\/media\/657689"}],"wp:attachment":[{"href":"https:\/\/bahiaeconomica.com.br\/wp\/wp-json\/wp\/v2\/media?parent=658166"}],"wp:term":[{"taxonomy":"category","embeddable":true,"href":"https:\/\/bahiaeconomica.com.br\/wp\/wp-json\/wp\/v2\/categories?post=658166"},{"taxonomy":"post_tag","embeddable":true,"href":"https:\/\/bahiaeconomica.com.br\/wp\/wp-json\/wp\/v2\/tags?post=658166"}],"curies":[{"name":"wp","href":"https:\/\/api.w.org\/{rel}","templated":true}]}}