{"id":658115,"date":"2022-04-14T16:36:43","date_gmt":"2022-04-14T19:36:43","guid":{"rendered":"https:\/\/bahiaeconomica.com.br\/wp\/beta\/?p=658115"},"modified":"2022-04-14T16:37:31","modified_gmt":"2022-04-14T19:37:31","slug":"itatim-divulgada-atracoes-do-sao-joao","status":"publish","type":"post","link":"https:\/\/bahiaeconomica.com.br\/wp\/2022\/04\/14\/itatim-divulgada-atracoes-do-sao-joao\/","title":{"rendered":"ITATIM: DIVULGADO ATRA\u00c7\u00d5ES DO S\u00c3O JO\u00c3O"},"content":{"rendered":"<p>A Prefeitura da cidade de Itatim, anunciou nesta quinta-feira, 14, a programa\u00e7\u00e3o para o t\u00e3o esperado S\u00e3o Jo\u00e3o 2022. Sem restri\u00e7\u00f5es de p\u00fablico, e com muito&nbsp;&nbsp;\u201carrasta-p\u00e9\u201d, o ciclo festivo ter\u00e1 a participa\u00e7\u00e3o de grandes nomes do forr\u00f3 tradicional. <!--more--><\/p>\n<p>Neste ano, a festa ter\u00e1 como tema \u201cDe volta \u00e0 tradi\u00e7\u00e3o que aquece o nosso cora\u00e7\u00e3o\u201d, e acontecer\u00e1 entre os dias 23 e 26 de junho, na Pra\u00e7a de Eventos. Al\u00e9m da famosa hospitalidade do povo de Itatim,&nbsp; o evento&nbsp; movimenta a economia da cidade. Confira a lista de programa\u00e7\u00e3o, que contar\u00e1 com a presen\u00e7a de grandes nomes da m\u00fasica brasileira.<\/p>\n<p><b>Programa\u00e7\u00e3o:<\/b><\/p>\n<p>&lt;<b>23\/06<\/b><\/p>\n<p>J\u00falio Cesar<\/p>\n<p>Aline Can\u00e1rios<\/p>\n<p>Fl\u00e1vio Jos\u00e9<\/p>\n<p>&lt;<b>24\/06<\/b><\/p>\n<p>Luanzinho Moraes<\/p>\n<p>Zez\u00e9 De Camargo e Luciano<\/p>\n<p>Vitor Fernandes<\/p>\n<p><b>25\/06<\/b><\/p>\n<p>Arreio de Ouro<\/p>\n<p>Samya Maia<\/p>\n<p>Lucy Alves<\/p>\n<p>Arnoldx Neto<\/p>\n<p>&lt;<b>26\/06<\/b><\/p>\n<p>Nildo Leal<\/p>\n<p>Harmonia do Samba<\/p>\n<p>Duas Medidas<\/p>\n<p>Luziel Andrade<!--\/data\/user\/0\/com.samsung.android.app.notes\/files\/clipdata\/clipdata_bodytext_220414_164115_901.sdocx--><\/p>\n","protected":false},"excerpt":{"rendered":"<p>A Prefeitura da cidade de Itatim, anunciou nesta quinta-feira, 14, a programa\u00e7\u00e3o para o t\u00e3o esperado S\u00e3o Jo\u00e3o 2022. Sem restri\u00e7\u00f5es de p\u00fablico, e com muito&nbsp;&nbsp;\u201carrasta-p\u00e9\u201d, o ciclo festivo ter\u00e1 a participa\u00e7\u00e3o de grandes nomes do forr\u00f3 tradicional.<\/p>\n","protected":false},"author":1,"featured_media":649275,"comment_status":"closed","ping_status":"closed","sticky":false,"template":"","format":"standard","meta":[],"categories":[5],"tags":[5453,210],"acf":[],"yoast_head":"<!-- This site is optimized with the Yoast SEO plugin v20.8 - https:\/\/yoast.com\/wordpress\/plugins\/seo\/ -->\n<title>ITATIM: DIVULGADO ATRA\u00c7\u00d5ES DO S\u00c3O JO\u00c3O - Bahia Economica<\/title>\n<meta name=\"description\" content=\"O maior portal de Economia da Bahia MUNIC\u00cdPIOS Bahia Economica\" \/>\n<meta name=\"robots\" content=\"index, follow, max-snippet:-1, max-image-preview:large, max-video-preview:-1\" \/>\n<link rel=\"canonical\" href=\"https:\/\/bahiaeconomica.com.br\/wp\/2022\/04\/14\/itatim-divulgada-atracoes-do-sao-joao\/\" \/>\n<meta property=\"og:locale\" content=\"pt_BR\" \/>\n<meta property=\"og:type\" content=\"article\" \/>\n<meta property=\"og:title\" content=\"ITATIM: DIVULGADO ATRA\u00c7\u00d5ES DO S\u00c3O JO\u00c3O - Bahia Economica\" \/>\n<meta property=\"og:description\" content=\"O maior portal de Economia da Bahia MUNIC\u00cdPIOS Bahia Economica\" \/>\n<meta property=\"og:url\" content=\"https:\/\/bahiaeconomica.com.br\/wp\/2022\/04\/14\/itatim-divulgada-atracoes-do-sao-joao\/\" \/>\n<meta property=\"og:site_name\" content=\"Bahia Economica\" \/>\n<meta property=\"article:publisher\" content=\"https:\/\/www.facebook.com\/bahiaeconomica\" \/>\n<meta property=\"article:published_time\" content=\"2022-04-14T19:36:43+00:00\" \/>\n<meta property=\"article:modified_time\" content=\"2022-04-14T19:37:31+00:00\" \/>\n<meta property=\"og:image\" content=\"https:\/\/bahiaeconomica.com.br\/wp\/wp-content\/uploads\/2022\/03\/sao-joao-bahia-foto-mateus-pereira-secom-jun16-dest-1.jpg\" \/>\n\t<meta property=\"og:image:width\" content=\"360\" \/>\n\t<meta property=\"og:image:height\" content=\"220\" \/>\n\t<meta property=\"og:image:type\" content=\"image\/jpeg\" \/>\n<meta name=\"author\" content=\"admin\" \/>\n<meta name=\"twitter:card\" content=\"summary_large_image\" \/>\n<meta name=\"twitter:label1\" content=\"Escrito por\" \/>\n\t<meta name=\"twitter:data1\" content=\"admin\" \/>\n\t<meta name=\"twitter:label2\" content=\"Est. tempo de leitura\" \/>\n\t<meta name=\"twitter:data2\" content=\"1 minuto\" \/>\n<script type=\"application\/ld+json\" class=\"yoast-schema-graph\">{\"@context\":\"https:\/\/schema.org\",\"@graph\":[{\"@type\":\"Article\",\"@id\":\"https:\/\/bahiaeconomica.com.br\/wp\/2022\/04\/14\/itatim-divulgada-atracoes-do-sao-joao\/#article\",\"isPartOf\":{\"@id\":\"https:\/\/bahiaeconomica.com.br\/wp\/2022\/04\/14\/itatim-divulgada-atracoes-do-sao-joao\/\"},\"author\":{\"name\":\"admin\",\"@id\":\"https:\/\/bahiaeconomica.com.br\/wp\/#\/schema\/person\/cb1ab5ba96ad3d9390805381c76284ec\"},\"headline\":\"ITATIM: DIVULGADO ATRA\u00c7\u00d5ES DO S\u00c3O JO\u00c3O\",\"datePublished\":\"2022-04-14T19:36:43+00:00\",\"dateModified\":\"2022-04-14T19:37:31+00:00\",\"mainEntityOfPage\":{\"@id\":\"https:\/\/bahiaeconomica.com.br\/wp\/2022\/04\/14\/itatim-divulgada-atracoes-do-sao-joao\/\"},\"wordCount\":163,\"publisher\":{\"@id\":\"https:\/\/bahiaeconomica.com.br\/wp\/#organization\"},\"keywords\":[\"itatim atra\u00e7\u00f5es\",\"S\u00e3o Jo\u00e3o\"],\"articleSection\":[\"MUNIC\u00cdPIOS\"],\"inLanguage\":\"pt-BR\"},{\"@type\":\"WebPage\",\"@id\":\"https:\/\/bahiaeconomica.com.br\/wp\/2022\/04\/14\/itatim-divulgada-atracoes-do-sao-joao\/\",\"url\":\"https:\/\/bahiaeconomica.com.br\/wp\/2022\/04\/14\/itatim-divulgada-atracoes-do-sao-joao\/\",\"name\":\"ITATIM: DIVULGADO ATRA\u00c7\u00d5ES DO S\u00c3O JO\u00c3O - Bahia Economica\",\"isPartOf\":{\"@id\":\"https:\/\/bahiaeconomica.com.br\/wp\/#website\"},\"datePublished\":\"2022-04-14T19:36:43+00:00\",\"dateModified\":\"2022-04-14T19:37:31+00:00\",\"description\":\"O maior portal de Economia da Bahia MUNIC\u00cdPIOS Bahia Economica\",\"breadcrumb\":{\"@id\":\"https:\/\/bahiaeconomica.com.br\/wp\/2022\/04\/14\/itatim-divulgada-atracoes-do-sao-joao\/#breadcrumb\"},\"inLanguage\":\"pt-BR\",\"potentialAction\":[{\"@type\":\"ReadAction\",\"target\":[\"https:\/\/bahiaeconomica.com.br\/wp\/2022\/04\/14\/itatim-divulgada-atracoes-do-sao-joao\/\"]}]},{\"@type\":\"BreadcrumbList\",\"@id\":\"https:\/\/bahiaeconomica.com.br\/wp\/2022\/04\/14\/itatim-divulgada-atracoes-do-sao-joao\/#breadcrumb\",\"itemListElement\":[{\"@type\":\"ListItem\",\"position\":1,\"name\":\"In\u00edcio\",\"item\":\"https:\/\/bahiaeconomica.com.br\/wp\/\"},{\"@type\":\"ListItem\",\"position\":2,\"name\":\"ITATIM: DIVULGADO ATRA\u00c7\u00d5ES DO S\u00c3O JO\u00c3O\"}]},{\"@type\":\"WebSite\",\"@id\":\"https:\/\/bahiaeconomica.com.br\/wp\/#website\",\"url\":\"https:\/\/bahiaeconomica.com.br\/wp\/\",\"name\":\"Bahia Economica\",\"description\":\"O maior portal de Economia da Bahia\",\"publisher\":{\"@id\":\"https:\/\/bahiaeconomica.com.br\/wp\/#organization\"},\"potentialAction\":[{\"@type\":\"SearchAction\",\"target\":{\"@type\":\"EntryPoint\",\"urlTemplate\":\"https:\/\/bahiaeconomica.com.br\/wp\/?s={search_term_string}\"},\"query-input\":\"required name=search_term_string\"}],\"inLanguage\":\"pt-BR\"},{\"@type\":\"Organization\",\"@id\":\"https:\/\/bahiaeconomica.com.br\/wp\/#organization\",\"name\":\"Bahia Econ\u00f4mica\",\"url\":\"https:\/\/bahiaeconomica.com.br\/wp\/\",\"logo\":{\"@type\":\"ImageObject\",\"inLanguage\":\"pt-BR\",\"@id\":\"https:\/\/bahiaeconomica.com.br\/wp\/#\/schema\/logo\/image\/\",\"url\":\"https:\/\/bahiaeconomica.com.br\/wp\/wp-content\/uploads\/2020\/12\/cropped-BE.png\",\"contentUrl\":\"https:\/\/bahiaeconomica.com.br\/wp\/wp-content\/uploads\/2020\/12\/cropped-BE.png\",\"width\":512,\"height\":512,\"caption\":\"Bahia Econ\u00f4mica\"},\"image\":{\"@id\":\"https:\/\/bahiaeconomica.com.br\/wp\/#\/schema\/logo\/image\/\"},\"sameAs\":[\"https:\/\/www.facebook.com\/bahiaeconomica\"]},{\"@type\":\"Person\",\"@id\":\"https:\/\/bahiaeconomica.com.br\/wp\/#\/schema\/person\/cb1ab5ba96ad3d9390805381c76284ec\",\"name\":\"admin\",\"url\":\"https:\/\/bahiaeconomica.com.br\/wp\/author\/admin\/\"}]}<\/script>\n<!-- \/ Yoast SEO plugin. -->","yoast_head_json":{"title":"ITATIM: DIVULGADO ATRA\u00c7\u00d5ES DO S\u00c3O JO\u00c3O - Bahia Economica","description":"O maior portal de Economia da Bahia MUNIC\u00cdPIOS Bahia Economica","robots":{"index":"index","follow":"follow","max-snippet":"max-snippet:-1","max-image-preview":"max-image-preview:large","max-video-preview":"max-video-preview:-1"},"canonical":"https:\/\/bahiaeconomica.com.br\/wp\/2022\/04\/14\/itatim-divulgada-atracoes-do-sao-joao\/","og_locale":"pt_BR","og_type":"article","og_title":"ITATIM: DIVULGADO ATRA\u00c7\u00d5ES DO S\u00c3O JO\u00c3O - Bahia Economica","og_description":"O maior portal de Economia da Bahia MUNIC\u00cdPIOS Bahia Economica","og_url":"https:\/\/bahiaeconomica.com.br\/wp\/2022\/04\/14\/itatim-divulgada-atracoes-do-sao-joao\/","og_site_name":"Bahia Economica","article_publisher":"https:\/\/www.facebook.com\/bahiaeconomica","article_published_time":"2022-04-14T19:36:43+00:00","article_modified_time":"2022-04-14T19:37:31+00:00","og_image":[{"width":360,"height":220,"url":"https:\/\/bahiaeconomica.com.br\/wp\/wp-content\/uploads\/2022\/03\/sao-joao-bahia-foto-mateus-pereira-secom-jun16-dest-1.jpg","type":"image\/jpeg"}],"author":"admin","twitter_card":"summary_large_image","twitter_misc":{"Escrito por":"admin","Est. tempo de leitura":"1 minuto"},"schema":{"@context":"https:\/\/schema.org","@graph":[{"@type":"Article","@id":"https:\/\/bahiaeconomica.com.br\/wp\/2022\/04\/14\/itatim-divulgada-atracoes-do-sao-joao\/#article","isPartOf":{"@id":"https:\/\/bahiaeconomica.com.br\/wp\/2022\/04\/14\/itatim-divulgada-atracoes-do-sao-joao\/"},"author":{"name":"admin","@id":"https:\/\/bahiaeconomica.com.br\/wp\/#\/schema\/person\/cb1ab5ba96ad3d9390805381c76284ec"},"headline":"ITATIM: DIVULGADO ATRA\u00c7\u00d5ES DO S\u00c3O JO\u00c3O","datePublished":"2022-04-14T19:36:43+00:00","dateModified":"2022-04-14T19:37:31+00:00","mainEntityOfPage":{"@id":"https:\/\/bahiaeconomica.com.br\/wp\/2022\/04\/14\/itatim-divulgada-atracoes-do-sao-joao\/"},"wordCount":163,"publisher":{"@id":"https:\/\/bahiaeconomica.com.br\/wp\/#organization"},"keywords":["itatim atra\u00e7\u00f5es","S\u00e3o Jo\u00e3o"],"articleSection":["MUNIC\u00cdPIOS"],"inLanguage":"pt-BR"},{"@type":"WebPage","@id":"https:\/\/bahiaeconomica.com.br\/wp\/2022\/04\/14\/itatim-divulgada-atracoes-do-sao-joao\/","url":"https:\/\/bahiaeconomica.com.br\/wp\/2022\/04\/14\/itatim-divulgada-atracoes-do-sao-joao\/","name":"ITATIM: DIVULGADO ATRA\u00c7\u00d5ES DO S\u00c3O JO\u00c3O - Bahia Economica","isPartOf":{"@id":"https:\/\/bahiaeconomica.com.br\/wp\/#website"},"datePublished":"2022-04-14T19:36:43+00:00","dateModified":"2022-04-14T19:37:31+00:00","description":"O maior portal de Economia da Bahia MUNIC\u00cdPIOS Bahia Economica","breadcrumb":{"@id":"https:\/\/bahiaeconomica.com.br\/wp\/2022\/04\/14\/itatim-divulgada-atracoes-do-sao-joao\/#breadcrumb"},"inLanguage":"pt-BR","potentialAction":[{"@type":"ReadAction","target":["https:\/\/bahiaeconomica.com.br\/wp\/2022\/04\/14\/itatim-divulgada-atracoes-do-sao-joao\/"]}]},{"@type":"BreadcrumbList","@id":"https:\/\/bahiaeconomica.com.br\/wp\/2022\/04\/14\/itatim-divulgada-atracoes-do-sao-joao\/#breadcrumb","itemListElement":[{"@type":"ListItem","position":1,"name":"In\u00edcio","item":"https:\/\/bahiaeconomica.com.br\/wp\/"},{"@type":"ListItem","position":2,"name":"ITATIM: DIVULGADO ATRA\u00c7\u00d5ES DO S\u00c3O JO\u00c3O"}]},{"@type":"WebSite","@id":"https:\/\/bahiaeconomica.com.br\/wp\/#website","url":"https:\/\/bahiaeconomica.com.br\/wp\/","name":"Bahia Economica","description":"O maior portal de Economia da Bahia","publisher":{"@id":"https:\/\/bahiaeconomica.com.br\/wp\/#organization"},"potentialAction":[{"@type":"SearchAction","target":{"@type":"EntryPoint","urlTemplate":"https:\/\/bahiaeconomica.com.br\/wp\/?s={search_term_string}"},"query-input":"required name=search_term_string"}],"inLanguage":"pt-BR"},{"@type":"Organization","@id":"https:\/\/bahiaeconomica.com.br\/wp\/#organization","name":"Bahia Econ\u00f4mica","url":"https:\/\/bahiaeconomica.com.br\/wp\/","logo":{"@type":"ImageObject","inLanguage":"pt-BR","@id":"https:\/\/bahiaeconomica.com.br\/wp\/#\/schema\/logo\/image\/","url":"https:\/\/bahiaeconomica.com.br\/wp\/wp-content\/uploads\/2020\/12\/cropped-BE.png","contentUrl":"https:\/\/bahiaeconomica.com.br\/wp\/wp-content\/uploads\/2020\/12\/cropped-BE.png","width":512,"height":512,"caption":"Bahia Econ\u00f4mica"},"image":{"@id":"https:\/\/bahiaeconomica.com.br\/wp\/#\/schema\/logo\/image\/"},"sameAs":["https:\/\/www.facebook.com\/bahiaeconomica"]},{"@type":"Person","@id":"https:\/\/bahiaeconomica.com.br\/wp\/#\/schema\/person\/cb1ab5ba96ad3d9390805381c76284ec","name":"admin","url":"https:\/\/bahiaeconomica.com.br\/wp\/author\/admin\/"}]}},"views":15,"_links":{"self":[{"href":"https:\/\/bahiaeconomica.com.br\/wp\/wp-json\/wp\/v2\/posts\/658115"}],"collection":[{"href":"https:\/\/bahiaeconomica.com.br\/wp\/wp-json\/wp\/v2\/posts"}],"about":[{"href":"https:\/\/bahiaeconomica.com.br\/wp\/wp-json\/wp\/v2\/types\/post"}],"author":[{"embeddable":true,"href":"https:\/\/bahiaeconomica.com.br\/wp\/wp-json\/wp\/v2\/users\/1"}],"replies":[{"embeddable":true,"href":"https:\/\/bahiaeconomica.com.br\/wp\/wp-json\/wp\/v2\/comments?post=658115"}],"version-history":[{"count":2,"href":"https:\/\/bahiaeconomica.com.br\/wp\/wp-json\/wp\/v2\/posts\/658115\/revisions"}],"predecessor-version":[{"id":658121,"href":"https:\/\/bahiaeconomica.com.br\/wp\/wp-json\/wp\/v2\/posts\/658115\/revisions\/658121"}],"wp:featuredmedia":[{"embeddable":true,"href":"https:\/\/bahiaeconomica.com.br\/wp\/wp-json\/wp\/v2\/media\/649275"}],"wp:attachment":[{"href":"https:\/\/bahiaeconomica.com.br\/wp\/wp-json\/wp\/v2\/media?parent=658115"}],"wp:term":[{"taxonomy":"category","embeddable":true,"href":"https:\/\/bahiaeconomica.com.br\/wp\/wp-json\/wp\/v2\/categories?post=658115"},{"taxonomy":"post_tag","embeddable":true,"href":"https:\/\/bahiaeconomica.com.br\/wp\/wp-json\/wp\/v2\/tags?post=658115"}],"curies":[{"name":"wp","href":"https:\/\/api.w.org\/{rel}","templated":true}]}}