{"id":654448,"date":"2022-04-03T06:14:05","date_gmt":"2022-04-03T09:14:05","guid":{"rendered":"https:\/\/bahiaeconomica.com.br\/wp\/beta\/?p=654448"},"modified":"2022-04-03T10:47:46","modified_gmt":"2022-04-03T13:47:46","slug":"governador-escolhe-nomes-ligados-a-mdb-e-pv-para-secretariado","status":"publish","type":"post","link":"https:\/\/bahiaeconomica.com.br\/wp\/2022\/04\/03\/governador-escolhe-nomes-ligados-a-mdb-e-pv-para-secretariado\/","title":{"rendered":"GOVERNADOR  COLOCA MDB E PV NO SECRETARIADO"},"content":{"rendered":"<p>Os novos secret\u00e1rios de Recursos H\u00eddricos e Saneamento e de Administra\u00e7\u00e3o Penitenci\u00e1ria e Ressocializa\u00e7\u00e3o foram nomeados pelo governador Rui Costa no<!--more--> Di\u00e1rio Oficial do Estado deste s\u00e1bado (2). Murilo Dias Sampaio assume a pasta de Recursos H\u00eddricos e Saneamento, umas das tr\u00eas que eram comandadas pelo PP, que saiu da base aliada e passou a apoiar a pr\u00e9-candidatura a governador do ex-prefeito ACM Neto (Uni\u00e3o Brasil).<\/p>\n<p>Sampaio \u00e9 ligado ao MDB e ocupava um cargo na prefeitura de Salvador, do qual foi exonerado nesta semana porque a legenda fez o caminho inverso ao Progressistas. Era da base do Executivo municipal e passou para o governo estadual ap\u00f3s a escolha do presidente da C\u00e2mara de Salvador, Geraldo J\u00fanior, como candidato a vice na chapa apoiada pelo governo estadual e liderada por Jer\u00f4nimo Rodrigues.<\/p>\n<p>Jos\u00e9 Ant\u00f4nio Maia Gon\u00e7alves \u00e9 ligado ao PV e vai comandar a Secretaria de Administra\u00e7\u00e3o Penitenci\u00e1ria e Ressocializa\u00e7\u00e3o. At\u00e9 fevereiro, o secret\u00e1rio era Nestor Duarte Neto, indicado pelo deputado federal Marcelo Nilo (Republicanos), que tamb\u00e9m saiu da base do governo estadual. O PV deve formar uma federa\u00e7\u00e3o com PT e PCdoB.<\/p>\n<p>Foto: Divulga\u00e7\u00e3o<\/p>\n","protected":false},"excerpt":{"rendered":"<p>Os novos secret\u00e1rios de Recursos H\u00eddricos e Saneamento e de Administra\u00e7\u00e3o Penitenci\u00e1ria e Ressocializa\u00e7\u00e3o foram nomeados pelo governador Rui Costa no<\/p>\n","protected":false},"author":1,"featured_media":647712,"comment_status":"closed","ping_status":"closed","sticky":false,"template":"","format":"standard","meta":[],"categories":[14,3],"tags":[1980,4235,107,5120],"acf":[],"yoast_head":"<!-- This site is optimized with the Yoast SEO plugin v20.8 - https:\/\/yoast.com\/wordpress\/plugins\/seo\/ -->\n<title>GOVERNADOR COLOCA MDB E PV NO SECRETARIADO - Bahia Economica<\/title>\n<meta name=\"description\" content=\"O maior portal de Economia da Bahia DESTAQUE DO DIA, ECONOMIA \/ POL\u00cdTICA Bahia Economica\" \/>\n<meta name=\"robots\" content=\"index, follow, max-snippet:-1, max-image-preview:large, max-video-preview:-1\" \/>\n<link rel=\"canonical\" href=\"https:\/\/bahiaeconomica.com.br\/wp\/2022\/04\/03\/governador-escolhe-nomes-ligados-a-mdb-e-pv-para-secretariado\/\" \/>\n<meta property=\"og:locale\" content=\"pt_BR\" \/>\n<meta property=\"og:type\" content=\"article\" \/>\n<meta property=\"og:title\" content=\"GOVERNADOR COLOCA MDB E PV NO SECRETARIADO - Bahia Economica\" \/>\n<meta property=\"og:description\" content=\"O maior portal de Economia da Bahia DESTAQUE DO DIA, ECONOMIA \/ POL\u00cdTICA Bahia Economica\" \/>\n<meta property=\"og:url\" content=\"https:\/\/bahiaeconomica.com.br\/wp\/2022\/04\/03\/governador-escolhe-nomes-ligados-a-mdb-e-pv-para-secretariado\/\" \/>\n<meta property=\"og:site_name\" content=\"Bahia Economica\" \/>\n<meta property=\"article:publisher\" content=\"https:\/\/www.facebook.com\/bahiaeconomica\" \/>\n<meta property=\"article:published_time\" content=\"2022-04-03T09:14:05+00:00\" \/>\n<meta property=\"article:modified_time\" content=\"2022-04-03T13:47:46+00:00\" \/>\n<meta property=\"og:image\" content=\"https:\/\/bahiaeconomica.com.br\/wp\/wp-content\/uploads\/2022\/03\/csm_csm_csm_rui-costa-15-abr-2020-fernando-vivas-governo-da-bahia_e482497729_693676fb7c_5f03a00e94.jpg\" \/>\n\t<meta property=\"og:image:width\" content=\"500\" \/>\n\t<meta property=\"og:image:height\" content=\"300\" \/>\n\t<meta property=\"og:image:type\" content=\"image\/jpeg\" \/>\n<meta name=\"author\" content=\"admin\" \/>\n<meta name=\"twitter:card\" content=\"summary_large_image\" \/>\n<meta name=\"twitter:label1\" content=\"Escrito por\" \/>\n\t<meta name=\"twitter:data1\" content=\"admin\" \/>\n\t<meta name=\"twitter:label2\" content=\"Est. tempo de leitura\" \/>\n\t<meta name=\"twitter:data2\" content=\"1 minuto\" \/>\n<script type=\"application\/ld+json\" class=\"yoast-schema-graph\">{\"@context\":\"https:\/\/schema.org\",\"@graph\":[{\"@type\":\"Article\",\"@id\":\"https:\/\/bahiaeconomica.com.br\/wp\/2022\/04\/03\/governador-escolhe-nomes-ligados-a-mdb-e-pv-para-secretariado\/#article\",\"isPartOf\":{\"@id\":\"https:\/\/bahiaeconomica.com.br\/wp\/2022\/04\/03\/governador-escolhe-nomes-ligados-a-mdb-e-pv-para-secretariado\/\"},\"author\":{\"name\":\"admin\",\"@id\":\"https:\/\/bahiaeconomica.com.br\/wp\/#\/schema\/person\/cb1ab5ba96ad3d9390805381c76284ec\"},\"headline\":\"GOVERNADOR COLOCA MDB E PV NO SECRETARIADO\",\"datePublished\":\"2022-04-03T09:14:05+00:00\",\"dateModified\":\"2022-04-03T13:47:46+00:00\",\"mainEntityOfPage\":{\"@id\":\"https:\/\/bahiaeconomica.com.br\/wp\/2022\/04\/03\/governador-escolhe-nomes-ligados-a-mdb-e-pv-para-secretariado\/\"},\"wordCount\":213,\"publisher\":{\"@id\":\"https:\/\/bahiaeconomica.com.br\/wp\/#organization\"},\"keywords\":[\"mdb\",\"PV\",\"Rui Costa\",\"secretariado\"],\"articleSection\":[\"DESTAQUE DO DIA\",\"ECONOMIA \/ POL\u00cdTICA\"],\"inLanguage\":\"pt-BR\"},{\"@type\":\"WebPage\",\"@id\":\"https:\/\/bahiaeconomica.com.br\/wp\/2022\/04\/03\/governador-escolhe-nomes-ligados-a-mdb-e-pv-para-secretariado\/\",\"url\":\"https:\/\/bahiaeconomica.com.br\/wp\/2022\/04\/03\/governador-escolhe-nomes-ligados-a-mdb-e-pv-para-secretariado\/\",\"name\":\"GOVERNADOR COLOCA MDB E PV NO SECRETARIADO - Bahia Economica\",\"isPartOf\":{\"@id\":\"https:\/\/bahiaeconomica.com.br\/wp\/#website\"},\"datePublished\":\"2022-04-03T09:14:05+00:00\",\"dateModified\":\"2022-04-03T13:47:46+00:00\",\"description\":\"O maior portal de Economia da Bahia DESTAQUE DO DIA, ECONOMIA \/ POL\u00cdTICA Bahia Economica\",\"breadcrumb\":{\"@id\":\"https:\/\/bahiaeconomica.com.br\/wp\/2022\/04\/03\/governador-escolhe-nomes-ligados-a-mdb-e-pv-para-secretariado\/#breadcrumb\"},\"inLanguage\":\"pt-BR\",\"potentialAction\":[{\"@type\":\"ReadAction\",\"target\":[\"https:\/\/bahiaeconomica.com.br\/wp\/2022\/04\/03\/governador-escolhe-nomes-ligados-a-mdb-e-pv-para-secretariado\/\"]}]},{\"@type\":\"BreadcrumbList\",\"@id\":\"https:\/\/bahiaeconomica.com.br\/wp\/2022\/04\/03\/governador-escolhe-nomes-ligados-a-mdb-e-pv-para-secretariado\/#breadcrumb\",\"itemListElement\":[{\"@type\":\"ListItem\",\"position\":1,\"name\":\"In\u00edcio\",\"item\":\"https:\/\/bahiaeconomica.com.br\/wp\/\"},{\"@type\":\"ListItem\",\"position\":2,\"name\":\"GOVERNADOR COLOCA MDB E PV NO SECRETARIADO\"}]},{\"@type\":\"WebSite\",\"@id\":\"https:\/\/bahiaeconomica.com.br\/wp\/#website\",\"url\":\"https:\/\/bahiaeconomica.com.br\/wp\/\",\"name\":\"Bahia Economica\",\"description\":\"O maior portal de Economia da Bahia\",\"publisher\":{\"@id\":\"https:\/\/bahiaeconomica.com.br\/wp\/#organization\"},\"potentialAction\":[{\"@type\":\"SearchAction\",\"target\":{\"@type\":\"EntryPoint\",\"urlTemplate\":\"https:\/\/bahiaeconomica.com.br\/wp\/?s={search_term_string}\"},\"query-input\":\"required name=search_term_string\"}],\"inLanguage\":\"pt-BR\"},{\"@type\":\"Organization\",\"@id\":\"https:\/\/bahiaeconomica.com.br\/wp\/#organization\",\"name\":\"Bahia Econ\u00f4mica\",\"url\":\"https:\/\/bahiaeconomica.com.br\/wp\/\",\"logo\":{\"@type\":\"ImageObject\",\"inLanguage\":\"pt-BR\",\"@id\":\"https:\/\/bahiaeconomica.com.br\/wp\/#\/schema\/logo\/image\/\",\"url\":\"https:\/\/bahiaeconomica.com.br\/wp\/wp-content\/uploads\/2020\/12\/cropped-BE.png\",\"contentUrl\":\"https:\/\/bahiaeconomica.com.br\/wp\/wp-content\/uploads\/2020\/12\/cropped-BE.png\",\"width\":512,\"height\":512,\"caption\":\"Bahia Econ\u00f4mica\"},\"image\":{\"@id\":\"https:\/\/bahiaeconomica.com.br\/wp\/#\/schema\/logo\/image\/\"},\"sameAs\":[\"https:\/\/www.facebook.com\/bahiaeconomica\"]},{\"@type\":\"Person\",\"@id\":\"https:\/\/bahiaeconomica.com.br\/wp\/#\/schema\/person\/cb1ab5ba96ad3d9390805381c76284ec\",\"name\":\"admin\",\"url\":\"https:\/\/bahiaeconomica.com.br\/wp\/author\/admin\/\"}]}<\/script>\n<!-- \/ Yoast SEO plugin. -->","yoast_head_json":{"title":"GOVERNADOR COLOCA MDB E PV NO SECRETARIADO - Bahia Economica","description":"O maior portal de Economia da Bahia DESTAQUE DO DIA, ECONOMIA \/ POL\u00cdTICA Bahia Economica","robots":{"index":"index","follow":"follow","max-snippet":"max-snippet:-1","max-image-preview":"max-image-preview:large","max-video-preview":"max-video-preview:-1"},"canonical":"https:\/\/bahiaeconomica.com.br\/wp\/2022\/04\/03\/governador-escolhe-nomes-ligados-a-mdb-e-pv-para-secretariado\/","og_locale":"pt_BR","og_type":"article","og_title":"GOVERNADOR COLOCA MDB E PV NO SECRETARIADO - Bahia Economica","og_description":"O maior portal de Economia da Bahia DESTAQUE DO DIA, ECONOMIA \/ POL\u00cdTICA Bahia Economica","og_url":"https:\/\/bahiaeconomica.com.br\/wp\/2022\/04\/03\/governador-escolhe-nomes-ligados-a-mdb-e-pv-para-secretariado\/","og_site_name":"Bahia Economica","article_publisher":"https:\/\/www.facebook.com\/bahiaeconomica","article_published_time":"2022-04-03T09:14:05+00:00","article_modified_time":"2022-04-03T13:47:46+00:00","og_image":[{"width":500,"height":300,"url":"https:\/\/bahiaeconomica.com.br\/wp\/wp-content\/uploads\/2022\/03\/csm_csm_csm_rui-costa-15-abr-2020-fernando-vivas-governo-da-bahia_e482497729_693676fb7c_5f03a00e94.jpg","type":"image\/jpeg"}],"author":"admin","twitter_card":"summary_large_image","twitter_misc":{"Escrito por":"admin","Est. tempo de leitura":"1 minuto"},"schema":{"@context":"https:\/\/schema.org","@graph":[{"@type":"Article","@id":"https:\/\/bahiaeconomica.com.br\/wp\/2022\/04\/03\/governador-escolhe-nomes-ligados-a-mdb-e-pv-para-secretariado\/#article","isPartOf":{"@id":"https:\/\/bahiaeconomica.com.br\/wp\/2022\/04\/03\/governador-escolhe-nomes-ligados-a-mdb-e-pv-para-secretariado\/"},"author":{"name":"admin","@id":"https:\/\/bahiaeconomica.com.br\/wp\/#\/schema\/person\/cb1ab5ba96ad3d9390805381c76284ec"},"headline":"GOVERNADOR COLOCA MDB E PV NO SECRETARIADO","datePublished":"2022-04-03T09:14:05+00:00","dateModified":"2022-04-03T13:47:46+00:00","mainEntityOfPage":{"@id":"https:\/\/bahiaeconomica.com.br\/wp\/2022\/04\/03\/governador-escolhe-nomes-ligados-a-mdb-e-pv-para-secretariado\/"},"wordCount":213,"publisher":{"@id":"https:\/\/bahiaeconomica.com.br\/wp\/#organization"},"keywords":["mdb","PV","Rui Costa","secretariado"],"articleSection":["DESTAQUE DO DIA","ECONOMIA \/ POL\u00cdTICA"],"inLanguage":"pt-BR"},{"@type":"WebPage","@id":"https:\/\/bahiaeconomica.com.br\/wp\/2022\/04\/03\/governador-escolhe-nomes-ligados-a-mdb-e-pv-para-secretariado\/","url":"https:\/\/bahiaeconomica.com.br\/wp\/2022\/04\/03\/governador-escolhe-nomes-ligados-a-mdb-e-pv-para-secretariado\/","name":"GOVERNADOR COLOCA MDB E PV NO SECRETARIADO - Bahia Economica","isPartOf":{"@id":"https:\/\/bahiaeconomica.com.br\/wp\/#website"},"datePublished":"2022-04-03T09:14:05+00:00","dateModified":"2022-04-03T13:47:46+00:00","description":"O maior portal de Economia da Bahia DESTAQUE DO DIA, ECONOMIA \/ POL\u00cdTICA Bahia Economica","breadcrumb":{"@id":"https:\/\/bahiaeconomica.com.br\/wp\/2022\/04\/03\/governador-escolhe-nomes-ligados-a-mdb-e-pv-para-secretariado\/#breadcrumb"},"inLanguage":"pt-BR","potentialAction":[{"@type":"ReadAction","target":["https:\/\/bahiaeconomica.com.br\/wp\/2022\/04\/03\/governador-escolhe-nomes-ligados-a-mdb-e-pv-para-secretariado\/"]}]},{"@type":"BreadcrumbList","@id":"https:\/\/bahiaeconomica.com.br\/wp\/2022\/04\/03\/governador-escolhe-nomes-ligados-a-mdb-e-pv-para-secretariado\/#breadcrumb","itemListElement":[{"@type":"ListItem","position":1,"name":"In\u00edcio","item":"https:\/\/bahiaeconomica.com.br\/wp\/"},{"@type":"ListItem","position":2,"name":"GOVERNADOR COLOCA MDB E PV NO SECRETARIADO"}]},{"@type":"WebSite","@id":"https:\/\/bahiaeconomica.com.br\/wp\/#website","url":"https:\/\/bahiaeconomica.com.br\/wp\/","name":"Bahia Economica","description":"O maior portal de Economia da Bahia","publisher":{"@id":"https:\/\/bahiaeconomica.com.br\/wp\/#organization"},"potentialAction":[{"@type":"SearchAction","target":{"@type":"EntryPoint","urlTemplate":"https:\/\/bahiaeconomica.com.br\/wp\/?s={search_term_string}"},"query-input":"required name=search_term_string"}],"inLanguage":"pt-BR"},{"@type":"Organization","@id":"https:\/\/bahiaeconomica.com.br\/wp\/#organization","name":"Bahia Econ\u00f4mica","url":"https:\/\/bahiaeconomica.com.br\/wp\/","logo":{"@type":"ImageObject","inLanguage":"pt-BR","@id":"https:\/\/bahiaeconomica.com.br\/wp\/#\/schema\/logo\/image\/","url":"https:\/\/bahiaeconomica.com.br\/wp\/wp-content\/uploads\/2020\/12\/cropped-BE.png","contentUrl":"https:\/\/bahiaeconomica.com.br\/wp\/wp-content\/uploads\/2020\/12\/cropped-BE.png","width":512,"height":512,"caption":"Bahia Econ\u00f4mica"},"image":{"@id":"https:\/\/bahiaeconomica.com.br\/wp\/#\/schema\/logo\/image\/"},"sameAs":["https:\/\/www.facebook.com\/bahiaeconomica"]},{"@type":"Person","@id":"https:\/\/bahiaeconomica.com.br\/wp\/#\/schema\/person\/cb1ab5ba96ad3d9390805381c76284ec","name":"admin","url":"https:\/\/bahiaeconomica.com.br\/wp\/author\/admin\/"}]}},"views":6,"_links":{"self":[{"href":"https:\/\/bahiaeconomica.com.br\/wp\/wp-json\/wp\/v2\/posts\/654448"}],"collection":[{"href":"https:\/\/bahiaeconomica.com.br\/wp\/wp-json\/wp\/v2\/posts"}],"about":[{"href":"https:\/\/bahiaeconomica.com.br\/wp\/wp-json\/wp\/v2\/types\/post"}],"author":[{"embeddable":true,"href":"https:\/\/bahiaeconomica.com.br\/wp\/wp-json\/wp\/v2\/users\/1"}],"replies":[{"embeddable":true,"href":"https:\/\/bahiaeconomica.com.br\/wp\/wp-json\/wp\/v2\/comments?post=654448"}],"version-history":[{"count":2,"href":"https:\/\/bahiaeconomica.com.br\/wp\/wp-json\/wp\/v2\/posts\/654448\/revisions"}],"predecessor-version":[{"id":654541,"href":"https:\/\/bahiaeconomica.com.br\/wp\/wp-json\/wp\/v2\/posts\/654448\/revisions\/654541"}],"wp:featuredmedia":[{"embeddable":true,"href":"https:\/\/bahiaeconomica.com.br\/wp\/wp-json\/wp\/v2\/media\/647712"}],"wp:attachment":[{"href":"https:\/\/bahiaeconomica.com.br\/wp\/wp-json\/wp\/v2\/media?parent=654448"}],"wp:term":[{"taxonomy":"category","embeddable":true,"href":"https:\/\/bahiaeconomica.com.br\/wp\/wp-json\/wp\/v2\/categories?post=654448"},{"taxonomy":"post_tag","embeddable":true,"href":"https:\/\/bahiaeconomica.com.br\/wp\/wp-json\/wp\/v2\/tags?post=654448"}],"curies":[{"name":"wp","href":"https:\/\/api.w.org\/{rel}","templated":true}]}}