{"id":653478,"date":"2022-03-31T11:30:02","date_gmt":"2022-03-31T14:30:02","guid":{"rendered":"https:\/\/bahiaeconomica.com.br\/wp\/beta\/?p=653478"},"modified":"2022-03-30T16:54:36","modified_gmt":"2022-03-30T19:54:36","slug":"bahia-estreia-na-serie-b-dia-8-de-abril","status":"publish","type":"post","link":"https:\/\/bahiaeconomica.com.br\/wp\/2022\/03\/31\/bahia-estreia-na-serie-b-dia-8-de-abril\/","title":{"rendered":"BAHIA ESTREIA NA S\u00c9RIE B DIA 8 DE ABRIL"},"content":{"rendered":"<p>A Confedera\u00e7\u00e3o Brasileira de Futebol (CBF) divulgou no fim da noite da \u00faltima ter\u00e7a-feira, 29, a tabela detalhada com os primeiros seis jogos da S\u00e9rie B de 2022. O Bahia, \u00fanico participante baiano na competi\u00e7\u00e3o, ir\u00e1 estrear no dia 8 de abril, uma sexta-feira, \u00e0s 21h30, contra o Cruzeiro, na Arena Fonte Nova. A partida ser\u00e1 uma das primeiras do campeonato depois de Brusque x Guarani e Vasco x Vila Nova, que acontecem \u00e0s 19h.<\/p>\n<p>Nas seis primeiras rodadas, o Bahia ter\u00e1 quatro partidas em uma sexta-feira e outras duas em dia de ter\u00e7a. Os confrontos do Trciolor ser\u00e3o contra Cruzeiro, Sampaio Corr\u00eaa e Londrina, na Arena Fonte Nova, e N\u00e1utico, CSA e Ituano, fora de casa.<\/p>\n<p>O segundo jogo marcado para a Arena Fonte Nova ser\u00e1 apenas na 4\u00aa rodada, quando o Bahia enfrenta o Sampaio Corr\u00eaa, na ter\u00e7a-feira, 26, \u00e0s 21h30. Em seguida, pela 6\u00aa rodada, o Tricolor joga contra o Londrina, na ter\u00e7a, 3 de maio, \u00e0s 19h.<\/p>\n<p>O Bahia vive um per\u00edodo de intertemporada ap\u00f3s ir mal e cair na primeira fase do Campeonato Baiano e da Copa do Nordeste. O Tricolor n\u00e3o entra em campo desde o dia 19 de mar\u00e7o, quando venceu o Sergipe, e tem ao todo, tr\u00eas semanas de prepara\u00e7\u00e3o para sua estreia na S\u00e9rie B.<\/p>\n<p>&nbsp;<\/p>\n<p>&nbsp;<\/p>\n<p>&nbsp;<\/p>\n<p>Foto: reprodu\u00e7\u00e3o\/atarde<\/p>\n","protected":false},"excerpt":{"rendered":"<p>A Confedera\u00e7\u00e3o Brasileira de Futebol (CBF) divulgou no fim da noite da \u00faltima ter\u00e7a-feira, 29, a tabela detalhada com os primeiros seis jogos da S\u00e9rie B de 2022. O Bahia, \u00fanico participante baiano na competi\u00e7\u00e3o, ir\u00e1 estrear no dia 8 de abril, uma sexta-feira, \u00e0s 21h30, contra o Cruzeiro, na Arena Fonte Nova. A partida [&hellip;]<\/p>\n","protected":false},"author":1,"featured_media":653482,"comment_status":"closed","ping_status":"closed","sticky":false,"template":"","format":"standard","meta":[],"categories":[4486],"tags":[],"acf":[],"yoast_head":"<!-- This site is optimized with the Yoast SEO plugin v20.8 - https:\/\/yoast.com\/wordpress\/plugins\/seo\/ -->\n<title>BAHIA ESTREIA NA S\u00c9RIE B DIA 8 DE ABRIL - Bahia Economica<\/title>\n<meta name=\"description\" content=\"O maior portal de Economia da Bahia Esporte Bahia Economica\" \/>\n<meta name=\"robots\" content=\"index, follow, max-snippet:-1, max-image-preview:large, max-video-preview:-1\" \/>\n<link rel=\"canonical\" href=\"https:\/\/bahiaeconomica.com.br\/wp\/2022\/03\/31\/bahia-estreia-na-serie-b-dia-8-de-abril\/\" \/>\n<meta property=\"og:locale\" content=\"pt_BR\" \/>\n<meta property=\"og:type\" content=\"article\" \/>\n<meta property=\"og:title\" content=\"BAHIA ESTREIA NA S\u00c9RIE B DIA 8 DE ABRIL - Bahia Economica\" \/>\n<meta property=\"og:description\" content=\"O maior portal de Economia da Bahia Esporte Bahia Economica\" \/>\n<meta property=\"og:url\" content=\"https:\/\/bahiaeconomica.com.br\/wp\/2022\/03\/31\/bahia-estreia-na-serie-b-dia-8-de-abril\/\" \/>\n<meta property=\"og:site_name\" content=\"Bahia Economica\" \/>\n<meta property=\"article:publisher\" content=\"https:\/\/www.facebook.com\/bahiaeconomica\" \/>\n<meta property=\"article:published_time\" content=\"2022-03-31T14:30:02+00:00\" \/>\n<meta property=\"article:modified_time\" content=\"2022-03-30T19:54:36+00:00\" \/>\n<meta property=\"og:image\" content=\"https:\/\/bahiaeconomica.com.br\/wp\/wp-content\/uploads\/2022\/03\/Artigo-Destaque_01191247_00-ScaleDownProportional.webp\" \/>\n\t<meta property=\"og:image:width\" content=\"749\" \/>\n\t<meta property=\"og:image:height\" content=\"500\" \/>\n\t<meta property=\"og:image:type\" content=\"image\/webp\" \/>\n<meta name=\"author\" content=\"admin\" \/>\n<meta name=\"twitter:card\" content=\"summary_large_image\" \/>\n<meta name=\"twitter:label1\" content=\"Escrito por\" \/>\n\t<meta name=\"twitter:data1\" content=\"admin\" \/>\n\t<meta name=\"twitter:label2\" content=\"Est. tempo de leitura\" \/>\n\t<meta name=\"twitter:data2\" content=\"1 minuto\" \/>\n<script type=\"application\/ld+json\" class=\"yoast-schema-graph\">{\"@context\":\"https:\/\/schema.org\",\"@graph\":[{\"@type\":\"Article\",\"@id\":\"https:\/\/bahiaeconomica.com.br\/wp\/2022\/03\/31\/bahia-estreia-na-serie-b-dia-8-de-abril\/#article\",\"isPartOf\":{\"@id\":\"https:\/\/bahiaeconomica.com.br\/wp\/2022\/03\/31\/bahia-estreia-na-serie-b-dia-8-de-abril\/\"},\"author\":{\"name\":\"admin\",\"@id\":\"https:\/\/bahiaeconomica.com.br\/wp\/#\/schema\/person\/cb1ab5ba96ad3d9390805381c76284ec\"},\"headline\":\"BAHIA ESTREIA NA S\u00c9RIE B DIA 8 DE ABRIL\",\"datePublished\":\"2022-03-31T14:30:02+00:00\",\"dateModified\":\"2022-03-30T19:54:36+00:00\",\"mainEntityOfPage\":{\"@id\":\"https:\/\/bahiaeconomica.com.br\/wp\/2022\/03\/31\/bahia-estreia-na-serie-b-dia-8-de-abril\/\"},\"wordCount\":240,\"publisher\":{\"@id\":\"https:\/\/bahiaeconomica.com.br\/wp\/#organization\"},\"articleSection\":[\"Esporte\"],\"inLanguage\":\"pt-BR\"},{\"@type\":\"WebPage\",\"@id\":\"https:\/\/bahiaeconomica.com.br\/wp\/2022\/03\/31\/bahia-estreia-na-serie-b-dia-8-de-abril\/\",\"url\":\"https:\/\/bahiaeconomica.com.br\/wp\/2022\/03\/31\/bahia-estreia-na-serie-b-dia-8-de-abril\/\",\"name\":\"BAHIA ESTREIA NA S\u00c9RIE B DIA 8 DE ABRIL - Bahia Economica\",\"isPartOf\":{\"@id\":\"https:\/\/bahiaeconomica.com.br\/wp\/#website\"},\"datePublished\":\"2022-03-31T14:30:02+00:00\",\"dateModified\":\"2022-03-30T19:54:36+00:00\",\"description\":\"O maior portal de Economia da Bahia Esporte Bahia Economica\",\"breadcrumb\":{\"@id\":\"https:\/\/bahiaeconomica.com.br\/wp\/2022\/03\/31\/bahia-estreia-na-serie-b-dia-8-de-abril\/#breadcrumb\"},\"inLanguage\":\"pt-BR\",\"potentialAction\":[{\"@type\":\"ReadAction\",\"target\":[\"https:\/\/bahiaeconomica.com.br\/wp\/2022\/03\/31\/bahia-estreia-na-serie-b-dia-8-de-abril\/\"]}]},{\"@type\":\"BreadcrumbList\",\"@id\":\"https:\/\/bahiaeconomica.com.br\/wp\/2022\/03\/31\/bahia-estreia-na-serie-b-dia-8-de-abril\/#breadcrumb\",\"itemListElement\":[{\"@type\":\"ListItem\",\"position\":1,\"name\":\"In\u00edcio\",\"item\":\"https:\/\/bahiaeconomica.com.br\/wp\/\"},{\"@type\":\"ListItem\",\"position\":2,\"name\":\"BAHIA ESTREIA NA S\u00c9RIE B DIA 8 DE ABRIL\"}]},{\"@type\":\"WebSite\",\"@id\":\"https:\/\/bahiaeconomica.com.br\/wp\/#website\",\"url\":\"https:\/\/bahiaeconomica.com.br\/wp\/\",\"name\":\"Bahia Economica\",\"description\":\"O maior portal de Economia da Bahia\",\"publisher\":{\"@id\":\"https:\/\/bahiaeconomica.com.br\/wp\/#organization\"},\"potentialAction\":[{\"@type\":\"SearchAction\",\"target\":{\"@type\":\"EntryPoint\",\"urlTemplate\":\"https:\/\/bahiaeconomica.com.br\/wp\/?s={search_term_string}\"},\"query-input\":\"required name=search_term_string\"}],\"inLanguage\":\"pt-BR\"},{\"@type\":\"Organization\",\"@id\":\"https:\/\/bahiaeconomica.com.br\/wp\/#organization\",\"name\":\"Bahia Econ\u00f4mica\",\"url\":\"https:\/\/bahiaeconomica.com.br\/wp\/\",\"logo\":{\"@type\":\"ImageObject\",\"inLanguage\":\"pt-BR\",\"@id\":\"https:\/\/bahiaeconomica.com.br\/wp\/#\/schema\/logo\/image\/\",\"url\":\"https:\/\/bahiaeconomica.com.br\/wp\/wp-content\/uploads\/2020\/12\/cropped-BE.png\",\"contentUrl\":\"https:\/\/bahiaeconomica.com.br\/wp\/wp-content\/uploads\/2020\/12\/cropped-BE.png\",\"width\":512,\"height\":512,\"caption\":\"Bahia Econ\u00f4mica\"},\"image\":{\"@id\":\"https:\/\/bahiaeconomica.com.br\/wp\/#\/schema\/logo\/image\/\"},\"sameAs\":[\"https:\/\/www.facebook.com\/bahiaeconomica\"]},{\"@type\":\"Person\",\"@id\":\"https:\/\/bahiaeconomica.com.br\/wp\/#\/schema\/person\/cb1ab5ba96ad3d9390805381c76284ec\",\"name\":\"admin\",\"url\":\"https:\/\/bahiaeconomica.com.br\/wp\/author\/admin\/\"}]}<\/script>\n<!-- \/ Yoast SEO plugin. -->","yoast_head_json":{"title":"BAHIA ESTREIA NA S\u00c9RIE B DIA 8 DE ABRIL - Bahia Economica","description":"O maior portal de Economia da Bahia Esporte Bahia Economica","robots":{"index":"index","follow":"follow","max-snippet":"max-snippet:-1","max-image-preview":"max-image-preview:large","max-video-preview":"max-video-preview:-1"},"canonical":"https:\/\/bahiaeconomica.com.br\/wp\/2022\/03\/31\/bahia-estreia-na-serie-b-dia-8-de-abril\/","og_locale":"pt_BR","og_type":"article","og_title":"BAHIA ESTREIA NA S\u00c9RIE B DIA 8 DE ABRIL - Bahia Economica","og_description":"O maior portal de Economia da Bahia Esporte Bahia Economica","og_url":"https:\/\/bahiaeconomica.com.br\/wp\/2022\/03\/31\/bahia-estreia-na-serie-b-dia-8-de-abril\/","og_site_name":"Bahia Economica","article_publisher":"https:\/\/www.facebook.com\/bahiaeconomica","article_published_time":"2022-03-31T14:30:02+00:00","article_modified_time":"2022-03-30T19:54:36+00:00","og_image":[{"width":749,"height":500,"url":"https:\/\/bahiaeconomica.com.br\/wp\/wp-content\/uploads\/2022\/03\/Artigo-Destaque_01191247_00-ScaleDownProportional.webp","type":"image\/webp"}],"author":"admin","twitter_card":"summary_large_image","twitter_misc":{"Escrito por":"admin","Est. tempo de leitura":"1 minuto"},"schema":{"@context":"https:\/\/schema.org","@graph":[{"@type":"Article","@id":"https:\/\/bahiaeconomica.com.br\/wp\/2022\/03\/31\/bahia-estreia-na-serie-b-dia-8-de-abril\/#article","isPartOf":{"@id":"https:\/\/bahiaeconomica.com.br\/wp\/2022\/03\/31\/bahia-estreia-na-serie-b-dia-8-de-abril\/"},"author":{"name":"admin","@id":"https:\/\/bahiaeconomica.com.br\/wp\/#\/schema\/person\/cb1ab5ba96ad3d9390805381c76284ec"},"headline":"BAHIA ESTREIA NA S\u00c9RIE B DIA 8 DE ABRIL","datePublished":"2022-03-31T14:30:02+00:00","dateModified":"2022-03-30T19:54:36+00:00","mainEntityOfPage":{"@id":"https:\/\/bahiaeconomica.com.br\/wp\/2022\/03\/31\/bahia-estreia-na-serie-b-dia-8-de-abril\/"},"wordCount":240,"publisher":{"@id":"https:\/\/bahiaeconomica.com.br\/wp\/#organization"},"articleSection":["Esporte"],"inLanguage":"pt-BR"},{"@type":"WebPage","@id":"https:\/\/bahiaeconomica.com.br\/wp\/2022\/03\/31\/bahia-estreia-na-serie-b-dia-8-de-abril\/","url":"https:\/\/bahiaeconomica.com.br\/wp\/2022\/03\/31\/bahia-estreia-na-serie-b-dia-8-de-abril\/","name":"BAHIA ESTREIA NA S\u00c9RIE B DIA 8 DE ABRIL - Bahia Economica","isPartOf":{"@id":"https:\/\/bahiaeconomica.com.br\/wp\/#website"},"datePublished":"2022-03-31T14:30:02+00:00","dateModified":"2022-03-30T19:54:36+00:00","description":"O maior portal de Economia da Bahia Esporte Bahia Economica","breadcrumb":{"@id":"https:\/\/bahiaeconomica.com.br\/wp\/2022\/03\/31\/bahia-estreia-na-serie-b-dia-8-de-abril\/#breadcrumb"},"inLanguage":"pt-BR","potentialAction":[{"@type":"ReadAction","target":["https:\/\/bahiaeconomica.com.br\/wp\/2022\/03\/31\/bahia-estreia-na-serie-b-dia-8-de-abril\/"]}]},{"@type":"BreadcrumbList","@id":"https:\/\/bahiaeconomica.com.br\/wp\/2022\/03\/31\/bahia-estreia-na-serie-b-dia-8-de-abril\/#breadcrumb","itemListElement":[{"@type":"ListItem","position":1,"name":"In\u00edcio","item":"https:\/\/bahiaeconomica.com.br\/wp\/"},{"@type":"ListItem","position":2,"name":"BAHIA ESTREIA NA S\u00c9RIE B DIA 8 DE ABRIL"}]},{"@type":"WebSite","@id":"https:\/\/bahiaeconomica.com.br\/wp\/#website","url":"https:\/\/bahiaeconomica.com.br\/wp\/","name":"Bahia Economica","description":"O maior portal de Economia da Bahia","publisher":{"@id":"https:\/\/bahiaeconomica.com.br\/wp\/#organization"},"potentialAction":[{"@type":"SearchAction","target":{"@type":"EntryPoint","urlTemplate":"https:\/\/bahiaeconomica.com.br\/wp\/?s={search_term_string}"},"query-input":"required name=search_term_string"}],"inLanguage":"pt-BR"},{"@type":"Organization","@id":"https:\/\/bahiaeconomica.com.br\/wp\/#organization","name":"Bahia Econ\u00f4mica","url":"https:\/\/bahiaeconomica.com.br\/wp\/","logo":{"@type":"ImageObject","inLanguage":"pt-BR","@id":"https:\/\/bahiaeconomica.com.br\/wp\/#\/schema\/logo\/image\/","url":"https:\/\/bahiaeconomica.com.br\/wp\/wp-content\/uploads\/2020\/12\/cropped-BE.png","contentUrl":"https:\/\/bahiaeconomica.com.br\/wp\/wp-content\/uploads\/2020\/12\/cropped-BE.png","width":512,"height":512,"caption":"Bahia Econ\u00f4mica"},"image":{"@id":"https:\/\/bahiaeconomica.com.br\/wp\/#\/schema\/logo\/image\/"},"sameAs":["https:\/\/www.facebook.com\/bahiaeconomica"]},{"@type":"Person","@id":"https:\/\/bahiaeconomica.com.br\/wp\/#\/schema\/person\/cb1ab5ba96ad3d9390805381c76284ec","name":"admin","url":"https:\/\/bahiaeconomica.com.br\/wp\/author\/admin\/"}]}},"views":3,"_links":{"self":[{"href":"https:\/\/bahiaeconomica.com.br\/wp\/wp-json\/wp\/v2\/posts\/653478"}],"collection":[{"href":"https:\/\/bahiaeconomica.com.br\/wp\/wp-json\/wp\/v2\/posts"}],"about":[{"href":"https:\/\/bahiaeconomica.com.br\/wp\/wp-json\/wp\/v2\/types\/post"}],"author":[{"embeddable":true,"href":"https:\/\/bahiaeconomica.com.br\/wp\/wp-json\/wp\/v2\/users\/1"}],"replies":[{"embeddable":true,"href":"https:\/\/bahiaeconomica.com.br\/wp\/wp-json\/wp\/v2\/comments?post=653478"}],"version-history":[{"count":1,"href":"https:\/\/bahiaeconomica.com.br\/wp\/wp-json\/wp\/v2\/posts\/653478\/revisions"}],"predecessor-version":[{"id":653483,"href":"https:\/\/bahiaeconomica.com.br\/wp\/wp-json\/wp\/v2\/posts\/653478\/revisions\/653483"}],"wp:featuredmedia":[{"embeddable":true,"href":"https:\/\/bahiaeconomica.com.br\/wp\/wp-json\/wp\/v2\/media\/653482"}],"wp:attachment":[{"href":"https:\/\/bahiaeconomica.com.br\/wp\/wp-json\/wp\/v2\/media?parent=653478"}],"wp:term":[{"taxonomy":"category","embeddable":true,"href":"https:\/\/bahiaeconomica.com.br\/wp\/wp-json\/wp\/v2\/categories?post=653478"},{"taxonomy":"post_tag","embeddable":true,"href":"https:\/\/bahiaeconomica.com.br\/wp\/wp-json\/wp\/v2\/tags?post=653478"}],"curies":[{"name":"wp","href":"https:\/\/api.w.org\/{rel}","templated":true}]}}