{"id":652612,"date":"2022-03-28T14:25:40","date_gmt":"2022-03-28T17:25:40","guid":{"rendered":"https:\/\/bahiaeconomica.com.br\/wp\/beta\/?p=652612"},"modified":"2022-03-28T14:25:40","modified_gmt":"2022-03-28T17:25:40","slug":"proposta-do-bahia-com-grupo-city-sera-anunciada-em-abril","status":"publish","type":"post","link":"https:\/\/bahiaeconomica.com.br\/wp\/2022\/03\/28\/proposta-do-bahia-com-grupo-city-sera-anunciada-em-abril\/","title":{"rendered":"PROPOSTA DO BAHIA COM GRUPO CITY SER\u00c1 ANUNCIADA EM ABRIL"},"content":{"rendered":"<p>A negocia\u00e7\u00e3o entre Bahia e o Grupo City, dono de diversos clube em todo o mundo, sendo o principal deles o Manchester City, da Inglaterra, seguem evoluindo e a tend\u00eancia \u00e9 que a proposta de compra do clube seja apresentada ao Conselho Deliberativo do clube nas pr\u00f3ximas semanas, ainda durante o m\u00eas de abril.<\/p>\n<p>De acordo com reportagem da ESPN Brasil, a negocia\u00e7\u00e3o entre Bahia e Grupo CIty j\u00e1 existe h\u00e1 alguns meses e est\u00e1 muito bem encaminhada. No entanto, antes de apresentar a proposta ao Conselho, clube e investidores ainda debatem algumas cl\u00e1usulas contratuais. Os poss\u00edveis valores envolvidos no acordo n\u00e3o foram divulgados.<\/p>\n<p>A mesma informa\u00e7\u00e3o foi publicada nesta ter\u00e7a-feira, 28, na coluna de Rodrigo Mattos, no UOL. Segundo a reportagem, toda a discuss\u00e3o foi em torno dos detalhes de como funcionaria a aquisi\u00e7\u00e3o de maneira com que o Bahia esteja seguro e seja uma equipe competitiva.<\/p>\n<p>Uma das cl\u00e1usulas prev\u00ea que o clube n\u00e3o abre m\u00e3o de que quest\u00f5es como o s\u00edmbolo e cores de camisa n\u00e3o sofram grandes transforma\u00e7\u00f5es.<\/p>\n<p>&nbsp;<\/p>\n<p>&nbsp;<\/p>\n<p>Foto: reprodu\u00e7\u00e3o\/atarde<\/p>\n","protected":false},"excerpt":{"rendered":"<p>A negocia\u00e7\u00e3o entre Bahia e o Grupo City, dono de diversos clube em todo o mundo, sendo o principal deles o Manchester City, da Inglaterra, seguem evoluindo e a tend\u00eancia \u00e9 que a proposta de compra do clube seja apresentada ao Conselho Deliberativo do clube nas pr\u00f3ximas semanas, ainda durante o m\u00eas de abril. De [&hellip;]<\/p>\n","protected":false},"author":1,"featured_media":652617,"comment_status":"closed","ping_status":"closed","sticky":false,"template":"","format":"standard","meta":[],"categories":[4486],"tags":[],"acf":[],"yoast_head":"<!-- This site is optimized with the Yoast SEO plugin v20.8 - https:\/\/yoast.com\/wordpress\/plugins\/seo\/ -->\n<title>PROPOSTA DO BAHIA COM GRUPO CITY SER\u00c1 ANUNCIADA EM ABRIL - Bahia Economica<\/title>\n<meta name=\"description\" content=\"O maior portal de Economia da Bahia Esporte Bahia Economica\" \/>\n<meta name=\"robots\" content=\"index, follow, max-snippet:-1, max-image-preview:large, max-video-preview:-1\" \/>\n<link rel=\"canonical\" href=\"https:\/\/bahiaeconomica.com.br\/wp\/2022\/03\/28\/proposta-do-bahia-com-grupo-city-sera-anunciada-em-abril\/\" \/>\n<meta property=\"og:locale\" content=\"pt_BR\" \/>\n<meta property=\"og:type\" content=\"article\" \/>\n<meta property=\"og:title\" content=\"PROPOSTA DO BAHIA COM GRUPO CITY SER\u00c1 ANUNCIADA EM ABRIL - Bahia Economica\" \/>\n<meta property=\"og:description\" content=\"O maior portal de Economia da Bahia Esporte Bahia Economica\" \/>\n<meta property=\"og:url\" content=\"https:\/\/bahiaeconomica.com.br\/wp\/2022\/03\/28\/proposta-do-bahia-com-grupo-city-sera-anunciada-em-abril\/\" \/>\n<meta property=\"og:site_name\" content=\"Bahia Economica\" \/>\n<meta property=\"article:publisher\" content=\"https:\/\/www.facebook.com\/bahiaeconomica\" \/>\n<meta property=\"article:published_time\" content=\"2022-03-28T17:25:40+00:00\" \/>\n<meta property=\"og:image\" content=\"https:\/\/bahiaeconomica.com.br\/wp\/wp-content\/uploads\/2022\/03\/Artigo-Destaque_01191008_00-ScaleDownProportional.webp\" \/>\n\t<meta property=\"og:image:width\" content=\"749\" \/>\n\t<meta property=\"og:image:height\" content=\"500\" \/>\n\t<meta property=\"og:image:type\" content=\"image\/webp\" \/>\n<meta name=\"author\" content=\"admin\" \/>\n<meta name=\"twitter:card\" content=\"summary_large_image\" \/>\n<meta name=\"twitter:label1\" content=\"Escrito por\" \/>\n\t<meta name=\"twitter:data1\" content=\"admin\" \/>\n\t<meta name=\"twitter:label2\" content=\"Est. tempo de leitura\" \/>\n\t<meta name=\"twitter:data2\" content=\"1 minuto\" \/>\n<script type=\"application\/ld+json\" class=\"yoast-schema-graph\">{\"@context\":\"https:\/\/schema.org\",\"@graph\":[{\"@type\":\"Article\",\"@id\":\"https:\/\/bahiaeconomica.com.br\/wp\/2022\/03\/28\/proposta-do-bahia-com-grupo-city-sera-anunciada-em-abril\/#article\",\"isPartOf\":{\"@id\":\"https:\/\/bahiaeconomica.com.br\/wp\/2022\/03\/28\/proposta-do-bahia-com-grupo-city-sera-anunciada-em-abril\/\"},\"author\":{\"name\":\"admin\",\"@id\":\"https:\/\/bahiaeconomica.com.br\/wp\/#\/schema\/person\/cb1ab5ba96ad3d9390805381c76284ec\"},\"headline\":\"PROPOSTA DO BAHIA COM GRUPO CITY SER\u00c1 ANUNCIADA EM ABRIL\",\"datePublished\":\"2022-03-28T17:25:40+00:00\",\"dateModified\":\"2022-03-28T17:25:40+00:00\",\"mainEntityOfPage\":{\"@id\":\"https:\/\/bahiaeconomica.com.br\/wp\/2022\/03\/28\/proposta-do-bahia-com-grupo-city-sera-anunciada-em-abril\/\"},\"wordCount\":205,\"publisher\":{\"@id\":\"https:\/\/bahiaeconomica.com.br\/wp\/#organization\"},\"articleSection\":[\"Esporte\"],\"inLanguage\":\"pt-BR\"},{\"@type\":\"WebPage\",\"@id\":\"https:\/\/bahiaeconomica.com.br\/wp\/2022\/03\/28\/proposta-do-bahia-com-grupo-city-sera-anunciada-em-abril\/\",\"url\":\"https:\/\/bahiaeconomica.com.br\/wp\/2022\/03\/28\/proposta-do-bahia-com-grupo-city-sera-anunciada-em-abril\/\",\"name\":\"PROPOSTA DO BAHIA COM GRUPO CITY SER\u00c1 ANUNCIADA EM ABRIL - Bahia Economica\",\"isPartOf\":{\"@id\":\"https:\/\/bahiaeconomica.com.br\/wp\/#website\"},\"datePublished\":\"2022-03-28T17:25:40+00:00\",\"dateModified\":\"2022-03-28T17:25:40+00:00\",\"description\":\"O maior portal de Economia da Bahia Esporte Bahia Economica\",\"breadcrumb\":{\"@id\":\"https:\/\/bahiaeconomica.com.br\/wp\/2022\/03\/28\/proposta-do-bahia-com-grupo-city-sera-anunciada-em-abril\/#breadcrumb\"},\"inLanguage\":\"pt-BR\",\"potentialAction\":[{\"@type\":\"ReadAction\",\"target\":[\"https:\/\/bahiaeconomica.com.br\/wp\/2022\/03\/28\/proposta-do-bahia-com-grupo-city-sera-anunciada-em-abril\/\"]}]},{\"@type\":\"BreadcrumbList\",\"@id\":\"https:\/\/bahiaeconomica.com.br\/wp\/2022\/03\/28\/proposta-do-bahia-com-grupo-city-sera-anunciada-em-abril\/#breadcrumb\",\"itemListElement\":[{\"@type\":\"ListItem\",\"position\":1,\"name\":\"In\u00edcio\",\"item\":\"https:\/\/bahiaeconomica.com.br\/wp\/\"},{\"@type\":\"ListItem\",\"position\":2,\"name\":\"PROPOSTA DO BAHIA COM GRUPO CITY SER\u00c1 ANUNCIADA EM ABRIL\"}]},{\"@type\":\"WebSite\",\"@id\":\"https:\/\/bahiaeconomica.com.br\/wp\/#website\",\"url\":\"https:\/\/bahiaeconomica.com.br\/wp\/\",\"name\":\"Bahia Economica\",\"description\":\"O maior portal de Economia da Bahia\",\"publisher\":{\"@id\":\"https:\/\/bahiaeconomica.com.br\/wp\/#organization\"},\"potentialAction\":[{\"@type\":\"SearchAction\",\"target\":{\"@type\":\"EntryPoint\",\"urlTemplate\":\"https:\/\/bahiaeconomica.com.br\/wp\/?s={search_term_string}\"},\"query-input\":\"required name=search_term_string\"}],\"inLanguage\":\"pt-BR\"},{\"@type\":\"Organization\",\"@id\":\"https:\/\/bahiaeconomica.com.br\/wp\/#organization\",\"name\":\"Bahia Econ\u00f4mica\",\"url\":\"https:\/\/bahiaeconomica.com.br\/wp\/\",\"logo\":{\"@type\":\"ImageObject\",\"inLanguage\":\"pt-BR\",\"@id\":\"https:\/\/bahiaeconomica.com.br\/wp\/#\/schema\/logo\/image\/\",\"url\":\"https:\/\/bahiaeconomica.com.br\/wp\/wp-content\/uploads\/2020\/12\/cropped-BE.png\",\"contentUrl\":\"https:\/\/bahiaeconomica.com.br\/wp\/wp-content\/uploads\/2020\/12\/cropped-BE.png\",\"width\":512,\"height\":512,\"caption\":\"Bahia Econ\u00f4mica\"},\"image\":{\"@id\":\"https:\/\/bahiaeconomica.com.br\/wp\/#\/schema\/logo\/image\/\"},\"sameAs\":[\"https:\/\/www.facebook.com\/bahiaeconomica\"]},{\"@type\":\"Person\",\"@id\":\"https:\/\/bahiaeconomica.com.br\/wp\/#\/schema\/person\/cb1ab5ba96ad3d9390805381c76284ec\",\"name\":\"admin\",\"url\":\"https:\/\/bahiaeconomica.com.br\/wp\/author\/admin\/\"}]}<\/script>\n<!-- \/ Yoast SEO plugin. -->","yoast_head_json":{"title":"PROPOSTA DO BAHIA COM GRUPO CITY SER\u00c1 ANUNCIADA EM ABRIL - Bahia Economica","description":"O maior portal de Economia da Bahia Esporte Bahia Economica","robots":{"index":"index","follow":"follow","max-snippet":"max-snippet:-1","max-image-preview":"max-image-preview:large","max-video-preview":"max-video-preview:-1"},"canonical":"https:\/\/bahiaeconomica.com.br\/wp\/2022\/03\/28\/proposta-do-bahia-com-grupo-city-sera-anunciada-em-abril\/","og_locale":"pt_BR","og_type":"article","og_title":"PROPOSTA DO BAHIA COM GRUPO CITY SER\u00c1 ANUNCIADA EM ABRIL - Bahia Economica","og_description":"O maior portal de Economia da Bahia Esporte Bahia Economica","og_url":"https:\/\/bahiaeconomica.com.br\/wp\/2022\/03\/28\/proposta-do-bahia-com-grupo-city-sera-anunciada-em-abril\/","og_site_name":"Bahia Economica","article_publisher":"https:\/\/www.facebook.com\/bahiaeconomica","article_published_time":"2022-03-28T17:25:40+00:00","og_image":[{"width":749,"height":500,"url":"https:\/\/bahiaeconomica.com.br\/wp\/wp-content\/uploads\/2022\/03\/Artigo-Destaque_01191008_00-ScaleDownProportional.webp","type":"image\/webp"}],"author":"admin","twitter_card":"summary_large_image","twitter_misc":{"Escrito por":"admin","Est. tempo de leitura":"1 minuto"},"schema":{"@context":"https:\/\/schema.org","@graph":[{"@type":"Article","@id":"https:\/\/bahiaeconomica.com.br\/wp\/2022\/03\/28\/proposta-do-bahia-com-grupo-city-sera-anunciada-em-abril\/#article","isPartOf":{"@id":"https:\/\/bahiaeconomica.com.br\/wp\/2022\/03\/28\/proposta-do-bahia-com-grupo-city-sera-anunciada-em-abril\/"},"author":{"name":"admin","@id":"https:\/\/bahiaeconomica.com.br\/wp\/#\/schema\/person\/cb1ab5ba96ad3d9390805381c76284ec"},"headline":"PROPOSTA DO BAHIA COM GRUPO CITY SER\u00c1 ANUNCIADA EM ABRIL","datePublished":"2022-03-28T17:25:40+00:00","dateModified":"2022-03-28T17:25:40+00:00","mainEntityOfPage":{"@id":"https:\/\/bahiaeconomica.com.br\/wp\/2022\/03\/28\/proposta-do-bahia-com-grupo-city-sera-anunciada-em-abril\/"},"wordCount":205,"publisher":{"@id":"https:\/\/bahiaeconomica.com.br\/wp\/#organization"},"articleSection":["Esporte"],"inLanguage":"pt-BR"},{"@type":"WebPage","@id":"https:\/\/bahiaeconomica.com.br\/wp\/2022\/03\/28\/proposta-do-bahia-com-grupo-city-sera-anunciada-em-abril\/","url":"https:\/\/bahiaeconomica.com.br\/wp\/2022\/03\/28\/proposta-do-bahia-com-grupo-city-sera-anunciada-em-abril\/","name":"PROPOSTA DO BAHIA COM GRUPO CITY SER\u00c1 ANUNCIADA EM ABRIL - Bahia Economica","isPartOf":{"@id":"https:\/\/bahiaeconomica.com.br\/wp\/#website"},"datePublished":"2022-03-28T17:25:40+00:00","dateModified":"2022-03-28T17:25:40+00:00","description":"O maior portal de Economia da Bahia Esporte Bahia Economica","breadcrumb":{"@id":"https:\/\/bahiaeconomica.com.br\/wp\/2022\/03\/28\/proposta-do-bahia-com-grupo-city-sera-anunciada-em-abril\/#breadcrumb"},"inLanguage":"pt-BR","potentialAction":[{"@type":"ReadAction","target":["https:\/\/bahiaeconomica.com.br\/wp\/2022\/03\/28\/proposta-do-bahia-com-grupo-city-sera-anunciada-em-abril\/"]}]},{"@type":"BreadcrumbList","@id":"https:\/\/bahiaeconomica.com.br\/wp\/2022\/03\/28\/proposta-do-bahia-com-grupo-city-sera-anunciada-em-abril\/#breadcrumb","itemListElement":[{"@type":"ListItem","position":1,"name":"In\u00edcio","item":"https:\/\/bahiaeconomica.com.br\/wp\/"},{"@type":"ListItem","position":2,"name":"PROPOSTA DO BAHIA COM GRUPO CITY SER\u00c1 ANUNCIADA EM ABRIL"}]},{"@type":"WebSite","@id":"https:\/\/bahiaeconomica.com.br\/wp\/#website","url":"https:\/\/bahiaeconomica.com.br\/wp\/","name":"Bahia Economica","description":"O maior portal de Economia da Bahia","publisher":{"@id":"https:\/\/bahiaeconomica.com.br\/wp\/#organization"},"potentialAction":[{"@type":"SearchAction","target":{"@type":"EntryPoint","urlTemplate":"https:\/\/bahiaeconomica.com.br\/wp\/?s={search_term_string}"},"query-input":"required name=search_term_string"}],"inLanguage":"pt-BR"},{"@type":"Organization","@id":"https:\/\/bahiaeconomica.com.br\/wp\/#organization","name":"Bahia Econ\u00f4mica","url":"https:\/\/bahiaeconomica.com.br\/wp\/","logo":{"@type":"ImageObject","inLanguage":"pt-BR","@id":"https:\/\/bahiaeconomica.com.br\/wp\/#\/schema\/logo\/image\/","url":"https:\/\/bahiaeconomica.com.br\/wp\/wp-content\/uploads\/2020\/12\/cropped-BE.png","contentUrl":"https:\/\/bahiaeconomica.com.br\/wp\/wp-content\/uploads\/2020\/12\/cropped-BE.png","width":512,"height":512,"caption":"Bahia Econ\u00f4mica"},"image":{"@id":"https:\/\/bahiaeconomica.com.br\/wp\/#\/schema\/logo\/image\/"},"sameAs":["https:\/\/www.facebook.com\/bahiaeconomica"]},{"@type":"Person","@id":"https:\/\/bahiaeconomica.com.br\/wp\/#\/schema\/person\/cb1ab5ba96ad3d9390805381c76284ec","name":"admin","url":"https:\/\/bahiaeconomica.com.br\/wp\/author\/admin\/"}]}},"views":2,"_links":{"self":[{"href":"https:\/\/bahiaeconomica.com.br\/wp\/wp-json\/wp\/v2\/posts\/652612"}],"collection":[{"href":"https:\/\/bahiaeconomica.com.br\/wp\/wp-json\/wp\/v2\/posts"}],"about":[{"href":"https:\/\/bahiaeconomica.com.br\/wp\/wp-json\/wp\/v2\/types\/post"}],"author":[{"embeddable":true,"href":"https:\/\/bahiaeconomica.com.br\/wp\/wp-json\/wp\/v2\/users\/1"}],"replies":[{"embeddable":true,"href":"https:\/\/bahiaeconomica.com.br\/wp\/wp-json\/wp\/v2\/comments?post=652612"}],"version-history":[{"count":1,"href":"https:\/\/bahiaeconomica.com.br\/wp\/wp-json\/wp\/v2\/posts\/652612\/revisions"}],"predecessor-version":[{"id":652618,"href":"https:\/\/bahiaeconomica.com.br\/wp\/wp-json\/wp\/v2\/posts\/652612\/revisions\/652618"}],"wp:featuredmedia":[{"embeddable":true,"href":"https:\/\/bahiaeconomica.com.br\/wp\/wp-json\/wp\/v2\/media\/652617"}],"wp:attachment":[{"href":"https:\/\/bahiaeconomica.com.br\/wp\/wp-json\/wp\/v2\/media?parent=652612"}],"wp:term":[{"taxonomy":"category","embeddable":true,"href":"https:\/\/bahiaeconomica.com.br\/wp\/wp-json\/wp\/v2\/categories?post=652612"},{"taxonomy":"post_tag","embeddable":true,"href":"https:\/\/bahiaeconomica.com.br\/wp\/wp-json\/wp\/v2\/tags?post=652612"}],"curies":[{"name":"wp","href":"https:\/\/api.w.org\/{rel}","templated":true}]}}