{"id":652317,"date":"2022-03-25T18:28:59","date_gmt":"2022-03-25T21:28:59","guid":{"rendered":"https:\/\/bahiaeconomica.com.br\/wp\/beta\/?p=652317"},"modified":"2022-03-25T18:28:59","modified_gmt":"2022-03-25T21:28:59","slug":"joao-roma-anuncia-saida-do-partido-republicanos-para-o-pl","status":"publish","type":"post","link":"https:\/\/bahiaeconomica.com.br\/wp\/2022\/03\/25\/joao-roma-anuncia-saida-do-partido-republicanos-para-o-pl\/","title":{"rendered":"JO\u00c3O ROMA ANUNCIA SA\u00cdDA DO PARTIDO REPUBLICANOS PARA O PL"},"content":{"rendered":"<p>Por reda\u00e7\u00e3o<\/p>\n<p>O ministro da Cidadania, Jo\u00e3o Roma, anunciou nesta sexta-feira (25) sua sa\u00edda do partido Republicanos e filia\u00e7\u00e3o ao PL, mesma<!--more--> legenda do presidente Jair Bolsonaro.<\/p>\n<p>\u201cAceitei com entusiasmo o desafio de, junto ao PL, apresentar \u00e0 Bahia um modelo que resgate nosso orgulho e protagonismo nacional. Agrade\u00e7o ao presidente Jair Bolsonaro pela confian\u00e7a e ao presidente do Republicanos, Marcos Pereira, pelo acolhimento e o elevado esp\u00edrito p\u00fablico. Quero uma Bahia de m\u00e3os dadas com o Brasil, retirando obras do papel e transformando a vida das pessoas com educa\u00e7\u00e3o, seguran\u00e7a e gera\u00e7\u00e3o de emprego. Colocamos de p\u00e9 o maior programa de transfer\u00eancia de renda da nossa hist\u00f3ria, o Aux\u00edlio Brasil. E \u00e9 com dedica\u00e7\u00e3o e compromisso que trabalharemos por cada um dos baianos\u201d, escreveu o ministro nas redes sociais.<\/p>\n<p>Roma deve deixar a pasta para concorrer ao governo da Bahia nas elei\u00e7\u00f5es de outubro. O ministro tem coordenado campanha do presidente Jair Bolsonaro no estado.<\/p>\n<p>&nbsp;<\/p>\n<p>Foto: Fabio Rodrigues Pozzebom\/Ag\u00eancia Brasil<\/p>\n","protected":false},"excerpt":{"rendered":"<p>Por reda\u00e7\u00e3o O ministro da Cidadania, Jo\u00e3o Roma, anunciou nesta sexta-feira (25) sua sa\u00edda do partido Republicanos e filia\u00e7\u00e3o ao PL, mesma<\/p>\n","protected":false},"author":1,"featured_media":652319,"comment_status":"closed","ping_status":"closed","sticky":false,"template":"","format":"standard","meta":[],"categories":[3],"tags":[4883,4124,1659,449,158,942,940,935],"acf":[],"yoast_head":"<!-- This site is optimized with the Yoast SEO plugin v20.8 - https:\/\/yoast.com\/wordpress\/plugins\/seo\/ -->\n<title>JO\u00c3O ROMA ANUNCIA SA\u00cdDA DO PARTIDO REPUBLICANOS PARA O PL - Bahia Economica<\/title>\n<meta name=\"description\" content=\"O maior portal de Economia da Bahia ECONOMIA \/ POL\u00cdTICA Bahia Economica\" \/>\n<meta name=\"robots\" content=\"index, follow, max-snippet:-1, max-image-preview:large, max-video-preview:-1\" \/>\n<link rel=\"canonical\" href=\"https:\/\/bahiaeconomica.com.br\/wp\/2022\/03\/25\/joao-roma-anuncia-saida-do-partido-republicanos-para-o-pl\/\" \/>\n<meta property=\"og:locale\" content=\"pt_BR\" \/>\n<meta property=\"og:type\" content=\"article\" \/>\n<meta property=\"og:title\" content=\"JO\u00c3O ROMA ANUNCIA SA\u00cdDA DO PARTIDO REPUBLICANOS PARA O PL - Bahia Economica\" \/>\n<meta property=\"og:description\" content=\"O maior portal de Economia da Bahia ECONOMIA \/ POL\u00cdTICA Bahia Economica\" \/>\n<meta property=\"og:url\" content=\"https:\/\/bahiaeconomica.com.br\/wp\/2022\/03\/25\/joao-roma-anuncia-saida-do-partido-republicanos-para-o-pl\/\" \/>\n<meta property=\"og:site_name\" content=\"Bahia Economica\" \/>\n<meta property=\"article:publisher\" content=\"https:\/\/www.facebook.com\/bahiaeconomica\" \/>\n<meta property=\"article:published_time\" content=\"2022-03-25T21:28:59+00:00\" \/>\n<meta property=\"og:image\" content=\"https:\/\/bahiaeconomica.com.br\/wp\/wp-content\/uploads\/2022\/03\/Joao-Roma-Cidadania-960x540-1.jpg\" \/>\n\t<meta property=\"og:image:width\" content=\"500\" \/>\n\t<meta property=\"og:image:height\" content=\"300\" \/>\n\t<meta property=\"og:image:type\" content=\"image\/jpeg\" \/>\n<meta name=\"author\" content=\"admin\" \/>\n<meta name=\"twitter:card\" content=\"summary_large_image\" \/>\n<meta name=\"twitter:label1\" content=\"Escrito por\" \/>\n\t<meta name=\"twitter:data1\" content=\"admin\" \/>\n\t<meta name=\"twitter:label2\" content=\"Est. tempo de leitura\" \/>\n\t<meta name=\"twitter:data2\" content=\"1 minuto\" \/>\n<script type=\"application\/ld+json\" class=\"yoast-schema-graph\">{\"@context\":\"https:\/\/schema.org\",\"@graph\":[{\"@type\":\"Article\",\"@id\":\"https:\/\/bahiaeconomica.com.br\/wp\/2022\/03\/25\/joao-roma-anuncia-saida-do-partido-republicanos-para-o-pl\/#article\",\"isPartOf\":{\"@id\":\"https:\/\/bahiaeconomica.com.br\/wp\/2022\/03\/25\/joao-roma-anuncia-saida-do-partido-republicanos-para-o-pl\/\"},\"author\":{\"name\":\"admin\",\"@id\":\"https:\/\/bahiaeconomica.com.br\/wp\/#\/schema\/person\/cb1ab5ba96ad3d9390805381c76284ec\"},\"headline\":\"JO\u00c3O ROMA ANUNCIA SA\u00cdDA DO PARTIDO REPUBLICANOS PARA O PL\",\"datePublished\":\"2022-03-25T21:28:59+00:00\",\"dateModified\":\"2022-03-25T21:28:59+00:00\",\"mainEntityOfPage\":{\"@id\":\"https:\/\/bahiaeconomica.com.br\/wp\/2022\/03\/25\/joao-roma-anuncia-saida-do-partido-republicanos-para-o-pl\/\"},\"wordCount\":190,\"publisher\":{\"@id\":\"https:\/\/bahiaeconomica.com.br\/wp\/#organization\"},\"keywords\":[\"anunciou\",\"Cidadania\",\"filiacao\",\"ministro\",\"PL\",\"republicanos\",\"roma\",\"saida\"],\"articleSection\":[\"ECONOMIA \/ POL\u00cdTICA\"],\"inLanguage\":\"pt-BR\"},{\"@type\":\"WebPage\",\"@id\":\"https:\/\/bahiaeconomica.com.br\/wp\/2022\/03\/25\/joao-roma-anuncia-saida-do-partido-republicanos-para-o-pl\/\",\"url\":\"https:\/\/bahiaeconomica.com.br\/wp\/2022\/03\/25\/joao-roma-anuncia-saida-do-partido-republicanos-para-o-pl\/\",\"name\":\"JO\u00c3O ROMA ANUNCIA SA\u00cdDA DO PARTIDO REPUBLICANOS PARA O PL - Bahia Economica\",\"isPartOf\":{\"@id\":\"https:\/\/bahiaeconomica.com.br\/wp\/#website\"},\"datePublished\":\"2022-03-25T21:28:59+00:00\",\"dateModified\":\"2022-03-25T21:28:59+00:00\",\"description\":\"O maior portal de Economia da Bahia ECONOMIA \/ POL\u00cdTICA Bahia Economica\",\"breadcrumb\":{\"@id\":\"https:\/\/bahiaeconomica.com.br\/wp\/2022\/03\/25\/joao-roma-anuncia-saida-do-partido-republicanos-para-o-pl\/#breadcrumb\"},\"inLanguage\":\"pt-BR\",\"potentialAction\":[{\"@type\":\"ReadAction\",\"target\":[\"https:\/\/bahiaeconomica.com.br\/wp\/2022\/03\/25\/joao-roma-anuncia-saida-do-partido-republicanos-para-o-pl\/\"]}]},{\"@type\":\"BreadcrumbList\",\"@id\":\"https:\/\/bahiaeconomica.com.br\/wp\/2022\/03\/25\/joao-roma-anuncia-saida-do-partido-republicanos-para-o-pl\/#breadcrumb\",\"itemListElement\":[{\"@type\":\"ListItem\",\"position\":1,\"name\":\"In\u00edcio\",\"item\":\"https:\/\/bahiaeconomica.com.br\/wp\/\"},{\"@type\":\"ListItem\",\"position\":2,\"name\":\"JO\u00c3O ROMA ANUNCIA SA\u00cdDA DO PARTIDO REPUBLICANOS PARA O PL\"}]},{\"@type\":\"WebSite\",\"@id\":\"https:\/\/bahiaeconomica.com.br\/wp\/#website\",\"url\":\"https:\/\/bahiaeconomica.com.br\/wp\/\",\"name\":\"Bahia Economica\",\"description\":\"O maior portal de Economia da Bahia\",\"publisher\":{\"@id\":\"https:\/\/bahiaeconomica.com.br\/wp\/#organization\"},\"potentialAction\":[{\"@type\":\"SearchAction\",\"target\":{\"@type\":\"EntryPoint\",\"urlTemplate\":\"https:\/\/bahiaeconomica.com.br\/wp\/?s={search_term_string}\"},\"query-input\":\"required name=search_term_string\"}],\"inLanguage\":\"pt-BR\"},{\"@type\":\"Organization\",\"@id\":\"https:\/\/bahiaeconomica.com.br\/wp\/#organization\",\"name\":\"Bahia Econ\u00f4mica\",\"url\":\"https:\/\/bahiaeconomica.com.br\/wp\/\",\"logo\":{\"@type\":\"ImageObject\",\"inLanguage\":\"pt-BR\",\"@id\":\"https:\/\/bahiaeconomica.com.br\/wp\/#\/schema\/logo\/image\/\",\"url\":\"https:\/\/bahiaeconomica.com.br\/wp\/wp-content\/uploads\/2020\/12\/cropped-BE.png\",\"contentUrl\":\"https:\/\/bahiaeconomica.com.br\/wp\/wp-content\/uploads\/2020\/12\/cropped-BE.png\",\"width\":512,\"height\":512,\"caption\":\"Bahia Econ\u00f4mica\"},\"image\":{\"@id\":\"https:\/\/bahiaeconomica.com.br\/wp\/#\/schema\/logo\/image\/\"},\"sameAs\":[\"https:\/\/www.facebook.com\/bahiaeconomica\"]},{\"@type\":\"Person\",\"@id\":\"https:\/\/bahiaeconomica.com.br\/wp\/#\/schema\/person\/cb1ab5ba96ad3d9390805381c76284ec\",\"name\":\"admin\",\"url\":\"https:\/\/bahiaeconomica.com.br\/wp\/author\/admin\/\"}]}<\/script>\n<!-- \/ Yoast SEO plugin. -->","yoast_head_json":{"title":"JO\u00c3O ROMA ANUNCIA SA\u00cdDA DO PARTIDO REPUBLICANOS PARA O PL - Bahia Economica","description":"O maior portal de Economia da Bahia ECONOMIA \/ POL\u00cdTICA Bahia Economica","robots":{"index":"index","follow":"follow","max-snippet":"max-snippet:-1","max-image-preview":"max-image-preview:large","max-video-preview":"max-video-preview:-1"},"canonical":"https:\/\/bahiaeconomica.com.br\/wp\/2022\/03\/25\/joao-roma-anuncia-saida-do-partido-republicanos-para-o-pl\/","og_locale":"pt_BR","og_type":"article","og_title":"JO\u00c3O ROMA ANUNCIA SA\u00cdDA DO PARTIDO REPUBLICANOS PARA O PL - Bahia Economica","og_description":"O maior portal de Economia da Bahia ECONOMIA \/ POL\u00cdTICA Bahia Economica","og_url":"https:\/\/bahiaeconomica.com.br\/wp\/2022\/03\/25\/joao-roma-anuncia-saida-do-partido-republicanos-para-o-pl\/","og_site_name":"Bahia Economica","article_publisher":"https:\/\/www.facebook.com\/bahiaeconomica","article_published_time":"2022-03-25T21:28:59+00:00","og_image":[{"width":500,"height":300,"url":"https:\/\/bahiaeconomica.com.br\/wp\/wp-content\/uploads\/2022\/03\/Joao-Roma-Cidadania-960x540-1.jpg","type":"image\/jpeg"}],"author":"admin","twitter_card":"summary_large_image","twitter_misc":{"Escrito por":"admin","Est. tempo de leitura":"1 minuto"},"schema":{"@context":"https:\/\/schema.org","@graph":[{"@type":"Article","@id":"https:\/\/bahiaeconomica.com.br\/wp\/2022\/03\/25\/joao-roma-anuncia-saida-do-partido-republicanos-para-o-pl\/#article","isPartOf":{"@id":"https:\/\/bahiaeconomica.com.br\/wp\/2022\/03\/25\/joao-roma-anuncia-saida-do-partido-republicanos-para-o-pl\/"},"author":{"name":"admin","@id":"https:\/\/bahiaeconomica.com.br\/wp\/#\/schema\/person\/cb1ab5ba96ad3d9390805381c76284ec"},"headline":"JO\u00c3O ROMA ANUNCIA SA\u00cdDA DO PARTIDO REPUBLICANOS PARA O PL","datePublished":"2022-03-25T21:28:59+00:00","dateModified":"2022-03-25T21:28:59+00:00","mainEntityOfPage":{"@id":"https:\/\/bahiaeconomica.com.br\/wp\/2022\/03\/25\/joao-roma-anuncia-saida-do-partido-republicanos-para-o-pl\/"},"wordCount":190,"publisher":{"@id":"https:\/\/bahiaeconomica.com.br\/wp\/#organization"},"keywords":["anunciou","Cidadania","filiacao","ministro","PL","republicanos","roma","saida"],"articleSection":["ECONOMIA \/ POL\u00cdTICA"],"inLanguage":"pt-BR"},{"@type":"WebPage","@id":"https:\/\/bahiaeconomica.com.br\/wp\/2022\/03\/25\/joao-roma-anuncia-saida-do-partido-republicanos-para-o-pl\/","url":"https:\/\/bahiaeconomica.com.br\/wp\/2022\/03\/25\/joao-roma-anuncia-saida-do-partido-republicanos-para-o-pl\/","name":"JO\u00c3O ROMA ANUNCIA SA\u00cdDA DO PARTIDO REPUBLICANOS PARA O PL - Bahia Economica","isPartOf":{"@id":"https:\/\/bahiaeconomica.com.br\/wp\/#website"},"datePublished":"2022-03-25T21:28:59+00:00","dateModified":"2022-03-25T21:28:59+00:00","description":"O maior portal de Economia da Bahia ECONOMIA \/ POL\u00cdTICA Bahia Economica","breadcrumb":{"@id":"https:\/\/bahiaeconomica.com.br\/wp\/2022\/03\/25\/joao-roma-anuncia-saida-do-partido-republicanos-para-o-pl\/#breadcrumb"},"inLanguage":"pt-BR","potentialAction":[{"@type":"ReadAction","target":["https:\/\/bahiaeconomica.com.br\/wp\/2022\/03\/25\/joao-roma-anuncia-saida-do-partido-republicanos-para-o-pl\/"]}]},{"@type":"BreadcrumbList","@id":"https:\/\/bahiaeconomica.com.br\/wp\/2022\/03\/25\/joao-roma-anuncia-saida-do-partido-republicanos-para-o-pl\/#breadcrumb","itemListElement":[{"@type":"ListItem","position":1,"name":"In\u00edcio","item":"https:\/\/bahiaeconomica.com.br\/wp\/"},{"@type":"ListItem","position":2,"name":"JO\u00c3O ROMA ANUNCIA SA\u00cdDA DO PARTIDO REPUBLICANOS PARA O PL"}]},{"@type":"WebSite","@id":"https:\/\/bahiaeconomica.com.br\/wp\/#website","url":"https:\/\/bahiaeconomica.com.br\/wp\/","name":"Bahia Economica","description":"O maior portal de Economia da Bahia","publisher":{"@id":"https:\/\/bahiaeconomica.com.br\/wp\/#organization"},"potentialAction":[{"@type":"SearchAction","target":{"@type":"EntryPoint","urlTemplate":"https:\/\/bahiaeconomica.com.br\/wp\/?s={search_term_string}"},"query-input":"required name=search_term_string"}],"inLanguage":"pt-BR"},{"@type":"Organization","@id":"https:\/\/bahiaeconomica.com.br\/wp\/#organization","name":"Bahia Econ\u00f4mica","url":"https:\/\/bahiaeconomica.com.br\/wp\/","logo":{"@type":"ImageObject","inLanguage":"pt-BR","@id":"https:\/\/bahiaeconomica.com.br\/wp\/#\/schema\/logo\/image\/","url":"https:\/\/bahiaeconomica.com.br\/wp\/wp-content\/uploads\/2020\/12\/cropped-BE.png","contentUrl":"https:\/\/bahiaeconomica.com.br\/wp\/wp-content\/uploads\/2020\/12\/cropped-BE.png","width":512,"height":512,"caption":"Bahia Econ\u00f4mica"},"image":{"@id":"https:\/\/bahiaeconomica.com.br\/wp\/#\/schema\/logo\/image\/"},"sameAs":["https:\/\/www.facebook.com\/bahiaeconomica"]},{"@type":"Person","@id":"https:\/\/bahiaeconomica.com.br\/wp\/#\/schema\/person\/cb1ab5ba96ad3d9390805381c76284ec","name":"admin","url":"https:\/\/bahiaeconomica.com.br\/wp\/author\/admin\/"}]}},"views":3,"_links":{"self":[{"href":"https:\/\/bahiaeconomica.com.br\/wp\/wp-json\/wp\/v2\/posts\/652317"}],"collection":[{"href":"https:\/\/bahiaeconomica.com.br\/wp\/wp-json\/wp\/v2\/posts"}],"about":[{"href":"https:\/\/bahiaeconomica.com.br\/wp\/wp-json\/wp\/v2\/types\/post"}],"author":[{"embeddable":true,"href":"https:\/\/bahiaeconomica.com.br\/wp\/wp-json\/wp\/v2\/users\/1"}],"replies":[{"embeddable":true,"href":"https:\/\/bahiaeconomica.com.br\/wp\/wp-json\/wp\/v2\/comments?post=652317"}],"version-history":[{"count":1,"href":"https:\/\/bahiaeconomica.com.br\/wp\/wp-json\/wp\/v2\/posts\/652317\/revisions"}],"predecessor-version":[{"id":652320,"href":"https:\/\/bahiaeconomica.com.br\/wp\/wp-json\/wp\/v2\/posts\/652317\/revisions\/652320"}],"wp:featuredmedia":[{"embeddable":true,"href":"https:\/\/bahiaeconomica.com.br\/wp\/wp-json\/wp\/v2\/media\/652319"}],"wp:attachment":[{"href":"https:\/\/bahiaeconomica.com.br\/wp\/wp-json\/wp\/v2\/media?parent=652317"}],"wp:term":[{"taxonomy":"category","embeddable":true,"href":"https:\/\/bahiaeconomica.com.br\/wp\/wp-json\/wp\/v2\/categories?post=652317"},{"taxonomy":"post_tag","embeddable":true,"href":"https:\/\/bahiaeconomica.com.br\/wp\/wp-json\/wp\/v2\/tags?post=652317"}],"curies":[{"name":"wp","href":"https:\/\/api.w.org\/{rel}","templated":true}]}}