{"id":651839,"date":"2022-03-24T16:26:24","date_gmt":"2022-03-24T19:26:24","guid":{"rendered":"https:\/\/bahiaeconomica.com.br\/wp\/beta\/?p=651839"},"modified":"2022-03-24T16:26:24","modified_gmt":"2022-03-24T19:26:24","slug":"vitoria-tem-premiacao-da-copa-do-brasil-bloqueada","status":"publish","type":"post","link":"https:\/\/bahiaeconomica.com.br\/wp\/2022\/03\/24\/vitoria-tem-premiacao-da-copa-do-brasil-bloqueada\/","title":{"rendered":"VIT\u00d3RIA TEM PREMIA\u00c7\u00c3O DA COPA DO BRASIL BLOQUEADA"},"content":{"rendered":"<div class=\"noticias-single__content__text js-mediator-article\">\n<p class=\"bodytext\">A classifica\u00e7\u00e3o \u00e0 terceira fase na Copa do Brasil daria uma folga financeira ao Vit\u00f3ria, mas a premia\u00e7\u00e3o\u00a0de R$ 1,9 milh\u00e3o concedida pela CBF n\u00e3o chegou\u00a0aos cofres da Toca do Le\u00e3o. O\u00a0valor que o rubro-negro deveria receber da entidade por ter vencido o Gl\u00f3ria-RS, por 2&#215;0, na noite de quarta-feira (23), no Barrad\u00e3o, foi bloqueado pela\u00a0Justi\u00e7a do Trabalho.<\/p>\n<p class=\"bodytext\">&#8220;O Tribunal Regional do Trabalho, atrav\u00e9s do Ju\u00edzo de Concilia\u00e7\u00e3o da 2\u00aa Inst\u00e2ncia, determinou \u00e0 CBF (Confedera\u00e7\u00e3o Brasileira de Futebol) que bloqueie cr\u00e9ditos do Vit\u00f3ria at\u00e9 o limite de R$2.000.000,00 (Dois Milh\u00f5es de Reais) para cobrir parcelas n\u00e3o quitadas do Acordo Global firmado com credores trabalhistas&#8221;, explicou o presidente em exerc\u00edcio do Vit\u00f3ria, F\u00e1bio Mota, atrav\u00e9s de nota oficial divulgada pelo clube.<\/p>\n<p class=\"bodytext\">Pelo acordo, firmado em 2006, o Vit\u00f3ria se comprometeu a fazer pagamentos mensais para quitar cr\u00e9ditos trabalhistas, mas isso deixou de ocorrer. &#8220;Com o agravamento da situa\u00e7\u00e3o financeira, o Vit\u00f3ria deixou de pagar as parcelas mensais e, tamb\u00e9m, n\u00e3o pagou uma das parcelas intermedi\u00e1rias no valor de R$600.000,00. A d\u00edvida acumulada, acrescida da multa de 50% prevista no Acordo Global e mais juros e corre\u00e7\u00e3o monet\u00e1ria, atinge o valor aproximado de R$2.000.000,00&#8221;, detalhou F\u00e1bio Nota em outro trecho da nota.<\/p>\n<p class=\"bodytext\">O clube informou que busca regularizar o Acordo Global, bem como reverter o bloqueio da premia\u00e7\u00e3o dada pela CBF pela classifica\u00e7\u00e3o na Copa do Brasil.<\/p>\n<p class=\"bodytext\"><strong>Confira na \u00edntegra a nota oficial divulgada pelo Vit\u00f3ria:<\/strong><\/p>\n<p class=\"bodytext\"><em>O Tribunal Regional do Trabalho, atrav\u00e9s do Ju\u00edzo de Concilia\u00e7\u00e3o da 2\u00aa Inst\u00e2ncia, determinou \u00e0 CBF (Confedera\u00e7\u00e3o Brasileira de Futebol) que bloqueie cr\u00e9ditos do Vit\u00f3ria at\u00e9 o limite de R$2.000.000,00 (Dois Milh\u00f5es de Reais) para cobrir parcelas n\u00e3o quitadas do Acordo Global firmado com credores trabalhistas.<\/em><\/p>\n<p class=\"bodytext\"><em>O Acordo Global foi celebrado no ano de 2006 tendo como finalidade impedir a penhora de ativos financeiros do clube, tendo em vista a exist\u00eancia de elevadas d\u00edvidas j\u00e1 \u00e0quela \u00e9poca. Pelo acordo, o Vit\u00f3ria obrigou-se a fazer aportes mensais para pagamento aos credores trabalhistas, tendo sido renovado periodicamente a partir de ent\u00e3o.<\/em><\/p>\n<p class=\"bodytext\"><em>O acordo foi cumprido durante anos, mediante aportes mensais e reajustados anualmente, sendo que a partir do ano de 2021 estava previsto o reajuste das parcelas mensais para R$200.000,00. Diante do descenso do Vit\u00f3ria para a S\u00e9rie B, a gest\u00e3o anterior, presidida pelo Sr. Paulo Carneiro, renegociou com o TRT a manuten\u00e7\u00e3o das parcelas mensais, reduzindo-as para R$100.000,00, comprometendo-se, ainda, a fazer dois aportes semestrais de R$600.000,00.<\/em><\/p>\n<p class=\"bodytext\"><em>Com o agravamento da situa\u00e7\u00e3o financeira, o Vit\u00f3ria deixou de pagar as parcelas mensais e, tamb\u00e9m, n\u00e3o pagou uma das parcelas intermedi\u00e1rias no valor de R$600.000,00. A d\u00edvida acumulada, acrescida da multa de 50% prevista no Acordo Global e mais juros e corre\u00e7\u00e3o monet\u00e1ria, atinge o valor aproximado de R$2.000.000,00.<\/em><\/p>\n<p class=\"bodytext\"><em>A d\u00edvida que gerou o bloqueio tem a sua origem em fatos ocorridos em gest\u00f5es anteriores. Por\u00e9m, a atual administra\u00e7\u00e3o est\u00e1 empenhada em manter as contas de despesas correntes adimplidas, assim como regularizar o Acordo Global, estando em curso negocia\u00e7\u00f5es com os advogados dos credores e o Ju\u00edzo de Concilia\u00e7\u00e3o da 2\u00aa Inst\u00e2ncia do TRT.<\/em><\/p>\n<p class=\"bodytext\"><em>Quanto ao atual bloqueio, o Vit\u00f3ria esclarece que est\u00e1 adotando as medidas judiciais cab\u00edveis, na tentativa de reverter a decis\u00e3o do TRT.\u00a0<\/em><\/p>\n<p class=\"bodytext\"><em>Salvador, 23 de mar\u00e7o de 2022<br \/>\nF\u00c1BIO RIOS MOTA<\/em><br \/>\nPresidente em Exerc\u00edcio do EC Vit\u00f3ria<\/p>\n<p class=\"bodytext\">\n<\/div>\n<p>&nbsp;<\/p>\n<p>&nbsp;<\/p>\n<p>Fonte: reprodu\u00e7\u00e3o\/correio<\/p>\n<div id=\"paywall-barreiras-trial\" class=\"modal hide paywall-barreiras-inread paywall-barreiras--trial-wall is-active\" tabindex=\"-1\" role=\"dialog\" data-type=\"trial\" data-base-url=\"https:\/\/assine.correio24horas.com.br\/v2\" data-enable-modal=\"false\" data-enable-swg=\"true\" data-sku-plan=\"basic_monthly\" data-chartbeat=\"false\">\n<div class=\"paywall-barreiras-inread__content\">\n<div class=\"paywall-barreiras-inread__header\"><\/div>\n<\/div>\n<\/div>\n","protected":false},"excerpt":{"rendered":"<p>A classifica\u00e7\u00e3o \u00e0 terceira fase na Copa do Brasil daria uma folga financeira ao Vit\u00f3ria, mas a premia\u00e7\u00e3o\u00a0de R$ 1,9 milh\u00e3o concedida pela CBF n\u00e3o chegou\u00a0aos cofres da Toca do Le\u00e3o. O\u00a0valor que o rubro-negro deveria receber da entidade por ter vencido o Gl\u00f3ria-RS, por 2&#215;0, na noite de quarta-feira (23), no Barrad\u00e3o, foi bloqueado [&hellip;]<\/p>\n","protected":false},"author":1,"featured_media":651841,"comment_status":"closed","ping_status":"closed","sticky":false,"template":"","format":"standard","meta":[],"categories":[4486],"tags":[],"acf":[],"yoast_head":"<!-- This site is optimized with the Yoast SEO plugin v20.8 - https:\/\/yoast.com\/wordpress\/plugins\/seo\/ -->\n<title>VIT\u00d3RIA TEM PREMIA\u00c7\u00c3O DA COPA DO BRASIL BLOQUEADA - Bahia Economica<\/title>\n<meta name=\"description\" content=\"O maior portal de Economia da Bahia Esporte Bahia Economica\" \/>\n<meta name=\"robots\" content=\"index, follow, max-snippet:-1, max-image-preview:large, max-video-preview:-1\" \/>\n<link rel=\"canonical\" href=\"https:\/\/bahiaeconomica.com.br\/wp\/2022\/03\/24\/vitoria-tem-premiacao-da-copa-do-brasil-bloqueada\/\" \/>\n<meta property=\"og:locale\" content=\"pt_BR\" \/>\n<meta property=\"og:type\" content=\"article\" \/>\n<meta property=\"og:title\" content=\"VIT\u00d3RIA TEM PREMIA\u00c7\u00c3O DA COPA DO BRASIL BLOQUEADA - Bahia Economica\" \/>\n<meta property=\"og:description\" content=\"O maior portal de Economia da Bahia Esporte Bahia Economica\" \/>\n<meta property=\"og:url\" content=\"https:\/\/bahiaeconomica.com.br\/wp\/2022\/03\/24\/vitoria-tem-premiacao-da-copa-do-brasil-bloqueada\/\" \/>\n<meta property=\"og:site_name\" content=\"Bahia Economica\" \/>\n<meta property=\"article:publisher\" content=\"https:\/\/www.facebook.com\/bahiaeconomica\" \/>\n<meta property=\"article:published_time\" content=\"2022-03-24T19:26:24+00:00\" \/>\n<meta property=\"og:image\" content=\"https:\/\/bahiaeconomica.com.br\/wp\/wp-content\/uploads\/2022\/03\/csm_fabiomota_pietrocarpi_3215ccbe1f.jpg\" \/>\n\t<meta property=\"og:image:width\" content=\"940\" \/>\n\t<meta property=\"og:image:height\" content=\"585\" \/>\n\t<meta property=\"og:image:type\" content=\"image\/jpeg\" \/>\n<meta name=\"author\" content=\"admin\" \/>\n<meta name=\"twitter:card\" content=\"summary_large_image\" \/>\n<meta name=\"twitter:label1\" content=\"Escrito por\" \/>\n\t<meta name=\"twitter:data1\" content=\"admin\" \/>\n\t<meta name=\"twitter:label2\" content=\"Est. tempo de leitura\" \/>\n\t<meta name=\"twitter:data2\" content=\"3 minutos\" \/>\n<script type=\"application\/ld+json\" class=\"yoast-schema-graph\">{\"@context\":\"https:\/\/schema.org\",\"@graph\":[{\"@type\":\"Article\",\"@id\":\"https:\/\/bahiaeconomica.com.br\/wp\/2022\/03\/24\/vitoria-tem-premiacao-da-copa-do-brasil-bloqueada\/#article\",\"isPartOf\":{\"@id\":\"https:\/\/bahiaeconomica.com.br\/wp\/2022\/03\/24\/vitoria-tem-premiacao-da-copa-do-brasil-bloqueada\/\"},\"author\":{\"name\":\"admin\",\"@id\":\"https:\/\/bahiaeconomica.com.br\/wp\/#\/schema\/person\/cb1ab5ba96ad3d9390805381c76284ec\"},\"headline\":\"VIT\u00d3RIA TEM PREMIA\u00c7\u00c3O DA COPA DO BRASIL BLOQUEADA\",\"datePublished\":\"2022-03-24T19:26:24+00:00\",\"dateModified\":\"2022-03-24T19:26:24+00:00\",\"mainEntityOfPage\":{\"@id\":\"https:\/\/bahiaeconomica.com.br\/wp\/2022\/03\/24\/vitoria-tem-premiacao-da-copa-do-brasil-bloqueada\/\"},\"wordCount\":623,\"publisher\":{\"@id\":\"https:\/\/bahiaeconomica.com.br\/wp\/#organization\"},\"articleSection\":[\"Esporte\"],\"inLanguage\":\"pt-BR\"},{\"@type\":\"WebPage\",\"@id\":\"https:\/\/bahiaeconomica.com.br\/wp\/2022\/03\/24\/vitoria-tem-premiacao-da-copa-do-brasil-bloqueada\/\",\"url\":\"https:\/\/bahiaeconomica.com.br\/wp\/2022\/03\/24\/vitoria-tem-premiacao-da-copa-do-brasil-bloqueada\/\",\"name\":\"VIT\u00d3RIA TEM PREMIA\u00c7\u00c3O DA COPA DO BRASIL BLOQUEADA - Bahia Economica\",\"isPartOf\":{\"@id\":\"https:\/\/bahiaeconomica.com.br\/wp\/#website\"},\"datePublished\":\"2022-03-24T19:26:24+00:00\",\"dateModified\":\"2022-03-24T19:26:24+00:00\",\"description\":\"O maior portal de Economia da Bahia Esporte Bahia Economica\",\"breadcrumb\":{\"@id\":\"https:\/\/bahiaeconomica.com.br\/wp\/2022\/03\/24\/vitoria-tem-premiacao-da-copa-do-brasil-bloqueada\/#breadcrumb\"},\"inLanguage\":\"pt-BR\",\"potentialAction\":[{\"@type\":\"ReadAction\",\"target\":[\"https:\/\/bahiaeconomica.com.br\/wp\/2022\/03\/24\/vitoria-tem-premiacao-da-copa-do-brasil-bloqueada\/\"]}]},{\"@type\":\"BreadcrumbList\",\"@id\":\"https:\/\/bahiaeconomica.com.br\/wp\/2022\/03\/24\/vitoria-tem-premiacao-da-copa-do-brasil-bloqueada\/#breadcrumb\",\"itemListElement\":[{\"@type\":\"ListItem\",\"position\":1,\"name\":\"In\u00edcio\",\"item\":\"https:\/\/bahiaeconomica.com.br\/wp\/\"},{\"@type\":\"ListItem\",\"position\":2,\"name\":\"VIT\u00d3RIA TEM PREMIA\u00c7\u00c3O DA COPA DO BRASIL BLOQUEADA\"}]},{\"@type\":\"WebSite\",\"@id\":\"https:\/\/bahiaeconomica.com.br\/wp\/#website\",\"url\":\"https:\/\/bahiaeconomica.com.br\/wp\/\",\"name\":\"Bahia Economica\",\"description\":\"O maior portal de Economia da Bahia\",\"publisher\":{\"@id\":\"https:\/\/bahiaeconomica.com.br\/wp\/#organization\"},\"potentialAction\":[{\"@type\":\"SearchAction\",\"target\":{\"@type\":\"EntryPoint\",\"urlTemplate\":\"https:\/\/bahiaeconomica.com.br\/wp\/?s={search_term_string}\"},\"query-input\":\"required name=search_term_string\"}],\"inLanguage\":\"pt-BR\"},{\"@type\":\"Organization\",\"@id\":\"https:\/\/bahiaeconomica.com.br\/wp\/#organization\",\"name\":\"Bahia Econ\u00f4mica\",\"url\":\"https:\/\/bahiaeconomica.com.br\/wp\/\",\"logo\":{\"@type\":\"ImageObject\",\"inLanguage\":\"pt-BR\",\"@id\":\"https:\/\/bahiaeconomica.com.br\/wp\/#\/schema\/logo\/image\/\",\"url\":\"https:\/\/bahiaeconomica.com.br\/wp\/wp-content\/uploads\/2020\/12\/cropped-BE.png\",\"contentUrl\":\"https:\/\/bahiaeconomica.com.br\/wp\/wp-content\/uploads\/2020\/12\/cropped-BE.png\",\"width\":512,\"height\":512,\"caption\":\"Bahia Econ\u00f4mica\"},\"image\":{\"@id\":\"https:\/\/bahiaeconomica.com.br\/wp\/#\/schema\/logo\/image\/\"},\"sameAs\":[\"https:\/\/www.facebook.com\/bahiaeconomica\"]},{\"@type\":\"Person\",\"@id\":\"https:\/\/bahiaeconomica.com.br\/wp\/#\/schema\/person\/cb1ab5ba96ad3d9390805381c76284ec\",\"name\":\"admin\",\"url\":\"https:\/\/bahiaeconomica.com.br\/wp\/author\/admin\/\"}]}<\/script>\n<!-- \/ Yoast SEO plugin. -->","yoast_head_json":{"title":"VIT\u00d3RIA TEM PREMIA\u00c7\u00c3O DA COPA DO BRASIL BLOQUEADA - Bahia Economica","description":"O maior portal de Economia da Bahia Esporte Bahia Economica","robots":{"index":"index","follow":"follow","max-snippet":"max-snippet:-1","max-image-preview":"max-image-preview:large","max-video-preview":"max-video-preview:-1"},"canonical":"https:\/\/bahiaeconomica.com.br\/wp\/2022\/03\/24\/vitoria-tem-premiacao-da-copa-do-brasil-bloqueada\/","og_locale":"pt_BR","og_type":"article","og_title":"VIT\u00d3RIA TEM PREMIA\u00c7\u00c3O DA COPA DO BRASIL BLOQUEADA - Bahia Economica","og_description":"O maior portal de Economia da Bahia Esporte Bahia Economica","og_url":"https:\/\/bahiaeconomica.com.br\/wp\/2022\/03\/24\/vitoria-tem-premiacao-da-copa-do-brasil-bloqueada\/","og_site_name":"Bahia Economica","article_publisher":"https:\/\/www.facebook.com\/bahiaeconomica","article_published_time":"2022-03-24T19:26:24+00:00","og_image":[{"width":940,"height":585,"url":"https:\/\/bahiaeconomica.com.br\/wp\/wp-content\/uploads\/2022\/03\/csm_fabiomota_pietrocarpi_3215ccbe1f.jpg","type":"image\/jpeg"}],"author":"admin","twitter_card":"summary_large_image","twitter_misc":{"Escrito por":"admin","Est. tempo de leitura":"3 minutos"},"schema":{"@context":"https:\/\/schema.org","@graph":[{"@type":"Article","@id":"https:\/\/bahiaeconomica.com.br\/wp\/2022\/03\/24\/vitoria-tem-premiacao-da-copa-do-brasil-bloqueada\/#article","isPartOf":{"@id":"https:\/\/bahiaeconomica.com.br\/wp\/2022\/03\/24\/vitoria-tem-premiacao-da-copa-do-brasil-bloqueada\/"},"author":{"name":"admin","@id":"https:\/\/bahiaeconomica.com.br\/wp\/#\/schema\/person\/cb1ab5ba96ad3d9390805381c76284ec"},"headline":"VIT\u00d3RIA TEM PREMIA\u00c7\u00c3O DA COPA DO BRASIL BLOQUEADA","datePublished":"2022-03-24T19:26:24+00:00","dateModified":"2022-03-24T19:26:24+00:00","mainEntityOfPage":{"@id":"https:\/\/bahiaeconomica.com.br\/wp\/2022\/03\/24\/vitoria-tem-premiacao-da-copa-do-brasil-bloqueada\/"},"wordCount":623,"publisher":{"@id":"https:\/\/bahiaeconomica.com.br\/wp\/#organization"},"articleSection":["Esporte"],"inLanguage":"pt-BR"},{"@type":"WebPage","@id":"https:\/\/bahiaeconomica.com.br\/wp\/2022\/03\/24\/vitoria-tem-premiacao-da-copa-do-brasil-bloqueada\/","url":"https:\/\/bahiaeconomica.com.br\/wp\/2022\/03\/24\/vitoria-tem-premiacao-da-copa-do-brasil-bloqueada\/","name":"VIT\u00d3RIA TEM PREMIA\u00c7\u00c3O DA COPA DO BRASIL BLOQUEADA - Bahia Economica","isPartOf":{"@id":"https:\/\/bahiaeconomica.com.br\/wp\/#website"},"datePublished":"2022-03-24T19:26:24+00:00","dateModified":"2022-03-24T19:26:24+00:00","description":"O maior portal de Economia da Bahia Esporte Bahia Economica","breadcrumb":{"@id":"https:\/\/bahiaeconomica.com.br\/wp\/2022\/03\/24\/vitoria-tem-premiacao-da-copa-do-brasil-bloqueada\/#breadcrumb"},"inLanguage":"pt-BR","potentialAction":[{"@type":"ReadAction","target":["https:\/\/bahiaeconomica.com.br\/wp\/2022\/03\/24\/vitoria-tem-premiacao-da-copa-do-brasil-bloqueada\/"]}]},{"@type":"BreadcrumbList","@id":"https:\/\/bahiaeconomica.com.br\/wp\/2022\/03\/24\/vitoria-tem-premiacao-da-copa-do-brasil-bloqueada\/#breadcrumb","itemListElement":[{"@type":"ListItem","position":1,"name":"In\u00edcio","item":"https:\/\/bahiaeconomica.com.br\/wp\/"},{"@type":"ListItem","position":2,"name":"VIT\u00d3RIA TEM PREMIA\u00c7\u00c3O DA COPA DO BRASIL BLOQUEADA"}]},{"@type":"WebSite","@id":"https:\/\/bahiaeconomica.com.br\/wp\/#website","url":"https:\/\/bahiaeconomica.com.br\/wp\/","name":"Bahia Economica","description":"O maior portal de Economia da Bahia","publisher":{"@id":"https:\/\/bahiaeconomica.com.br\/wp\/#organization"},"potentialAction":[{"@type":"SearchAction","target":{"@type":"EntryPoint","urlTemplate":"https:\/\/bahiaeconomica.com.br\/wp\/?s={search_term_string}"},"query-input":"required name=search_term_string"}],"inLanguage":"pt-BR"},{"@type":"Organization","@id":"https:\/\/bahiaeconomica.com.br\/wp\/#organization","name":"Bahia Econ\u00f4mica","url":"https:\/\/bahiaeconomica.com.br\/wp\/","logo":{"@type":"ImageObject","inLanguage":"pt-BR","@id":"https:\/\/bahiaeconomica.com.br\/wp\/#\/schema\/logo\/image\/","url":"https:\/\/bahiaeconomica.com.br\/wp\/wp-content\/uploads\/2020\/12\/cropped-BE.png","contentUrl":"https:\/\/bahiaeconomica.com.br\/wp\/wp-content\/uploads\/2020\/12\/cropped-BE.png","width":512,"height":512,"caption":"Bahia Econ\u00f4mica"},"image":{"@id":"https:\/\/bahiaeconomica.com.br\/wp\/#\/schema\/logo\/image\/"},"sameAs":["https:\/\/www.facebook.com\/bahiaeconomica"]},{"@type":"Person","@id":"https:\/\/bahiaeconomica.com.br\/wp\/#\/schema\/person\/cb1ab5ba96ad3d9390805381c76284ec","name":"admin","url":"https:\/\/bahiaeconomica.com.br\/wp\/author\/admin\/"}]}},"views":5,"_links":{"self":[{"href":"https:\/\/bahiaeconomica.com.br\/wp\/wp-json\/wp\/v2\/posts\/651839"}],"collection":[{"href":"https:\/\/bahiaeconomica.com.br\/wp\/wp-json\/wp\/v2\/posts"}],"about":[{"href":"https:\/\/bahiaeconomica.com.br\/wp\/wp-json\/wp\/v2\/types\/post"}],"author":[{"embeddable":true,"href":"https:\/\/bahiaeconomica.com.br\/wp\/wp-json\/wp\/v2\/users\/1"}],"replies":[{"embeddable":true,"href":"https:\/\/bahiaeconomica.com.br\/wp\/wp-json\/wp\/v2\/comments?post=651839"}],"version-history":[{"count":1,"href":"https:\/\/bahiaeconomica.com.br\/wp\/wp-json\/wp\/v2\/posts\/651839\/revisions"}],"predecessor-version":[{"id":651842,"href":"https:\/\/bahiaeconomica.com.br\/wp\/wp-json\/wp\/v2\/posts\/651839\/revisions\/651842"}],"wp:featuredmedia":[{"embeddable":true,"href":"https:\/\/bahiaeconomica.com.br\/wp\/wp-json\/wp\/v2\/media\/651841"}],"wp:attachment":[{"href":"https:\/\/bahiaeconomica.com.br\/wp\/wp-json\/wp\/v2\/media?parent=651839"}],"wp:term":[{"taxonomy":"category","embeddable":true,"href":"https:\/\/bahiaeconomica.com.br\/wp\/wp-json\/wp\/v2\/categories?post=651839"},{"taxonomy":"post_tag","embeddable":true,"href":"https:\/\/bahiaeconomica.com.br\/wp\/wp-json\/wp\/v2\/tags?post=651839"}],"curies":[{"name":"wp","href":"https:\/\/api.w.org\/{rel}","templated":true}]}}