{"id":651071,"date":"2022-03-22T20:09:09","date_gmt":"2022-03-22T23:09:09","guid":{"rendered":"https:\/\/bahiaeconomica.com.br\/wp\/beta\/?p=651071"},"modified":"2022-03-22T20:09:09","modified_gmt":"2022-03-22T23:09:09","slug":"no-dia-da-agua-manifestantes-protestam-na-alba-contra-a-privatizacao-da-embasa","status":"publish","type":"post","link":"https:\/\/bahiaeconomica.com.br\/wp\/2022\/03\/22\/no-dia-da-agua-manifestantes-protestam-na-alba-contra-a-privatizacao-da-embasa\/","title":{"rendered":"NO DIA DA \u00c1GUA, MANIFESTANTES PROTESTAM NA ALBA CONTRA A PRIVATIZA\u00c7\u00c3O DA EMBASA"},"content":{"rendered":"<p>Cerca de 100 manifestantes protestaram contra os projetos do Poder Executivo que sugere adequa\u00e7\u00e3o da legisla\u00e7\u00e3o estadual e da estrutura da Embasa ao<!--more--> novo marco regulat\u00f3rio legal do saneamento \u2013 facilitando concess\u00f5es nessa \u00e1rea vital. O protesto come\u00e7ou a partir das 14h desta ter\u00e7a-feira (22), Dia da \u00c1gua, em frente \u00e0 portaria da Assembleia Legislativa.<\/p>\n<p>Para os militantes do Sindicato dos Trabalhadores em \u00c1gua e Esgotos do Estado da Bahia (Sindae) e de outras organiza\u00e7\u00f5es da sociedade civil, a mudan\u00e7a, especialmente a relacionada com o Projeto 24.362\/21, significa a privatiza\u00e7\u00e3o da estatal.<\/p>\n<p>Entre os pontos mais criticados do projeto de lei, est\u00e1 o Par\u00e1grafo 5\u00ba, que, de acordo com os manifestantes, permite que qualquer privatiza\u00e7\u00e3o referente \u00e0 empresa possa ser realizada sem passar pela Assembleia Legislativa, sendo decidida apenas na assembleia geral da estatal, da qual o Governo do Estado possui quase a totalidade das a\u00e7\u00f5es.<\/p>\n<p>&nbsp;<\/p>\n<p>Foto: PauloMocofaya\/Ag\u00eanciaALBA<\/p>\n","protected":false},"excerpt":{"rendered":"<p>Cerca de 100 manifestantes protestaram contra os projetos do Poder Executivo que sugere adequa\u00e7\u00e3o da legisla\u00e7\u00e3o estadual e da estrutura da Embasa ao<\/p>\n","protected":false},"author":1,"featured_media":651073,"comment_status":"closed","ping_status":"closed","sticky":false,"template":"","format":"standard","meta":[],"categories":[3],"tags":[1335,4730,2696,1851,4733,233,4731,1623,791,4729,4732],"acf":[],"yoast_head":"<!-- This site is optimized with the Yoast SEO plugin v20.8 - https:\/\/yoast.com\/wordpress\/plugins\/seo\/ -->\n<title>NO DIA DA \u00c1GUA, MANIFESTANTES PROTESTAM NA ALBA CONTRA A PRIVATIZA\u00c7\u00c3O DA EMBASA - Bahia Economica<\/title>\n<meta name=\"description\" content=\"O maior portal de Economia da Bahia ECONOMIA \/ POL\u00cdTICA Bahia Economica\" \/>\n<meta name=\"robots\" content=\"index, follow, max-snippet:-1, max-image-preview:large, max-video-preview:-1\" \/>\n<link rel=\"canonical\" href=\"https:\/\/bahiaeconomica.com.br\/wp\/2022\/03\/22\/no-dia-da-agua-manifestantes-protestam-na-alba-contra-a-privatizacao-da-embasa\/\" \/>\n<meta property=\"og:locale\" content=\"pt_BR\" \/>\n<meta property=\"og:type\" content=\"article\" \/>\n<meta property=\"og:title\" content=\"NO DIA DA \u00c1GUA, MANIFESTANTES PROTESTAM NA ALBA CONTRA A PRIVATIZA\u00c7\u00c3O DA EMBASA - Bahia Economica\" \/>\n<meta property=\"og:description\" content=\"O maior portal de Economia da Bahia ECONOMIA \/ POL\u00cdTICA Bahia Economica\" \/>\n<meta property=\"og:url\" content=\"https:\/\/bahiaeconomica.com.br\/wp\/2022\/03\/22\/no-dia-da-agua-manifestantes-protestam-na-alba-contra-a-privatizacao-da-embasa\/\" \/>\n<meta property=\"og:site_name\" content=\"Bahia Economica\" \/>\n<meta property=\"article:publisher\" content=\"https:\/\/www.facebook.com\/bahiaeconomica\" \/>\n<meta property=\"article:published_time\" content=\"2022-03-22T23:09:09+00:00\" \/>\n<meta property=\"og:image\" content=\"https:\/\/bahiaeconomica.com.br\/wp\/wp-content\/uploads\/2022\/03\/alba.jpg\" \/>\n\t<meta property=\"og:image:width\" content=\"500\" \/>\n\t<meta property=\"og:image:height\" content=\"300\" \/>\n\t<meta property=\"og:image:type\" content=\"image\/jpeg\" \/>\n<meta name=\"author\" content=\"admin\" \/>\n<meta name=\"twitter:card\" content=\"summary_large_image\" \/>\n<meta name=\"twitter:label1\" content=\"Escrito por\" \/>\n\t<meta name=\"twitter:data1\" content=\"admin\" \/>\n\t<meta name=\"twitter:label2\" content=\"Est. tempo de leitura\" \/>\n\t<meta name=\"twitter:data2\" content=\"1 minuto\" \/>\n<script type=\"application\/ld+json\" class=\"yoast-schema-graph\">{\"@context\":\"https:\/\/schema.org\",\"@graph\":[{\"@type\":\"Article\",\"@id\":\"https:\/\/bahiaeconomica.com.br\/wp\/2022\/03\/22\/no-dia-da-agua-manifestantes-protestam-na-alba-contra-a-privatizacao-da-embasa\/#article\",\"isPartOf\":{\"@id\":\"https:\/\/bahiaeconomica.com.br\/wp\/2022\/03\/22\/no-dia-da-agua-manifestantes-protestam-na-alba-contra-a-privatizacao-da-embasa\/\"},\"author\":{\"name\":\"admin\",\"@id\":\"https:\/\/bahiaeconomica.com.br\/wp\/#\/schema\/person\/cb1ab5ba96ad3d9390805381c76284ec\"},\"headline\":\"NO DIA DA \u00c1GUA, MANIFESTANTES PROTESTAM NA ALBA CONTRA A PRIVATIZA\u00c7\u00c3O DA EMBASA\",\"datePublished\":\"2022-03-22T23:09:09+00:00\",\"dateModified\":\"2022-03-22T23:09:09+00:00\",\"mainEntityOfPage\":{\"@id\":\"https:\/\/bahiaeconomica.com.br\/wp\/2022\/03\/22\/no-dia-da-agua-manifestantes-protestam-na-alba-contra-a-privatizacao-da-embasa\/\"},\"wordCount\":170,\"publisher\":{\"@id\":\"https:\/\/bahiaeconomica.com.br\/wp\/#organization\"},\"keywords\":[\"assembleia\",\"concess\u00f5es\",\"embasa\",\"estado\",\"estatal\",\"Governo\",\"Legislativa\",\"manifestantes\",\"privatiza\u00e7\u00e3o\",\"protestaram\",\"Sindae\"],\"articleSection\":[\"ECONOMIA \/ POL\u00cdTICA\"],\"inLanguage\":\"pt-BR\"},{\"@type\":\"WebPage\",\"@id\":\"https:\/\/bahiaeconomica.com.br\/wp\/2022\/03\/22\/no-dia-da-agua-manifestantes-protestam-na-alba-contra-a-privatizacao-da-embasa\/\",\"url\":\"https:\/\/bahiaeconomica.com.br\/wp\/2022\/03\/22\/no-dia-da-agua-manifestantes-protestam-na-alba-contra-a-privatizacao-da-embasa\/\",\"name\":\"NO DIA DA \u00c1GUA, MANIFESTANTES PROTESTAM NA ALBA CONTRA A PRIVATIZA\u00c7\u00c3O DA EMBASA - Bahia Economica\",\"isPartOf\":{\"@id\":\"https:\/\/bahiaeconomica.com.br\/wp\/#website\"},\"datePublished\":\"2022-03-22T23:09:09+00:00\",\"dateModified\":\"2022-03-22T23:09:09+00:00\",\"description\":\"O maior portal de Economia da Bahia ECONOMIA \/ POL\u00cdTICA Bahia Economica\",\"breadcrumb\":{\"@id\":\"https:\/\/bahiaeconomica.com.br\/wp\/2022\/03\/22\/no-dia-da-agua-manifestantes-protestam-na-alba-contra-a-privatizacao-da-embasa\/#breadcrumb\"},\"inLanguage\":\"pt-BR\",\"potentialAction\":[{\"@type\":\"ReadAction\",\"target\":[\"https:\/\/bahiaeconomica.com.br\/wp\/2022\/03\/22\/no-dia-da-agua-manifestantes-protestam-na-alba-contra-a-privatizacao-da-embasa\/\"]}]},{\"@type\":\"BreadcrumbList\",\"@id\":\"https:\/\/bahiaeconomica.com.br\/wp\/2022\/03\/22\/no-dia-da-agua-manifestantes-protestam-na-alba-contra-a-privatizacao-da-embasa\/#breadcrumb\",\"itemListElement\":[{\"@type\":\"ListItem\",\"position\":1,\"name\":\"In\u00edcio\",\"item\":\"https:\/\/bahiaeconomica.com.br\/wp\/\"},{\"@type\":\"ListItem\",\"position\":2,\"name\":\"NO DIA DA \u00c1GUA, MANIFESTANTES PROTESTAM NA ALBA CONTRA A PRIVATIZA\u00c7\u00c3O DA EMBASA\"}]},{\"@type\":\"WebSite\",\"@id\":\"https:\/\/bahiaeconomica.com.br\/wp\/#website\",\"url\":\"https:\/\/bahiaeconomica.com.br\/wp\/\",\"name\":\"Bahia Economica\",\"description\":\"O maior portal de Economia da Bahia\",\"publisher\":{\"@id\":\"https:\/\/bahiaeconomica.com.br\/wp\/#organization\"},\"potentialAction\":[{\"@type\":\"SearchAction\",\"target\":{\"@type\":\"EntryPoint\",\"urlTemplate\":\"https:\/\/bahiaeconomica.com.br\/wp\/?s={search_term_string}\"},\"query-input\":\"required name=search_term_string\"}],\"inLanguage\":\"pt-BR\"},{\"@type\":\"Organization\",\"@id\":\"https:\/\/bahiaeconomica.com.br\/wp\/#organization\",\"name\":\"Bahia Econ\u00f4mica\",\"url\":\"https:\/\/bahiaeconomica.com.br\/wp\/\",\"logo\":{\"@type\":\"ImageObject\",\"inLanguage\":\"pt-BR\",\"@id\":\"https:\/\/bahiaeconomica.com.br\/wp\/#\/schema\/logo\/image\/\",\"url\":\"https:\/\/bahiaeconomica.com.br\/wp\/wp-content\/uploads\/2020\/12\/cropped-BE.png\",\"contentUrl\":\"https:\/\/bahiaeconomica.com.br\/wp\/wp-content\/uploads\/2020\/12\/cropped-BE.png\",\"width\":512,\"height\":512,\"caption\":\"Bahia Econ\u00f4mica\"},\"image\":{\"@id\":\"https:\/\/bahiaeconomica.com.br\/wp\/#\/schema\/logo\/image\/\"},\"sameAs\":[\"https:\/\/www.facebook.com\/bahiaeconomica\"]},{\"@type\":\"Person\",\"@id\":\"https:\/\/bahiaeconomica.com.br\/wp\/#\/schema\/person\/cb1ab5ba96ad3d9390805381c76284ec\",\"name\":\"admin\",\"url\":\"https:\/\/bahiaeconomica.com.br\/wp\/author\/admin\/\"}]}<\/script>\n<!-- \/ Yoast SEO plugin. -->","yoast_head_json":{"title":"NO DIA DA \u00c1GUA, MANIFESTANTES PROTESTAM NA ALBA CONTRA A PRIVATIZA\u00c7\u00c3O DA EMBASA - Bahia Economica","description":"O maior portal de Economia da Bahia ECONOMIA \/ POL\u00cdTICA Bahia Economica","robots":{"index":"index","follow":"follow","max-snippet":"max-snippet:-1","max-image-preview":"max-image-preview:large","max-video-preview":"max-video-preview:-1"},"canonical":"https:\/\/bahiaeconomica.com.br\/wp\/2022\/03\/22\/no-dia-da-agua-manifestantes-protestam-na-alba-contra-a-privatizacao-da-embasa\/","og_locale":"pt_BR","og_type":"article","og_title":"NO DIA DA \u00c1GUA, MANIFESTANTES PROTESTAM NA ALBA CONTRA A PRIVATIZA\u00c7\u00c3O DA EMBASA - Bahia Economica","og_description":"O maior portal de Economia da Bahia ECONOMIA \/ POL\u00cdTICA Bahia Economica","og_url":"https:\/\/bahiaeconomica.com.br\/wp\/2022\/03\/22\/no-dia-da-agua-manifestantes-protestam-na-alba-contra-a-privatizacao-da-embasa\/","og_site_name":"Bahia Economica","article_publisher":"https:\/\/www.facebook.com\/bahiaeconomica","article_published_time":"2022-03-22T23:09:09+00:00","og_image":[{"width":500,"height":300,"url":"https:\/\/bahiaeconomica.com.br\/wp\/wp-content\/uploads\/2022\/03\/alba.jpg","type":"image\/jpeg"}],"author":"admin","twitter_card":"summary_large_image","twitter_misc":{"Escrito por":"admin","Est. tempo de leitura":"1 minuto"},"schema":{"@context":"https:\/\/schema.org","@graph":[{"@type":"Article","@id":"https:\/\/bahiaeconomica.com.br\/wp\/2022\/03\/22\/no-dia-da-agua-manifestantes-protestam-na-alba-contra-a-privatizacao-da-embasa\/#article","isPartOf":{"@id":"https:\/\/bahiaeconomica.com.br\/wp\/2022\/03\/22\/no-dia-da-agua-manifestantes-protestam-na-alba-contra-a-privatizacao-da-embasa\/"},"author":{"name":"admin","@id":"https:\/\/bahiaeconomica.com.br\/wp\/#\/schema\/person\/cb1ab5ba96ad3d9390805381c76284ec"},"headline":"NO DIA DA \u00c1GUA, MANIFESTANTES PROTESTAM NA ALBA CONTRA A PRIVATIZA\u00c7\u00c3O DA EMBASA","datePublished":"2022-03-22T23:09:09+00:00","dateModified":"2022-03-22T23:09:09+00:00","mainEntityOfPage":{"@id":"https:\/\/bahiaeconomica.com.br\/wp\/2022\/03\/22\/no-dia-da-agua-manifestantes-protestam-na-alba-contra-a-privatizacao-da-embasa\/"},"wordCount":170,"publisher":{"@id":"https:\/\/bahiaeconomica.com.br\/wp\/#organization"},"keywords":["assembleia","concess\u00f5es","embasa","estado","estatal","Governo","Legislativa","manifestantes","privatiza\u00e7\u00e3o","protestaram","Sindae"],"articleSection":["ECONOMIA \/ POL\u00cdTICA"],"inLanguage":"pt-BR"},{"@type":"WebPage","@id":"https:\/\/bahiaeconomica.com.br\/wp\/2022\/03\/22\/no-dia-da-agua-manifestantes-protestam-na-alba-contra-a-privatizacao-da-embasa\/","url":"https:\/\/bahiaeconomica.com.br\/wp\/2022\/03\/22\/no-dia-da-agua-manifestantes-protestam-na-alba-contra-a-privatizacao-da-embasa\/","name":"NO DIA DA \u00c1GUA, MANIFESTANTES PROTESTAM NA ALBA CONTRA A PRIVATIZA\u00c7\u00c3O DA EMBASA - Bahia Economica","isPartOf":{"@id":"https:\/\/bahiaeconomica.com.br\/wp\/#website"},"datePublished":"2022-03-22T23:09:09+00:00","dateModified":"2022-03-22T23:09:09+00:00","description":"O maior portal de Economia da Bahia ECONOMIA \/ POL\u00cdTICA Bahia Economica","breadcrumb":{"@id":"https:\/\/bahiaeconomica.com.br\/wp\/2022\/03\/22\/no-dia-da-agua-manifestantes-protestam-na-alba-contra-a-privatizacao-da-embasa\/#breadcrumb"},"inLanguage":"pt-BR","potentialAction":[{"@type":"ReadAction","target":["https:\/\/bahiaeconomica.com.br\/wp\/2022\/03\/22\/no-dia-da-agua-manifestantes-protestam-na-alba-contra-a-privatizacao-da-embasa\/"]}]},{"@type":"BreadcrumbList","@id":"https:\/\/bahiaeconomica.com.br\/wp\/2022\/03\/22\/no-dia-da-agua-manifestantes-protestam-na-alba-contra-a-privatizacao-da-embasa\/#breadcrumb","itemListElement":[{"@type":"ListItem","position":1,"name":"In\u00edcio","item":"https:\/\/bahiaeconomica.com.br\/wp\/"},{"@type":"ListItem","position":2,"name":"NO DIA DA \u00c1GUA, MANIFESTANTES PROTESTAM NA ALBA CONTRA A PRIVATIZA\u00c7\u00c3O DA EMBASA"}]},{"@type":"WebSite","@id":"https:\/\/bahiaeconomica.com.br\/wp\/#website","url":"https:\/\/bahiaeconomica.com.br\/wp\/","name":"Bahia Economica","description":"O maior portal de Economia da Bahia","publisher":{"@id":"https:\/\/bahiaeconomica.com.br\/wp\/#organization"},"potentialAction":[{"@type":"SearchAction","target":{"@type":"EntryPoint","urlTemplate":"https:\/\/bahiaeconomica.com.br\/wp\/?s={search_term_string}"},"query-input":"required name=search_term_string"}],"inLanguage":"pt-BR"},{"@type":"Organization","@id":"https:\/\/bahiaeconomica.com.br\/wp\/#organization","name":"Bahia Econ\u00f4mica","url":"https:\/\/bahiaeconomica.com.br\/wp\/","logo":{"@type":"ImageObject","inLanguage":"pt-BR","@id":"https:\/\/bahiaeconomica.com.br\/wp\/#\/schema\/logo\/image\/","url":"https:\/\/bahiaeconomica.com.br\/wp\/wp-content\/uploads\/2020\/12\/cropped-BE.png","contentUrl":"https:\/\/bahiaeconomica.com.br\/wp\/wp-content\/uploads\/2020\/12\/cropped-BE.png","width":512,"height":512,"caption":"Bahia Econ\u00f4mica"},"image":{"@id":"https:\/\/bahiaeconomica.com.br\/wp\/#\/schema\/logo\/image\/"},"sameAs":["https:\/\/www.facebook.com\/bahiaeconomica"]},{"@type":"Person","@id":"https:\/\/bahiaeconomica.com.br\/wp\/#\/schema\/person\/cb1ab5ba96ad3d9390805381c76284ec","name":"admin","url":"https:\/\/bahiaeconomica.com.br\/wp\/author\/admin\/"}]}},"views":2,"_links":{"self":[{"href":"https:\/\/bahiaeconomica.com.br\/wp\/wp-json\/wp\/v2\/posts\/651071"}],"collection":[{"href":"https:\/\/bahiaeconomica.com.br\/wp\/wp-json\/wp\/v2\/posts"}],"about":[{"href":"https:\/\/bahiaeconomica.com.br\/wp\/wp-json\/wp\/v2\/types\/post"}],"author":[{"embeddable":true,"href":"https:\/\/bahiaeconomica.com.br\/wp\/wp-json\/wp\/v2\/users\/1"}],"replies":[{"embeddable":true,"href":"https:\/\/bahiaeconomica.com.br\/wp\/wp-json\/wp\/v2\/comments?post=651071"}],"version-history":[{"count":1,"href":"https:\/\/bahiaeconomica.com.br\/wp\/wp-json\/wp\/v2\/posts\/651071\/revisions"}],"predecessor-version":[{"id":651074,"href":"https:\/\/bahiaeconomica.com.br\/wp\/wp-json\/wp\/v2\/posts\/651071\/revisions\/651074"}],"wp:featuredmedia":[{"embeddable":true,"href":"https:\/\/bahiaeconomica.com.br\/wp\/wp-json\/wp\/v2\/media\/651073"}],"wp:attachment":[{"href":"https:\/\/bahiaeconomica.com.br\/wp\/wp-json\/wp\/v2\/media?parent=651071"}],"wp:term":[{"taxonomy":"category","embeddable":true,"href":"https:\/\/bahiaeconomica.com.br\/wp\/wp-json\/wp\/v2\/categories?post=651071"},{"taxonomy":"post_tag","embeddable":true,"href":"https:\/\/bahiaeconomica.com.br\/wp\/wp-json\/wp\/v2\/tags?post=651071"}],"curies":[{"name":"wp","href":"https:\/\/api.w.org\/{rel}","templated":true}]}}