{"id":650731,"date":"2022-03-22T09:00:48","date_gmt":"2022-03-22T12:00:48","guid":{"rendered":"https:\/\/bahiaeconomica.com.br\/wp\/beta\/?p=650731"},"modified":"2022-03-22T08:07:11","modified_gmt":"2022-03-22T11:07:11","slug":"palmeiras-quer-evitar-assedio-a-abel-e-acelera-renovacao","status":"publish","type":"post","link":"https:\/\/bahiaeconomica.com.br\/wp\/2022\/03\/22\/palmeiras-quer-evitar-assedio-a-abel-e-acelera-renovacao\/","title":{"rendered":"PALMEIRAS QUER EVITAR ASS\u00c9DIO A ABEL E ACELERA RENOVA\u00c7\u00c3O"},"content":{"rendered":"<p>Palmeiras e Abel Ferreira est\u00e3o perto de anunciar a renova\u00e7\u00e3o de contrato at\u00e9 o fim de 2024. T\u00e9cnico do Verd\u00e3o h\u00e1 pouco mais de 500 dias, o portugu\u00eas criou<!--more--> uma rela\u00e7\u00e3o com o clube que vai al\u00e9m dos quatro t\u00edtulos conquistados \u2013 duas Libertadores, uma Copa do Brasil e a Recopa Sul-Americana.<\/p>\n<p>Apesar do pouco tempo, Abel j\u00e1 se coloca entre os maiores treinadores da hist\u00f3ria alviverde. Faz parte do top-5 de maiores campe\u00f5es no clube e \u00e9 o segundo com mais finais \u2013 oito, atr\u00e1s apenas de Luiz Felipe Scolari, com dez. Os resultados criaram, consequentemente, uma rela\u00e7\u00e3o forte com a torcida, que s\u00f3 se torna mais pr\u00f3xima com o passar dos jogos (e vit\u00f3rias).<\/p>\n<p>Ap\u00f3s a vit\u00f3ria no D\u00e9rbi, o portugu\u00eas disse que o &#8220;chiqueiro pegou fogo&#8221; e pediu uma nova m\u00fasica para os palmeirenses cantarem em momentos de adversidade. A Mancha Alviverde at\u00e9 abriu um concurso para selecionar a can\u00e7\u00e3o sugerida pelo treinador. Al\u00e9m de ser uma figura quase un\u00e2nime nas arquibancadas, Abel \u00e9 visto assim tamb\u00e9m dentro da Academia de Futebol.<\/p>\n<p>Defensor do lema &#8220;todos somos um&#8221;, o treinador \u00e9 muito elogiado pela dire\u00e7\u00e3o por sua forma de gerir o grupo e se relacionar com todos os funcion\u00e1rios do CT. S\u00e3o frequentes as trocas de homenagens dos dois lados, como ao presentear todos que trabalham na Academia com a edi\u00e7\u00e3o do livro &#8220;Cabe\u00e7a fria, cora\u00e7\u00e3o quente&#8221;, em que relata bastidores do trabalho que faz com sua comiss\u00e3o no Palmeiras. Antes, ele \u00e9 quem havia sido presenteado, ao completar um ano de trabalho.<\/p>\n<p>A rela\u00e7\u00e3o tamb\u00e9m \u00e9 boa com a diretoria, embora tenham tamb\u00e9m as cobran\u00e7as por contrata\u00e7\u00f5es, especialmente de um centroavante. Abel \u00e9 pr\u00f3ximo do ex-presidente Maur\u00edcio Galiotte e mant\u00e9m bom contato com Leila Pereira, tamb\u00e9m. O diretor Anderson Barros, criticado pela torcida pela movimenta\u00e7\u00e3o mais t\u00edmida no mercado, j\u00e1 recebeu elogios p\u00fablicos do europeu.<\/p>\n<p>Mas este clima de lua de mel n\u00e3o \u00e9 o \u00fanico motivo para o Verd\u00e3o assinar um novo acordo com Abel Ferreira. Embora ele tenha recebido um aumento no come\u00e7o do ano, o v\u00ednculo atual se encerra em dezembro, e a multa rescis\u00f3ria come\u00e7ou em 1,5 milh\u00e3o de euros (R$ 8,1 milh\u00f5es), mas vai diminuindo gradativamente at\u00e9 o fim do acordo.<\/p>\n<p>Com o aumento das sondagens, como do Benfica, do Portugal, e do Granada, da Espanha, o clube tamb\u00e9m se prepara diante da expectativa de ofertas na pr\u00f3xima janela de transfer\u00eancia. Com o novo v\u00ednculo, Abel ter\u00e1 tempo de buscar os tr\u00eas t\u00e9cnicos que ganharam mais t\u00edtulos do que ele no Palmeiras. O mais pr\u00f3ximo na lista \u00e9 Felip\u00e3o, com seis conquistas, enquanto Oswaldo Brand\u00e3o (sete) e Vanderlei Luxemburgo (oito) lideram o ranking.<\/p>\n<p>Foto: divulga\u00e7\u00e3o<\/p>\n","protected":false},"excerpt":{"rendered":"<p>Palmeiras e Abel Ferreira est\u00e3o perto de anunciar a renova\u00e7\u00e3o de contrato at\u00e9 o fim de 2024. T\u00e9cnico do Verd\u00e3o h\u00e1 pouco mais de 500 dias, o portugu\u00eas criou<\/p>\n","protected":false},"author":1,"featured_media":650733,"comment_status":"closed","ping_status":"closed","sticky":false,"template":"","format":"standard","meta":[],"categories":[4486],"tags":[4680,1007,3167],"acf":[],"yoast_head":"<!-- This site is optimized with the Yoast SEO plugin v20.8 - https:\/\/yoast.com\/wordpress\/plugins\/seo\/ -->\n<title>PALMEIRAS QUER EVITAR ASS\u00c9DIO A ABEL E ACELERA RENOVA\u00c7\u00c3O - Bahia Economica<\/title>\n<meta name=\"description\" content=\"O maior portal de Economia da Bahia Esporte Bahia Economica\" \/>\n<meta name=\"robots\" content=\"index, follow, max-snippet:-1, max-image-preview:large, max-video-preview:-1\" \/>\n<link rel=\"canonical\" href=\"https:\/\/bahiaeconomica.com.br\/wp\/2022\/03\/22\/palmeiras-quer-evitar-assedio-a-abel-e-acelera-renovacao\/\" \/>\n<meta property=\"og:locale\" content=\"pt_BR\" \/>\n<meta property=\"og:type\" content=\"article\" \/>\n<meta property=\"og:title\" content=\"PALMEIRAS QUER EVITAR ASS\u00c9DIO A ABEL E ACELERA RENOVA\u00c7\u00c3O - Bahia Economica\" \/>\n<meta property=\"og:description\" content=\"O maior portal de Economia da Bahia Esporte Bahia Economica\" \/>\n<meta property=\"og:url\" content=\"https:\/\/bahiaeconomica.com.br\/wp\/2022\/03\/22\/palmeiras-quer-evitar-assedio-a-abel-e-acelera-renovacao\/\" \/>\n<meta property=\"og:site_name\" content=\"Bahia Economica\" \/>\n<meta property=\"article:publisher\" content=\"https:\/\/www.facebook.com\/bahiaeconomica\" \/>\n<meta property=\"article:published_time\" content=\"2022-03-22T12:00:48+00:00\" \/>\n<meta property=\"article:modified_time\" content=\"2022-03-22T11:07:11+00:00\" \/>\n<meta property=\"og:image\" content=\"https:\/\/bahiaeconomica.com.br\/wp\/wp-content\/uploads\/2022\/03\/51804018975-5aa8461049-h.webp\" \/>\n\t<meta property=\"og:image:width\" content=\"1008\" \/>\n\t<meta property=\"og:image:height\" content=\"567\" \/>\n\t<meta property=\"og:image:type\" content=\"image\/webp\" \/>\n<meta name=\"author\" content=\"admin\" \/>\n<meta name=\"twitter:card\" content=\"summary_large_image\" \/>\n<meta name=\"twitter:label1\" content=\"Escrito por\" \/>\n\t<meta name=\"twitter:data1\" content=\"admin\" \/>\n\t<meta name=\"twitter:label2\" content=\"Est. tempo de leitura\" \/>\n\t<meta name=\"twitter:data2\" content=\"2 minutos\" \/>\n<script type=\"application\/ld+json\" class=\"yoast-schema-graph\">{\"@context\":\"https:\/\/schema.org\",\"@graph\":[{\"@type\":\"Article\",\"@id\":\"https:\/\/bahiaeconomica.com.br\/wp\/2022\/03\/22\/palmeiras-quer-evitar-assedio-a-abel-e-acelera-renovacao\/#article\",\"isPartOf\":{\"@id\":\"https:\/\/bahiaeconomica.com.br\/wp\/2022\/03\/22\/palmeiras-quer-evitar-assedio-a-abel-e-acelera-renovacao\/\"},\"author\":{\"name\":\"admin\",\"@id\":\"https:\/\/bahiaeconomica.com.br\/wp\/#\/schema\/person\/cb1ab5ba96ad3d9390805381c76284ec\"},\"headline\":\"PALMEIRAS QUER EVITAR ASS\u00c9DIO A ABEL E ACELERA RENOVA\u00c7\u00c3O\",\"datePublished\":\"2022-03-22T12:00:48+00:00\",\"dateModified\":\"2022-03-22T11:07:11+00:00\",\"mainEntityOfPage\":{\"@id\":\"https:\/\/bahiaeconomica.com.br\/wp\/2022\/03\/22\/palmeiras-quer-evitar-assedio-a-abel-e-acelera-renovacao\/\"},\"wordCount\":502,\"publisher\":{\"@id\":\"https:\/\/bahiaeconomica.com.br\/wp\/#organization\"},\"keywords\":[\"abel\",\"esporte\",\"palmeiras\"],\"articleSection\":[\"Esporte\"],\"inLanguage\":\"pt-BR\"},{\"@type\":\"WebPage\",\"@id\":\"https:\/\/bahiaeconomica.com.br\/wp\/2022\/03\/22\/palmeiras-quer-evitar-assedio-a-abel-e-acelera-renovacao\/\",\"url\":\"https:\/\/bahiaeconomica.com.br\/wp\/2022\/03\/22\/palmeiras-quer-evitar-assedio-a-abel-e-acelera-renovacao\/\",\"name\":\"PALMEIRAS QUER EVITAR ASS\u00c9DIO A ABEL E ACELERA RENOVA\u00c7\u00c3O - Bahia Economica\",\"isPartOf\":{\"@id\":\"https:\/\/bahiaeconomica.com.br\/wp\/#website\"},\"datePublished\":\"2022-03-22T12:00:48+00:00\",\"dateModified\":\"2022-03-22T11:07:11+00:00\",\"description\":\"O maior portal de Economia da Bahia Esporte Bahia Economica\",\"breadcrumb\":{\"@id\":\"https:\/\/bahiaeconomica.com.br\/wp\/2022\/03\/22\/palmeiras-quer-evitar-assedio-a-abel-e-acelera-renovacao\/#breadcrumb\"},\"inLanguage\":\"pt-BR\",\"potentialAction\":[{\"@type\":\"ReadAction\",\"target\":[\"https:\/\/bahiaeconomica.com.br\/wp\/2022\/03\/22\/palmeiras-quer-evitar-assedio-a-abel-e-acelera-renovacao\/\"]}]},{\"@type\":\"BreadcrumbList\",\"@id\":\"https:\/\/bahiaeconomica.com.br\/wp\/2022\/03\/22\/palmeiras-quer-evitar-assedio-a-abel-e-acelera-renovacao\/#breadcrumb\",\"itemListElement\":[{\"@type\":\"ListItem\",\"position\":1,\"name\":\"In\u00edcio\",\"item\":\"https:\/\/bahiaeconomica.com.br\/wp\/\"},{\"@type\":\"ListItem\",\"position\":2,\"name\":\"PALMEIRAS QUER EVITAR ASS\u00c9DIO A ABEL E ACELERA RENOVA\u00c7\u00c3O\"}]},{\"@type\":\"WebSite\",\"@id\":\"https:\/\/bahiaeconomica.com.br\/wp\/#website\",\"url\":\"https:\/\/bahiaeconomica.com.br\/wp\/\",\"name\":\"Bahia Economica\",\"description\":\"O maior portal de Economia da Bahia\",\"publisher\":{\"@id\":\"https:\/\/bahiaeconomica.com.br\/wp\/#organization\"},\"potentialAction\":[{\"@type\":\"SearchAction\",\"target\":{\"@type\":\"EntryPoint\",\"urlTemplate\":\"https:\/\/bahiaeconomica.com.br\/wp\/?s={search_term_string}\"},\"query-input\":\"required name=search_term_string\"}],\"inLanguage\":\"pt-BR\"},{\"@type\":\"Organization\",\"@id\":\"https:\/\/bahiaeconomica.com.br\/wp\/#organization\",\"name\":\"Bahia Econ\u00f4mica\",\"url\":\"https:\/\/bahiaeconomica.com.br\/wp\/\",\"logo\":{\"@type\":\"ImageObject\",\"inLanguage\":\"pt-BR\",\"@id\":\"https:\/\/bahiaeconomica.com.br\/wp\/#\/schema\/logo\/image\/\",\"url\":\"https:\/\/bahiaeconomica.com.br\/wp\/wp-content\/uploads\/2020\/12\/cropped-BE.png\",\"contentUrl\":\"https:\/\/bahiaeconomica.com.br\/wp\/wp-content\/uploads\/2020\/12\/cropped-BE.png\",\"width\":512,\"height\":512,\"caption\":\"Bahia Econ\u00f4mica\"},\"image\":{\"@id\":\"https:\/\/bahiaeconomica.com.br\/wp\/#\/schema\/logo\/image\/\"},\"sameAs\":[\"https:\/\/www.facebook.com\/bahiaeconomica\"]},{\"@type\":\"Person\",\"@id\":\"https:\/\/bahiaeconomica.com.br\/wp\/#\/schema\/person\/cb1ab5ba96ad3d9390805381c76284ec\",\"name\":\"admin\",\"url\":\"https:\/\/bahiaeconomica.com.br\/wp\/author\/admin\/\"}]}<\/script>\n<!-- \/ Yoast SEO plugin. -->","yoast_head_json":{"title":"PALMEIRAS QUER EVITAR ASS\u00c9DIO A ABEL E ACELERA RENOVA\u00c7\u00c3O - Bahia Economica","description":"O maior portal de Economia da Bahia Esporte Bahia Economica","robots":{"index":"index","follow":"follow","max-snippet":"max-snippet:-1","max-image-preview":"max-image-preview:large","max-video-preview":"max-video-preview:-1"},"canonical":"https:\/\/bahiaeconomica.com.br\/wp\/2022\/03\/22\/palmeiras-quer-evitar-assedio-a-abel-e-acelera-renovacao\/","og_locale":"pt_BR","og_type":"article","og_title":"PALMEIRAS QUER EVITAR ASS\u00c9DIO A ABEL E ACELERA RENOVA\u00c7\u00c3O - Bahia Economica","og_description":"O maior portal de Economia da Bahia Esporte Bahia Economica","og_url":"https:\/\/bahiaeconomica.com.br\/wp\/2022\/03\/22\/palmeiras-quer-evitar-assedio-a-abel-e-acelera-renovacao\/","og_site_name":"Bahia Economica","article_publisher":"https:\/\/www.facebook.com\/bahiaeconomica","article_published_time":"2022-03-22T12:00:48+00:00","article_modified_time":"2022-03-22T11:07:11+00:00","og_image":[{"width":1008,"height":567,"url":"https:\/\/bahiaeconomica.com.br\/wp\/wp-content\/uploads\/2022\/03\/51804018975-5aa8461049-h.webp","type":"image\/webp"}],"author":"admin","twitter_card":"summary_large_image","twitter_misc":{"Escrito por":"admin","Est. tempo de leitura":"2 minutos"},"schema":{"@context":"https:\/\/schema.org","@graph":[{"@type":"Article","@id":"https:\/\/bahiaeconomica.com.br\/wp\/2022\/03\/22\/palmeiras-quer-evitar-assedio-a-abel-e-acelera-renovacao\/#article","isPartOf":{"@id":"https:\/\/bahiaeconomica.com.br\/wp\/2022\/03\/22\/palmeiras-quer-evitar-assedio-a-abel-e-acelera-renovacao\/"},"author":{"name":"admin","@id":"https:\/\/bahiaeconomica.com.br\/wp\/#\/schema\/person\/cb1ab5ba96ad3d9390805381c76284ec"},"headline":"PALMEIRAS QUER EVITAR ASS\u00c9DIO A ABEL E ACELERA RENOVA\u00c7\u00c3O","datePublished":"2022-03-22T12:00:48+00:00","dateModified":"2022-03-22T11:07:11+00:00","mainEntityOfPage":{"@id":"https:\/\/bahiaeconomica.com.br\/wp\/2022\/03\/22\/palmeiras-quer-evitar-assedio-a-abel-e-acelera-renovacao\/"},"wordCount":502,"publisher":{"@id":"https:\/\/bahiaeconomica.com.br\/wp\/#organization"},"keywords":["abel","esporte","palmeiras"],"articleSection":["Esporte"],"inLanguage":"pt-BR"},{"@type":"WebPage","@id":"https:\/\/bahiaeconomica.com.br\/wp\/2022\/03\/22\/palmeiras-quer-evitar-assedio-a-abel-e-acelera-renovacao\/","url":"https:\/\/bahiaeconomica.com.br\/wp\/2022\/03\/22\/palmeiras-quer-evitar-assedio-a-abel-e-acelera-renovacao\/","name":"PALMEIRAS QUER EVITAR ASS\u00c9DIO A ABEL E ACELERA RENOVA\u00c7\u00c3O - Bahia Economica","isPartOf":{"@id":"https:\/\/bahiaeconomica.com.br\/wp\/#website"},"datePublished":"2022-03-22T12:00:48+00:00","dateModified":"2022-03-22T11:07:11+00:00","description":"O maior portal de Economia da Bahia Esporte Bahia Economica","breadcrumb":{"@id":"https:\/\/bahiaeconomica.com.br\/wp\/2022\/03\/22\/palmeiras-quer-evitar-assedio-a-abel-e-acelera-renovacao\/#breadcrumb"},"inLanguage":"pt-BR","potentialAction":[{"@type":"ReadAction","target":["https:\/\/bahiaeconomica.com.br\/wp\/2022\/03\/22\/palmeiras-quer-evitar-assedio-a-abel-e-acelera-renovacao\/"]}]},{"@type":"BreadcrumbList","@id":"https:\/\/bahiaeconomica.com.br\/wp\/2022\/03\/22\/palmeiras-quer-evitar-assedio-a-abel-e-acelera-renovacao\/#breadcrumb","itemListElement":[{"@type":"ListItem","position":1,"name":"In\u00edcio","item":"https:\/\/bahiaeconomica.com.br\/wp\/"},{"@type":"ListItem","position":2,"name":"PALMEIRAS QUER EVITAR ASS\u00c9DIO A ABEL E ACELERA RENOVA\u00c7\u00c3O"}]},{"@type":"WebSite","@id":"https:\/\/bahiaeconomica.com.br\/wp\/#website","url":"https:\/\/bahiaeconomica.com.br\/wp\/","name":"Bahia Economica","description":"O maior portal de Economia da Bahia","publisher":{"@id":"https:\/\/bahiaeconomica.com.br\/wp\/#organization"},"potentialAction":[{"@type":"SearchAction","target":{"@type":"EntryPoint","urlTemplate":"https:\/\/bahiaeconomica.com.br\/wp\/?s={search_term_string}"},"query-input":"required name=search_term_string"}],"inLanguage":"pt-BR"},{"@type":"Organization","@id":"https:\/\/bahiaeconomica.com.br\/wp\/#organization","name":"Bahia Econ\u00f4mica","url":"https:\/\/bahiaeconomica.com.br\/wp\/","logo":{"@type":"ImageObject","inLanguage":"pt-BR","@id":"https:\/\/bahiaeconomica.com.br\/wp\/#\/schema\/logo\/image\/","url":"https:\/\/bahiaeconomica.com.br\/wp\/wp-content\/uploads\/2020\/12\/cropped-BE.png","contentUrl":"https:\/\/bahiaeconomica.com.br\/wp\/wp-content\/uploads\/2020\/12\/cropped-BE.png","width":512,"height":512,"caption":"Bahia Econ\u00f4mica"},"image":{"@id":"https:\/\/bahiaeconomica.com.br\/wp\/#\/schema\/logo\/image\/"},"sameAs":["https:\/\/www.facebook.com\/bahiaeconomica"]},{"@type":"Person","@id":"https:\/\/bahiaeconomica.com.br\/wp\/#\/schema\/person\/cb1ab5ba96ad3d9390805381c76284ec","name":"admin","url":"https:\/\/bahiaeconomica.com.br\/wp\/author\/admin\/"}]}},"views":0,"_links":{"self":[{"href":"https:\/\/bahiaeconomica.com.br\/wp\/wp-json\/wp\/v2\/posts\/650731"}],"collection":[{"href":"https:\/\/bahiaeconomica.com.br\/wp\/wp-json\/wp\/v2\/posts"}],"about":[{"href":"https:\/\/bahiaeconomica.com.br\/wp\/wp-json\/wp\/v2\/types\/post"}],"author":[{"embeddable":true,"href":"https:\/\/bahiaeconomica.com.br\/wp\/wp-json\/wp\/v2\/users\/1"}],"replies":[{"embeddable":true,"href":"https:\/\/bahiaeconomica.com.br\/wp\/wp-json\/wp\/v2\/comments?post=650731"}],"version-history":[{"count":1,"href":"https:\/\/bahiaeconomica.com.br\/wp\/wp-json\/wp\/v2\/posts\/650731\/revisions"}],"predecessor-version":[{"id":650734,"href":"https:\/\/bahiaeconomica.com.br\/wp\/wp-json\/wp\/v2\/posts\/650731\/revisions\/650734"}],"wp:featuredmedia":[{"embeddable":true,"href":"https:\/\/bahiaeconomica.com.br\/wp\/wp-json\/wp\/v2\/media\/650733"}],"wp:attachment":[{"href":"https:\/\/bahiaeconomica.com.br\/wp\/wp-json\/wp\/v2\/media?parent=650731"}],"wp:term":[{"taxonomy":"category","embeddable":true,"href":"https:\/\/bahiaeconomica.com.br\/wp\/wp-json\/wp\/v2\/categories?post=650731"},{"taxonomy":"post_tag","embeddable":true,"href":"https:\/\/bahiaeconomica.com.br\/wp\/wp-json\/wp\/v2\/tags?post=650731"}],"curies":[{"name":"wp","href":"https:\/\/api.w.org\/{rel}","templated":true}]}}