{"id":650591,"date":"2022-03-21T17:15:41","date_gmt":"2022-03-21T20:15:41","guid":{"rendered":"https:\/\/bahiaeconomica.com.br\/wp\/beta\/?p=650591"},"modified":"2022-03-21T16:59:41","modified_gmt":"2022-03-21T19:59:41","slug":"cidades-baianas-atingidas-por-chuva-recebem-repasse-federal","status":"publish","type":"post","link":"https:\/\/bahiaeconomica.com.br\/wp\/2022\/03\/21\/cidades-baianas-atingidas-por-chuva-recebem-repasse-federal\/","title":{"rendered":"CIDADES BAIANAS ATINGIDAS POR CHUVA RECEBEM REPASSE FEDERAL"},"content":{"rendered":"<p>O Governo Federal, por meio do Minist\u00e9rio do Desenvolvimento Regional (MDR), vai repassar mais de R\uff04 2,47 milh\u00f5es a 13 cidades brasileiras atingidas por desastres <!--more-->naturais. As portarias que autorizam os recursos foram publicadas na edi\u00e7\u00e3o desta segunda-feira (21) do Di\u00e1rio Oficial da Uni\u00e3o (DOU).<\/p>\n<p>Dos 13 munic\u00edpios, cinco est\u00e3o no Rio Grande do Sul e enfrentam a estiagem. S\u00e3o eles: S\u00e3o Nicolau (R\uff04 112,3 mil), S\u00e3o Sep\u00e9 (R\uff04 321,9 mil), Mato Queimado (R\uff04 189,4 mil), Cai\u00e7ara (R\uff04 271,8 mil) e Maximiliano de Almeida (R\uff04 106,5 mil), que receber\u00e1 dois repasses. Confira aqui e aqui.<\/p>\n<p>As cidades ga\u00fachas v\u00e3o utilizar os recursos para aluguel de caminh\u00e3o pipa e compra de cestas b\u00e1sicas e combust\u00edvel para os ve\u00edculos que fazem o transporte de \u00e1gua na regi\u00e3o.<\/p>\n<p>Tamb\u00e9m enfrentando a falta de chuvas, o munic\u00edpio de Caxambu do Sul, em Santa Catarina, receber\u00e1 R\uff04 70 mil para a compra de reservat\u00f3rios de \u00e1gua e combust\u00edvel.<\/p>\n<p>Temporais<\/p>\n<p>Em Minas Gerais, cinco cidades receber\u00e3o recursos devido \u00e0s chuvas intensas. O munic\u00edpio de Arinos contar\u00e1 com R\uff04 52,5 mil para recomposi\u00e7\u00e3o e eleva\u00e7\u00e3o de leito de rio. J\u00e1 Lagoa dos Patos ter\u00e1 direito a R\uff04 27,3 mil para a reconstru\u00e7\u00e3o de um pilar de sustenta\u00e7\u00e3o de uma ponte atingida pelas chuvas, enquanto S\u00e3o Joaquim de Bicas receber\u00e1 R\uff04 1,7 milh\u00e3o para a conten\u00e7\u00e3o em gabi\u00e3o para reconstru\u00e7\u00e3o de talude.<\/p>\n<p>J\u00e1 Carbonita ter\u00e1 acesso R\uff04 44,4 mil para o restabelecimento de muro de conten\u00e7\u00e3o da encosta e, por fim, Piedade de Ponte Nova contar\u00e1 com R\uff04 123,2 mil para a loca\u00e7\u00e3o de m\u00e1quinas para a desobstru\u00e7\u00e3o de vias p\u00fablicas urbanas e rurais.<\/p>\n<p>Outras duas cidades tamb\u00e9m entraram em situa\u00e7\u00e3o de emerg\u00eancia devido aos efeitos das chuvas. S\u00e3o elas: Alvorada do Sul, no Paran\u00e1, que registrou fortes vendavais e ter\u00e1 direito a R\uff04 57 mil para o restabelecimento da cobertura do est\u00e1dio municipal, e Igua\u00ed, na Bahia, que ir\u00e1 dispor de R\uff04 30,8 mil para a recupera\u00e7\u00e3o de cabeceira de ponte.<\/p>\n<p>Como solicitar recursos federais<\/p>\n<p>Ap\u00f3s a concess\u00e3o do status de situa\u00e7\u00e3o de emerg\u00eancia pela Defesa Civil Nacional, os munic\u00edpios atingidos por desastres est\u00e3o aptos a solicitar recursos do MDR para atendimento \u00e0 popula\u00e7\u00e3o afetada. As a\u00e7\u00f5es envolvem restabelecimento de servi\u00e7os essenciais e reconstru\u00e7\u00e3o de equipamentos de infraestrutura danificados.<\/p>\n<p>A solicita\u00e7\u00e3o deve ser feita por meio do Sistema Integrado de Informa\u00e7\u00f5es sobre Desastres (S2iD). Com base nas informa\u00e7\u00f5es enviadas, a equipe t\u00e9cnica da Defesa Civil Nacional avalia as metas e os valores solicitados. Com a aprova\u00e7\u00e3o, \u00e9 publicada portaria no DOU com a especifica\u00e7\u00e3o do montante a ser liberado.<\/p>\n","protected":false},"excerpt":{"rendered":"<p>O Governo Federal, por meio do Minist\u00e9rio do Desenvolvimento Regional (MDR), vai repassar mais de R\uff04 2,47 milh\u00f5es a 13 cidades brasileiras atingidas por desastres<\/p>\n","protected":false},"author":1,"featured_media":637859,"comment_status":"closed","ping_status":"closed","sticky":false,"template":"","format":"standard","meta":[],"categories":[14,3],"tags":[],"acf":[],"yoast_head":"<!-- This site is optimized with the Yoast SEO plugin v20.8 - https:\/\/yoast.com\/wordpress\/plugins\/seo\/ -->\n<title>CIDADES BAIANAS ATINGIDAS POR CHUVA RECEBEM REPASSE FEDERAL - Bahia Economica<\/title>\n<meta name=\"description\" content=\"O maior portal de Economia da Bahia DESTAQUE DO DIA, ECONOMIA \/ POL\u00cdTICA Bahia Economica\" \/>\n<meta name=\"robots\" content=\"index, follow, max-snippet:-1, max-image-preview:large, max-video-preview:-1\" \/>\n<link rel=\"canonical\" href=\"https:\/\/bahiaeconomica.com.br\/wp\/2022\/03\/21\/cidades-baianas-atingidas-por-chuva-recebem-repasse-federal\/\" \/>\n<meta property=\"og:locale\" content=\"pt_BR\" \/>\n<meta property=\"og:type\" content=\"article\" \/>\n<meta property=\"og:title\" content=\"CIDADES BAIANAS ATINGIDAS POR CHUVA RECEBEM REPASSE FEDERAL - Bahia Economica\" \/>\n<meta property=\"og:description\" content=\"O maior portal de Economia da Bahia DESTAQUE DO DIA, ECONOMIA \/ POL\u00cdTICA Bahia Economica\" \/>\n<meta property=\"og:url\" content=\"https:\/\/bahiaeconomica.com.br\/wp\/2022\/03\/21\/cidades-baianas-atingidas-por-chuva-recebem-repasse-federal\/\" \/>\n<meta property=\"og:site_name\" content=\"Bahia Economica\" \/>\n<meta property=\"article:publisher\" content=\"https:\/\/www.facebook.com\/bahiaeconomica\" \/>\n<meta property=\"article:published_time\" content=\"2022-03-21T20:15:41+00:00\" \/>\n<meta property=\"article:modified_time\" content=\"2022-03-21T19:59:41+00:00\" \/>\n<meta property=\"og:image\" content=\"https:\/\/bahiaeconomica.com.br\/wp\/wp-content\/uploads\/2022\/02\/Chuva_Ilheus.png\" \/>\n\t<meta property=\"og:image:width\" content=\"600\" \/>\n\t<meta property=\"og:image:height\" content=\"420\" \/>\n\t<meta property=\"og:image:type\" content=\"image\/png\" \/>\n<meta name=\"author\" content=\"admin\" \/>\n<meta name=\"twitter:card\" content=\"summary_large_image\" \/>\n<meta name=\"twitter:label1\" content=\"Escrito por\" \/>\n\t<meta name=\"twitter:data1\" content=\"admin\" \/>\n\t<meta name=\"twitter:label2\" content=\"Est. tempo de leitura\" \/>\n\t<meta name=\"twitter:data2\" content=\"2 minutos\" \/>\n<script type=\"application\/ld+json\" class=\"yoast-schema-graph\">{\"@context\":\"https:\/\/schema.org\",\"@graph\":[{\"@type\":\"Article\",\"@id\":\"https:\/\/bahiaeconomica.com.br\/wp\/2022\/03\/21\/cidades-baianas-atingidas-por-chuva-recebem-repasse-federal\/#article\",\"isPartOf\":{\"@id\":\"https:\/\/bahiaeconomica.com.br\/wp\/2022\/03\/21\/cidades-baianas-atingidas-por-chuva-recebem-repasse-federal\/\"},\"author\":{\"name\":\"admin\",\"@id\":\"https:\/\/bahiaeconomica.com.br\/wp\/#\/schema\/person\/cb1ab5ba96ad3d9390805381c76284ec\"},\"headline\":\"CIDADES BAIANAS ATINGIDAS POR CHUVA RECEBEM REPASSE FEDERAL\",\"datePublished\":\"2022-03-21T20:15:41+00:00\",\"dateModified\":\"2022-03-21T19:59:41+00:00\",\"mainEntityOfPage\":{\"@id\":\"https:\/\/bahiaeconomica.com.br\/wp\/2022\/03\/21\/cidades-baianas-atingidas-por-chuva-recebem-repasse-federal\/\"},\"wordCount\":472,\"publisher\":{\"@id\":\"https:\/\/bahiaeconomica.com.br\/wp\/#organization\"},\"articleSection\":[\"DESTAQUE DO DIA\",\"ECONOMIA \/ POL\u00cdTICA\"],\"inLanguage\":\"pt-BR\"},{\"@type\":\"WebPage\",\"@id\":\"https:\/\/bahiaeconomica.com.br\/wp\/2022\/03\/21\/cidades-baianas-atingidas-por-chuva-recebem-repasse-federal\/\",\"url\":\"https:\/\/bahiaeconomica.com.br\/wp\/2022\/03\/21\/cidades-baianas-atingidas-por-chuva-recebem-repasse-federal\/\",\"name\":\"CIDADES BAIANAS ATINGIDAS POR CHUVA RECEBEM REPASSE FEDERAL - Bahia Economica\",\"isPartOf\":{\"@id\":\"https:\/\/bahiaeconomica.com.br\/wp\/#website\"},\"datePublished\":\"2022-03-21T20:15:41+00:00\",\"dateModified\":\"2022-03-21T19:59:41+00:00\",\"description\":\"O maior portal de Economia da Bahia DESTAQUE DO DIA, ECONOMIA \/ POL\u00cdTICA Bahia Economica\",\"breadcrumb\":{\"@id\":\"https:\/\/bahiaeconomica.com.br\/wp\/2022\/03\/21\/cidades-baianas-atingidas-por-chuva-recebem-repasse-federal\/#breadcrumb\"},\"inLanguage\":\"pt-BR\",\"potentialAction\":[{\"@type\":\"ReadAction\",\"target\":[\"https:\/\/bahiaeconomica.com.br\/wp\/2022\/03\/21\/cidades-baianas-atingidas-por-chuva-recebem-repasse-federal\/\"]}]},{\"@type\":\"BreadcrumbList\",\"@id\":\"https:\/\/bahiaeconomica.com.br\/wp\/2022\/03\/21\/cidades-baianas-atingidas-por-chuva-recebem-repasse-federal\/#breadcrumb\",\"itemListElement\":[{\"@type\":\"ListItem\",\"position\":1,\"name\":\"In\u00edcio\",\"item\":\"https:\/\/bahiaeconomica.com.br\/wp\/\"},{\"@type\":\"ListItem\",\"position\":2,\"name\":\"CIDADES BAIANAS ATINGIDAS POR CHUVA RECEBEM REPASSE FEDERAL\"}]},{\"@type\":\"WebSite\",\"@id\":\"https:\/\/bahiaeconomica.com.br\/wp\/#website\",\"url\":\"https:\/\/bahiaeconomica.com.br\/wp\/\",\"name\":\"Bahia Economica\",\"description\":\"O maior portal de Economia da Bahia\",\"publisher\":{\"@id\":\"https:\/\/bahiaeconomica.com.br\/wp\/#organization\"},\"potentialAction\":[{\"@type\":\"SearchAction\",\"target\":{\"@type\":\"EntryPoint\",\"urlTemplate\":\"https:\/\/bahiaeconomica.com.br\/wp\/?s={search_term_string}\"},\"query-input\":\"required name=search_term_string\"}],\"inLanguage\":\"pt-BR\"},{\"@type\":\"Organization\",\"@id\":\"https:\/\/bahiaeconomica.com.br\/wp\/#organization\",\"name\":\"Bahia Econ\u00f4mica\",\"url\":\"https:\/\/bahiaeconomica.com.br\/wp\/\",\"logo\":{\"@type\":\"ImageObject\",\"inLanguage\":\"pt-BR\",\"@id\":\"https:\/\/bahiaeconomica.com.br\/wp\/#\/schema\/logo\/image\/\",\"url\":\"https:\/\/bahiaeconomica.com.br\/wp\/wp-content\/uploads\/2020\/12\/cropped-BE.png\",\"contentUrl\":\"https:\/\/bahiaeconomica.com.br\/wp\/wp-content\/uploads\/2020\/12\/cropped-BE.png\",\"width\":512,\"height\":512,\"caption\":\"Bahia Econ\u00f4mica\"},\"image\":{\"@id\":\"https:\/\/bahiaeconomica.com.br\/wp\/#\/schema\/logo\/image\/\"},\"sameAs\":[\"https:\/\/www.facebook.com\/bahiaeconomica\"]},{\"@type\":\"Person\",\"@id\":\"https:\/\/bahiaeconomica.com.br\/wp\/#\/schema\/person\/cb1ab5ba96ad3d9390805381c76284ec\",\"name\":\"admin\",\"url\":\"https:\/\/bahiaeconomica.com.br\/wp\/author\/admin\/\"}]}<\/script>\n<!-- \/ Yoast SEO plugin. -->","yoast_head_json":{"title":"CIDADES BAIANAS ATINGIDAS POR CHUVA RECEBEM REPASSE FEDERAL - Bahia Economica","description":"O maior portal de Economia da Bahia DESTAQUE DO DIA, ECONOMIA \/ POL\u00cdTICA Bahia Economica","robots":{"index":"index","follow":"follow","max-snippet":"max-snippet:-1","max-image-preview":"max-image-preview:large","max-video-preview":"max-video-preview:-1"},"canonical":"https:\/\/bahiaeconomica.com.br\/wp\/2022\/03\/21\/cidades-baianas-atingidas-por-chuva-recebem-repasse-federal\/","og_locale":"pt_BR","og_type":"article","og_title":"CIDADES BAIANAS ATINGIDAS POR CHUVA RECEBEM REPASSE FEDERAL - Bahia Economica","og_description":"O maior portal de Economia da Bahia DESTAQUE DO DIA, ECONOMIA \/ POL\u00cdTICA Bahia Economica","og_url":"https:\/\/bahiaeconomica.com.br\/wp\/2022\/03\/21\/cidades-baianas-atingidas-por-chuva-recebem-repasse-federal\/","og_site_name":"Bahia Economica","article_publisher":"https:\/\/www.facebook.com\/bahiaeconomica","article_published_time":"2022-03-21T20:15:41+00:00","article_modified_time":"2022-03-21T19:59:41+00:00","og_image":[{"width":600,"height":420,"url":"https:\/\/bahiaeconomica.com.br\/wp\/wp-content\/uploads\/2022\/02\/Chuva_Ilheus.png","type":"image\/png"}],"author":"admin","twitter_card":"summary_large_image","twitter_misc":{"Escrito por":"admin","Est. tempo de leitura":"2 minutos"},"schema":{"@context":"https:\/\/schema.org","@graph":[{"@type":"Article","@id":"https:\/\/bahiaeconomica.com.br\/wp\/2022\/03\/21\/cidades-baianas-atingidas-por-chuva-recebem-repasse-federal\/#article","isPartOf":{"@id":"https:\/\/bahiaeconomica.com.br\/wp\/2022\/03\/21\/cidades-baianas-atingidas-por-chuva-recebem-repasse-federal\/"},"author":{"name":"admin","@id":"https:\/\/bahiaeconomica.com.br\/wp\/#\/schema\/person\/cb1ab5ba96ad3d9390805381c76284ec"},"headline":"CIDADES BAIANAS ATINGIDAS POR CHUVA RECEBEM REPASSE FEDERAL","datePublished":"2022-03-21T20:15:41+00:00","dateModified":"2022-03-21T19:59:41+00:00","mainEntityOfPage":{"@id":"https:\/\/bahiaeconomica.com.br\/wp\/2022\/03\/21\/cidades-baianas-atingidas-por-chuva-recebem-repasse-federal\/"},"wordCount":472,"publisher":{"@id":"https:\/\/bahiaeconomica.com.br\/wp\/#organization"},"articleSection":["DESTAQUE DO DIA","ECONOMIA \/ POL\u00cdTICA"],"inLanguage":"pt-BR"},{"@type":"WebPage","@id":"https:\/\/bahiaeconomica.com.br\/wp\/2022\/03\/21\/cidades-baianas-atingidas-por-chuva-recebem-repasse-federal\/","url":"https:\/\/bahiaeconomica.com.br\/wp\/2022\/03\/21\/cidades-baianas-atingidas-por-chuva-recebem-repasse-federal\/","name":"CIDADES BAIANAS ATINGIDAS POR CHUVA RECEBEM REPASSE FEDERAL - Bahia Economica","isPartOf":{"@id":"https:\/\/bahiaeconomica.com.br\/wp\/#website"},"datePublished":"2022-03-21T20:15:41+00:00","dateModified":"2022-03-21T19:59:41+00:00","description":"O maior portal de Economia da Bahia DESTAQUE DO DIA, ECONOMIA \/ POL\u00cdTICA Bahia Economica","breadcrumb":{"@id":"https:\/\/bahiaeconomica.com.br\/wp\/2022\/03\/21\/cidades-baianas-atingidas-por-chuva-recebem-repasse-federal\/#breadcrumb"},"inLanguage":"pt-BR","potentialAction":[{"@type":"ReadAction","target":["https:\/\/bahiaeconomica.com.br\/wp\/2022\/03\/21\/cidades-baianas-atingidas-por-chuva-recebem-repasse-federal\/"]}]},{"@type":"BreadcrumbList","@id":"https:\/\/bahiaeconomica.com.br\/wp\/2022\/03\/21\/cidades-baianas-atingidas-por-chuva-recebem-repasse-federal\/#breadcrumb","itemListElement":[{"@type":"ListItem","position":1,"name":"In\u00edcio","item":"https:\/\/bahiaeconomica.com.br\/wp\/"},{"@type":"ListItem","position":2,"name":"CIDADES BAIANAS ATINGIDAS POR CHUVA RECEBEM REPASSE FEDERAL"}]},{"@type":"WebSite","@id":"https:\/\/bahiaeconomica.com.br\/wp\/#website","url":"https:\/\/bahiaeconomica.com.br\/wp\/","name":"Bahia Economica","description":"O maior portal de Economia da Bahia","publisher":{"@id":"https:\/\/bahiaeconomica.com.br\/wp\/#organization"},"potentialAction":[{"@type":"SearchAction","target":{"@type":"EntryPoint","urlTemplate":"https:\/\/bahiaeconomica.com.br\/wp\/?s={search_term_string}"},"query-input":"required name=search_term_string"}],"inLanguage":"pt-BR"},{"@type":"Organization","@id":"https:\/\/bahiaeconomica.com.br\/wp\/#organization","name":"Bahia Econ\u00f4mica","url":"https:\/\/bahiaeconomica.com.br\/wp\/","logo":{"@type":"ImageObject","inLanguage":"pt-BR","@id":"https:\/\/bahiaeconomica.com.br\/wp\/#\/schema\/logo\/image\/","url":"https:\/\/bahiaeconomica.com.br\/wp\/wp-content\/uploads\/2020\/12\/cropped-BE.png","contentUrl":"https:\/\/bahiaeconomica.com.br\/wp\/wp-content\/uploads\/2020\/12\/cropped-BE.png","width":512,"height":512,"caption":"Bahia Econ\u00f4mica"},"image":{"@id":"https:\/\/bahiaeconomica.com.br\/wp\/#\/schema\/logo\/image\/"},"sameAs":["https:\/\/www.facebook.com\/bahiaeconomica"]},{"@type":"Person","@id":"https:\/\/bahiaeconomica.com.br\/wp\/#\/schema\/person\/cb1ab5ba96ad3d9390805381c76284ec","name":"admin","url":"https:\/\/bahiaeconomica.com.br\/wp\/author\/admin\/"}]}},"views":2,"_links":{"self":[{"href":"https:\/\/bahiaeconomica.com.br\/wp\/wp-json\/wp\/v2\/posts\/650591"}],"collection":[{"href":"https:\/\/bahiaeconomica.com.br\/wp\/wp-json\/wp\/v2\/posts"}],"about":[{"href":"https:\/\/bahiaeconomica.com.br\/wp\/wp-json\/wp\/v2\/types\/post"}],"author":[{"embeddable":true,"href":"https:\/\/bahiaeconomica.com.br\/wp\/wp-json\/wp\/v2\/users\/1"}],"replies":[{"embeddable":true,"href":"https:\/\/bahiaeconomica.com.br\/wp\/wp-json\/wp\/v2\/comments?post=650591"}],"version-history":[{"count":1,"href":"https:\/\/bahiaeconomica.com.br\/wp\/wp-json\/wp\/v2\/posts\/650591\/revisions"}],"predecessor-version":[{"id":650594,"href":"https:\/\/bahiaeconomica.com.br\/wp\/wp-json\/wp\/v2\/posts\/650591\/revisions\/650594"}],"wp:featuredmedia":[{"embeddable":true,"href":"https:\/\/bahiaeconomica.com.br\/wp\/wp-json\/wp\/v2\/media\/637859"}],"wp:attachment":[{"href":"https:\/\/bahiaeconomica.com.br\/wp\/wp-json\/wp\/v2\/media?parent=650591"}],"wp:term":[{"taxonomy":"category","embeddable":true,"href":"https:\/\/bahiaeconomica.com.br\/wp\/wp-json\/wp\/v2\/categories?post=650591"},{"taxonomy":"post_tag","embeddable":true,"href":"https:\/\/bahiaeconomica.com.br\/wp\/wp-json\/wp\/v2\/tags?post=650591"}],"curies":[{"name":"wp","href":"https:\/\/api.w.org\/{rel}","templated":true}]}}