{"id":650073,"date":"2022-03-18T15:45:17","date_gmt":"2022-03-18T18:45:17","guid":{"rendered":"https:\/\/bahiaeconomica.com.br\/wp\/beta\/?p=650073"},"modified":"2022-03-18T15:45:17","modified_gmt":"2022-03-18T18:45:17","slug":"governo-inicia-obras-em-predio-da-juceb-na-proxima-semana","status":"publish","type":"post","link":"https:\/\/bahiaeconomica.com.br\/wp\/2022\/03\/18\/governo-inicia-obras-em-predio-da-juceb-na-proxima-semana\/","title":{"rendered":"GOVERNO INICIA OBRAS EM PR\u00c9DIO DA JUCEB NA PR\u00d3XIMA SEMANA"},"content":{"rendered":"<p>Nesta sexta-feira, 18, o diretor geral do Instituto do Patrim\u00f4nio Art\u00edstico e Cultural da Bahia (Ipac), Jo\u00e3o Carlos de Oliveira, e a presidente da<!--more--> Junta Comercial do Estado da Bahia (Juceb), Paula Miranda, assinaram a ordem de servi\u00e7o para in\u00edcio da execu\u00e7\u00e3o das obras de revitaliza\u00e7\u00e3o do pr\u00e9dio da Junta, na pr\u00f3xima semana.<\/p>\n<p>Com investimento de aproximadamente R$ 6 milh\u00f5es, o objetivo \u00e9 permitir a retomada do uso do im\u00f3vel pela Juceb, de modo a atender \u00e0s demandas necess\u00e1rias ao seu funcionamento, al\u00e9m de restaurar um patrim\u00f4nio exemplar da arquitetura ecl\u00e9tica.<\/p>\n<p>O pr\u00e9dio da Juceb, localizado no bairro do Com\u00e9rcio, encontra-se inserido na poligonal de tombamento pelo Iphan do Conjunto Urbano e Arquitet\u00f4nico da Cidade Baixa de Salvador, e trata-se de um dos mais significativos exemplares da arquitetura ecl\u00e9tica, dono de uma s\u00e9rie de elementos decorativos, como uma c\u00fapula de consider\u00e1vel valor art\u00edstico em uma de suas extremidades.<\/p>\n<p>&nbsp;<\/p>\n<p>Foto: Divulga\u00e7\u00e3o<\/p>\n","protected":false},"excerpt":{"rendered":"<p>Nesta sexta-feira, 18, o diretor geral do Instituto do Patrim\u00f4nio Art\u00edstico e Cultural da Bahia (Ipac), Jo\u00e3o Carlos de Oliveira, e a presidente da<\/p>\n","protected":false},"author":1,"featured_media":650079,"comment_status":"closed","ping_status":"closed","sticky":false,"template":"","format":"standard","meta":[],"categories":[7,3],"tags":[4332,144,4584,4585,846,4586,4588,4587,2960],"acf":[],"yoast_head":"<!-- This site is optimized with the Yoast SEO plugin v20.8 - https:\/\/yoast.com\/wordpress\/plugins\/seo\/ -->\n<title>GOVERNO INICIA OBRAS EM PR\u00c9DIO DA JUCEB NA PR\u00d3XIMA SEMANA - Bahia Economica<\/title>\n<meta name=\"description\" content=\"O maior portal de Economia da Bahia BAHIA INVEST, ECONOMIA \/ POL\u00cdTICA Bahia Economica\" \/>\n<meta name=\"robots\" content=\"index, follow, max-snippet:-1, max-image-preview:large, max-video-preview:-1\" \/>\n<link rel=\"canonical\" href=\"https:\/\/bahiaeconomica.com.br\/wp\/2022\/03\/18\/governo-inicia-obras-em-predio-da-juceb-na-proxima-semana\/\" \/>\n<meta property=\"og:locale\" content=\"pt_BR\" \/>\n<meta property=\"og:type\" content=\"article\" \/>\n<meta property=\"og:title\" content=\"GOVERNO INICIA OBRAS EM PR\u00c9DIO DA JUCEB NA PR\u00d3XIMA SEMANA - Bahia Economica\" \/>\n<meta property=\"og:description\" content=\"O maior portal de Economia da Bahia BAHIA INVEST, ECONOMIA \/ POL\u00cdTICA Bahia Economica\" \/>\n<meta property=\"og:url\" content=\"https:\/\/bahiaeconomica.com.br\/wp\/2022\/03\/18\/governo-inicia-obras-em-predio-da-juceb-na-proxima-semana\/\" \/>\n<meta property=\"og:site_name\" content=\"Bahia Economica\" \/>\n<meta property=\"article:publisher\" content=\"https:\/\/www.facebook.com\/bahiaeconomica\" \/>\n<meta property=\"article:published_time\" content=\"2022-03-18T18:45:17+00:00\" \/>\n<meta property=\"og:image\" content=\"https:\/\/bahiaeconomica.com.br\/wp\/wp-content\/uploads\/2022\/03\/JUCEB.jpg\" \/>\n\t<meta property=\"og:image:width\" content=\"500\" \/>\n\t<meta property=\"og:image:height\" content=\"300\" \/>\n\t<meta property=\"og:image:type\" content=\"image\/jpeg\" \/>\n<meta name=\"author\" content=\"admin\" \/>\n<meta name=\"twitter:card\" content=\"summary_large_image\" \/>\n<meta name=\"twitter:label1\" content=\"Escrito por\" \/>\n\t<meta name=\"twitter:data1\" content=\"admin\" \/>\n\t<meta name=\"twitter:label2\" content=\"Est. tempo de leitura\" \/>\n\t<meta name=\"twitter:data2\" content=\"1 minuto\" \/>\n<script type=\"application\/ld+json\" class=\"yoast-schema-graph\">{\"@context\":\"https:\/\/schema.org\",\"@graph\":[{\"@type\":\"Article\",\"@id\":\"https:\/\/bahiaeconomica.com.br\/wp\/2022\/03\/18\/governo-inicia-obras-em-predio-da-juceb-na-proxima-semana\/#article\",\"isPartOf\":{\"@id\":\"https:\/\/bahiaeconomica.com.br\/wp\/2022\/03\/18\/governo-inicia-obras-em-predio-da-juceb-na-proxima-semana\/\"},\"author\":{\"name\":\"admin\",\"@id\":\"https:\/\/bahiaeconomica.com.br\/wp\/#\/schema\/person\/cb1ab5ba96ad3d9390805381c76284ec\"},\"headline\":\"GOVERNO INICIA OBRAS EM PR\u00c9DIO DA JUCEB NA PR\u00d3XIMA SEMANA\",\"datePublished\":\"2022-03-18T18:45:17+00:00\",\"dateModified\":\"2022-03-18T18:45:17+00:00\",\"mainEntityOfPage\":{\"@id\":\"https:\/\/bahiaeconomica.com.br\/wp\/2022\/03\/18\/governo-inicia-obras-em-predio-da-juceb-na-proxima-semana\/\"},\"wordCount\":184,\"publisher\":{\"@id\":\"https:\/\/bahiaeconomica.com.br\/wp\/#organization\"},\"keywords\":[\"assinaram\",\"com\u00e9rcio\",\"Ipac\",\"Juceb\",\"obras\",\"ordem\",\"pr\u00e9dio\",\"revitaliza\u00e7\u00e3o\",\"SERVI\u00c7O\"],\"articleSection\":[\"BAHIA INVEST\",\"ECONOMIA \/ POL\u00cdTICA\"],\"inLanguage\":\"pt-BR\"},{\"@type\":\"WebPage\",\"@id\":\"https:\/\/bahiaeconomica.com.br\/wp\/2022\/03\/18\/governo-inicia-obras-em-predio-da-juceb-na-proxima-semana\/\",\"url\":\"https:\/\/bahiaeconomica.com.br\/wp\/2022\/03\/18\/governo-inicia-obras-em-predio-da-juceb-na-proxima-semana\/\",\"name\":\"GOVERNO INICIA OBRAS EM PR\u00c9DIO DA JUCEB NA PR\u00d3XIMA SEMANA - Bahia Economica\",\"isPartOf\":{\"@id\":\"https:\/\/bahiaeconomica.com.br\/wp\/#website\"},\"datePublished\":\"2022-03-18T18:45:17+00:00\",\"dateModified\":\"2022-03-18T18:45:17+00:00\",\"description\":\"O maior portal de Economia da Bahia BAHIA INVEST, ECONOMIA \/ POL\u00cdTICA Bahia Economica\",\"breadcrumb\":{\"@id\":\"https:\/\/bahiaeconomica.com.br\/wp\/2022\/03\/18\/governo-inicia-obras-em-predio-da-juceb-na-proxima-semana\/#breadcrumb\"},\"inLanguage\":\"pt-BR\",\"potentialAction\":[{\"@type\":\"ReadAction\",\"target\":[\"https:\/\/bahiaeconomica.com.br\/wp\/2022\/03\/18\/governo-inicia-obras-em-predio-da-juceb-na-proxima-semana\/\"]}]},{\"@type\":\"BreadcrumbList\",\"@id\":\"https:\/\/bahiaeconomica.com.br\/wp\/2022\/03\/18\/governo-inicia-obras-em-predio-da-juceb-na-proxima-semana\/#breadcrumb\",\"itemListElement\":[{\"@type\":\"ListItem\",\"position\":1,\"name\":\"In\u00edcio\",\"item\":\"https:\/\/bahiaeconomica.com.br\/wp\/\"},{\"@type\":\"ListItem\",\"position\":2,\"name\":\"GOVERNO INICIA OBRAS EM PR\u00c9DIO DA JUCEB NA PR\u00d3XIMA SEMANA\"}]},{\"@type\":\"WebSite\",\"@id\":\"https:\/\/bahiaeconomica.com.br\/wp\/#website\",\"url\":\"https:\/\/bahiaeconomica.com.br\/wp\/\",\"name\":\"Bahia Economica\",\"description\":\"O maior portal de Economia da Bahia\",\"publisher\":{\"@id\":\"https:\/\/bahiaeconomica.com.br\/wp\/#organization\"},\"potentialAction\":[{\"@type\":\"SearchAction\",\"target\":{\"@type\":\"EntryPoint\",\"urlTemplate\":\"https:\/\/bahiaeconomica.com.br\/wp\/?s={search_term_string}\"},\"query-input\":\"required name=search_term_string\"}],\"inLanguage\":\"pt-BR\"},{\"@type\":\"Organization\",\"@id\":\"https:\/\/bahiaeconomica.com.br\/wp\/#organization\",\"name\":\"Bahia Econ\u00f4mica\",\"url\":\"https:\/\/bahiaeconomica.com.br\/wp\/\",\"logo\":{\"@type\":\"ImageObject\",\"inLanguage\":\"pt-BR\",\"@id\":\"https:\/\/bahiaeconomica.com.br\/wp\/#\/schema\/logo\/image\/\",\"url\":\"https:\/\/bahiaeconomica.com.br\/wp\/wp-content\/uploads\/2020\/12\/cropped-BE.png\",\"contentUrl\":\"https:\/\/bahiaeconomica.com.br\/wp\/wp-content\/uploads\/2020\/12\/cropped-BE.png\",\"width\":512,\"height\":512,\"caption\":\"Bahia Econ\u00f4mica\"},\"image\":{\"@id\":\"https:\/\/bahiaeconomica.com.br\/wp\/#\/schema\/logo\/image\/\"},\"sameAs\":[\"https:\/\/www.facebook.com\/bahiaeconomica\"]},{\"@type\":\"Person\",\"@id\":\"https:\/\/bahiaeconomica.com.br\/wp\/#\/schema\/person\/cb1ab5ba96ad3d9390805381c76284ec\",\"name\":\"admin\",\"url\":\"https:\/\/bahiaeconomica.com.br\/wp\/author\/admin\/\"}]}<\/script>\n<!-- \/ Yoast SEO plugin. -->","yoast_head_json":{"title":"GOVERNO INICIA OBRAS EM PR\u00c9DIO DA JUCEB NA PR\u00d3XIMA SEMANA - Bahia Economica","description":"O maior portal de Economia da Bahia BAHIA INVEST, ECONOMIA \/ POL\u00cdTICA Bahia Economica","robots":{"index":"index","follow":"follow","max-snippet":"max-snippet:-1","max-image-preview":"max-image-preview:large","max-video-preview":"max-video-preview:-1"},"canonical":"https:\/\/bahiaeconomica.com.br\/wp\/2022\/03\/18\/governo-inicia-obras-em-predio-da-juceb-na-proxima-semana\/","og_locale":"pt_BR","og_type":"article","og_title":"GOVERNO INICIA OBRAS EM PR\u00c9DIO DA JUCEB NA PR\u00d3XIMA SEMANA - Bahia Economica","og_description":"O maior portal de Economia da Bahia BAHIA INVEST, ECONOMIA \/ POL\u00cdTICA Bahia Economica","og_url":"https:\/\/bahiaeconomica.com.br\/wp\/2022\/03\/18\/governo-inicia-obras-em-predio-da-juceb-na-proxima-semana\/","og_site_name":"Bahia Economica","article_publisher":"https:\/\/www.facebook.com\/bahiaeconomica","article_published_time":"2022-03-18T18:45:17+00:00","og_image":[{"width":500,"height":300,"url":"https:\/\/bahiaeconomica.com.br\/wp\/wp-content\/uploads\/2022\/03\/JUCEB.jpg","type":"image\/jpeg"}],"author":"admin","twitter_card":"summary_large_image","twitter_misc":{"Escrito por":"admin","Est. tempo de leitura":"1 minuto"},"schema":{"@context":"https:\/\/schema.org","@graph":[{"@type":"Article","@id":"https:\/\/bahiaeconomica.com.br\/wp\/2022\/03\/18\/governo-inicia-obras-em-predio-da-juceb-na-proxima-semana\/#article","isPartOf":{"@id":"https:\/\/bahiaeconomica.com.br\/wp\/2022\/03\/18\/governo-inicia-obras-em-predio-da-juceb-na-proxima-semana\/"},"author":{"name":"admin","@id":"https:\/\/bahiaeconomica.com.br\/wp\/#\/schema\/person\/cb1ab5ba96ad3d9390805381c76284ec"},"headline":"GOVERNO INICIA OBRAS EM PR\u00c9DIO DA JUCEB NA PR\u00d3XIMA SEMANA","datePublished":"2022-03-18T18:45:17+00:00","dateModified":"2022-03-18T18:45:17+00:00","mainEntityOfPage":{"@id":"https:\/\/bahiaeconomica.com.br\/wp\/2022\/03\/18\/governo-inicia-obras-em-predio-da-juceb-na-proxima-semana\/"},"wordCount":184,"publisher":{"@id":"https:\/\/bahiaeconomica.com.br\/wp\/#organization"},"keywords":["assinaram","com\u00e9rcio","Ipac","Juceb","obras","ordem","pr\u00e9dio","revitaliza\u00e7\u00e3o","SERVI\u00c7O"],"articleSection":["BAHIA INVEST","ECONOMIA \/ POL\u00cdTICA"],"inLanguage":"pt-BR"},{"@type":"WebPage","@id":"https:\/\/bahiaeconomica.com.br\/wp\/2022\/03\/18\/governo-inicia-obras-em-predio-da-juceb-na-proxima-semana\/","url":"https:\/\/bahiaeconomica.com.br\/wp\/2022\/03\/18\/governo-inicia-obras-em-predio-da-juceb-na-proxima-semana\/","name":"GOVERNO INICIA OBRAS EM PR\u00c9DIO DA JUCEB NA PR\u00d3XIMA SEMANA - Bahia Economica","isPartOf":{"@id":"https:\/\/bahiaeconomica.com.br\/wp\/#website"},"datePublished":"2022-03-18T18:45:17+00:00","dateModified":"2022-03-18T18:45:17+00:00","description":"O maior portal de Economia da Bahia BAHIA INVEST, ECONOMIA \/ POL\u00cdTICA Bahia Economica","breadcrumb":{"@id":"https:\/\/bahiaeconomica.com.br\/wp\/2022\/03\/18\/governo-inicia-obras-em-predio-da-juceb-na-proxima-semana\/#breadcrumb"},"inLanguage":"pt-BR","potentialAction":[{"@type":"ReadAction","target":["https:\/\/bahiaeconomica.com.br\/wp\/2022\/03\/18\/governo-inicia-obras-em-predio-da-juceb-na-proxima-semana\/"]}]},{"@type":"BreadcrumbList","@id":"https:\/\/bahiaeconomica.com.br\/wp\/2022\/03\/18\/governo-inicia-obras-em-predio-da-juceb-na-proxima-semana\/#breadcrumb","itemListElement":[{"@type":"ListItem","position":1,"name":"In\u00edcio","item":"https:\/\/bahiaeconomica.com.br\/wp\/"},{"@type":"ListItem","position":2,"name":"GOVERNO INICIA OBRAS EM PR\u00c9DIO DA JUCEB NA PR\u00d3XIMA SEMANA"}]},{"@type":"WebSite","@id":"https:\/\/bahiaeconomica.com.br\/wp\/#website","url":"https:\/\/bahiaeconomica.com.br\/wp\/","name":"Bahia Economica","description":"O maior portal de Economia da Bahia","publisher":{"@id":"https:\/\/bahiaeconomica.com.br\/wp\/#organization"},"potentialAction":[{"@type":"SearchAction","target":{"@type":"EntryPoint","urlTemplate":"https:\/\/bahiaeconomica.com.br\/wp\/?s={search_term_string}"},"query-input":"required name=search_term_string"}],"inLanguage":"pt-BR"},{"@type":"Organization","@id":"https:\/\/bahiaeconomica.com.br\/wp\/#organization","name":"Bahia Econ\u00f4mica","url":"https:\/\/bahiaeconomica.com.br\/wp\/","logo":{"@type":"ImageObject","inLanguage":"pt-BR","@id":"https:\/\/bahiaeconomica.com.br\/wp\/#\/schema\/logo\/image\/","url":"https:\/\/bahiaeconomica.com.br\/wp\/wp-content\/uploads\/2020\/12\/cropped-BE.png","contentUrl":"https:\/\/bahiaeconomica.com.br\/wp\/wp-content\/uploads\/2020\/12\/cropped-BE.png","width":512,"height":512,"caption":"Bahia Econ\u00f4mica"},"image":{"@id":"https:\/\/bahiaeconomica.com.br\/wp\/#\/schema\/logo\/image\/"},"sameAs":["https:\/\/www.facebook.com\/bahiaeconomica"]},{"@type":"Person","@id":"https:\/\/bahiaeconomica.com.br\/wp\/#\/schema\/person\/cb1ab5ba96ad3d9390805381c76284ec","name":"admin","url":"https:\/\/bahiaeconomica.com.br\/wp\/author\/admin\/"}]}},"views":136,"_links":{"self":[{"href":"https:\/\/bahiaeconomica.com.br\/wp\/wp-json\/wp\/v2\/posts\/650073"}],"collection":[{"href":"https:\/\/bahiaeconomica.com.br\/wp\/wp-json\/wp\/v2\/posts"}],"about":[{"href":"https:\/\/bahiaeconomica.com.br\/wp\/wp-json\/wp\/v2\/types\/post"}],"author":[{"embeddable":true,"href":"https:\/\/bahiaeconomica.com.br\/wp\/wp-json\/wp\/v2\/users\/1"}],"replies":[{"embeddable":true,"href":"https:\/\/bahiaeconomica.com.br\/wp\/wp-json\/wp\/v2\/comments?post=650073"}],"version-history":[{"count":1,"href":"https:\/\/bahiaeconomica.com.br\/wp\/wp-json\/wp\/v2\/posts\/650073\/revisions"}],"predecessor-version":[{"id":650080,"href":"https:\/\/bahiaeconomica.com.br\/wp\/wp-json\/wp\/v2\/posts\/650073\/revisions\/650080"}],"wp:featuredmedia":[{"embeddable":true,"href":"https:\/\/bahiaeconomica.com.br\/wp\/wp-json\/wp\/v2\/media\/650079"}],"wp:attachment":[{"href":"https:\/\/bahiaeconomica.com.br\/wp\/wp-json\/wp\/v2\/media?parent=650073"}],"wp:term":[{"taxonomy":"category","embeddable":true,"href":"https:\/\/bahiaeconomica.com.br\/wp\/wp-json\/wp\/v2\/categories?post=650073"},{"taxonomy":"post_tag","embeddable":true,"href":"https:\/\/bahiaeconomica.com.br\/wp\/wp-json\/wp\/v2\/tags?post=650073"}],"curies":[{"name":"wp","href":"https:\/\/api.w.org\/{rel}","templated":true}]}}