{"id":648887,"date":"2022-03-16T06:57:23","date_gmt":"2022-03-16T09:57:23","guid":{"rendered":"https:\/\/bahiaeconomica.com.br\/wp\/beta\/?p=648887"},"modified":"2022-03-16T06:57:23","modified_gmt":"2022-03-16T09:57:23","slug":"bc-deve-elevar-juro-ao-maior-nivel-em-5-anos-preve-mercado","status":"publish","type":"post","link":"https:\/\/bahiaeconomica.com.br\/wp\/2022\/03\/16\/bc-deve-elevar-juro-ao-maior-nivel-em-5-anos-preve-mercado\/","title":{"rendered":"BC DEVE ELEVAR JURO AO MAIOR N\u00cdVEL EM 5 ANOS, PREV\u00ca MERCADO"},"content":{"rendered":"<p>Em meio \u00e0 guerra na Ucr\u00e2nia e \u00e0 disparada nos pre\u00e7os dos combust\u00edveis, o Comit\u00ea de Pol\u00edtica Monet\u00e1ria (Copom) do Banco Central do Brasil se reunir\u00e1 nesta quarta-feira (16) <!--more-->para definir a taxa b\u00e1sica de juros da economia. A decis\u00e3o ser\u00e1 anunciada ap\u00f3s as 18h. A expectativa da maior parte dos economistas do mercado financeiro \u00e9 que a Selic seja elevada dos atuais 10,75% para 11,75% ao ano, o maior patamar desde abril de 2017 \u2014 quando estava em 12,25% ao ano. Ou seja, em quase cinco anos.<\/p>\n<p>Entretanto, alguns analistas apostam que a taxa possa subir ainda mais nesta quarta-feira, ultrapassando o patamar de 12% ao ano. Se confirmado, esse ser\u00e1 o nono aumento seguido na taxa b\u00e1sica da economia. Ao mesmo tempo, tamb\u00e9m representar\u00e1 um ano do atual ciclo de alta dos juros. O processo de eleva\u00e7\u00e3o da taxa Selic teve in\u00edcio em mar\u00e7o do ano passado. O mercado financeiro espera novas altas na taxa Selic nos pr\u00f3ximos meses. A previs\u00e3o \u00e9 de que os juros b\u00e1sicos subam para 12,5% ao ano no come\u00e7o de maio e para 12,75% ao ano em meados de junho \u2014 patamar no qual terminaria 2022.<\/p>\n<p>Como a taxa Selic \u00e9 definida<\/p>\n<p>A taxa b\u00e1sica de juros \u00e9 o principal instrumento do Banco Central para conter o aumento de pre\u00e7os. Quando a infla\u00e7\u00e3o est\u00e1 alta, o BC eleva a Selic. Quando as estimativas para a infla\u00e7\u00e3o est\u00e3o em linha com as metas, o Banco Central reduz a Selic. Em 2022, a meta central de infla\u00e7\u00e3o \u00e9 de 3,5% e ser\u00e1 oficialmente cumprida se o \u00edndice oscilar de 2% a 5%. O mercado financeiro, por\u00e9m, j\u00e1 prev\u00ea a infla\u00e7\u00e3o acima dos 6% em todo este ano<\/p>\n<p>As decis\u00f5es sobre a taxa de juros demoram de seis a 18 meses para terem impacto pleno na economia. Com a meta de infla\u00e7\u00e3o de 2022 praticamente estourada, o BC come\u00e7a a calibrar a taxa de juros cada vez mais mirando o ano de 2023. Para o pr\u00f3ximo ano, o mercado financeiro estima uma infla\u00e7\u00e3o de 3,70%. Para 2023, a meta de infla\u00e7\u00e3o foi fixada 3,25%, e ser\u00e1 considerada formalmente cumprida se oscilar entre 1,75% e 4,75%.<\/p>\n<p>O que dizem analistas<\/p>\n<p>De acordo com relat\u00f3rio assinado por Mario Mesquita, economista-chefe do Ita\u00fa, o impacto direto da guerra entre R\u00fassia e Ucr\u00e2nia sobre a economia brasileira tende a ser restrito, considerando as rela\u00e7\u00f5es comerciais limitadas entre o Brasil e os dois pa\u00edses. Entretanto, Mesquita avaliou tamb\u00e9m que os principais efeitos ser\u00e3o indiretos, via aumento dos pre\u00e7os internacionais de &#8220;commodities&#8221; (bens b\u00e1sicos, como petr\u00f3leo e alimentos), bem como impactos sobre o PIB global, com desacelera\u00e7\u00e3o.<\/p>\n<p>Al\u00e9m do petr\u00f3leo, segundo o economista, a guerra tamb\u00e9m deve gerar eleva\u00e7\u00e3o do trigo, do milho, e dos minerais metais, entre outros. &#8220;Os pre\u00e7os mais altos das &#8216;commodities&#8217; pressionar\u00e3o a infla\u00e7\u00e3o adiante&#8221;, explicou. Caio Megale, economista-chefe XP, observou que, al\u00e9m da alta das &#8220;commodities&#8221;, os dados de infla\u00e7\u00e3o mais recentes &#8220;continuam rodando em n\u00edveis bastante elevados&#8221;. Al\u00e9m disso, segundo ele, os n\u00fameros da atividade econ\u00f4mica sugerem uma demanda por produtos e servi\u00e7os um pouco melhor do que o esperado anteriormente. Por outro lado, o analista notou que o d\u00f3lar tem recuado, diminuindo press\u00f5es inflacion\u00e1rias, e que os reservat\u00f3rios de \u00e1gua continuam em bons n\u00edveis, confirmando que os pre\u00e7os da energia el\u00e9trica devem cair ao longo do ano.<\/p>\n<p>&#8220;Tudo considerado, os membros do Copom provavelmente est\u00e3o agora mais preocupados com as perspectivas de infla\u00e7\u00e3o do que estavam em sua \u00faltima reuni\u00e3o&#8221;, concluiu Megale, em comunicado. Andr\u00e9 Perfeito, economista-chefe da Necton, avaliou que a forte alta na previs\u00e3o do mercado para a infla\u00e7\u00e3o deste ano, para 6,45%, divulgada nesta segunda-feira (14), \u00e9 resultado da eleva\u00e7\u00e3o dos pre\u00e7os de combust\u00edveis.<\/p>\n<p>Por\u00e9m, acrescentou que tamb\u00e9m &#8220;h\u00e1 desconforto sobre a trajet\u00f3ria fiscal [gastos p\u00fablicos] que segue incerta na medida que n\u00e3o se sabe exatamente o que o governo ir\u00e1 fazer para mitigar as altas nos combust\u00edveis&#8221;. Apesar da press\u00e3o de caminhoneiros, o ministro da Economia, Paulo Guedes, afirmou na semana passada que o governo pode estudar a cria\u00e7\u00e3o de um subs\u00eddio ao diesel somente se a guerra entre R\u00fassia e Ucr\u00e2nia se prolongar.<\/p>\n<p>Consequ\u00eancias da alta dos juros<\/p>\n<p>De acordo com economistas, o aumento do juro b\u00e1sico da economia, para conter a infla\u00e7\u00e3o, tem v\u00e1rios reflexos na economia. Entre eles, est\u00e3o:<\/p>\n<ul>\n<li>Aumento das taxas banc\u00e1rias, e a tend\u00eancia \u00e9 que novos aumentos tamb\u00e9m sejam repassados aos clientes. No ano passado, a eleva\u00e7\u00e3o do juro banc\u00e1rio foi o maior em seis anos.<\/li>\n<li>Influencia negativa no consumo da popula\u00e7\u00e3o e nos investimentos produtivos, impactando negativamente o Produto Interno Bruto (PIB), o emprego e a renda. Na semana passada, analistas projetaram uma expans\u00e3o de 0,49% para este ano, contra um crescimento de 4,6% em 2021.<\/li>\n<li>Gera uma despesa adicional com juros da d\u00edvida p\u00fablica. No ano passado, com a eleva\u00e7\u00e3o da Selic e da infla\u00e7\u00e3o, os gastos com juros foram os maiores em seis anos. E a expectativa de economistas \u00e9 de que essa despesa deve bater recorde em 2022.<\/li>\n<li>Aplica\u00e7\u00f5es em renda fixa, como no Tesouro Direto e em deb\u00eantures, passam a render mais. Leandro Vasconcellos, CFP\u00ae\ufe0f, Head da mesa de aloca\u00e7\u00e3o Alta Renda e s\u00f3cio da BRA, avaliou que, em momentos como esse, vale apostar em t\u00edtulos atrelados \u00e0 infla\u00e7\u00e3o e t\u00edtulos p\u00f3s-fixados (indexados \u00e0 Selic).<\/li>\n<\/ul>\n<p>Foto: divulga\u00e7\u00e3o<\/p>\n","protected":false},"excerpt":{"rendered":"<p>Em meio \u00e0 guerra na Ucr\u00e2nia e \u00e0 disparada nos pre\u00e7os dos combust\u00edveis, o Comit\u00ea de Pol\u00edtica Monet\u00e1ria (Copom) do Banco Central do Brasil se reunir\u00e1 nesta quarta-feira (16)<\/p>\n","protected":false},"author":1,"featured_media":593057,"comment_status":"closed","ping_status":"closed","sticky":false,"template":"","format":"standard","meta":[],"categories":[14,3],"tags":[137],"acf":[],"yoast_head":"<!-- This site is optimized with the Yoast SEO plugin v20.8 - https:\/\/yoast.com\/wordpress\/plugins\/seo\/ -->\n<title>BC DEVE ELEVAR JURO AO MAIOR N\u00cdVEL EM 5 ANOS, PREV\u00ca MERCADO - Bahia Economica<\/title>\n<meta name=\"description\" content=\"O maior portal de Economia da Bahia DESTAQUE DO DIA, ECONOMIA \/ POL\u00cdTICA Bahia Economica\" \/>\n<meta name=\"robots\" content=\"index, follow, max-snippet:-1, max-image-preview:large, max-video-preview:-1\" \/>\n<link rel=\"canonical\" href=\"https:\/\/bahiaeconomica.com.br\/wp\/2022\/03\/16\/bc-deve-elevar-juro-ao-maior-nivel-em-5-anos-preve-mercado\/\" \/>\n<meta property=\"og:locale\" content=\"pt_BR\" \/>\n<meta property=\"og:type\" content=\"article\" \/>\n<meta property=\"og:title\" content=\"BC DEVE ELEVAR JURO AO MAIOR N\u00cdVEL EM 5 ANOS, PREV\u00ca MERCADO - Bahia Economica\" \/>\n<meta property=\"og:description\" content=\"O maior portal de Economia da Bahia DESTAQUE DO DIA, ECONOMIA \/ POL\u00cdTICA Bahia Economica\" \/>\n<meta property=\"og:url\" content=\"https:\/\/bahiaeconomica.com.br\/wp\/2022\/03\/16\/bc-deve-elevar-juro-ao-maior-nivel-em-5-anos-preve-mercado\/\" \/>\n<meta property=\"og:site_name\" content=\"Bahia Economica\" \/>\n<meta property=\"article:publisher\" content=\"https:\/\/www.facebook.com\/bahiaeconomica\" \/>\n<meta property=\"article:published_time\" content=\"2022-03-16T09:57:23+00:00\" \/>\n<meta property=\"og:image\" content=\"https:\/\/bahiaeconomica.com.br\/wp\/wp-content\/uploads\/2021\/08\/banco_central_economia_-Foto-Marcello-Casal-Jr.-Agencia-Brasil-.jpg\" \/>\n\t<meta property=\"og:image:width\" content=\"500\" \/>\n\t<meta property=\"og:image:height\" content=\"300\" \/>\n\t<meta property=\"og:image:type\" content=\"image\/jpeg\" \/>\n<meta name=\"author\" content=\"admin\" \/>\n<meta name=\"twitter:card\" content=\"summary_large_image\" \/>\n<meta name=\"twitter:label1\" content=\"Escrito por\" \/>\n\t<meta name=\"twitter:data1\" content=\"admin\" \/>\n\t<meta name=\"twitter:label2\" content=\"Est. tempo de leitura\" \/>\n\t<meta name=\"twitter:data2\" content=\"5 minutos\" \/>\n<script type=\"application\/ld+json\" class=\"yoast-schema-graph\">{\"@context\":\"https:\/\/schema.org\",\"@graph\":[{\"@type\":\"Article\",\"@id\":\"https:\/\/bahiaeconomica.com.br\/wp\/2022\/03\/16\/bc-deve-elevar-juro-ao-maior-nivel-em-5-anos-preve-mercado\/#article\",\"isPartOf\":{\"@id\":\"https:\/\/bahiaeconomica.com.br\/wp\/2022\/03\/16\/bc-deve-elevar-juro-ao-maior-nivel-em-5-anos-preve-mercado\/\"},\"author\":{\"name\":\"admin\",\"@id\":\"https:\/\/bahiaeconomica.com.br\/wp\/#\/schema\/person\/cb1ab5ba96ad3d9390805381c76284ec\"},\"headline\":\"BC DEVE ELEVAR JURO AO MAIOR N\u00cdVEL EM 5 ANOS, PREV\u00ca MERCADO\",\"datePublished\":\"2022-03-16T09:57:23+00:00\",\"dateModified\":\"2022-03-16T09:57:23+00:00\",\"mainEntityOfPage\":{\"@id\":\"https:\/\/bahiaeconomica.com.br\/wp\/2022\/03\/16\/bc-deve-elevar-juro-ao-maior-nivel-em-5-anos-preve-mercado\/\"},\"wordCount\":954,\"publisher\":{\"@id\":\"https:\/\/bahiaeconomica.com.br\/wp\/#organization\"},\"keywords\":[\"Banco Central\"],\"articleSection\":[\"DESTAQUE DO DIA\",\"ECONOMIA \/ POL\u00cdTICA\"],\"inLanguage\":\"pt-BR\"},{\"@type\":\"WebPage\",\"@id\":\"https:\/\/bahiaeconomica.com.br\/wp\/2022\/03\/16\/bc-deve-elevar-juro-ao-maior-nivel-em-5-anos-preve-mercado\/\",\"url\":\"https:\/\/bahiaeconomica.com.br\/wp\/2022\/03\/16\/bc-deve-elevar-juro-ao-maior-nivel-em-5-anos-preve-mercado\/\",\"name\":\"BC DEVE ELEVAR JURO AO MAIOR N\u00cdVEL EM 5 ANOS, PREV\u00ca MERCADO - Bahia Economica\",\"isPartOf\":{\"@id\":\"https:\/\/bahiaeconomica.com.br\/wp\/#website\"},\"datePublished\":\"2022-03-16T09:57:23+00:00\",\"dateModified\":\"2022-03-16T09:57:23+00:00\",\"description\":\"O maior portal de Economia da Bahia DESTAQUE DO DIA, ECONOMIA \/ POL\u00cdTICA Bahia Economica\",\"breadcrumb\":{\"@id\":\"https:\/\/bahiaeconomica.com.br\/wp\/2022\/03\/16\/bc-deve-elevar-juro-ao-maior-nivel-em-5-anos-preve-mercado\/#breadcrumb\"},\"inLanguage\":\"pt-BR\",\"potentialAction\":[{\"@type\":\"ReadAction\",\"target\":[\"https:\/\/bahiaeconomica.com.br\/wp\/2022\/03\/16\/bc-deve-elevar-juro-ao-maior-nivel-em-5-anos-preve-mercado\/\"]}]},{\"@type\":\"BreadcrumbList\",\"@id\":\"https:\/\/bahiaeconomica.com.br\/wp\/2022\/03\/16\/bc-deve-elevar-juro-ao-maior-nivel-em-5-anos-preve-mercado\/#breadcrumb\",\"itemListElement\":[{\"@type\":\"ListItem\",\"position\":1,\"name\":\"In\u00edcio\",\"item\":\"https:\/\/bahiaeconomica.com.br\/wp\/\"},{\"@type\":\"ListItem\",\"position\":2,\"name\":\"BC DEVE ELEVAR JURO AO MAIOR N\u00cdVEL EM 5 ANOS, PREV\u00ca MERCADO\"}]},{\"@type\":\"WebSite\",\"@id\":\"https:\/\/bahiaeconomica.com.br\/wp\/#website\",\"url\":\"https:\/\/bahiaeconomica.com.br\/wp\/\",\"name\":\"Bahia Economica\",\"description\":\"O maior portal de Economia da Bahia\",\"publisher\":{\"@id\":\"https:\/\/bahiaeconomica.com.br\/wp\/#organization\"},\"potentialAction\":[{\"@type\":\"SearchAction\",\"target\":{\"@type\":\"EntryPoint\",\"urlTemplate\":\"https:\/\/bahiaeconomica.com.br\/wp\/?s={search_term_string}\"},\"query-input\":\"required name=search_term_string\"}],\"inLanguage\":\"pt-BR\"},{\"@type\":\"Organization\",\"@id\":\"https:\/\/bahiaeconomica.com.br\/wp\/#organization\",\"name\":\"Bahia Econ\u00f4mica\",\"url\":\"https:\/\/bahiaeconomica.com.br\/wp\/\",\"logo\":{\"@type\":\"ImageObject\",\"inLanguage\":\"pt-BR\",\"@id\":\"https:\/\/bahiaeconomica.com.br\/wp\/#\/schema\/logo\/image\/\",\"url\":\"https:\/\/bahiaeconomica.com.br\/wp\/wp-content\/uploads\/2020\/12\/cropped-BE.png\",\"contentUrl\":\"https:\/\/bahiaeconomica.com.br\/wp\/wp-content\/uploads\/2020\/12\/cropped-BE.png\",\"width\":512,\"height\":512,\"caption\":\"Bahia Econ\u00f4mica\"},\"image\":{\"@id\":\"https:\/\/bahiaeconomica.com.br\/wp\/#\/schema\/logo\/image\/\"},\"sameAs\":[\"https:\/\/www.facebook.com\/bahiaeconomica\"]},{\"@type\":\"Person\",\"@id\":\"https:\/\/bahiaeconomica.com.br\/wp\/#\/schema\/person\/cb1ab5ba96ad3d9390805381c76284ec\",\"name\":\"admin\",\"url\":\"https:\/\/bahiaeconomica.com.br\/wp\/author\/admin\/\"}]}<\/script>\n<!-- \/ Yoast SEO plugin. -->","yoast_head_json":{"title":"BC DEVE ELEVAR JURO AO MAIOR N\u00cdVEL EM 5 ANOS, PREV\u00ca MERCADO - Bahia Economica","description":"O maior portal de Economia da Bahia DESTAQUE DO DIA, ECONOMIA \/ POL\u00cdTICA Bahia Economica","robots":{"index":"index","follow":"follow","max-snippet":"max-snippet:-1","max-image-preview":"max-image-preview:large","max-video-preview":"max-video-preview:-1"},"canonical":"https:\/\/bahiaeconomica.com.br\/wp\/2022\/03\/16\/bc-deve-elevar-juro-ao-maior-nivel-em-5-anos-preve-mercado\/","og_locale":"pt_BR","og_type":"article","og_title":"BC DEVE ELEVAR JURO AO MAIOR N\u00cdVEL EM 5 ANOS, PREV\u00ca MERCADO - Bahia Economica","og_description":"O maior portal de Economia da Bahia DESTAQUE DO DIA, ECONOMIA \/ POL\u00cdTICA Bahia Economica","og_url":"https:\/\/bahiaeconomica.com.br\/wp\/2022\/03\/16\/bc-deve-elevar-juro-ao-maior-nivel-em-5-anos-preve-mercado\/","og_site_name":"Bahia Economica","article_publisher":"https:\/\/www.facebook.com\/bahiaeconomica","article_published_time":"2022-03-16T09:57:23+00:00","og_image":[{"width":500,"height":300,"url":"https:\/\/bahiaeconomica.com.br\/wp\/wp-content\/uploads\/2021\/08\/banco_central_economia_-Foto-Marcello-Casal-Jr.-Agencia-Brasil-.jpg","type":"image\/jpeg"}],"author":"admin","twitter_card":"summary_large_image","twitter_misc":{"Escrito por":"admin","Est. tempo de leitura":"5 minutos"},"schema":{"@context":"https:\/\/schema.org","@graph":[{"@type":"Article","@id":"https:\/\/bahiaeconomica.com.br\/wp\/2022\/03\/16\/bc-deve-elevar-juro-ao-maior-nivel-em-5-anos-preve-mercado\/#article","isPartOf":{"@id":"https:\/\/bahiaeconomica.com.br\/wp\/2022\/03\/16\/bc-deve-elevar-juro-ao-maior-nivel-em-5-anos-preve-mercado\/"},"author":{"name":"admin","@id":"https:\/\/bahiaeconomica.com.br\/wp\/#\/schema\/person\/cb1ab5ba96ad3d9390805381c76284ec"},"headline":"BC DEVE ELEVAR JURO AO MAIOR N\u00cdVEL EM 5 ANOS, PREV\u00ca MERCADO","datePublished":"2022-03-16T09:57:23+00:00","dateModified":"2022-03-16T09:57:23+00:00","mainEntityOfPage":{"@id":"https:\/\/bahiaeconomica.com.br\/wp\/2022\/03\/16\/bc-deve-elevar-juro-ao-maior-nivel-em-5-anos-preve-mercado\/"},"wordCount":954,"publisher":{"@id":"https:\/\/bahiaeconomica.com.br\/wp\/#organization"},"keywords":["Banco Central"],"articleSection":["DESTAQUE DO DIA","ECONOMIA \/ POL\u00cdTICA"],"inLanguage":"pt-BR"},{"@type":"WebPage","@id":"https:\/\/bahiaeconomica.com.br\/wp\/2022\/03\/16\/bc-deve-elevar-juro-ao-maior-nivel-em-5-anos-preve-mercado\/","url":"https:\/\/bahiaeconomica.com.br\/wp\/2022\/03\/16\/bc-deve-elevar-juro-ao-maior-nivel-em-5-anos-preve-mercado\/","name":"BC DEVE ELEVAR JURO AO MAIOR N\u00cdVEL EM 5 ANOS, PREV\u00ca MERCADO - Bahia Economica","isPartOf":{"@id":"https:\/\/bahiaeconomica.com.br\/wp\/#website"},"datePublished":"2022-03-16T09:57:23+00:00","dateModified":"2022-03-16T09:57:23+00:00","description":"O maior portal de Economia da Bahia DESTAQUE DO DIA, ECONOMIA \/ POL\u00cdTICA Bahia Economica","breadcrumb":{"@id":"https:\/\/bahiaeconomica.com.br\/wp\/2022\/03\/16\/bc-deve-elevar-juro-ao-maior-nivel-em-5-anos-preve-mercado\/#breadcrumb"},"inLanguage":"pt-BR","potentialAction":[{"@type":"ReadAction","target":["https:\/\/bahiaeconomica.com.br\/wp\/2022\/03\/16\/bc-deve-elevar-juro-ao-maior-nivel-em-5-anos-preve-mercado\/"]}]},{"@type":"BreadcrumbList","@id":"https:\/\/bahiaeconomica.com.br\/wp\/2022\/03\/16\/bc-deve-elevar-juro-ao-maior-nivel-em-5-anos-preve-mercado\/#breadcrumb","itemListElement":[{"@type":"ListItem","position":1,"name":"In\u00edcio","item":"https:\/\/bahiaeconomica.com.br\/wp\/"},{"@type":"ListItem","position":2,"name":"BC DEVE ELEVAR JURO AO MAIOR N\u00cdVEL EM 5 ANOS, PREV\u00ca MERCADO"}]},{"@type":"WebSite","@id":"https:\/\/bahiaeconomica.com.br\/wp\/#website","url":"https:\/\/bahiaeconomica.com.br\/wp\/","name":"Bahia Economica","description":"O maior portal de Economia da Bahia","publisher":{"@id":"https:\/\/bahiaeconomica.com.br\/wp\/#organization"},"potentialAction":[{"@type":"SearchAction","target":{"@type":"EntryPoint","urlTemplate":"https:\/\/bahiaeconomica.com.br\/wp\/?s={search_term_string}"},"query-input":"required name=search_term_string"}],"inLanguage":"pt-BR"},{"@type":"Organization","@id":"https:\/\/bahiaeconomica.com.br\/wp\/#organization","name":"Bahia Econ\u00f4mica","url":"https:\/\/bahiaeconomica.com.br\/wp\/","logo":{"@type":"ImageObject","inLanguage":"pt-BR","@id":"https:\/\/bahiaeconomica.com.br\/wp\/#\/schema\/logo\/image\/","url":"https:\/\/bahiaeconomica.com.br\/wp\/wp-content\/uploads\/2020\/12\/cropped-BE.png","contentUrl":"https:\/\/bahiaeconomica.com.br\/wp\/wp-content\/uploads\/2020\/12\/cropped-BE.png","width":512,"height":512,"caption":"Bahia Econ\u00f4mica"},"image":{"@id":"https:\/\/bahiaeconomica.com.br\/wp\/#\/schema\/logo\/image\/"},"sameAs":["https:\/\/www.facebook.com\/bahiaeconomica"]},{"@type":"Person","@id":"https:\/\/bahiaeconomica.com.br\/wp\/#\/schema\/person\/cb1ab5ba96ad3d9390805381c76284ec","name":"admin","url":"https:\/\/bahiaeconomica.com.br\/wp\/author\/admin\/"}]}},"views":3,"_links":{"self":[{"href":"https:\/\/bahiaeconomica.com.br\/wp\/wp-json\/wp\/v2\/posts\/648887"}],"collection":[{"href":"https:\/\/bahiaeconomica.com.br\/wp\/wp-json\/wp\/v2\/posts"}],"about":[{"href":"https:\/\/bahiaeconomica.com.br\/wp\/wp-json\/wp\/v2\/types\/post"}],"author":[{"embeddable":true,"href":"https:\/\/bahiaeconomica.com.br\/wp\/wp-json\/wp\/v2\/users\/1"}],"replies":[{"embeddable":true,"href":"https:\/\/bahiaeconomica.com.br\/wp\/wp-json\/wp\/v2\/comments?post=648887"}],"version-history":[{"count":1,"href":"https:\/\/bahiaeconomica.com.br\/wp\/wp-json\/wp\/v2\/posts\/648887\/revisions"}],"predecessor-version":[{"id":648889,"href":"https:\/\/bahiaeconomica.com.br\/wp\/wp-json\/wp\/v2\/posts\/648887\/revisions\/648889"}],"wp:featuredmedia":[{"embeddable":true,"href":"https:\/\/bahiaeconomica.com.br\/wp\/wp-json\/wp\/v2\/media\/593057"}],"wp:attachment":[{"href":"https:\/\/bahiaeconomica.com.br\/wp\/wp-json\/wp\/v2\/media?parent=648887"}],"wp:term":[{"taxonomy":"category","embeddable":true,"href":"https:\/\/bahiaeconomica.com.br\/wp\/wp-json\/wp\/v2\/categories?post=648887"},{"taxonomy":"post_tag","embeddable":true,"href":"https:\/\/bahiaeconomica.com.br\/wp\/wp-json\/wp\/v2\/tags?post=648887"}],"curies":[{"name":"wp","href":"https:\/\/api.w.org\/{rel}","templated":true}]}}