{"id":647211,"date":"2022-03-08T14:22:21","date_gmt":"2022-03-08T17:22:21","guid":{"rendered":"https:\/\/bahiaeconomica.com.br\/wp\/beta\/?p=647211"},"modified":"2022-03-10T14:30:45","modified_gmt":"2022-03-10T17:30:45","slug":"647211","status":"publish","type":"post","link":"https:\/\/bahiaeconomica.com.br\/wp\/2022\/03\/08\/647211\/","title":{"rendered":"ENTRE OS INDICADOS \u00c0 CHAPA DO PT-BA, UM FOI ENQUADRADO NA FICHA LIMPA"},"content":{"rendered":"<p>Ao Bahia Econ\u00f4mica, o presidente do PT Bahia, \u00c9den Valadares, reiterou os nomes da prefeita Moema Gramacho, os secret\u00e1rios Luiz Caetano e Jer\u00f4nimo Rodrigues como <!--more-->indicados para encabe\u00e7ar a chapa governista do partido. Assunto que vem movimentando o cen\u00e1rio pol\u00edtico baiano atualmente. Os nomes foram sugeridos ap\u00f3s o senador Jaques Wagner anunciar sua desist\u00eancia e afirmar, pegando todos de surpresa, que o governador Rui Costa permaneceria no cargo at\u00e9 o fim do mandato.<\/p>\n<p>Em nota, o PT afirma ter \u201cop\u00e7\u00f5es excelentes quadros dispon\u00edveis para assumir essa tarefa\u201d. No entanto, um dos indicados, o Luis Caetano, tem uma ficha extensa. Caetano j\u00e1 teve seus bens bloqueados pela Justi\u00e7a por irregularidades na execu\u00e7\u00e3o de um conv\u00eanio com o Departamento Nacional de Infraestrutura de Transportes (DNIT) para eliminar pontos de conflitos entre a malha ferrovi\u00e1ria e o sistema vi\u00e1rio urbano de Cama\u00e7ari na liga\u00e7\u00e3o ferrovi\u00e1ria entre o Polo Petroqu\u00edmico e o Porto de Aratu. Segundo o \u00f3rg\u00e3o, a escolha da Fundese n\u00e3o foi amparada por aspectos t\u00e9cnicos, levantando suspeitas de ind\u00edcios de favorecimento na contrata\u00e7\u00e3o da entidade.<\/p>\n<p>Em Maio de 2014, teve os direitos pol\u00edticos cassados por cinco anos e foi condenado ao ressarcimento de R$ 304 mil aos cofres p\u00fablicos de Cama\u00e7ari, devido a um outro contrato sem licita\u00e7\u00e3o, desta vez com a Funda\u00e7\u00e3o Humanidade Amiga, por improbidade administrativa no per\u00edodo em que foi prefeito de Cama\u00e7ari.\u00a0 A defesa recorreu e o TJ anulou a condena\u00e7\u00e3o contra Caetano, sob os argumentos de n\u00e3o ter havido &#8220;les\u00e3o ao er\u00e1rio&#8221;.<\/p>\n<p>Caetano tamb\u00e9m \u00e9 investigado pelo Supremo Tribunal Federal por crimes de responsabilidade. O Minist\u00e9rio P\u00fablico Federal apura se ele desviou quantia milion\u00e1ria de recursos p\u00fablicos do Fundo de Manuten\u00e7\u00e3o e Desenvolvimento da Educa\u00e7\u00e3o B\u00e1sica e de Valoriza\u00e7\u00e3o dos Profissionais da Educa\u00e7\u00e3o (Fundeb), entre 2009 e 2013, mediante simula\u00e7\u00e3o de obras em escolas p\u00fablicas de Cama\u00e7ari. O deputado federal e ex-prefeito de Cama\u00e7ari, Luiz Caetano (PT), tamb\u00e9m teve sua candidatura \u00e0 reelei\u00e7\u00e3o impugnada pelo Tribunal Superior Eleitoral (TSE). O ex-prefeito cometeu crime de improbidade e est\u00e1 enquadrado na Lei da Ficha Limpa, ficando ineleg\u00edvel por oito anos.<\/p>\n<p>O que piorou ainda mais para o ex-deputado Caetano \u00e9 que a Constitui\u00e7\u00e3o do Estado da Bahia pro\u00edbe a nomea\u00e7\u00e3o de pessoas enquadrados na Lei da Ficha Limpa (condenados por \u00f3rg\u00e3os colegiados por crime de improbidade administrativa, com dolo, preju\u00edzo ao er\u00e1rio e enriquecimento il\u00edcito), como foi em seu caso.<\/p>\n<p>Outros nomes citados pelo PT-BA:<\/p>\n<p>Moema Gramacho: foi vereadora de Salvador em 1997, eleita deputada estadual em 1998, reeleita em 2002 e renunciou em 30 de dezembro de 2004. Exerceu o cargo de prefeita de Lauro de Freitas no per\u00edodo 2005-2012, Assumiu em 2013 a Secretaria Estadual de Desenvolvimento Social e Combate a Pobreza.Em 2014, foi eleita deputada federal. Em 2016 \u00e9 eleita novamente prefeita de Lauro de Freitas, com 52,34% dos votos v\u00e1lidos. Em 2020 foi eleita pela quarta vez prefeita de Lauro de Freitas.<\/p>\n<p>Jer\u00f4nimo Rodrigues: secret\u00e1rio da Educa\u00e7\u00e3o desde 2019, Jer\u00f4nimo n\u00e3o tem forte hist\u00f3rico na pol\u00edtica em cargos eletivos. \u00c9 graduado em engenharia agron\u00f4mica pela Universidade Federal da Bahia (Ufba) com especializa\u00e7\u00e3o em desenvolvimento territorial sustent\u00e1vel, pela Universidade Federal De Campina Grande (UFCG); mestre em Ci\u00eancias Agr\u00e1rias pela Ufba. Atuou no Movimento de Organiza\u00e7\u00e3o Comunit\u00e1ria (MOC), de 1995 a 2006. Foi secret\u00e1rio executivo adjunto do Minist\u00e9rio do Desenvolvimento Agr\u00e1rio; secret\u00e1rio nacional do Desenvolvimento Social; assessor especial da Secretaria de Ci\u00eancia, Tecnologia e Inova\u00e7\u00e3o da Bahia; assessor especial da Secretaria de Planejamento e secret\u00e1rio de Desenvolvimento Rural.<\/p>\n","protected":false},"excerpt":{"rendered":"<p>Ao Bahia Econ\u00f4mica, o presidente do PT Bahia, \u00c9den Valadares, reiterou os nomes da prefeita Moema Gramacho, os secret\u00e1rios Luiz Caetano e Jer\u00f4nimo Rodrigues como<\/p>\n","protected":false},"author":1,"featured_media":645798,"comment_status":"closed","ping_status":"closed","sticky":false,"template":"","format":"standard","meta":[],"categories":[3],"tags":[],"acf":[],"yoast_head":"<!-- This site is optimized with the Yoast SEO plugin v20.8 - https:\/\/yoast.com\/wordpress\/plugins\/seo\/ -->\n<title>ENTRE OS INDICADOS \u00c0 CHAPA DO PT-BA, UM FOI ENQUADRADO NA FICHA LIMPA - Bahia Economica<\/title>\n<meta name=\"description\" content=\"O maior portal de Economia da Bahia ECONOMIA \/ POL\u00cdTICA Bahia Economica\" \/>\n<meta name=\"robots\" content=\"index, follow, max-snippet:-1, max-image-preview:large, max-video-preview:-1\" \/>\n<link rel=\"canonical\" href=\"https:\/\/bahiaeconomica.com.br\/wp\/2022\/03\/08\/647211\/\" \/>\n<meta property=\"og:locale\" content=\"pt_BR\" \/>\n<meta property=\"og:type\" content=\"article\" \/>\n<meta property=\"og:title\" content=\"ENTRE OS INDICADOS \u00c0 CHAPA DO PT-BA, UM FOI ENQUADRADO NA FICHA LIMPA - Bahia Economica\" \/>\n<meta property=\"og:description\" content=\"O maior portal de Economia da Bahia ECONOMIA \/ POL\u00cdTICA Bahia Economica\" \/>\n<meta property=\"og:url\" content=\"https:\/\/bahiaeconomica.com.br\/wp\/2022\/03\/08\/647211\/\" \/>\n<meta property=\"og:site_name\" content=\"Bahia Economica\" \/>\n<meta property=\"article:publisher\" content=\"https:\/\/www.facebook.com\/bahiaeconomica\" \/>\n<meta property=\"article:published_time\" content=\"2022-03-08T17:22:21+00:00\" \/>\n<meta property=\"article:modified_time\" content=\"2022-03-10T17:30:45+00:00\" \/>\n<meta property=\"og:image\" content=\"https:\/\/bahiaeconomica.com.br\/wp\/wp-content\/uploads\/2022\/03\/caetanomoemajeronimocandidatospt770360.jpg\" \/>\n\t<meta property=\"og:image:width\" content=\"360\" \/>\n\t<meta property=\"og:image:height\" content=\"220\" \/>\n\t<meta property=\"og:image:type\" content=\"image\/jpeg\" \/>\n<meta name=\"author\" content=\"admin\" \/>\n<meta name=\"twitter:card\" content=\"summary_large_image\" \/>\n<meta name=\"twitter:label1\" content=\"Escrito por\" \/>\n\t<meta name=\"twitter:data1\" content=\"admin\" \/>\n\t<meta name=\"twitter:label2\" content=\"Est. tempo de leitura\" \/>\n\t<meta name=\"twitter:data2\" content=\"3 minutos\" \/>\n<script type=\"application\/ld+json\" class=\"yoast-schema-graph\">{\"@context\":\"https:\/\/schema.org\",\"@graph\":[{\"@type\":\"Article\",\"@id\":\"https:\/\/bahiaeconomica.com.br\/wp\/2022\/03\/08\/647211\/#article\",\"isPartOf\":{\"@id\":\"https:\/\/bahiaeconomica.com.br\/wp\/2022\/03\/08\/647211\/\"},\"author\":{\"name\":\"admin\",\"@id\":\"https:\/\/bahiaeconomica.com.br\/wp\/#\/schema\/person\/cb1ab5ba96ad3d9390805381c76284ec\"},\"headline\":\"ENTRE OS INDICADOS \u00c0 CHAPA DO PT-BA, UM FOI ENQUADRADO NA FICHA LIMPA\",\"datePublished\":\"2022-03-08T17:22:21+00:00\",\"dateModified\":\"2022-03-10T17:30:45+00:00\",\"mainEntityOfPage\":{\"@id\":\"https:\/\/bahiaeconomica.com.br\/wp\/2022\/03\/08\/647211\/\"},\"wordCount\":645,\"publisher\":{\"@id\":\"https:\/\/bahiaeconomica.com.br\/wp\/#organization\"},\"articleSection\":[\"ECONOMIA \/ POL\u00cdTICA\"],\"inLanguage\":\"pt-BR\"},{\"@type\":\"WebPage\",\"@id\":\"https:\/\/bahiaeconomica.com.br\/wp\/2022\/03\/08\/647211\/\",\"url\":\"https:\/\/bahiaeconomica.com.br\/wp\/2022\/03\/08\/647211\/\",\"name\":\"ENTRE OS INDICADOS \u00c0 CHAPA DO PT-BA, UM FOI ENQUADRADO NA FICHA LIMPA - Bahia Economica\",\"isPartOf\":{\"@id\":\"https:\/\/bahiaeconomica.com.br\/wp\/#website\"},\"datePublished\":\"2022-03-08T17:22:21+00:00\",\"dateModified\":\"2022-03-10T17:30:45+00:00\",\"description\":\"O maior portal de Economia da Bahia ECONOMIA \/ POL\u00cdTICA Bahia Economica\",\"breadcrumb\":{\"@id\":\"https:\/\/bahiaeconomica.com.br\/wp\/2022\/03\/08\/647211\/#breadcrumb\"},\"inLanguage\":\"pt-BR\",\"potentialAction\":[{\"@type\":\"ReadAction\",\"target\":[\"https:\/\/bahiaeconomica.com.br\/wp\/2022\/03\/08\/647211\/\"]}]},{\"@type\":\"BreadcrumbList\",\"@id\":\"https:\/\/bahiaeconomica.com.br\/wp\/2022\/03\/08\/647211\/#breadcrumb\",\"itemListElement\":[{\"@type\":\"ListItem\",\"position\":1,\"name\":\"In\u00edcio\",\"item\":\"https:\/\/bahiaeconomica.com.br\/wp\/\"},{\"@type\":\"ListItem\",\"position\":2,\"name\":\"ENTRE OS INDICADOS \u00c0 CHAPA DO PT-BA, UM FOI ENQUADRADO NA FICHA LIMPA\"}]},{\"@type\":\"WebSite\",\"@id\":\"https:\/\/bahiaeconomica.com.br\/wp\/#website\",\"url\":\"https:\/\/bahiaeconomica.com.br\/wp\/\",\"name\":\"Bahia Economica\",\"description\":\"O maior portal de Economia da Bahia\",\"publisher\":{\"@id\":\"https:\/\/bahiaeconomica.com.br\/wp\/#organization\"},\"potentialAction\":[{\"@type\":\"SearchAction\",\"target\":{\"@type\":\"EntryPoint\",\"urlTemplate\":\"https:\/\/bahiaeconomica.com.br\/wp\/?s={search_term_string}\"},\"query-input\":\"required name=search_term_string\"}],\"inLanguage\":\"pt-BR\"},{\"@type\":\"Organization\",\"@id\":\"https:\/\/bahiaeconomica.com.br\/wp\/#organization\",\"name\":\"Bahia Econ\u00f4mica\",\"url\":\"https:\/\/bahiaeconomica.com.br\/wp\/\",\"logo\":{\"@type\":\"ImageObject\",\"inLanguage\":\"pt-BR\",\"@id\":\"https:\/\/bahiaeconomica.com.br\/wp\/#\/schema\/logo\/image\/\",\"url\":\"https:\/\/bahiaeconomica.com.br\/wp\/wp-content\/uploads\/2020\/12\/cropped-BE.png\",\"contentUrl\":\"https:\/\/bahiaeconomica.com.br\/wp\/wp-content\/uploads\/2020\/12\/cropped-BE.png\",\"width\":512,\"height\":512,\"caption\":\"Bahia Econ\u00f4mica\"},\"image\":{\"@id\":\"https:\/\/bahiaeconomica.com.br\/wp\/#\/schema\/logo\/image\/\"},\"sameAs\":[\"https:\/\/www.facebook.com\/bahiaeconomica\"]},{\"@type\":\"Person\",\"@id\":\"https:\/\/bahiaeconomica.com.br\/wp\/#\/schema\/person\/cb1ab5ba96ad3d9390805381c76284ec\",\"name\":\"admin\",\"url\":\"https:\/\/bahiaeconomica.com.br\/wp\/author\/admin\/\"}]}<\/script>\n<!-- \/ Yoast SEO plugin. -->","yoast_head_json":{"title":"ENTRE OS INDICADOS \u00c0 CHAPA DO PT-BA, UM FOI ENQUADRADO NA FICHA LIMPA - Bahia Economica","description":"O maior portal de Economia da Bahia ECONOMIA \/ POL\u00cdTICA Bahia Economica","robots":{"index":"index","follow":"follow","max-snippet":"max-snippet:-1","max-image-preview":"max-image-preview:large","max-video-preview":"max-video-preview:-1"},"canonical":"https:\/\/bahiaeconomica.com.br\/wp\/2022\/03\/08\/647211\/","og_locale":"pt_BR","og_type":"article","og_title":"ENTRE OS INDICADOS \u00c0 CHAPA DO PT-BA, UM FOI ENQUADRADO NA FICHA LIMPA - Bahia Economica","og_description":"O maior portal de Economia da Bahia ECONOMIA \/ POL\u00cdTICA Bahia Economica","og_url":"https:\/\/bahiaeconomica.com.br\/wp\/2022\/03\/08\/647211\/","og_site_name":"Bahia Economica","article_publisher":"https:\/\/www.facebook.com\/bahiaeconomica","article_published_time":"2022-03-08T17:22:21+00:00","article_modified_time":"2022-03-10T17:30:45+00:00","og_image":[{"width":360,"height":220,"url":"https:\/\/bahiaeconomica.com.br\/wp\/wp-content\/uploads\/2022\/03\/caetanomoemajeronimocandidatospt770360.jpg","type":"image\/jpeg"}],"author":"admin","twitter_card":"summary_large_image","twitter_misc":{"Escrito por":"admin","Est. tempo de leitura":"3 minutos"},"schema":{"@context":"https:\/\/schema.org","@graph":[{"@type":"Article","@id":"https:\/\/bahiaeconomica.com.br\/wp\/2022\/03\/08\/647211\/#article","isPartOf":{"@id":"https:\/\/bahiaeconomica.com.br\/wp\/2022\/03\/08\/647211\/"},"author":{"name":"admin","@id":"https:\/\/bahiaeconomica.com.br\/wp\/#\/schema\/person\/cb1ab5ba96ad3d9390805381c76284ec"},"headline":"ENTRE OS INDICADOS \u00c0 CHAPA DO PT-BA, UM FOI ENQUADRADO NA FICHA LIMPA","datePublished":"2022-03-08T17:22:21+00:00","dateModified":"2022-03-10T17:30:45+00:00","mainEntityOfPage":{"@id":"https:\/\/bahiaeconomica.com.br\/wp\/2022\/03\/08\/647211\/"},"wordCount":645,"publisher":{"@id":"https:\/\/bahiaeconomica.com.br\/wp\/#organization"},"articleSection":["ECONOMIA \/ POL\u00cdTICA"],"inLanguage":"pt-BR"},{"@type":"WebPage","@id":"https:\/\/bahiaeconomica.com.br\/wp\/2022\/03\/08\/647211\/","url":"https:\/\/bahiaeconomica.com.br\/wp\/2022\/03\/08\/647211\/","name":"ENTRE OS INDICADOS \u00c0 CHAPA DO PT-BA, UM FOI ENQUADRADO NA FICHA LIMPA - Bahia Economica","isPartOf":{"@id":"https:\/\/bahiaeconomica.com.br\/wp\/#website"},"datePublished":"2022-03-08T17:22:21+00:00","dateModified":"2022-03-10T17:30:45+00:00","description":"O maior portal de Economia da Bahia ECONOMIA \/ POL\u00cdTICA Bahia Economica","breadcrumb":{"@id":"https:\/\/bahiaeconomica.com.br\/wp\/2022\/03\/08\/647211\/#breadcrumb"},"inLanguage":"pt-BR","potentialAction":[{"@type":"ReadAction","target":["https:\/\/bahiaeconomica.com.br\/wp\/2022\/03\/08\/647211\/"]}]},{"@type":"BreadcrumbList","@id":"https:\/\/bahiaeconomica.com.br\/wp\/2022\/03\/08\/647211\/#breadcrumb","itemListElement":[{"@type":"ListItem","position":1,"name":"In\u00edcio","item":"https:\/\/bahiaeconomica.com.br\/wp\/"},{"@type":"ListItem","position":2,"name":"ENTRE OS INDICADOS \u00c0 CHAPA DO PT-BA, UM FOI ENQUADRADO NA FICHA LIMPA"}]},{"@type":"WebSite","@id":"https:\/\/bahiaeconomica.com.br\/wp\/#website","url":"https:\/\/bahiaeconomica.com.br\/wp\/","name":"Bahia Economica","description":"O maior portal de Economia da Bahia","publisher":{"@id":"https:\/\/bahiaeconomica.com.br\/wp\/#organization"},"potentialAction":[{"@type":"SearchAction","target":{"@type":"EntryPoint","urlTemplate":"https:\/\/bahiaeconomica.com.br\/wp\/?s={search_term_string}"},"query-input":"required name=search_term_string"}],"inLanguage":"pt-BR"},{"@type":"Organization","@id":"https:\/\/bahiaeconomica.com.br\/wp\/#organization","name":"Bahia Econ\u00f4mica","url":"https:\/\/bahiaeconomica.com.br\/wp\/","logo":{"@type":"ImageObject","inLanguage":"pt-BR","@id":"https:\/\/bahiaeconomica.com.br\/wp\/#\/schema\/logo\/image\/","url":"https:\/\/bahiaeconomica.com.br\/wp\/wp-content\/uploads\/2020\/12\/cropped-BE.png","contentUrl":"https:\/\/bahiaeconomica.com.br\/wp\/wp-content\/uploads\/2020\/12\/cropped-BE.png","width":512,"height":512,"caption":"Bahia Econ\u00f4mica"},"image":{"@id":"https:\/\/bahiaeconomica.com.br\/wp\/#\/schema\/logo\/image\/"},"sameAs":["https:\/\/www.facebook.com\/bahiaeconomica"]},{"@type":"Person","@id":"https:\/\/bahiaeconomica.com.br\/wp\/#\/schema\/person\/cb1ab5ba96ad3d9390805381c76284ec","name":"admin","url":"https:\/\/bahiaeconomica.com.br\/wp\/author\/admin\/"}]}},"views":2,"_links":{"self":[{"href":"https:\/\/bahiaeconomica.com.br\/wp\/wp-json\/wp\/v2\/posts\/647211"}],"collection":[{"href":"https:\/\/bahiaeconomica.com.br\/wp\/wp-json\/wp\/v2\/posts"}],"about":[{"href":"https:\/\/bahiaeconomica.com.br\/wp\/wp-json\/wp\/v2\/types\/post"}],"author":[{"embeddable":true,"href":"https:\/\/bahiaeconomica.com.br\/wp\/wp-json\/wp\/v2\/users\/1"}],"replies":[{"embeddable":true,"href":"https:\/\/bahiaeconomica.com.br\/wp\/wp-json\/wp\/v2\/comments?post=647211"}],"version-history":[{"count":4,"href":"https:\/\/bahiaeconomica.com.br\/wp\/wp-json\/wp\/v2\/posts\/647211\/revisions"}],"predecessor-version":[{"id":647222,"href":"https:\/\/bahiaeconomica.com.br\/wp\/wp-json\/wp\/v2\/posts\/647211\/revisions\/647222"}],"wp:featuredmedia":[{"embeddable":true,"href":"https:\/\/bahiaeconomica.com.br\/wp\/wp-json\/wp\/v2\/media\/645798"}],"wp:attachment":[{"href":"https:\/\/bahiaeconomica.com.br\/wp\/wp-json\/wp\/v2\/media?parent=647211"}],"wp:term":[{"taxonomy":"category","embeddable":true,"href":"https:\/\/bahiaeconomica.com.br\/wp\/wp-json\/wp\/v2\/categories?post=647211"},{"taxonomy":"post_tag","embeddable":true,"href":"https:\/\/bahiaeconomica.com.br\/wp\/wp-json\/wp\/v2\/tags?post=647211"}],"curies":[{"name":"wp","href":"https:\/\/api.w.org\/{rel}","templated":true}]}}