{"id":646971,"date":"2022-03-10T06:55:02","date_gmt":"2022-03-10T09:55:02","guid":{"rendered":"https:\/\/bahiaeconomica.com.br\/wp\/beta\/?p=646971"},"modified":"2022-03-10T07:04:07","modified_gmt":"2022-03-10T10:04:07","slug":"senado-aprova-projeto-que-cria-sistema-nacional-de-educacao","status":"publish","type":"post","link":"https:\/\/bahiaeconomica.com.br\/wp\/2022\/03\/10\/senado-aprova-projeto-que-cria-sistema-nacional-de-educacao\/","title":{"rendered":"SENADO APROVA PROJETO QUE CRIA SISTEMA NACIONAL DE EDUCA\u00c7\u00c3O"},"content":{"rendered":"<p>O Senado aprovou por unanimidade, um projeto que cria o Sistema Nacional de Educa\u00e7\u00e3o (SNE). A proposta tem a finalidade de integrar as pol\u00edticas <!--more-->educacionais da Uni\u00e3o, dos estados e dos munic\u00edpios. O texto, de autoria do senador Fl\u00e1vio Arns (Podemos-PR), foi aprovado conforme vers\u00e3o proposta pelo relator D\u00e1rio Berger (MDB-SC). Agora, o projeto segue para an\u00e1lise da C\u00e2mara dos Deputados, onde tamb\u00e9m tramita uma proposta com o mesmo objetivo. A cria\u00e7\u00e3o do SNE est\u00e1 atrasada em pelo menos seis anos. A Lei de 2014, que aprovou o Plano Nacional de Educa\u00e7\u00e3o, previa a cria\u00e7\u00e3o do sistema at\u00e9 a metade de 2016, o que n\u00e3o aconteceu desde ent\u00e3o. A ideia \u00e9 de que o SNE funcione como o Sistema \u00danico de Sa\u00fade (SUS), no alinhamento de a\u00e7\u00f5es, programas e investimentos no setor de educa\u00e7\u00e3o.<\/p>\n<p>Entre os princ\u00edpios e diretrizes do sistema, est\u00e3o:<\/p>\n<ul>\n<li>igualdade de condi\u00e7\u00f5es para o acesso e a perman\u00eancia na escola, inclusive, para aqueles que n\u00e3o tiveram oportunidade na idade pr\u00f3pria;<\/li>\n<li>equidade na aloca\u00e7\u00e3o de recursos e na defini\u00e7\u00e3o de pol\u00edticas p\u00fablicas;<\/li>\n<li>integra\u00e7\u00e3o do planejamento, por meio de planos de educa\u00e7\u00e3o a cada 10 anos;<\/li>\n<li>estabelecimento de padr\u00f5es nacionais de qualidade para a educa\u00e7\u00e3o b\u00e1sica p\u00fablica, e ado\u00e7\u00e3o como refer\u00eancia o Custo Aluno Qualidade (CAQ), previsto na Constitui\u00e7\u00e3o;<\/li>\n<li>valoriza\u00e7\u00e3o e desenvolvimento profissional permanente dos profissionais da educa\u00e7\u00e3o.<\/li>\n<li>O texto tamb\u00e9m prev\u00ea atribui\u00e7\u00f5es dos estados e dos munic\u00edpios dentro do Sistema Nacional de Educa\u00e7\u00e3o, como medidas de operacionaliza\u00e7\u00e3o e avalia\u00e7\u00e3o do desempenho das unidades de ensino.<\/li>\n<\/ul>\n<p>Entre os objetivos do SNE, est\u00e3o:<\/p>\n<ul>\n<li>a universaliza\u00e7\u00e3o do acesso \u00e0 educa\u00e7\u00e3o b\u00e1sica de qualidade, assegurando a aprendizagem com equidade;<\/li>\n<li>a erradica\u00e7\u00e3o do analfabetismo;<\/li>\n<li>a garantia adequada de infraestrutura f\u00edsica, tecnol\u00f3gica e de pessoal para todas as escolas p\u00fablicas;<\/li>\n<li>a incorpora\u00e7\u00e3o de tecnologias da informa\u00e7\u00e3o e do conhecimento nas pr\u00e1ticas pedag\u00f3gicas escolares;<\/li>\n<\/ul>\n<p>Assim como ocorre com o SUS, o texto estabelece uma Comiss\u00e3o Intergestores Tripartite da Educa\u00e7\u00e3o (Cite), que ser\u00e1 respons\u00e1vel pela negocia\u00e7\u00e3o e articula\u00e7\u00e3o entre os gestores da Uni\u00e3o, dos estados e dos munic\u00edpios. O colegiado, que tamb\u00e9m cuidar\u00e1 da assist\u00eancia t\u00e9cnica e financeira a estados e munic\u00edpios, ser\u00e1 composto por:<\/p>\n<ul>\n<li>5 representantes titulares, e cinco suplentes, da Uni\u00e3o, indicados pelo governo federal;<\/li>\n<li>5 representantes titulares dos estados e 5 suplentes, sendo um de cada regi\u00e3o do pa\u00eds, indicados pelo presidente do Conselho Nacional de Secret\u00e1rios de Estado da Educa\u00e7\u00e3o (Consed);<\/li>\n<li>5 representantes titulares dos munic\u00edpios e 5 suplentes, sendo um de cada regi\u00e3o do pa\u00eds, indicados pelo presidente da Uni\u00e3o Nacional dos Dirigentes Municipais de Educa\u00e7\u00e3o.<\/li>\n<\/ul>\n<p>O texto prev\u00ea ainda a cria\u00e7\u00e3o de 27 Comiss\u00f5es Intergestores Bipartite da Educa\u00e7\u00e3o (Cibes), com representantes dos estados e dos munic\u00edpios. As Cibes dever\u00e3o pactuar o planejamento e a formula\u00e7\u00e3o de pol\u00edticas estaduais de educa\u00e7\u00e3o b\u00e1sica. O relator do projeto, D\u00e1rio Berger (MDB-SC) disse que a pandemia da Covid-19 fez ainda mais necess\u00e1ria a cria\u00e7\u00e3o do SNE. &#8220;A pandemia aprofundou as marcas das v\u00e1rias desigualdades e intensificou a necessidade da equaliza\u00e7\u00e3o das oportunidades educacionais, n\u00e3o s\u00f3 relacionada ao acesso \u00e0 internet e a dispositivos eletr\u00f4nicos, para serem utilizados para fins de aprendizado, mas tamb\u00e9m a pr\u00e1ticas pedag\u00f3gicas para sanar eventuais lacunas de aprendizagem, \u00e0 atua\u00e7\u00e3o multissetorial para equacionar quest\u00f5es como a fome e a doen\u00e7a, que impactam no ambiente escolar, bem como \u00e0 coordena\u00e7\u00e3o de esfor\u00e7os para melhor aproveitar os recursos dispon\u00edveis&#8221;, afirmou o emedebista.<\/p>\n<p>Foto: divulga\u00e7\u00e3o<\/p>\n","protected":false},"excerpt":{"rendered":"<p>O Senado aprovou por unanimidade, um projeto que cria o Sistema Nacional de Educa\u00e7\u00e3o (SNE). A proposta tem a finalidade de integrar as pol\u00edticas<\/p>\n","protected":false},"author":1,"featured_media":618029,"comment_status":"closed","ping_status":"closed","sticky":false,"template":"","format":"standard","meta":[],"categories":[3],"tags":[52,1080,855],"acf":[],"yoast_head":"<!-- This site is optimized with the Yoast SEO plugin v20.8 - https:\/\/yoast.com\/wordpress\/plugins\/seo\/ -->\n<title>SENADO APROVA PROJETO QUE CRIA SISTEMA NACIONAL DE EDUCA\u00c7\u00c3O - Bahia Economica<\/title>\n<meta name=\"description\" content=\"O maior portal de Economia da Bahia ECONOMIA \/ POL\u00cdTICA Bahia Economica\" \/>\n<meta name=\"robots\" content=\"index, follow, max-snippet:-1, max-image-preview:large, max-video-preview:-1\" \/>\n<link rel=\"canonical\" href=\"https:\/\/bahiaeconomica.com.br\/wp\/2022\/03\/10\/senado-aprova-projeto-que-cria-sistema-nacional-de-educacao\/\" \/>\n<meta property=\"og:locale\" content=\"pt_BR\" \/>\n<meta property=\"og:type\" content=\"article\" \/>\n<meta property=\"og:title\" content=\"SENADO APROVA PROJETO QUE CRIA SISTEMA NACIONAL DE EDUCA\u00c7\u00c3O - Bahia Economica\" \/>\n<meta property=\"og:description\" content=\"O maior portal de Economia da Bahia ECONOMIA \/ POL\u00cdTICA Bahia Economica\" \/>\n<meta property=\"og:url\" content=\"https:\/\/bahiaeconomica.com.br\/wp\/2022\/03\/10\/senado-aprova-projeto-que-cria-sistema-nacional-de-educacao\/\" \/>\n<meta property=\"og:site_name\" content=\"Bahia Economica\" \/>\n<meta property=\"article:publisher\" content=\"https:\/\/www.facebook.com\/bahiaeconomica\" \/>\n<meta property=\"article:published_time\" content=\"2022-03-10T09:55:02+00:00\" \/>\n<meta property=\"article:modified_time\" content=\"2022-03-10T10:04:07+00:00\" \/>\n<meta property=\"og:image\" content=\"https:\/\/bahiaeconomica.com.br\/wp\/wp-content\/uploads\/2021\/11\/asenado.jpg\" \/>\n\t<meta property=\"og:image:width\" content=\"500\" \/>\n\t<meta property=\"og:image:height\" content=\"300\" \/>\n\t<meta property=\"og:image:type\" content=\"image\/jpeg\" \/>\n<meta name=\"author\" content=\"admin\" \/>\n<meta name=\"twitter:card\" content=\"summary_large_image\" \/>\n<meta name=\"twitter:label1\" content=\"Escrito por\" \/>\n\t<meta name=\"twitter:data1\" content=\"admin\" \/>\n\t<meta name=\"twitter:label2\" content=\"Est. tempo de leitura\" \/>\n\t<meta name=\"twitter:data2\" content=\"3 minutos\" \/>\n<script type=\"application\/ld+json\" class=\"yoast-schema-graph\">{\"@context\":\"https:\/\/schema.org\",\"@graph\":[{\"@type\":\"Article\",\"@id\":\"https:\/\/bahiaeconomica.com.br\/wp\/2022\/03\/10\/senado-aprova-projeto-que-cria-sistema-nacional-de-educacao\/#article\",\"isPartOf\":{\"@id\":\"https:\/\/bahiaeconomica.com.br\/wp\/2022\/03\/10\/senado-aprova-projeto-que-cria-sistema-nacional-de-educacao\/\"},\"author\":{\"name\":\"admin\",\"@id\":\"https:\/\/bahiaeconomica.com.br\/wp\/#\/schema\/person\/cb1ab5ba96ad3d9390805381c76284ec\"},\"headline\":\"SENADO APROVA PROJETO QUE CRIA SISTEMA NACIONAL DE EDUCA\u00c7\u00c3O\",\"datePublished\":\"2022-03-10T09:55:02+00:00\",\"dateModified\":\"2022-03-10T10:04:07+00:00\",\"mainEntityOfPage\":{\"@id\":\"https:\/\/bahiaeconomica.com.br\/wp\/2022\/03\/10\/senado-aprova-projeto-que-cria-sistema-nacional-de-educacao\/\"},\"wordCount\":652,\"publisher\":{\"@id\":\"https:\/\/bahiaeconomica.com.br\/wp\/#organization\"},\"keywords\":[\"Brasil\",\"prova\",\"senado\"],\"articleSection\":[\"ECONOMIA \/ POL\u00cdTICA\"],\"inLanguage\":\"pt-BR\"},{\"@type\":\"WebPage\",\"@id\":\"https:\/\/bahiaeconomica.com.br\/wp\/2022\/03\/10\/senado-aprova-projeto-que-cria-sistema-nacional-de-educacao\/\",\"url\":\"https:\/\/bahiaeconomica.com.br\/wp\/2022\/03\/10\/senado-aprova-projeto-que-cria-sistema-nacional-de-educacao\/\",\"name\":\"SENADO APROVA PROJETO QUE CRIA SISTEMA NACIONAL DE EDUCA\u00c7\u00c3O - Bahia Economica\",\"isPartOf\":{\"@id\":\"https:\/\/bahiaeconomica.com.br\/wp\/#website\"},\"datePublished\":\"2022-03-10T09:55:02+00:00\",\"dateModified\":\"2022-03-10T10:04:07+00:00\",\"description\":\"O maior portal de Economia da Bahia ECONOMIA \/ POL\u00cdTICA Bahia Economica\",\"breadcrumb\":{\"@id\":\"https:\/\/bahiaeconomica.com.br\/wp\/2022\/03\/10\/senado-aprova-projeto-que-cria-sistema-nacional-de-educacao\/#breadcrumb\"},\"inLanguage\":\"pt-BR\",\"potentialAction\":[{\"@type\":\"ReadAction\",\"target\":[\"https:\/\/bahiaeconomica.com.br\/wp\/2022\/03\/10\/senado-aprova-projeto-que-cria-sistema-nacional-de-educacao\/\"]}]},{\"@type\":\"BreadcrumbList\",\"@id\":\"https:\/\/bahiaeconomica.com.br\/wp\/2022\/03\/10\/senado-aprova-projeto-que-cria-sistema-nacional-de-educacao\/#breadcrumb\",\"itemListElement\":[{\"@type\":\"ListItem\",\"position\":1,\"name\":\"In\u00edcio\",\"item\":\"https:\/\/bahiaeconomica.com.br\/wp\/\"},{\"@type\":\"ListItem\",\"position\":2,\"name\":\"SENADO APROVA PROJETO QUE CRIA SISTEMA NACIONAL DE EDUCA\u00c7\u00c3O\"}]},{\"@type\":\"WebSite\",\"@id\":\"https:\/\/bahiaeconomica.com.br\/wp\/#website\",\"url\":\"https:\/\/bahiaeconomica.com.br\/wp\/\",\"name\":\"Bahia Economica\",\"description\":\"O maior portal de Economia da Bahia\",\"publisher\":{\"@id\":\"https:\/\/bahiaeconomica.com.br\/wp\/#organization\"},\"potentialAction\":[{\"@type\":\"SearchAction\",\"target\":{\"@type\":\"EntryPoint\",\"urlTemplate\":\"https:\/\/bahiaeconomica.com.br\/wp\/?s={search_term_string}\"},\"query-input\":\"required name=search_term_string\"}],\"inLanguage\":\"pt-BR\"},{\"@type\":\"Organization\",\"@id\":\"https:\/\/bahiaeconomica.com.br\/wp\/#organization\",\"name\":\"Bahia Econ\u00f4mica\",\"url\":\"https:\/\/bahiaeconomica.com.br\/wp\/\",\"logo\":{\"@type\":\"ImageObject\",\"inLanguage\":\"pt-BR\",\"@id\":\"https:\/\/bahiaeconomica.com.br\/wp\/#\/schema\/logo\/image\/\",\"url\":\"https:\/\/bahiaeconomica.com.br\/wp\/wp-content\/uploads\/2020\/12\/cropped-BE.png\",\"contentUrl\":\"https:\/\/bahiaeconomica.com.br\/wp\/wp-content\/uploads\/2020\/12\/cropped-BE.png\",\"width\":512,\"height\":512,\"caption\":\"Bahia Econ\u00f4mica\"},\"image\":{\"@id\":\"https:\/\/bahiaeconomica.com.br\/wp\/#\/schema\/logo\/image\/\"},\"sameAs\":[\"https:\/\/www.facebook.com\/bahiaeconomica\"]},{\"@type\":\"Person\",\"@id\":\"https:\/\/bahiaeconomica.com.br\/wp\/#\/schema\/person\/cb1ab5ba96ad3d9390805381c76284ec\",\"name\":\"admin\",\"url\":\"https:\/\/bahiaeconomica.com.br\/wp\/author\/admin\/\"}]}<\/script>\n<!-- \/ Yoast SEO plugin. -->","yoast_head_json":{"title":"SENADO APROVA PROJETO QUE CRIA SISTEMA NACIONAL DE EDUCA\u00c7\u00c3O - Bahia Economica","description":"O maior portal de Economia da Bahia ECONOMIA \/ POL\u00cdTICA Bahia Economica","robots":{"index":"index","follow":"follow","max-snippet":"max-snippet:-1","max-image-preview":"max-image-preview:large","max-video-preview":"max-video-preview:-1"},"canonical":"https:\/\/bahiaeconomica.com.br\/wp\/2022\/03\/10\/senado-aprova-projeto-que-cria-sistema-nacional-de-educacao\/","og_locale":"pt_BR","og_type":"article","og_title":"SENADO APROVA PROJETO QUE CRIA SISTEMA NACIONAL DE EDUCA\u00c7\u00c3O - Bahia Economica","og_description":"O maior portal de Economia da Bahia ECONOMIA \/ POL\u00cdTICA Bahia Economica","og_url":"https:\/\/bahiaeconomica.com.br\/wp\/2022\/03\/10\/senado-aprova-projeto-que-cria-sistema-nacional-de-educacao\/","og_site_name":"Bahia Economica","article_publisher":"https:\/\/www.facebook.com\/bahiaeconomica","article_published_time":"2022-03-10T09:55:02+00:00","article_modified_time":"2022-03-10T10:04:07+00:00","og_image":[{"width":500,"height":300,"url":"https:\/\/bahiaeconomica.com.br\/wp\/wp-content\/uploads\/2021\/11\/asenado.jpg","type":"image\/jpeg"}],"author":"admin","twitter_card":"summary_large_image","twitter_misc":{"Escrito por":"admin","Est. tempo de leitura":"3 minutos"},"schema":{"@context":"https:\/\/schema.org","@graph":[{"@type":"Article","@id":"https:\/\/bahiaeconomica.com.br\/wp\/2022\/03\/10\/senado-aprova-projeto-que-cria-sistema-nacional-de-educacao\/#article","isPartOf":{"@id":"https:\/\/bahiaeconomica.com.br\/wp\/2022\/03\/10\/senado-aprova-projeto-que-cria-sistema-nacional-de-educacao\/"},"author":{"name":"admin","@id":"https:\/\/bahiaeconomica.com.br\/wp\/#\/schema\/person\/cb1ab5ba96ad3d9390805381c76284ec"},"headline":"SENADO APROVA PROJETO QUE CRIA SISTEMA NACIONAL DE EDUCA\u00c7\u00c3O","datePublished":"2022-03-10T09:55:02+00:00","dateModified":"2022-03-10T10:04:07+00:00","mainEntityOfPage":{"@id":"https:\/\/bahiaeconomica.com.br\/wp\/2022\/03\/10\/senado-aprova-projeto-que-cria-sistema-nacional-de-educacao\/"},"wordCount":652,"publisher":{"@id":"https:\/\/bahiaeconomica.com.br\/wp\/#organization"},"keywords":["Brasil","prova","senado"],"articleSection":["ECONOMIA \/ POL\u00cdTICA"],"inLanguage":"pt-BR"},{"@type":"WebPage","@id":"https:\/\/bahiaeconomica.com.br\/wp\/2022\/03\/10\/senado-aprova-projeto-que-cria-sistema-nacional-de-educacao\/","url":"https:\/\/bahiaeconomica.com.br\/wp\/2022\/03\/10\/senado-aprova-projeto-que-cria-sistema-nacional-de-educacao\/","name":"SENADO APROVA PROJETO QUE CRIA SISTEMA NACIONAL DE EDUCA\u00c7\u00c3O - Bahia Economica","isPartOf":{"@id":"https:\/\/bahiaeconomica.com.br\/wp\/#website"},"datePublished":"2022-03-10T09:55:02+00:00","dateModified":"2022-03-10T10:04:07+00:00","description":"O maior portal de Economia da Bahia ECONOMIA \/ POL\u00cdTICA Bahia Economica","breadcrumb":{"@id":"https:\/\/bahiaeconomica.com.br\/wp\/2022\/03\/10\/senado-aprova-projeto-que-cria-sistema-nacional-de-educacao\/#breadcrumb"},"inLanguage":"pt-BR","potentialAction":[{"@type":"ReadAction","target":["https:\/\/bahiaeconomica.com.br\/wp\/2022\/03\/10\/senado-aprova-projeto-que-cria-sistema-nacional-de-educacao\/"]}]},{"@type":"BreadcrumbList","@id":"https:\/\/bahiaeconomica.com.br\/wp\/2022\/03\/10\/senado-aprova-projeto-que-cria-sistema-nacional-de-educacao\/#breadcrumb","itemListElement":[{"@type":"ListItem","position":1,"name":"In\u00edcio","item":"https:\/\/bahiaeconomica.com.br\/wp\/"},{"@type":"ListItem","position":2,"name":"SENADO APROVA PROJETO QUE CRIA SISTEMA NACIONAL DE EDUCA\u00c7\u00c3O"}]},{"@type":"WebSite","@id":"https:\/\/bahiaeconomica.com.br\/wp\/#website","url":"https:\/\/bahiaeconomica.com.br\/wp\/","name":"Bahia Economica","description":"O maior portal de Economia da Bahia","publisher":{"@id":"https:\/\/bahiaeconomica.com.br\/wp\/#organization"},"potentialAction":[{"@type":"SearchAction","target":{"@type":"EntryPoint","urlTemplate":"https:\/\/bahiaeconomica.com.br\/wp\/?s={search_term_string}"},"query-input":"required name=search_term_string"}],"inLanguage":"pt-BR"},{"@type":"Organization","@id":"https:\/\/bahiaeconomica.com.br\/wp\/#organization","name":"Bahia Econ\u00f4mica","url":"https:\/\/bahiaeconomica.com.br\/wp\/","logo":{"@type":"ImageObject","inLanguage":"pt-BR","@id":"https:\/\/bahiaeconomica.com.br\/wp\/#\/schema\/logo\/image\/","url":"https:\/\/bahiaeconomica.com.br\/wp\/wp-content\/uploads\/2020\/12\/cropped-BE.png","contentUrl":"https:\/\/bahiaeconomica.com.br\/wp\/wp-content\/uploads\/2020\/12\/cropped-BE.png","width":512,"height":512,"caption":"Bahia Econ\u00f4mica"},"image":{"@id":"https:\/\/bahiaeconomica.com.br\/wp\/#\/schema\/logo\/image\/"},"sameAs":["https:\/\/www.facebook.com\/bahiaeconomica"]},{"@type":"Person","@id":"https:\/\/bahiaeconomica.com.br\/wp\/#\/schema\/person\/cb1ab5ba96ad3d9390805381c76284ec","name":"admin","url":"https:\/\/bahiaeconomica.com.br\/wp\/author\/admin\/"}]}},"views":1,"_links":{"self":[{"href":"https:\/\/bahiaeconomica.com.br\/wp\/wp-json\/wp\/v2\/posts\/646971"}],"collection":[{"href":"https:\/\/bahiaeconomica.com.br\/wp\/wp-json\/wp\/v2\/posts"}],"about":[{"href":"https:\/\/bahiaeconomica.com.br\/wp\/wp-json\/wp\/v2\/types\/post"}],"author":[{"embeddable":true,"href":"https:\/\/bahiaeconomica.com.br\/wp\/wp-json\/wp\/v2\/users\/1"}],"replies":[{"embeddable":true,"href":"https:\/\/bahiaeconomica.com.br\/wp\/wp-json\/wp\/v2\/comments?post=646971"}],"version-history":[{"count":1,"href":"https:\/\/bahiaeconomica.com.br\/wp\/wp-json\/wp\/v2\/posts\/646971\/revisions"}],"predecessor-version":[{"id":646973,"href":"https:\/\/bahiaeconomica.com.br\/wp\/wp-json\/wp\/v2\/posts\/646971\/revisions\/646973"}],"wp:featuredmedia":[{"embeddable":true,"href":"https:\/\/bahiaeconomica.com.br\/wp\/wp-json\/wp\/v2\/media\/618029"}],"wp:attachment":[{"href":"https:\/\/bahiaeconomica.com.br\/wp\/wp-json\/wp\/v2\/media?parent=646971"}],"wp:term":[{"taxonomy":"category","embeddable":true,"href":"https:\/\/bahiaeconomica.com.br\/wp\/wp-json\/wp\/v2\/categories?post=646971"},{"taxonomy":"post_tag","embeddable":true,"href":"https:\/\/bahiaeconomica.com.br\/wp\/wp-json\/wp\/v2\/tags?post=646971"}],"curies":[{"name":"wp","href":"https:\/\/api.w.org\/{rel}","templated":true}]}}