{"id":646208,"date":"2022-03-08T07:08:41","date_gmt":"2022-03-08T10:08:41","guid":{"rendered":"https:\/\/bahiaeconomica.com.br\/wp\/beta\/?p=646208"},"modified":"2022-03-08T09:29:28","modified_gmt":"2022-03-08T12:29:28","slug":"baiano-assume-presidencia-de-engenharia-e-construcao-do-grupo-novonor","status":"publish","type":"post","link":"https:\/\/bahiaeconomica.com.br\/wp\/2022\/03\/08\/baiano-assume-presidencia-de-engenharia-e-construcao-do-grupo-novonor\/","title":{"rendered":"BAIANO ASSUME PRESID\u00caNCIA DE ENGENHARIA E CONSTRU\u00c7\u00c3O DO GRUPO NOVONOR"},"content":{"rendered":"<p>O engenheiro baiano Mauricio Cruz Lopes, 47 anos,\u00a0 assumiu o neg\u00f3cio de engenharia e constru\u00e7\u00e3o do Grupo Novonor. Ap\u00f3s delibera\u00e7\u00e3o e aprova\u00e7\u00e3o do Conselho de Administra\u00e7\u00e3o,<!--more--> Mauricio Lopes, at\u00e9 ent\u00e3o Diretor Superintendente da OEC para Am\u00e9rica Latina, assume como presidente da OEC, neg\u00f3cio de engenharia e constru\u00e7\u00e3o do Grupo Novonor. Em sua trajet\u00f3ria de 25 anos na holding Novonor, onde iniciou sua carreira como estagi\u00e1rio, o engenheiro adquiriu s\u00f3lida experi\u00eancia no Brasil e exterior, atuando em engenharia e constru\u00e7\u00e3o, em empreendimentos imobili\u00e1rios pela OR e como CEO da OLI, bra\u00e7o do grupo para investimento e opera\u00e7\u00e3o de concess\u00f5es de infraestrutura na Am\u00e9rica Latina.<\/p>\n<p>Liderou diversos projetos de grande porte e alta complexidade com clientes p\u00fablicos e privados, alguns em cons\u00f3rcios e sociedades com empresas brasileiras, peruanas, europeias e americanas. Nos \u00faltimos anos, teve papel central na transforma\u00e7\u00e3o empresarial (turnaround) da OEC, incluindo a estabiliza\u00e7\u00e3o da opera\u00e7\u00e3o no mercado peruano, assim como na reestrutura\u00e7\u00e3o financeira do Grupo Novonor atrav\u00e9s da conclus\u00e3o de vendas de ativos e participa\u00e7\u00f5es societ\u00e1rias (M&amp;A\u2019s), a exemplo da Hidroel\u00e9trica de Chaglla, vendida em 2019 por US$ 1,4 bilh\u00e3o.<\/p>\n<p>O executivo substitui Marco Siqueira, que completou 15 anos como integrante da Novonor, e foi CEO da OR entre 2018 e 2020, quando assumiu a presid\u00eancia da OEC, at\u00e9 a presente data. Sob sua lideran\u00e7a, a OEC completou mais um ciclo de sua retomada, mantendo seus sistemas de integridade e governan\u00e7a nos mais altos padr\u00f5es internacionais, sendo estes reconhecidos com as certifica\u00e7\u00f5es dos \u00f3rg\u00e3os de monitoria e selo internacional ISO 37001. Al\u00e9m disso, finalizou com sucesso a reestrutura\u00e7\u00e3o financeira de U$ 3,5 Bi de d\u00edvidas garantidas pela OEC e ampliou sua carteira de projetos em U$ 1 Bi. Ap\u00f3s concluir o processo natural de transi\u00e7\u00e3o com Mauricio, seguir\u00e1 para novos desafios profissionais e pessoais, preservando seu importante esp\u00edrito de parceria com o Grupo Novonor.<\/p>\n<p>Foto: divulga\u00e7\u00e3o<\/p>\n","protected":false},"excerpt":{"rendered":"<p>O engenheiro baiano Mauricio Cruz Lopes, 47 anos,\u00a0 assumiu o neg\u00f3cio de engenharia e constru\u00e7\u00e3o do Grupo Novonor. Ap\u00f3s delibera\u00e7\u00e3o e aprova\u00e7\u00e3o do Conselho de Administra\u00e7\u00e3o,<\/p>\n","protected":false},"author":1,"featured_media":646210,"comment_status":"closed","ping_status":"closed","sticky":false,"template":"","format":"standard","meta":[],"categories":[3],"tags":[1140,4218,1163],"acf":[],"yoast_head":"<!-- This site is optimized with the Yoast SEO plugin v20.8 - https:\/\/yoast.com\/wordpress\/plugins\/seo\/ -->\n<title>BAIANO ASSUME PRESID\u00caNCIA DE ENGENHARIA E CONSTRU\u00c7\u00c3O DO GRUPO NOVONOR - Bahia Economica<\/title>\n<meta name=\"description\" content=\"O maior portal de Economia da Bahia ECONOMIA \/ POL\u00cdTICA Bahia Economica\" \/>\n<meta name=\"robots\" content=\"index, follow, max-snippet:-1, max-image-preview:large, max-video-preview:-1\" \/>\n<link rel=\"canonical\" href=\"https:\/\/bahiaeconomica.com.br\/wp\/2022\/03\/08\/baiano-assume-presidencia-de-engenharia-e-construcao-do-grupo-novonor\/\" \/>\n<meta property=\"og:locale\" content=\"pt_BR\" \/>\n<meta property=\"og:type\" content=\"article\" \/>\n<meta property=\"og:title\" content=\"BAIANO ASSUME PRESID\u00caNCIA DE ENGENHARIA E CONSTRU\u00c7\u00c3O DO GRUPO NOVONOR - Bahia Economica\" \/>\n<meta property=\"og:description\" content=\"O maior portal de Economia da Bahia ECONOMIA \/ POL\u00cdTICA Bahia Economica\" \/>\n<meta property=\"og:url\" content=\"https:\/\/bahiaeconomica.com.br\/wp\/2022\/03\/08\/baiano-assume-presidencia-de-engenharia-e-construcao-do-grupo-novonor\/\" \/>\n<meta property=\"og:site_name\" content=\"Bahia Economica\" \/>\n<meta property=\"article:publisher\" content=\"https:\/\/www.facebook.com\/bahiaeconomica\" \/>\n<meta property=\"article:published_time\" content=\"2022-03-08T10:08:41+00:00\" \/>\n<meta property=\"article:modified_time\" content=\"2022-03-08T12:29:28+00:00\" \/>\n<meta property=\"og:image\" content=\"https:\/\/bahiaeconomica.com.br\/wp\/wp-content\/uploads\/2022\/03\/csm_Mauricio_Cruz_Lopes_61fc48c092.jpg\" \/>\n\t<meta property=\"og:image:width\" content=\"940\" \/>\n\t<meta property=\"og:image:height\" content=\"627\" \/>\n\t<meta property=\"og:image:type\" content=\"image\/jpeg\" \/>\n<meta name=\"author\" content=\"admin\" \/>\n<meta name=\"twitter:card\" content=\"summary_large_image\" \/>\n<meta name=\"twitter:label1\" content=\"Escrito por\" \/>\n\t<meta name=\"twitter:data1\" content=\"admin\" \/>\n\t<meta name=\"twitter:label2\" content=\"Est. tempo de leitura\" \/>\n\t<meta name=\"twitter:data2\" content=\"2 minutos\" \/>\n<script type=\"application\/ld+json\" class=\"yoast-schema-graph\">{\"@context\":\"https:\/\/schema.org\",\"@graph\":[{\"@type\":\"Article\",\"@id\":\"https:\/\/bahiaeconomica.com.br\/wp\/2022\/03\/08\/baiano-assume-presidencia-de-engenharia-e-construcao-do-grupo-novonor\/#article\",\"isPartOf\":{\"@id\":\"https:\/\/bahiaeconomica.com.br\/wp\/2022\/03\/08\/baiano-assume-presidencia-de-engenharia-e-construcao-do-grupo-novonor\/\"},\"author\":{\"name\":\"admin\",\"@id\":\"https:\/\/bahiaeconomica.com.br\/wp\/#\/schema\/person\/cb1ab5ba96ad3d9390805381c76284ec\"},\"headline\":\"BAIANO ASSUME PRESID\u00caNCIA DE ENGENHARIA E CONSTRU\u00c7\u00c3O DO GRUPO NOVONOR\",\"datePublished\":\"2022-03-08T10:08:41+00:00\",\"dateModified\":\"2022-03-08T12:29:28+00:00\",\"mainEntityOfPage\":{\"@id\":\"https:\/\/bahiaeconomica.com.br\/wp\/2022\/03\/08\/baiano-assume-presidencia-de-engenharia-e-construcao-do-grupo-novonor\/\"},\"wordCount\":357,\"publisher\":{\"@id\":\"https:\/\/bahiaeconomica.com.br\/wp\/#organization\"},\"keywords\":[\"baiano\",\"Novonor\",\"presidente\"],\"articleSection\":[\"ECONOMIA \/ POL\u00cdTICA\"],\"inLanguage\":\"pt-BR\"},{\"@type\":\"WebPage\",\"@id\":\"https:\/\/bahiaeconomica.com.br\/wp\/2022\/03\/08\/baiano-assume-presidencia-de-engenharia-e-construcao-do-grupo-novonor\/\",\"url\":\"https:\/\/bahiaeconomica.com.br\/wp\/2022\/03\/08\/baiano-assume-presidencia-de-engenharia-e-construcao-do-grupo-novonor\/\",\"name\":\"BAIANO ASSUME PRESID\u00caNCIA DE ENGENHARIA E CONSTRU\u00c7\u00c3O DO GRUPO NOVONOR - Bahia Economica\",\"isPartOf\":{\"@id\":\"https:\/\/bahiaeconomica.com.br\/wp\/#website\"},\"datePublished\":\"2022-03-08T10:08:41+00:00\",\"dateModified\":\"2022-03-08T12:29:28+00:00\",\"description\":\"O maior portal de Economia da Bahia ECONOMIA \/ POL\u00cdTICA Bahia Economica\",\"breadcrumb\":{\"@id\":\"https:\/\/bahiaeconomica.com.br\/wp\/2022\/03\/08\/baiano-assume-presidencia-de-engenharia-e-construcao-do-grupo-novonor\/#breadcrumb\"},\"inLanguage\":\"pt-BR\",\"potentialAction\":[{\"@type\":\"ReadAction\",\"target\":[\"https:\/\/bahiaeconomica.com.br\/wp\/2022\/03\/08\/baiano-assume-presidencia-de-engenharia-e-construcao-do-grupo-novonor\/\"]}]},{\"@type\":\"BreadcrumbList\",\"@id\":\"https:\/\/bahiaeconomica.com.br\/wp\/2022\/03\/08\/baiano-assume-presidencia-de-engenharia-e-construcao-do-grupo-novonor\/#breadcrumb\",\"itemListElement\":[{\"@type\":\"ListItem\",\"position\":1,\"name\":\"In\u00edcio\",\"item\":\"https:\/\/bahiaeconomica.com.br\/wp\/\"},{\"@type\":\"ListItem\",\"position\":2,\"name\":\"BAIANO ASSUME PRESID\u00caNCIA DE ENGENHARIA E CONSTRU\u00c7\u00c3O DO GRUPO NOVONOR\"}]},{\"@type\":\"WebSite\",\"@id\":\"https:\/\/bahiaeconomica.com.br\/wp\/#website\",\"url\":\"https:\/\/bahiaeconomica.com.br\/wp\/\",\"name\":\"Bahia Economica\",\"description\":\"O maior portal de Economia da Bahia\",\"publisher\":{\"@id\":\"https:\/\/bahiaeconomica.com.br\/wp\/#organization\"},\"potentialAction\":[{\"@type\":\"SearchAction\",\"target\":{\"@type\":\"EntryPoint\",\"urlTemplate\":\"https:\/\/bahiaeconomica.com.br\/wp\/?s={search_term_string}\"},\"query-input\":\"required name=search_term_string\"}],\"inLanguage\":\"pt-BR\"},{\"@type\":\"Organization\",\"@id\":\"https:\/\/bahiaeconomica.com.br\/wp\/#organization\",\"name\":\"Bahia Econ\u00f4mica\",\"url\":\"https:\/\/bahiaeconomica.com.br\/wp\/\",\"logo\":{\"@type\":\"ImageObject\",\"inLanguage\":\"pt-BR\",\"@id\":\"https:\/\/bahiaeconomica.com.br\/wp\/#\/schema\/logo\/image\/\",\"url\":\"https:\/\/bahiaeconomica.com.br\/wp\/wp-content\/uploads\/2020\/12\/cropped-BE.png\",\"contentUrl\":\"https:\/\/bahiaeconomica.com.br\/wp\/wp-content\/uploads\/2020\/12\/cropped-BE.png\",\"width\":512,\"height\":512,\"caption\":\"Bahia Econ\u00f4mica\"},\"image\":{\"@id\":\"https:\/\/bahiaeconomica.com.br\/wp\/#\/schema\/logo\/image\/\"},\"sameAs\":[\"https:\/\/www.facebook.com\/bahiaeconomica\"]},{\"@type\":\"Person\",\"@id\":\"https:\/\/bahiaeconomica.com.br\/wp\/#\/schema\/person\/cb1ab5ba96ad3d9390805381c76284ec\",\"name\":\"admin\",\"url\":\"https:\/\/bahiaeconomica.com.br\/wp\/author\/admin\/\"}]}<\/script>\n<!-- \/ Yoast SEO plugin. -->","yoast_head_json":{"title":"BAIANO ASSUME PRESID\u00caNCIA DE ENGENHARIA E CONSTRU\u00c7\u00c3O DO GRUPO NOVONOR - Bahia Economica","description":"O maior portal de Economia da Bahia ECONOMIA \/ POL\u00cdTICA Bahia Economica","robots":{"index":"index","follow":"follow","max-snippet":"max-snippet:-1","max-image-preview":"max-image-preview:large","max-video-preview":"max-video-preview:-1"},"canonical":"https:\/\/bahiaeconomica.com.br\/wp\/2022\/03\/08\/baiano-assume-presidencia-de-engenharia-e-construcao-do-grupo-novonor\/","og_locale":"pt_BR","og_type":"article","og_title":"BAIANO ASSUME PRESID\u00caNCIA DE ENGENHARIA E CONSTRU\u00c7\u00c3O DO GRUPO NOVONOR - Bahia Economica","og_description":"O maior portal de Economia da Bahia ECONOMIA \/ POL\u00cdTICA Bahia Economica","og_url":"https:\/\/bahiaeconomica.com.br\/wp\/2022\/03\/08\/baiano-assume-presidencia-de-engenharia-e-construcao-do-grupo-novonor\/","og_site_name":"Bahia Economica","article_publisher":"https:\/\/www.facebook.com\/bahiaeconomica","article_published_time":"2022-03-08T10:08:41+00:00","article_modified_time":"2022-03-08T12:29:28+00:00","og_image":[{"width":940,"height":627,"url":"https:\/\/bahiaeconomica.com.br\/wp\/wp-content\/uploads\/2022\/03\/csm_Mauricio_Cruz_Lopes_61fc48c092.jpg","type":"image\/jpeg"}],"author":"admin","twitter_card":"summary_large_image","twitter_misc":{"Escrito por":"admin","Est. tempo de leitura":"2 minutos"},"schema":{"@context":"https:\/\/schema.org","@graph":[{"@type":"Article","@id":"https:\/\/bahiaeconomica.com.br\/wp\/2022\/03\/08\/baiano-assume-presidencia-de-engenharia-e-construcao-do-grupo-novonor\/#article","isPartOf":{"@id":"https:\/\/bahiaeconomica.com.br\/wp\/2022\/03\/08\/baiano-assume-presidencia-de-engenharia-e-construcao-do-grupo-novonor\/"},"author":{"name":"admin","@id":"https:\/\/bahiaeconomica.com.br\/wp\/#\/schema\/person\/cb1ab5ba96ad3d9390805381c76284ec"},"headline":"BAIANO ASSUME PRESID\u00caNCIA DE ENGENHARIA E CONSTRU\u00c7\u00c3O DO GRUPO NOVONOR","datePublished":"2022-03-08T10:08:41+00:00","dateModified":"2022-03-08T12:29:28+00:00","mainEntityOfPage":{"@id":"https:\/\/bahiaeconomica.com.br\/wp\/2022\/03\/08\/baiano-assume-presidencia-de-engenharia-e-construcao-do-grupo-novonor\/"},"wordCount":357,"publisher":{"@id":"https:\/\/bahiaeconomica.com.br\/wp\/#organization"},"keywords":["baiano","Novonor","presidente"],"articleSection":["ECONOMIA \/ POL\u00cdTICA"],"inLanguage":"pt-BR"},{"@type":"WebPage","@id":"https:\/\/bahiaeconomica.com.br\/wp\/2022\/03\/08\/baiano-assume-presidencia-de-engenharia-e-construcao-do-grupo-novonor\/","url":"https:\/\/bahiaeconomica.com.br\/wp\/2022\/03\/08\/baiano-assume-presidencia-de-engenharia-e-construcao-do-grupo-novonor\/","name":"BAIANO ASSUME PRESID\u00caNCIA DE ENGENHARIA E CONSTRU\u00c7\u00c3O DO GRUPO NOVONOR - Bahia Economica","isPartOf":{"@id":"https:\/\/bahiaeconomica.com.br\/wp\/#website"},"datePublished":"2022-03-08T10:08:41+00:00","dateModified":"2022-03-08T12:29:28+00:00","description":"O maior portal de Economia da Bahia ECONOMIA \/ POL\u00cdTICA Bahia Economica","breadcrumb":{"@id":"https:\/\/bahiaeconomica.com.br\/wp\/2022\/03\/08\/baiano-assume-presidencia-de-engenharia-e-construcao-do-grupo-novonor\/#breadcrumb"},"inLanguage":"pt-BR","potentialAction":[{"@type":"ReadAction","target":["https:\/\/bahiaeconomica.com.br\/wp\/2022\/03\/08\/baiano-assume-presidencia-de-engenharia-e-construcao-do-grupo-novonor\/"]}]},{"@type":"BreadcrumbList","@id":"https:\/\/bahiaeconomica.com.br\/wp\/2022\/03\/08\/baiano-assume-presidencia-de-engenharia-e-construcao-do-grupo-novonor\/#breadcrumb","itemListElement":[{"@type":"ListItem","position":1,"name":"In\u00edcio","item":"https:\/\/bahiaeconomica.com.br\/wp\/"},{"@type":"ListItem","position":2,"name":"BAIANO ASSUME PRESID\u00caNCIA DE ENGENHARIA E CONSTRU\u00c7\u00c3O DO GRUPO NOVONOR"}]},{"@type":"WebSite","@id":"https:\/\/bahiaeconomica.com.br\/wp\/#website","url":"https:\/\/bahiaeconomica.com.br\/wp\/","name":"Bahia Economica","description":"O maior portal de Economia da Bahia","publisher":{"@id":"https:\/\/bahiaeconomica.com.br\/wp\/#organization"},"potentialAction":[{"@type":"SearchAction","target":{"@type":"EntryPoint","urlTemplate":"https:\/\/bahiaeconomica.com.br\/wp\/?s={search_term_string}"},"query-input":"required name=search_term_string"}],"inLanguage":"pt-BR"},{"@type":"Organization","@id":"https:\/\/bahiaeconomica.com.br\/wp\/#organization","name":"Bahia Econ\u00f4mica","url":"https:\/\/bahiaeconomica.com.br\/wp\/","logo":{"@type":"ImageObject","inLanguage":"pt-BR","@id":"https:\/\/bahiaeconomica.com.br\/wp\/#\/schema\/logo\/image\/","url":"https:\/\/bahiaeconomica.com.br\/wp\/wp-content\/uploads\/2020\/12\/cropped-BE.png","contentUrl":"https:\/\/bahiaeconomica.com.br\/wp\/wp-content\/uploads\/2020\/12\/cropped-BE.png","width":512,"height":512,"caption":"Bahia Econ\u00f4mica"},"image":{"@id":"https:\/\/bahiaeconomica.com.br\/wp\/#\/schema\/logo\/image\/"},"sameAs":["https:\/\/www.facebook.com\/bahiaeconomica"]},{"@type":"Person","@id":"https:\/\/bahiaeconomica.com.br\/wp\/#\/schema\/person\/cb1ab5ba96ad3d9390805381c76284ec","name":"admin","url":"https:\/\/bahiaeconomica.com.br\/wp\/author\/admin\/"}]}},"views":6,"_links":{"self":[{"href":"https:\/\/bahiaeconomica.com.br\/wp\/wp-json\/wp\/v2\/posts\/646208"}],"collection":[{"href":"https:\/\/bahiaeconomica.com.br\/wp\/wp-json\/wp\/v2\/posts"}],"about":[{"href":"https:\/\/bahiaeconomica.com.br\/wp\/wp-json\/wp\/v2\/types\/post"}],"author":[{"embeddable":true,"href":"https:\/\/bahiaeconomica.com.br\/wp\/wp-json\/wp\/v2\/users\/1"}],"replies":[{"embeddable":true,"href":"https:\/\/bahiaeconomica.com.br\/wp\/wp-json\/wp\/v2\/comments?post=646208"}],"version-history":[{"count":3,"href":"https:\/\/bahiaeconomica.com.br\/wp\/wp-json\/wp\/v2\/posts\/646208\/revisions"}],"predecessor-version":[{"id":646283,"href":"https:\/\/bahiaeconomica.com.br\/wp\/wp-json\/wp\/v2\/posts\/646208\/revisions\/646283"}],"wp:featuredmedia":[{"embeddable":true,"href":"https:\/\/bahiaeconomica.com.br\/wp\/wp-json\/wp\/v2\/media\/646210"}],"wp:attachment":[{"href":"https:\/\/bahiaeconomica.com.br\/wp\/wp-json\/wp\/v2\/media?parent=646208"}],"wp:term":[{"taxonomy":"category","embeddable":true,"href":"https:\/\/bahiaeconomica.com.br\/wp\/wp-json\/wp\/v2\/categories?post=646208"},{"taxonomy":"post_tag","embeddable":true,"href":"https:\/\/bahiaeconomica.com.br\/wp\/wp-json\/wp\/v2\/tags?post=646208"}],"curies":[{"name":"wp","href":"https:\/\/api.w.org\/{rel}","templated":true}]}}