{"id":645883,"date":"2022-03-07T11:00:25","date_gmt":"2022-03-07T14:00:25","guid":{"rendered":"https:\/\/bahiaeconomica.com.br\/wp\/beta\/?p=645883"},"modified":"2022-03-07T11:00:25","modified_gmt":"2022-03-07T14:00:25","slug":"defensoria-da-bahia-cobra-instalacao-de-cameras-em-fardas-de-policiais","status":"publish","type":"post","link":"https:\/\/bahiaeconomica.com.br\/wp\/2022\/03\/07\/defensoria-da-bahia-cobra-instalacao-de-cameras-em-fardas-de-policiais\/","title":{"rendered":"DEFENSORIA DA BAHIA COBRA INSTALA\u00c7\u00c3O DE C\u00c2MERAS EM FARDAS DE POLICIAIS"},"content":{"rendered":"<p>A Defensoria P\u00fablica da Bahia (DP-BA) cobrou informa\u00e7\u00f5es da Secretaria de Seguran\u00e7a P\u00fablica (SSP) sobre o processo licitat\u00f3rio de aquisi\u00e7\u00e3o e implementa\u00e7\u00e3o de c\u00e2meras de filmagem nas fardas policiais.<!--more--> O pedido foi feito atrav\u00e9s da prerrogativa de requisi\u00e7\u00e3o, na \u00faltima quinta-feira (3), ap\u00f3s a morte de tr\u00eas jovens na Gamboa, em Salvador.<\/p>\n<p>De acordo com a Pol\u00edcia Militar, as mortes ocorreram como autos de resist\u00eancia \u00e0 pris\u00e3o, j\u00e1 que os agentes de seguran\u00e7a teriam sido recebidos a tiros. Por\u00e9m, os moradores da comunidade afirmam que os jovens estavam desarmados e foram executados. Segundo os relatos dados \u00e0 m\u00eddia local, os policiais militares respons\u00e1veis, al\u00e9m disso, teriam chegado ao local atirando, insultando os moradores e adulteraram a cena do crime cometido contra os jovens.<\/p>\n<p>\u201cA Defensoria vem acompanhando o processo de aquisi\u00e7\u00e3o das c\u00e2meras desde o in\u00edcio do ano passado, quando iniciamos a revis\u00e3o da cartilha da abordagem policial. Depois disso, enviamos a nota t\u00e9cnica. Este caso da Gamboa refor\u00e7a a necessidade da imediata implementa\u00e7\u00e3o desses dispositivos. N\u00e3o queremos que mais ningu\u00e9m, nenhuma fam\u00edlia, nenhuma pessoa, nenhum jovem negro passe novamente por essa situa\u00e7\u00e3o\u201d, pontua a coordenadora da Especializada de Direitos Humanos da Defensoria, L\u00edvia Almeida.<\/p>\n<p>Para o defensor p\u00fablico e coordenador da \u00e1rea penal do N\u00facleo de Integra\u00e7\u00e3o da DP-BA, Maur\u00edcio Saporito, a justi\u00e7a penal confere hoje um valor maior \u00e0 palavra dos agentes de seguran\u00e7a em raz\u00e3o da extens\u00e3o do conceito de direito administrativo que confere aos servidores p\u00fablicos a dita \u201cf\u00e9 p\u00fablica\u201d quanto aos seus testemunhos, o que gera grande impacto no resultado das investiga\u00e7\u00f5es. \u201cNeste caso estamos a lidar com a palavra dos policiais contra a palavra dos populares da comunidade, que j\u00e1 sofrem com um problema hist\u00f3rico cultural de preconceito por sua condi\u00e7\u00e3o. Se o equipamento estivesse em uso, n\u00e3o depender\u00edamos da fala dos policiais ou dos testemunhos dos locais.\u00a0 Haveria um registro muito mais fidedigno da ocorr\u00eancia e mais conhecimento sobre o que ocorreu, papel principal da investiga\u00e7\u00e3o\u201d, argumenta Maur\u00edcio Saporito.<\/p>\n<p>Entre outras colabora\u00e7\u00f5es realizadas pela Defensoria junto ao Grupo de Trabalho da SSP, a Institui\u00e7\u00e3o postulou, em nota t\u00e9cnica, que a implanta\u00e7\u00e3o do sistema conte com participa\u00e7\u00e3o de representantes de institui\u00e7\u00f5es p\u00fablicas e da sociedade civil. O documento apontou tamb\u00e9m para a aplica\u00e7\u00e3o do projeto em batalh\u00f5es com alto \u00edndice de letalidade ou de reclama\u00e7\u00f5es perante a Ouvidoria e Corregedorias da SSP e da Pol\u00edcia Militar e a necessidade de controle r\u00edgido de resultados, com ado\u00e7\u00e3o de prazos de an\u00e1lises definidos.<\/p>\n<p>No of\u00edcio enviado na quinta, a Defensoria recorda que o F\u00f3rum Brasileiro de Seguran\u00e7a P\u00fablica, que monitora h\u00e1 anos dados da viol\u00eancia policial, demonstra que a execu\u00e7\u00e3o sum\u00e1ria de suspeitos tem zerado em v\u00e1rios batalh\u00f5es da pol\u00edcia do estado de S\u00e3o Paulo ap\u00f3s a ado\u00e7\u00e3o do instrumento. O F\u00f3rum concluiu, ademais, que a maior parte dos casos de letalidade ocorre assim por uso desproporcional da for\u00e7a.<\/p>\n<p>De acordo com o relat\u00f3rio \u201cA Vida Resiste: Al\u00e9m dos Dados da Viol\u00eancia\u201d, da Rede de Observat\u00f3rios da Seguran\u00e7a, a Bahia registrou 461 mortes e 49 pessoas feridas em opera\u00e7\u00f5es policiais no per\u00edodo de junho de 2019 a maio de 2021. O n\u00famero foi o maior entre as capitais do Nordeste pesquisadas, que contou tamb\u00e9m com dados dos estados de Pernambuco e Cear\u00e1.<\/p>\n<p>&nbsp;<\/p>\n<p>Fonte: BN<\/p>\n","protected":false},"excerpt":{"rendered":"<p>A Defensoria P\u00fablica da Bahia (DP-BA) cobrou informa\u00e7\u00f5es da Secretaria de Seguran\u00e7a P\u00fablica (SSP) sobre o processo licitat\u00f3rio de aquisi\u00e7\u00e3o e implementa\u00e7\u00e3o de c\u00e2meras de filmagem nas fardas policiais.<\/p>\n","protected":false},"author":1,"featured_media":645887,"comment_status":"closed","ping_status":"closed","sticky":false,"template":"","format":"standard","meta":[],"categories":[3,692],"tags":[1036],"acf":[],"yoast_head":"<!-- This site is optimized with the Yoast SEO plugin v20.8 - https:\/\/yoast.com\/wordpress\/plugins\/seo\/ -->\n<title>DEFENSORIA DA BAHIA COBRA INSTALA\u00c7\u00c3O DE C\u00c2MERAS EM FARDAS DE POLICIAIS - Bahia Economica<\/title>\n<meta name=\"description\" content=\"O maior portal de Economia da Bahia ECONOMIA \/ POL\u00cdTICA, Justi\u00e7a Bahia Economica\" \/>\n<meta name=\"robots\" content=\"index, follow, max-snippet:-1, max-image-preview:large, max-video-preview:-1\" \/>\n<link rel=\"canonical\" href=\"https:\/\/bahiaeconomica.com.br\/wp\/2022\/03\/07\/defensoria-da-bahia-cobra-instalacao-de-cameras-em-fardas-de-policiais\/\" \/>\n<meta property=\"og:locale\" content=\"pt_BR\" \/>\n<meta property=\"og:type\" content=\"article\" \/>\n<meta property=\"og:title\" content=\"DEFENSORIA DA BAHIA COBRA INSTALA\u00c7\u00c3O DE C\u00c2MERAS EM FARDAS DE POLICIAIS - Bahia Economica\" \/>\n<meta property=\"og:description\" content=\"O maior portal de Economia da Bahia ECONOMIA \/ POL\u00cdTICA, Justi\u00e7a Bahia Economica\" \/>\n<meta property=\"og:url\" content=\"https:\/\/bahiaeconomica.com.br\/wp\/2022\/03\/07\/defensoria-da-bahia-cobra-instalacao-de-cameras-em-fardas-de-policiais\/\" \/>\n<meta property=\"og:site_name\" content=\"Bahia Economica\" \/>\n<meta property=\"article:publisher\" content=\"https:\/\/www.facebook.com\/bahiaeconomica\" \/>\n<meta property=\"article:published_time\" content=\"2022-03-07T14:00:25+00:00\" \/>\n<meta property=\"og:image\" content=\"https:\/\/bahiaeconomica.com.br\/wp\/wp-content\/uploads\/2022\/03\/IMAGEM_NOTICIA_5-31.jpg\" \/>\n\t<meta property=\"og:image:width\" content=\"380\" \/>\n\t<meta property=\"og:image:height\" content=\"280\" \/>\n\t<meta property=\"og:image:type\" content=\"image\/jpeg\" \/>\n<meta name=\"author\" content=\"admin\" \/>\n<meta name=\"twitter:card\" content=\"summary_large_image\" \/>\n<meta name=\"twitter:label1\" content=\"Escrito por\" \/>\n\t<meta name=\"twitter:data1\" content=\"admin\" \/>\n\t<meta name=\"twitter:label2\" content=\"Est. tempo de leitura\" \/>\n\t<meta name=\"twitter:data2\" content=\"3 minutos\" \/>\n<script type=\"application\/ld+json\" class=\"yoast-schema-graph\">{\"@context\":\"https:\/\/schema.org\",\"@graph\":[{\"@type\":\"Article\",\"@id\":\"https:\/\/bahiaeconomica.com.br\/wp\/2022\/03\/07\/defensoria-da-bahia-cobra-instalacao-de-cameras-em-fardas-de-policiais\/#article\",\"isPartOf\":{\"@id\":\"https:\/\/bahiaeconomica.com.br\/wp\/2022\/03\/07\/defensoria-da-bahia-cobra-instalacao-de-cameras-em-fardas-de-policiais\/\"},\"author\":{\"name\":\"admin\",\"@id\":\"https:\/\/bahiaeconomica.com.br\/wp\/#\/schema\/person\/cb1ab5ba96ad3d9390805381c76284ec\"},\"headline\":\"DEFENSORIA DA BAHIA COBRA INSTALA\u00c7\u00c3O DE C\u00c2MERAS EM FARDAS DE POLICIAIS\",\"datePublished\":\"2022-03-07T14:00:25+00:00\",\"dateModified\":\"2022-03-07T14:00:25+00:00\",\"mainEntityOfPage\":{\"@id\":\"https:\/\/bahiaeconomica.com.br\/wp\/2022\/03\/07\/defensoria-da-bahia-cobra-instalacao-de-cameras-em-fardas-de-policiais\/\"},\"wordCount\":633,\"publisher\":{\"@id\":\"https:\/\/bahiaeconomica.com.br\/wp\/#organization\"},\"keywords\":[\"Defensoria P\u00fablica\"],\"articleSection\":[\"ECONOMIA \/ POL\u00cdTICA\",\"Justi\u00e7a\"],\"inLanguage\":\"pt-BR\"},{\"@type\":\"WebPage\",\"@id\":\"https:\/\/bahiaeconomica.com.br\/wp\/2022\/03\/07\/defensoria-da-bahia-cobra-instalacao-de-cameras-em-fardas-de-policiais\/\",\"url\":\"https:\/\/bahiaeconomica.com.br\/wp\/2022\/03\/07\/defensoria-da-bahia-cobra-instalacao-de-cameras-em-fardas-de-policiais\/\",\"name\":\"DEFENSORIA DA BAHIA COBRA INSTALA\u00c7\u00c3O DE C\u00c2MERAS EM FARDAS DE POLICIAIS - Bahia Economica\",\"isPartOf\":{\"@id\":\"https:\/\/bahiaeconomica.com.br\/wp\/#website\"},\"datePublished\":\"2022-03-07T14:00:25+00:00\",\"dateModified\":\"2022-03-07T14:00:25+00:00\",\"description\":\"O maior portal de Economia da Bahia ECONOMIA \/ POL\u00cdTICA, Justi\u00e7a Bahia Economica\",\"breadcrumb\":{\"@id\":\"https:\/\/bahiaeconomica.com.br\/wp\/2022\/03\/07\/defensoria-da-bahia-cobra-instalacao-de-cameras-em-fardas-de-policiais\/#breadcrumb\"},\"inLanguage\":\"pt-BR\",\"potentialAction\":[{\"@type\":\"ReadAction\",\"target\":[\"https:\/\/bahiaeconomica.com.br\/wp\/2022\/03\/07\/defensoria-da-bahia-cobra-instalacao-de-cameras-em-fardas-de-policiais\/\"]}]},{\"@type\":\"BreadcrumbList\",\"@id\":\"https:\/\/bahiaeconomica.com.br\/wp\/2022\/03\/07\/defensoria-da-bahia-cobra-instalacao-de-cameras-em-fardas-de-policiais\/#breadcrumb\",\"itemListElement\":[{\"@type\":\"ListItem\",\"position\":1,\"name\":\"In\u00edcio\",\"item\":\"https:\/\/bahiaeconomica.com.br\/wp\/\"},{\"@type\":\"ListItem\",\"position\":2,\"name\":\"DEFENSORIA DA BAHIA COBRA INSTALA\u00c7\u00c3O DE C\u00c2MERAS EM FARDAS DE POLICIAIS\"}]},{\"@type\":\"WebSite\",\"@id\":\"https:\/\/bahiaeconomica.com.br\/wp\/#website\",\"url\":\"https:\/\/bahiaeconomica.com.br\/wp\/\",\"name\":\"Bahia Economica\",\"description\":\"O maior portal de Economia da Bahia\",\"publisher\":{\"@id\":\"https:\/\/bahiaeconomica.com.br\/wp\/#organization\"},\"potentialAction\":[{\"@type\":\"SearchAction\",\"target\":{\"@type\":\"EntryPoint\",\"urlTemplate\":\"https:\/\/bahiaeconomica.com.br\/wp\/?s={search_term_string}\"},\"query-input\":\"required name=search_term_string\"}],\"inLanguage\":\"pt-BR\"},{\"@type\":\"Organization\",\"@id\":\"https:\/\/bahiaeconomica.com.br\/wp\/#organization\",\"name\":\"Bahia Econ\u00f4mica\",\"url\":\"https:\/\/bahiaeconomica.com.br\/wp\/\",\"logo\":{\"@type\":\"ImageObject\",\"inLanguage\":\"pt-BR\",\"@id\":\"https:\/\/bahiaeconomica.com.br\/wp\/#\/schema\/logo\/image\/\",\"url\":\"https:\/\/bahiaeconomica.com.br\/wp\/wp-content\/uploads\/2020\/12\/cropped-BE.png\",\"contentUrl\":\"https:\/\/bahiaeconomica.com.br\/wp\/wp-content\/uploads\/2020\/12\/cropped-BE.png\",\"width\":512,\"height\":512,\"caption\":\"Bahia Econ\u00f4mica\"},\"image\":{\"@id\":\"https:\/\/bahiaeconomica.com.br\/wp\/#\/schema\/logo\/image\/\"},\"sameAs\":[\"https:\/\/www.facebook.com\/bahiaeconomica\"]},{\"@type\":\"Person\",\"@id\":\"https:\/\/bahiaeconomica.com.br\/wp\/#\/schema\/person\/cb1ab5ba96ad3d9390805381c76284ec\",\"name\":\"admin\",\"url\":\"https:\/\/bahiaeconomica.com.br\/wp\/author\/admin\/\"}]}<\/script>\n<!-- \/ Yoast SEO plugin. -->","yoast_head_json":{"title":"DEFENSORIA DA BAHIA COBRA INSTALA\u00c7\u00c3O DE C\u00c2MERAS EM FARDAS DE POLICIAIS - Bahia Economica","description":"O maior portal de Economia da Bahia ECONOMIA \/ POL\u00cdTICA, Justi\u00e7a Bahia Economica","robots":{"index":"index","follow":"follow","max-snippet":"max-snippet:-1","max-image-preview":"max-image-preview:large","max-video-preview":"max-video-preview:-1"},"canonical":"https:\/\/bahiaeconomica.com.br\/wp\/2022\/03\/07\/defensoria-da-bahia-cobra-instalacao-de-cameras-em-fardas-de-policiais\/","og_locale":"pt_BR","og_type":"article","og_title":"DEFENSORIA DA BAHIA COBRA INSTALA\u00c7\u00c3O DE C\u00c2MERAS EM FARDAS DE POLICIAIS - Bahia Economica","og_description":"O maior portal de Economia da Bahia ECONOMIA \/ POL\u00cdTICA, Justi\u00e7a Bahia Economica","og_url":"https:\/\/bahiaeconomica.com.br\/wp\/2022\/03\/07\/defensoria-da-bahia-cobra-instalacao-de-cameras-em-fardas-de-policiais\/","og_site_name":"Bahia Economica","article_publisher":"https:\/\/www.facebook.com\/bahiaeconomica","article_published_time":"2022-03-07T14:00:25+00:00","og_image":[{"width":380,"height":280,"url":"https:\/\/bahiaeconomica.com.br\/wp\/wp-content\/uploads\/2022\/03\/IMAGEM_NOTICIA_5-31.jpg","type":"image\/jpeg"}],"author":"admin","twitter_card":"summary_large_image","twitter_misc":{"Escrito por":"admin","Est. tempo de leitura":"3 minutos"},"schema":{"@context":"https:\/\/schema.org","@graph":[{"@type":"Article","@id":"https:\/\/bahiaeconomica.com.br\/wp\/2022\/03\/07\/defensoria-da-bahia-cobra-instalacao-de-cameras-em-fardas-de-policiais\/#article","isPartOf":{"@id":"https:\/\/bahiaeconomica.com.br\/wp\/2022\/03\/07\/defensoria-da-bahia-cobra-instalacao-de-cameras-em-fardas-de-policiais\/"},"author":{"name":"admin","@id":"https:\/\/bahiaeconomica.com.br\/wp\/#\/schema\/person\/cb1ab5ba96ad3d9390805381c76284ec"},"headline":"DEFENSORIA DA BAHIA COBRA INSTALA\u00c7\u00c3O DE C\u00c2MERAS EM FARDAS DE POLICIAIS","datePublished":"2022-03-07T14:00:25+00:00","dateModified":"2022-03-07T14:00:25+00:00","mainEntityOfPage":{"@id":"https:\/\/bahiaeconomica.com.br\/wp\/2022\/03\/07\/defensoria-da-bahia-cobra-instalacao-de-cameras-em-fardas-de-policiais\/"},"wordCount":633,"publisher":{"@id":"https:\/\/bahiaeconomica.com.br\/wp\/#organization"},"keywords":["Defensoria P\u00fablica"],"articleSection":["ECONOMIA \/ POL\u00cdTICA","Justi\u00e7a"],"inLanguage":"pt-BR"},{"@type":"WebPage","@id":"https:\/\/bahiaeconomica.com.br\/wp\/2022\/03\/07\/defensoria-da-bahia-cobra-instalacao-de-cameras-em-fardas-de-policiais\/","url":"https:\/\/bahiaeconomica.com.br\/wp\/2022\/03\/07\/defensoria-da-bahia-cobra-instalacao-de-cameras-em-fardas-de-policiais\/","name":"DEFENSORIA DA BAHIA COBRA INSTALA\u00c7\u00c3O DE C\u00c2MERAS EM FARDAS DE POLICIAIS - Bahia Economica","isPartOf":{"@id":"https:\/\/bahiaeconomica.com.br\/wp\/#website"},"datePublished":"2022-03-07T14:00:25+00:00","dateModified":"2022-03-07T14:00:25+00:00","description":"O maior portal de Economia da Bahia ECONOMIA \/ POL\u00cdTICA, Justi\u00e7a Bahia Economica","breadcrumb":{"@id":"https:\/\/bahiaeconomica.com.br\/wp\/2022\/03\/07\/defensoria-da-bahia-cobra-instalacao-de-cameras-em-fardas-de-policiais\/#breadcrumb"},"inLanguage":"pt-BR","potentialAction":[{"@type":"ReadAction","target":["https:\/\/bahiaeconomica.com.br\/wp\/2022\/03\/07\/defensoria-da-bahia-cobra-instalacao-de-cameras-em-fardas-de-policiais\/"]}]},{"@type":"BreadcrumbList","@id":"https:\/\/bahiaeconomica.com.br\/wp\/2022\/03\/07\/defensoria-da-bahia-cobra-instalacao-de-cameras-em-fardas-de-policiais\/#breadcrumb","itemListElement":[{"@type":"ListItem","position":1,"name":"In\u00edcio","item":"https:\/\/bahiaeconomica.com.br\/wp\/"},{"@type":"ListItem","position":2,"name":"DEFENSORIA DA BAHIA COBRA INSTALA\u00c7\u00c3O DE C\u00c2MERAS EM FARDAS DE POLICIAIS"}]},{"@type":"WebSite","@id":"https:\/\/bahiaeconomica.com.br\/wp\/#website","url":"https:\/\/bahiaeconomica.com.br\/wp\/","name":"Bahia Economica","description":"O maior portal de Economia da Bahia","publisher":{"@id":"https:\/\/bahiaeconomica.com.br\/wp\/#organization"},"potentialAction":[{"@type":"SearchAction","target":{"@type":"EntryPoint","urlTemplate":"https:\/\/bahiaeconomica.com.br\/wp\/?s={search_term_string}"},"query-input":"required name=search_term_string"}],"inLanguage":"pt-BR"},{"@type":"Organization","@id":"https:\/\/bahiaeconomica.com.br\/wp\/#organization","name":"Bahia Econ\u00f4mica","url":"https:\/\/bahiaeconomica.com.br\/wp\/","logo":{"@type":"ImageObject","inLanguage":"pt-BR","@id":"https:\/\/bahiaeconomica.com.br\/wp\/#\/schema\/logo\/image\/","url":"https:\/\/bahiaeconomica.com.br\/wp\/wp-content\/uploads\/2020\/12\/cropped-BE.png","contentUrl":"https:\/\/bahiaeconomica.com.br\/wp\/wp-content\/uploads\/2020\/12\/cropped-BE.png","width":512,"height":512,"caption":"Bahia Econ\u00f4mica"},"image":{"@id":"https:\/\/bahiaeconomica.com.br\/wp\/#\/schema\/logo\/image\/"},"sameAs":["https:\/\/www.facebook.com\/bahiaeconomica"]},{"@type":"Person","@id":"https:\/\/bahiaeconomica.com.br\/wp\/#\/schema\/person\/cb1ab5ba96ad3d9390805381c76284ec","name":"admin","url":"https:\/\/bahiaeconomica.com.br\/wp\/author\/admin\/"}]}},"views":3,"_links":{"self":[{"href":"https:\/\/bahiaeconomica.com.br\/wp\/wp-json\/wp\/v2\/posts\/645883"}],"collection":[{"href":"https:\/\/bahiaeconomica.com.br\/wp\/wp-json\/wp\/v2\/posts"}],"about":[{"href":"https:\/\/bahiaeconomica.com.br\/wp\/wp-json\/wp\/v2\/types\/post"}],"author":[{"embeddable":true,"href":"https:\/\/bahiaeconomica.com.br\/wp\/wp-json\/wp\/v2\/users\/1"}],"replies":[{"embeddable":true,"href":"https:\/\/bahiaeconomica.com.br\/wp\/wp-json\/wp\/v2\/comments?post=645883"}],"version-history":[{"count":1,"href":"https:\/\/bahiaeconomica.com.br\/wp\/wp-json\/wp\/v2\/posts\/645883\/revisions"}],"predecessor-version":[{"id":645888,"href":"https:\/\/bahiaeconomica.com.br\/wp\/wp-json\/wp\/v2\/posts\/645883\/revisions\/645888"}],"wp:featuredmedia":[{"embeddable":true,"href":"https:\/\/bahiaeconomica.com.br\/wp\/wp-json\/wp\/v2\/media\/645887"}],"wp:attachment":[{"href":"https:\/\/bahiaeconomica.com.br\/wp\/wp-json\/wp\/v2\/media?parent=645883"}],"wp:term":[{"taxonomy":"category","embeddable":true,"href":"https:\/\/bahiaeconomica.com.br\/wp\/wp-json\/wp\/v2\/categories?post=645883"},{"taxonomy":"post_tag","embeddable":true,"href":"https:\/\/bahiaeconomica.com.br\/wp\/wp-json\/wp\/v2\/tags?post=645883"}],"curies":[{"name":"wp","href":"https:\/\/api.w.org\/{rel}","templated":true}]}}