{"id":643540,"date":"2022-02-25T13:21:13","date_gmt":"2022-02-25T16:21:13","guid":{"rendered":"https:\/\/bahiaeconomica.com.br\/wp\/beta\/?p=643540"},"modified":"2022-02-25T13:23:28","modified_gmt":"2022-02-25T16:23:28","slug":"bahia-marina-afirma-estar-regular-e-a-disposicao-dos-orgaos-publicos","status":"publish","type":"post","link":"https:\/\/bahiaeconomica.com.br\/wp\/2022\/02\/25\/bahia-marina-afirma-estar-regular-e-a-disposicao-dos-orgaos-publicos\/","title":{"rendered":"BAHIA MARINA AFIRMA ESTAR REGULAR"},"content":{"rendered":"<p>Ap\u00f3s divulga\u00e7\u00e3o de processo administrativo junto \u00e0 Secretaria de Patrim\u00f4nio da Uni\u00e3o (SPU), que trata do uso da superf\u00edcie de \u00e1gua, a Bahia Marina emitiu nota onde diz que<!--more--> \u00e9 uma das poucas marinas regularmente implantadas no Brasil, desde sua&nbsp; constru\u00e7\u00e3o em 1997, cumprindo todas as normas legais aplic\u00e1veis. A Bahia Marina tamb\u00e9m fala que mant\u00e9m-se adimplente com os contratos em vigor e atende a todas as solicita\u00e7\u00f5es da SPU, que \u00e9 quem regula o uso de espa\u00e7o em \u00e1guas p\u00fablicas.<\/p>\n<p>O processo administrativo junto \u00e0 SPU que trata do uso da superf\u00edcie de \u00e1gua pela Bahia Marina existe desde 2006 e tem acompanhamento do Minist\u00e9rio P\u00fablico Federal. A Bahia Marina se posiciona a favor da regulariza\u00e7\u00e3o do uso do bem p\u00fablico e tem colaborado para um estudo espec\u00edfico para discuss\u00e3o sobre o valor correto da retribui\u00e7\u00e3o pelo uso do espa\u00e7o em \u00e1guas p\u00fablicas.<\/p>\n<p>A situa\u00e7\u00e3o da Bahia Marina n\u00e3o se assemelha ao caso da Marina da Gl\u00f3ria no Rio de Janeiro, onde uma multa de R$ 19,4 milh\u00f5es foi aplicada juntamente com uma ordem de desocupa\u00e7\u00e3o da SPU na ter\u00e7a-feira (22).<\/p>\n<p>A Bahia Marina possui uma bacia de atraca\u00e7\u00e3o de 176 mil m\u00b2, com complexo n\u00e1utico para at\u00e9 300 embarca\u00e7\u00f5es em p\u00ederes flutuantes e mais 150 em p\u00e1tio seco; al\u00e9m das atividades marinhas, funcionam ali lojas e restaurantes, al\u00e9m de ser refer\u00eancia como polo tur\u00edstico da Cidade de Salvador. O local ainda ressalta que cumpre suas obriga\u00e7\u00f5es e est\u00e1 \u00e0 disposi\u00e7\u00e3o do Patrim\u00f4nio da Uni\u00e3o e de qualquer \u00f3rg\u00e3o p\u00fablico para os devidos esclarecimentos.<\/p>\n<p>&nbsp;<\/p>\n<p>Confira a nota:<\/p>\n<p><img decoding=\"async\" class=\"alignnone size-medium wp-image-643542\" src=\"http:\/\/bahiaeconomica.com.br\/wp\/beta\/wp-content\/uploads\/2022\/02\/63fb46bcfaaff10ff95e38d12b02-265x300.jpeg\" alt=\"\" width=\"265\" height=\"300\" data-id=\"643542\" srcset=\"https:\/\/bahiaeconomica.com.br\/wp\/wp-content\/uploads\/2022\/02\/63fb46bcfaaff10ff95e38d12b02-265x300.jpeg 265w, https:\/\/bahiaeconomica.com.br\/wp\/wp-content\/uploads\/2022\/02\/63fb46bcfaaff10ff95e38d12b02.jpeg 382w\" sizes=\"(max-width: 265px) 100vw, 265px\" \/><\/p>\n<p>&nbsp;<\/p>\n<p>Fonte: Tribuna da Bahia<\/p>\n<p>Foto: Romildo de Jesus<\/p>\n","protected":false},"excerpt":{"rendered":"<p>Ap\u00f3s divulga\u00e7\u00e3o de processo administrativo junto \u00e0 Secretaria de Patrim\u00f4nio da Uni\u00e3o (SPU), que trata do uso da superf\u00edcie de \u00e1gua, a Bahia Marina emitiu nota onde diz que<\/p>\n","protected":false},"author":1,"featured_media":643543,"comment_status":"closed","ping_status":"closed","sticky":false,"template":"","format":"standard","meta":[],"categories":[14,3],"tags":[384],"acf":[],"yoast_head":"<!-- This site is optimized with the Yoast SEO plugin v20.8 - https:\/\/yoast.com\/wordpress\/plugins\/seo\/ -->\n<title>BAHIA MARINA AFIRMA ESTAR REGULAR - Bahia Economica<\/title>\n<meta name=\"description\" content=\"O maior portal de Economia da Bahia DESTAQUE DO DIA, ECONOMIA \/ POL\u00cdTICA Bahia Economica\" \/>\n<meta name=\"robots\" content=\"index, follow, max-snippet:-1, max-image-preview:large, max-video-preview:-1\" \/>\n<link rel=\"canonical\" href=\"https:\/\/bahiaeconomica.com.br\/wp\/2022\/02\/25\/bahia-marina-afirma-estar-regular-e-a-disposicao-dos-orgaos-publicos\/\" \/>\n<meta property=\"og:locale\" content=\"pt_BR\" \/>\n<meta property=\"og:type\" content=\"article\" \/>\n<meta property=\"og:title\" content=\"BAHIA MARINA AFIRMA ESTAR REGULAR - Bahia Economica\" \/>\n<meta property=\"og:description\" content=\"O maior portal de Economia da Bahia DESTAQUE DO DIA, ECONOMIA \/ POL\u00cdTICA Bahia Economica\" \/>\n<meta property=\"og:url\" content=\"https:\/\/bahiaeconomica.com.br\/wp\/2022\/02\/25\/bahia-marina-afirma-estar-regular-e-a-disposicao-dos-orgaos-publicos\/\" \/>\n<meta property=\"og:site_name\" content=\"Bahia Economica\" \/>\n<meta property=\"article:publisher\" content=\"https:\/\/www.facebook.com\/bahiaeconomica\" \/>\n<meta property=\"article:published_time\" content=\"2022-02-25T16:21:13+00:00\" \/>\n<meta property=\"article:modified_time\" content=\"2022-02-25T16:23:28+00:00\" \/>\n<meta property=\"og:image\" content=\"https:\/\/bahiaeconomica.com.br\/wp\/wp-content\/uploads\/2022\/02\/b8b2b95257408e7570371b4c1581.jpeg\" \/>\n\t<meta property=\"og:image:width\" content=\"2304\" \/>\n\t<meta property=\"og:image:height\" content=\"1368\" \/>\n\t<meta property=\"og:image:type\" content=\"image\/jpeg\" \/>\n<meta name=\"author\" content=\"admin\" \/>\n<meta name=\"twitter:card\" content=\"summary_large_image\" \/>\n<meta name=\"twitter:label1\" content=\"Escrito por\" \/>\n\t<meta name=\"twitter:data1\" content=\"admin\" \/>\n\t<meta name=\"twitter:label2\" content=\"Est. tempo de leitura\" \/>\n\t<meta name=\"twitter:data2\" content=\"2 minutos\" \/>\n<script type=\"application\/ld+json\" class=\"yoast-schema-graph\">{\"@context\":\"https:\/\/schema.org\",\"@graph\":[{\"@type\":\"Article\",\"@id\":\"https:\/\/bahiaeconomica.com.br\/wp\/2022\/02\/25\/bahia-marina-afirma-estar-regular-e-a-disposicao-dos-orgaos-publicos\/#article\",\"isPartOf\":{\"@id\":\"https:\/\/bahiaeconomica.com.br\/wp\/2022\/02\/25\/bahia-marina-afirma-estar-regular-e-a-disposicao-dos-orgaos-publicos\/\"},\"author\":{\"name\":\"admin\",\"@id\":\"https:\/\/bahiaeconomica.com.br\/wp\/#\/schema\/person\/cb1ab5ba96ad3d9390805381c76284ec\"},\"headline\":\"BAHIA MARINA AFIRMA ESTAR REGULAR\",\"datePublished\":\"2022-02-25T16:21:13+00:00\",\"dateModified\":\"2022-02-25T16:23:28+00:00\",\"mainEntityOfPage\":{\"@id\":\"https:\/\/bahiaeconomica.com.br\/wp\/2022\/02\/25\/bahia-marina-afirma-estar-regular-e-a-disposicao-dos-orgaos-publicos\/\"},\"wordCount\":305,\"publisher\":{\"@id\":\"https:\/\/bahiaeconomica.com.br\/wp\/#organization\"},\"keywords\":[\"Minist\u00e9rio P\u00fablico\"],\"articleSection\":[\"DESTAQUE DO DIA\",\"ECONOMIA \/ POL\u00cdTICA\"],\"inLanguage\":\"pt-BR\"},{\"@type\":\"WebPage\",\"@id\":\"https:\/\/bahiaeconomica.com.br\/wp\/2022\/02\/25\/bahia-marina-afirma-estar-regular-e-a-disposicao-dos-orgaos-publicos\/\",\"url\":\"https:\/\/bahiaeconomica.com.br\/wp\/2022\/02\/25\/bahia-marina-afirma-estar-regular-e-a-disposicao-dos-orgaos-publicos\/\",\"name\":\"BAHIA MARINA AFIRMA ESTAR REGULAR - Bahia Economica\",\"isPartOf\":{\"@id\":\"https:\/\/bahiaeconomica.com.br\/wp\/#website\"},\"datePublished\":\"2022-02-25T16:21:13+00:00\",\"dateModified\":\"2022-02-25T16:23:28+00:00\",\"description\":\"O maior portal de Economia da Bahia DESTAQUE DO DIA, ECONOMIA \/ POL\u00cdTICA Bahia Economica\",\"breadcrumb\":{\"@id\":\"https:\/\/bahiaeconomica.com.br\/wp\/2022\/02\/25\/bahia-marina-afirma-estar-regular-e-a-disposicao-dos-orgaos-publicos\/#breadcrumb\"},\"inLanguage\":\"pt-BR\",\"potentialAction\":[{\"@type\":\"ReadAction\",\"target\":[\"https:\/\/bahiaeconomica.com.br\/wp\/2022\/02\/25\/bahia-marina-afirma-estar-regular-e-a-disposicao-dos-orgaos-publicos\/\"]}]},{\"@type\":\"BreadcrumbList\",\"@id\":\"https:\/\/bahiaeconomica.com.br\/wp\/2022\/02\/25\/bahia-marina-afirma-estar-regular-e-a-disposicao-dos-orgaos-publicos\/#breadcrumb\",\"itemListElement\":[{\"@type\":\"ListItem\",\"position\":1,\"name\":\"In\u00edcio\",\"item\":\"https:\/\/bahiaeconomica.com.br\/wp\/\"},{\"@type\":\"ListItem\",\"position\":2,\"name\":\"BAHIA MARINA AFIRMA ESTAR REGULAR\"}]},{\"@type\":\"WebSite\",\"@id\":\"https:\/\/bahiaeconomica.com.br\/wp\/#website\",\"url\":\"https:\/\/bahiaeconomica.com.br\/wp\/\",\"name\":\"Bahia Economica\",\"description\":\"O maior portal de Economia da Bahia\",\"publisher\":{\"@id\":\"https:\/\/bahiaeconomica.com.br\/wp\/#organization\"},\"potentialAction\":[{\"@type\":\"SearchAction\",\"target\":{\"@type\":\"EntryPoint\",\"urlTemplate\":\"https:\/\/bahiaeconomica.com.br\/wp\/?s={search_term_string}\"},\"query-input\":\"required name=search_term_string\"}],\"inLanguage\":\"pt-BR\"},{\"@type\":\"Organization\",\"@id\":\"https:\/\/bahiaeconomica.com.br\/wp\/#organization\",\"name\":\"Bahia Econ\u00f4mica\",\"url\":\"https:\/\/bahiaeconomica.com.br\/wp\/\",\"logo\":{\"@type\":\"ImageObject\",\"inLanguage\":\"pt-BR\",\"@id\":\"https:\/\/bahiaeconomica.com.br\/wp\/#\/schema\/logo\/image\/\",\"url\":\"https:\/\/bahiaeconomica.com.br\/wp\/wp-content\/uploads\/2020\/12\/cropped-BE.png\",\"contentUrl\":\"https:\/\/bahiaeconomica.com.br\/wp\/wp-content\/uploads\/2020\/12\/cropped-BE.png\",\"width\":512,\"height\":512,\"caption\":\"Bahia Econ\u00f4mica\"},\"image\":{\"@id\":\"https:\/\/bahiaeconomica.com.br\/wp\/#\/schema\/logo\/image\/\"},\"sameAs\":[\"https:\/\/www.facebook.com\/bahiaeconomica\"]},{\"@type\":\"Person\",\"@id\":\"https:\/\/bahiaeconomica.com.br\/wp\/#\/schema\/person\/cb1ab5ba96ad3d9390805381c76284ec\",\"name\":\"admin\",\"url\":\"https:\/\/bahiaeconomica.com.br\/wp\/author\/admin\/\"}]}<\/script>\n<!-- \/ Yoast SEO plugin. -->","yoast_head_json":{"title":"BAHIA MARINA AFIRMA ESTAR REGULAR - Bahia Economica","description":"O maior portal de Economia da Bahia DESTAQUE DO DIA, ECONOMIA \/ POL\u00cdTICA Bahia Economica","robots":{"index":"index","follow":"follow","max-snippet":"max-snippet:-1","max-image-preview":"max-image-preview:large","max-video-preview":"max-video-preview:-1"},"canonical":"https:\/\/bahiaeconomica.com.br\/wp\/2022\/02\/25\/bahia-marina-afirma-estar-regular-e-a-disposicao-dos-orgaos-publicos\/","og_locale":"pt_BR","og_type":"article","og_title":"BAHIA MARINA AFIRMA ESTAR REGULAR - Bahia Economica","og_description":"O maior portal de Economia da Bahia DESTAQUE DO DIA, ECONOMIA \/ POL\u00cdTICA Bahia Economica","og_url":"https:\/\/bahiaeconomica.com.br\/wp\/2022\/02\/25\/bahia-marina-afirma-estar-regular-e-a-disposicao-dos-orgaos-publicos\/","og_site_name":"Bahia Economica","article_publisher":"https:\/\/www.facebook.com\/bahiaeconomica","article_published_time":"2022-02-25T16:21:13+00:00","article_modified_time":"2022-02-25T16:23:28+00:00","og_image":[{"width":2304,"height":1368,"url":"https:\/\/bahiaeconomica.com.br\/wp\/wp-content\/uploads\/2022\/02\/b8b2b95257408e7570371b4c1581.jpeg","type":"image\/jpeg"}],"author":"admin","twitter_card":"summary_large_image","twitter_misc":{"Escrito por":"admin","Est. tempo de leitura":"2 minutos"},"schema":{"@context":"https:\/\/schema.org","@graph":[{"@type":"Article","@id":"https:\/\/bahiaeconomica.com.br\/wp\/2022\/02\/25\/bahia-marina-afirma-estar-regular-e-a-disposicao-dos-orgaos-publicos\/#article","isPartOf":{"@id":"https:\/\/bahiaeconomica.com.br\/wp\/2022\/02\/25\/bahia-marina-afirma-estar-regular-e-a-disposicao-dos-orgaos-publicos\/"},"author":{"name":"admin","@id":"https:\/\/bahiaeconomica.com.br\/wp\/#\/schema\/person\/cb1ab5ba96ad3d9390805381c76284ec"},"headline":"BAHIA MARINA AFIRMA ESTAR REGULAR","datePublished":"2022-02-25T16:21:13+00:00","dateModified":"2022-02-25T16:23:28+00:00","mainEntityOfPage":{"@id":"https:\/\/bahiaeconomica.com.br\/wp\/2022\/02\/25\/bahia-marina-afirma-estar-regular-e-a-disposicao-dos-orgaos-publicos\/"},"wordCount":305,"publisher":{"@id":"https:\/\/bahiaeconomica.com.br\/wp\/#organization"},"keywords":["Minist\u00e9rio P\u00fablico"],"articleSection":["DESTAQUE DO DIA","ECONOMIA \/ POL\u00cdTICA"],"inLanguage":"pt-BR"},{"@type":"WebPage","@id":"https:\/\/bahiaeconomica.com.br\/wp\/2022\/02\/25\/bahia-marina-afirma-estar-regular-e-a-disposicao-dos-orgaos-publicos\/","url":"https:\/\/bahiaeconomica.com.br\/wp\/2022\/02\/25\/bahia-marina-afirma-estar-regular-e-a-disposicao-dos-orgaos-publicos\/","name":"BAHIA MARINA AFIRMA ESTAR REGULAR - Bahia Economica","isPartOf":{"@id":"https:\/\/bahiaeconomica.com.br\/wp\/#website"},"datePublished":"2022-02-25T16:21:13+00:00","dateModified":"2022-02-25T16:23:28+00:00","description":"O maior portal de Economia da Bahia DESTAQUE DO DIA, ECONOMIA \/ POL\u00cdTICA Bahia Economica","breadcrumb":{"@id":"https:\/\/bahiaeconomica.com.br\/wp\/2022\/02\/25\/bahia-marina-afirma-estar-regular-e-a-disposicao-dos-orgaos-publicos\/#breadcrumb"},"inLanguage":"pt-BR","potentialAction":[{"@type":"ReadAction","target":["https:\/\/bahiaeconomica.com.br\/wp\/2022\/02\/25\/bahia-marina-afirma-estar-regular-e-a-disposicao-dos-orgaos-publicos\/"]}]},{"@type":"BreadcrumbList","@id":"https:\/\/bahiaeconomica.com.br\/wp\/2022\/02\/25\/bahia-marina-afirma-estar-regular-e-a-disposicao-dos-orgaos-publicos\/#breadcrumb","itemListElement":[{"@type":"ListItem","position":1,"name":"In\u00edcio","item":"https:\/\/bahiaeconomica.com.br\/wp\/"},{"@type":"ListItem","position":2,"name":"BAHIA MARINA AFIRMA ESTAR REGULAR"}]},{"@type":"WebSite","@id":"https:\/\/bahiaeconomica.com.br\/wp\/#website","url":"https:\/\/bahiaeconomica.com.br\/wp\/","name":"Bahia Economica","description":"O maior portal de Economia da Bahia","publisher":{"@id":"https:\/\/bahiaeconomica.com.br\/wp\/#organization"},"potentialAction":[{"@type":"SearchAction","target":{"@type":"EntryPoint","urlTemplate":"https:\/\/bahiaeconomica.com.br\/wp\/?s={search_term_string}"},"query-input":"required name=search_term_string"}],"inLanguage":"pt-BR"},{"@type":"Organization","@id":"https:\/\/bahiaeconomica.com.br\/wp\/#organization","name":"Bahia Econ\u00f4mica","url":"https:\/\/bahiaeconomica.com.br\/wp\/","logo":{"@type":"ImageObject","inLanguage":"pt-BR","@id":"https:\/\/bahiaeconomica.com.br\/wp\/#\/schema\/logo\/image\/","url":"https:\/\/bahiaeconomica.com.br\/wp\/wp-content\/uploads\/2020\/12\/cropped-BE.png","contentUrl":"https:\/\/bahiaeconomica.com.br\/wp\/wp-content\/uploads\/2020\/12\/cropped-BE.png","width":512,"height":512,"caption":"Bahia Econ\u00f4mica"},"image":{"@id":"https:\/\/bahiaeconomica.com.br\/wp\/#\/schema\/logo\/image\/"},"sameAs":["https:\/\/www.facebook.com\/bahiaeconomica"]},{"@type":"Person","@id":"https:\/\/bahiaeconomica.com.br\/wp\/#\/schema\/person\/cb1ab5ba96ad3d9390805381c76284ec","name":"admin","url":"https:\/\/bahiaeconomica.com.br\/wp\/author\/admin\/"}]}},"views":24,"_links":{"self":[{"href":"https:\/\/bahiaeconomica.com.br\/wp\/wp-json\/wp\/v2\/posts\/643540"}],"collection":[{"href":"https:\/\/bahiaeconomica.com.br\/wp\/wp-json\/wp\/v2\/posts"}],"about":[{"href":"https:\/\/bahiaeconomica.com.br\/wp\/wp-json\/wp\/v2\/types\/post"}],"author":[{"embeddable":true,"href":"https:\/\/bahiaeconomica.com.br\/wp\/wp-json\/wp\/v2\/users\/1"}],"replies":[{"embeddable":true,"href":"https:\/\/bahiaeconomica.com.br\/wp\/wp-json\/wp\/v2\/comments?post=643540"}],"version-history":[{"count":3,"href":"https:\/\/bahiaeconomica.com.br\/wp\/wp-json\/wp\/v2\/posts\/643540\/revisions"}],"predecessor-version":[{"id":643546,"href":"https:\/\/bahiaeconomica.com.br\/wp\/wp-json\/wp\/v2\/posts\/643540\/revisions\/643546"}],"wp:featuredmedia":[{"embeddable":true,"href":"https:\/\/bahiaeconomica.com.br\/wp\/wp-json\/wp\/v2\/media\/643543"}],"wp:attachment":[{"href":"https:\/\/bahiaeconomica.com.br\/wp\/wp-json\/wp\/v2\/media?parent=643540"}],"wp:term":[{"taxonomy":"category","embeddable":true,"href":"https:\/\/bahiaeconomica.com.br\/wp\/wp-json\/wp\/v2\/categories?post=643540"},{"taxonomy":"post_tag","embeddable":true,"href":"https:\/\/bahiaeconomica.com.br\/wp\/wp-json\/wp\/v2\/tags?post=643540"}],"curies":[{"name":"wp","href":"https:\/\/api.w.org\/{rel}","templated":true}]}}