{"id":642625,"date":"2022-03-03T07:00:41","date_gmt":"2022-03-03T10:00:41","guid":{"rendered":"https:\/\/bahiaeconomica.com.br\/wp\/beta\/?p=642625"},"modified":"2022-03-02T10:55:52","modified_gmt":"2022-03-02T13:55:52","slug":"em-construcao-embasa-aliados-de-rui-divergem-sobre-privatizacao-da-embasa-e-projeto-deve-ter-dificuldades-na-alba","status":"publish","type":"post","link":"https:\/\/bahiaeconomica.com.br\/wp\/2022\/03\/03\/em-construcao-embasa-aliados-de-rui-divergem-sobre-privatizacao-da-embasa-e-projeto-deve-ter-dificuldades-na-alba\/","title":{"rendered":"ALIADOS DE RUI DIVERGEM SOBRE PRIVATIZA\u00c7\u00c3O DA EMBASA E PROJETO DEVE TER DIFICULDADES NA ALBA"},"content":{"rendered":"<p><strong>Por: Jo\u00e3o Paulo Almeida<\/strong><\/p>\n<p>O governo do estado\u00a0 ainda est\u00e1 em processo de negocia\u00e7\u00e3o para o projeto de abertura do capital da Embasa que permitir\u00e1 \u00e0 venda de a\u00e7\u00f5es da empresa. O processo vai ocorrer <!--more-->na Assembleia Legislativa da Bahia e deve ser colocada em pauta hoje (23) mais uma vez. <strong>O portal Bahia Econ\u00f4mica<\/strong> conversou com alguns deputados que se mostraram contra o projeto e alegam que a embasa n\u00e3o deve passar para iniciativa privada.<\/p>\n<p>O deputado Robinson Almeida (PT) alega que o argumento do governo do estado em trazer a embasa para a privatiza\u00e7\u00e3o \u00e9 fraco. \u201cN\u00f3s temos a Coelba como exemplo. Dizer que vai vender a embasa para melhorar o servi\u00e7o, prestar melhores servi\u00e7os, n\u00e3o \u00e9 argumento. A Coelba hoje \u00e9 campe\u00e3 de queixas depois de ser privatizada. Por isso, eu declaro que a embasa deve permanecer como empresa publica\u201d, disse em entrevista ao <strong>portal<\/strong>.<\/p>\n<p>O deputado Bira Cor\u00f4a tamb\u00e9m do PT pensa um pouco diferente. Bira acredita que o projeto vai colocar a Embasa e a Bahia no novo marco legal do saneamento, visando melhores presta\u00e7\u00f5es de servi\u00e7os para a popula\u00e7\u00e3o de toda Bahia.<\/p>\n<p>\u201cEu sou contra qualquer projeto de privatiza\u00e7\u00e3o que tire do poder publico a sua autoridade. Por\u00e9m, nesse caso, o projeto que tramita na assembleia n\u00e3o \u00e9 um projeto de privatiza\u00e7\u00e3o da embasa \u00e9 um projeto de ajustes que vai possibilitar a embasa se adequar ao novo marco de saneamento que o governo Bolsonaro aprovou al\u00e9m de atender aos novos anseios que a popula\u00e7\u00e3o trouxe. Al\u00e9m disso vamos poder melhorar em muito o servi\u00e7o prestado a popula\u00e7\u00e3o, por isso o governo tem articulado para aprova\u00e7\u00e3o desse projeto.\u201d, disse em entrevista ao <strong>portal<\/strong>.<\/p>\n<p>O deputado Hilton Coelho do Psol tamb\u00e9m critica o projeto da embasa. Segundo Hilton &#8220;De forma alguma n\u00f3s vamos ter uma melhoria do servi\u00e7o \u00e0 popula\u00e7\u00e3o, caso a Embasa seja privatizada. Porque o grande objetivo da iniciativa privada \u00e9 o lucro. O que n\u00f3s vamos ter \u00e9 um rateio do servi\u00e7o nas diversas regi\u00f5es feito por v\u00e1rias empresas privadas associadas com o capital estrangeiro. Ent\u00e3o hoje o que \u00e9 recurso destinado principalmente a reinvestimento\u00a0 para melhoria do servi\u00e7o vai virar fonte de enriquecimento dos acionistas, porque essa \u00e9 a l\u00f3gica do investimento privado&#8221;, disse tamb\u00e9m em entrevista ao <strong>portal.\u00a0<\/strong><\/p>\n<p>Foto: divulga\u00e7\u00e3o<\/p>\n","protected":false},"excerpt":{"rendered":"<p>Por: Jo\u00e3o Paulo Almeida O governo do estado\u00a0 ainda est\u00e1 em processo de negocia\u00e7\u00e3o para o projeto de abertura do capital da Embasa que permitir\u00e1 \u00e0 venda de a\u00e7\u00f5es da empresa. O processo vai ocorrer<\/p>\n","protected":false},"author":1,"featured_media":642627,"comment_status":"closed","ping_status":"closed","sticky":false,"template":"","format":"standard","meta":[],"categories":[3],"tags":[52,3842,1307],"acf":[],"yoast_head":"<!-- This site is optimized with the Yoast SEO plugin v20.8 - https:\/\/yoast.com\/wordpress\/plugins\/seo\/ -->\n<title>ALIADOS DE RUI DIVERGEM SOBRE PRIVATIZA\u00c7\u00c3O DA EMBASA E PROJETO DEVE TER DIFICULDADES NA ALBA - Bahia Economica<\/title>\n<meta name=\"description\" content=\"O maior portal de Economia da Bahia ECONOMIA \/ POL\u00cdTICA Bahia Economica\" \/>\n<meta name=\"robots\" content=\"index, follow, max-snippet:-1, max-image-preview:large, max-video-preview:-1\" \/>\n<link rel=\"canonical\" href=\"https:\/\/bahiaeconomica.com.br\/wp\/2022\/03\/03\/em-construcao-embasa-aliados-de-rui-divergem-sobre-privatizacao-da-embasa-e-projeto-deve-ter-dificuldades-na-alba\/\" \/>\n<meta property=\"og:locale\" content=\"pt_BR\" \/>\n<meta property=\"og:type\" content=\"article\" \/>\n<meta property=\"og:title\" content=\"ALIADOS DE RUI DIVERGEM SOBRE PRIVATIZA\u00c7\u00c3O DA EMBASA E PROJETO DEVE TER DIFICULDADES NA ALBA - Bahia Economica\" \/>\n<meta property=\"og:description\" content=\"O maior portal de Economia da Bahia ECONOMIA \/ POL\u00cdTICA Bahia Economica\" \/>\n<meta property=\"og:url\" content=\"https:\/\/bahiaeconomica.com.br\/wp\/2022\/03\/03\/em-construcao-embasa-aliados-de-rui-divergem-sobre-privatizacao-da-embasa-e-projeto-deve-ter-dificuldades-na-alba\/\" \/>\n<meta property=\"og:site_name\" content=\"Bahia Economica\" \/>\n<meta property=\"article:publisher\" content=\"https:\/\/www.facebook.com\/bahiaeconomica\" \/>\n<meta property=\"article:published_time\" content=\"2022-03-03T10:00:41+00:00\" \/>\n<meta property=\"article:modified_time\" content=\"2022-03-02T13:55:52+00:00\" \/>\n<meta property=\"og:image\" content=\"https:\/\/bahiaeconomica.com.br\/wp\/wp-content\/uploads\/2022\/02\/Screenshot_2019-10-03-embasa-Pesquisa-Google1embasa770.png\" \/>\n\t<meta property=\"og:image:width\" content=\"770\" \/>\n\t<meta property=\"og:image:height\" content=\"474\" \/>\n\t<meta property=\"og:image:type\" content=\"image\/png\" \/>\n<meta name=\"author\" content=\"admin\" \/>\n<meta name=\"twitter:card\" content=\"summary_large_image\" \/>\n<meta name=\"twitter:label1\" content=\"Escrito por\" \/>\n\t<meta name=\"twitter:data1\" content=\"admin\" \/>\n\t<meta name=\"twitter:label2\" content=\"Est. tempo de leitura\" \/>\n\t<meta name=\"twitter:data2\" content=\"2 minutos\" \/>\n<script type=\"application\/ld+json\" class=\"yoast-schema-graph\">{\"@context\":\"https:\/\/schema.org\",\"@graph\":[{\"@type\":\"Article\",\"@id\":\"https:\/\/bahiaeconomica.com.br\/wp\/2022\/03\/03\/em-construcao-embasa-aliados-de-rui-divergem-sobre-privatizacao-da-embasa-e-projeto-deve-ter-dificuldades-na-alba\/#article\",\"isPartOf\":{\"@id\":\"https:\/\/bahiaeconomica.com.br\/wp\/2022\/03\/03\/em-construcao-embasa-aliados-de-rui-divergem-sobre-privatizacao-da-embasa-e-projeto-deve-ter-dificuldades-na-alba\/\"},\"author\":{\"name\":\"admin\",\"@id\":\"https:\/\/bahiaeconomica.com.br\/wp\/#\/schema\/person\/cb1ab5ba96ad3d9390805381c76284ec\"},\"headline\":\"ALIADOS DE RUI DIVERGEM SOBRE PRIVATIZA\u00c7\u00c3O DA EMBASA E PROJETO DEVE TER DIFICULDADES NA ALBA\",\"datePublished\":\"2022-03-03T10:00:41+00:00\",\"dateModified\":\"2022-03-02T13:55:52+00:00\",\"mainEntityOfPage\":{\"@id\":\"https:\/\/bahiaeconomica.com.br\/wp\/2022\/03\/03\/em-construcao-embasa-aliados-de-rui-divergem-sobre-privatizacao-da-embasa-e-projeto-deve-ter-dificuldades-na-alba\/\"},\"wordCount\":422,\"publisher\":{\"@id\":\"https:\/\/bahiaeconomica.com.br\/wp\/#organization\"},\"keywords\":[\"Brasil\",\"emabsa\",\"polica\"],\"articleSection\":[\"ECONOMIA \/ POL\u00cdTICA\"],\"inLanguage\":\"pt-BR\"},{\"@type\":\"WebPage\",\"@id\":\"https:\/\/bahiaeconomica.com.br\/wp\/2022\/03\/03\/em-construcao-embasa-aliados-de-rui-divergem-sobre-privatizacao-da-embasa-e-projeto-deve-ter-dificuldades-na-alba\/\",\"url\":\"https:\/\/bahiaeconomica.com.br\/wp\/2022\/03\/03\/em-construcao-embasa-aliados-de-rui-divergem-sobre-privatizacao-da-embasa-e-projeto-deve-ter-dificuldades-na-alba\/\",\"name\":\"ALIADOS DE RUI DIVERGEM SOBRE PRIVATIZA\u00c7\u00c3O DA EMBASA E PROJETO DEVE TER DIFICULDADES NA ALBA - Bahia Economica\",\"isPartOf\":{\"@id\":\"https:\/\/bahiaeconomica.com.br\/wp\/#website\"},\"datePublished\":\"2022-03-03T10:00:41+00:00\",\"dateModified\":\"2022-03-02T13:55:52+00:00\",\"description\":\"O maior portal de Economia da Bahia ECONOMIA \/ POL\u00cdTICA Bahia Economica\",\"breadcrumb\":{\"@id\":\"https:\/\/bahiaeconomica.com.br\/wp\/2022\/03\/03\/em-construcao-embasa-aliados-de-rui-divergem-sobre-privatizacao-da-embasa-e-projeto-deve-ter-dificuldades-na-alba\/#breadcrumb\"},\"inLanguage\":\"pt-BR\",\"potentialAction\":[{\"@type\":\"ReadAction\",\"target\":[\"https:\/\/bahiaeconomica.com.br\/wp\/2022\/03\/03\/em-construcao-embasa-aliados-de-rui-divergem-sobre-privatizacao-da-embasa-e-projeto-deve-ter-dificuldades-na-alba\/\"]}]},{\"@type\":\"BreadcrumbList\",\"@id\":\"https:\/\/bahiaeconomica.com.br\/wp\/2022\/03\/03\/em-construcao-embasa-aliados-de-rui-divergem-sobre-privatizacao-da-embasa-e-projeto-deve-ter-dificuldades-na-alba\/#breadcrumb\",\"itemListElement\":[{\"@type\":\"ListItem\",\"position\":1,\"name\":\"In\u00edcio\",\"item\":\"https:\/\/bahiaeconomica.com.br\/wp\/\"},{\"@type\":\"ListItem\",\"position\":2,\"name\":\"ALIADOS DE RUI DIVERGEM SOBRE PRIVATIZA\u00c7\u00c3O DA EMBASA E PROJETO DEVE TER DIFICULDADES NA ALBA\"}]},{\"@type\":\"WebSite\",\"@id\":\"https:\/\/bahiaeconomica.com.br\/wp\/#website\",\"url\":\"https:\/\/bahiaeconomica.com.br\/wp\/\",\"name\":\"Bahia Economica\",\"description\":\"O maior portal de Economia da Bahia\",\"publisher\":{\"@id\":\"https:\/\/bahiaeconomica.com.br\/wp\/#organization\"},\"potentialAction\":[{\"@type\":\"SearchAction\",\"target\":{\"@type\":\"EntryPoint\",\"urlTemplate\":\"https:\/\/bahiaeconomica.com.br\/wp\/?s={search_term_string}\"},\"query-input\":\"required name=search_term_string\"}],\"inLanguage\":\"pt-BR\"},{\"@type\":\"Organization\",\"@id\":\"https:\/\/bahiaeconomica.com.br\/wp\/#organization\",\"name\":\"Bahia Econ\u00f4mica\",\"url\":\"https:\/\/bahiaeconomica.com.br\/wp\/\",\"logo\":{\"@type\":\"ImageObject\",\"inLanguage\":\"pt-BR\",\"@id\":\"https:\/\/bahiaeconomica.com.br\/wp\/#\/schema\/logo\/image\/\",\"url\":\"https:\/\/bahiaeconomica.com.br\/wp\/wp-content\/uploads\/2020\/12\/cropped-BE.png\",\"contentUrl\":\"https:\/\/bahiaeconomica.com.br\/wp\/wp-content\/uploads\/2020\/12\/cropped-BE.png\",\"width\":512,\"height\":512,\"caption\":\"Bahia Econ\u00f4mica\"},\"image\":{\"@id\":\"https:\/\/bahiaeconomica.com.br\/wp\/#\/schema\/logo\/image\/\"},\"sameAs\":[\"https:\/\/www.facebook.com\/bahiaeconomica\"]},{\"@type\":\"Person\",\"@id\":\"https:\/\/bahiaeconomica.com.br\/wp\/#\/schema\/person\/cb1ab5ba96ad3d9390805381c76284ec\",\"name\":\"admin\",\"url\":\"https:\/\/bahiaeconomica.com.br\/wp\/author\/admin\/\"}]}<\/script>\n<!-- \/ Yoast SEO plugin. -->","yoast_head_json":{"title":"ALIADOS DE RUI DIVERGEM SOBRE PRIVATIZA\u00c7\u00c3O DA EMBASA E PROJETO DEVE TER DIFICULDADES NA ALBA - Bahia Economica","description":"O maior portal de Economia da Bahia ECONOMIA \/ POL\u00cdTICA Bahia Economica","robots":{"index":"index","follow":"follow","max-snippet":"max-snippet:-1","max-image-preview":"max-image-preview:large","max-video-preview":"max-video-preview:-1"},"canonical":"https:\/\/bahiaeconomica.com.br\/wp\/2022\/03\/03\/em-construcao-embasa-aliados-de-rui-divergem-sobre-privatizacao-da-embasa-e-projeto-deve-ter-dificuldades-na-alba\/","og_locale":"pt_BR","og_type":"article","og_title":"ALIADOS DE RUI DIVERGEM SOBRE PRIVATIZA\u00c7\u00c3O DA EMBASA E PROJETO DEVE TER DIFICULDADES NA ALBA - Bahia Economica","og_description":"O maior portal de Economia da Bahia ECONOMIA \/ POL\u00cdTICA Bahia Economica","og_url":"https:\/\/bahiaeconomica.com.br\/wp\/2022\/03\/03\/em-construcao-embasa-aliados-de-rui-divergem-sobre-privatizacao-da-embasa-e-projeto-deve-ter-dificuldades-na-alba\/","og_site_name":"Bahia Economica","article_publisher":"https:\/\/www.facebook.com\/bahiaeconomica","article_published_time":"2022-03-03T10:00:41+00:00","article_modified_time":"2022-03-02T13:55:52+00:00","og_image":[{"width":770,"height":474,"url":"https:\/\/bahiaeconomica.com.br\/wp\/wp-content\/uploads\/2022\/02\/Screenshot_2019-10-03-embasa-Pesquisa-Google1embasa770.png","type":"image\/png"}],"author":"admin","twitter_card":"summary_large_image","twitter_misc":{"Escrito por":"admin","Est. tempo de leitura":"2 minutos"},"schema":{"@context":"https:\/\/schema.org","@graph":[{"@type":"Article","@id":"https:\/\/bahiaeconomica.com.br\/wp\/2022\/03\/03\/em-construcao-embasa-aliados-de-rui-divergem-sobre-privatizacao-da-embasa-e-projeto-deve-ter-dificuldades-na-alba\/#article","isPartOf":{"@id":"https:\/\/bahiaeconomica.com.br\/wp\/2022\/03\/03\/em-construcao-embasa-aliados-de-rui-divergem-sobre-privatizacao-da-embasa-e-projeto-deve-ter-dificuldades-na-alba\/"},"author":{"name":"admin","@id":"https:\/\/bahiaeconomica.com.br\/wp\/#\/schema\/person\/cb1ab5ba96ad3d9390805381c76284ec"},"headline":"ALIADOS DE RUI DIVERGEM SOBRE PRIVATIZA\u00c7\u00c3O DA EMBASA E PROJETO DEVE TER DIFICULDADES NA ALBA","datePublished":"2022-03-03T10:00:41+00:00","dateModified":"2022-03-02T13:55:52+00:00","mainEntityOfPage":{"@id":"https:\/\/bahiaeconomica.com.br\/wp\/2022\/03\/03\/em-construcao-embasa-aliados-de-rui-divergem-sobre-privatizacao-da-embasa-e-projeto-deve-ter-dificuldades-na-alba\/"},"wordCount":422,"publisher":{"@id":"https:\/\/bahiaeconomica.com.br\/wp\/#organization"},"keywords":["Brasil","emabsa","polica"],"articleSection":["ECONOMIA \/ POL\u00cdTICA"],"inLanguage":"pt-BR"},{"@type":"WebPage","@id":"https:\/\/bahiaeconomica.com.br\/wp\/2022\/03\/03\/em-construcao-embasa-aliados-de-rui-divergem-sobre-privatizacao-da-embasa-e-projeto-deve-ter-dificuldades-na-alba\/","url":"https:\/\/bahiaeconomica.com.br\/wp\/2022\/03\/03\/em-construcao-embasa-aliados-de-rui-divergem-sobre-privatizacao-da-embasa-e-projeto-deve-ter-dificuldades-na-alba\/","name":"ALIADOS DE RUI DIVERGEM SOBRE PRIVATIZA\u00c7\u00c3O DA EMBASA E PROJETO DEVE TER DIFICULDADES NA ALBA - Bahia Economica","isPartOf":{"@id":"https:\/\/bahiaeconomica.com.br\/wp\/#website"},"datePublished":"2022-03-03T10:00:41+00:00","dateModified":"2022-03-02T13:55:52+00:00","description":"O maior portal de Economia da Bahia ECONOMIA \/ POL\u00cdTICA Bahia Economica","breadcrumb":{"@id":"https:\/\/bahiaeconomica.com.br\/wp\/2022\/03\/03\/em-construcao-embasa-aliados-de-rui-divergem-sobre-privatizacao-da-embasa-e-projeto-deve-ter-dificuldades-na-alba\/#breadcrumb"},"inLanguage":"pt-BR","potentialAction":[{"@type":"ReadAction","target":["https:\/\/bahiaeconomica.com.br\/wp\/2022\/03\/03\/em-construcao-embasa-aliados-de-rui-divergem-sobre-privatizacao-da-embasa-e-projeto-deve-ter-dificuldades-na-alba\/"]}]},{"@type":"BreadcrumbList","@id":"https:\/\/bahiaeconomica.com.br\/wp\/2022\/03\/03\/em-construcao-embasa-aliados-de-rui-divergem-sobre-privatizacao-da-embasa-e-projeto-deve-ter-dificuldades-na-alba\/#breadcrumb","itemListElement":[{"@type":"ListItem","position":1,"name":"In\u00edcio","item":"https:\/\/bahiaeconomica.com.br\/wp\/"},{"@type":"ListItem","position":2,"name":"ALIADOS DE RUI DIVERGEM SOBRE PRIVATIZA\u00c7\u00c3O DA EMBASA E PROJETO DEVE TER DIFICULDADES NA ALBA"}]},{"@type":"WebSite","@id":"https:\/\/bahiaeconomica.com.br\/wp\/#website","url":"https:\/\/bahiaeconomica.com.br\/wp\/","name":"Bahia Economica","description":"O maior portal de Economia da Bahia","publisher":{"@id":"https:\/\/bahiaeconomica.com.br\/wp\/#organization"},"potentialAction":[{"@type":"SearchAction","target":{"@type":"EntryPoint","urlTemplate":"https:\/\/bahiaeconomica.com.br\/wp\/?s={search_term_string}"},"query-input":"required name=search_term_string"}],"inLanguage":"pt-BR"},{"@type":"Organization","@id":"https:\/\/bahiaeconomica.com.br\/wp\/#organization","name":"Bahia Econ\u00f4mica","url":"https:\/\/bahiaeconomica.com.br\/wp\/","logo":{"@type":"ImageObject","inLanguage":"pt-BR","@id":"https:\/\/bahiaeconomica.com.br\/wp\/#\/schema\/logo\/image\/","url":"https:\/\/bahiaeconomica.com.br\/wp\/wp-content\/uploads\/2020\/12\/cropped-BE.png","contentUrl":"https:\/\/bahiaeconomica.com.br\/wp\/wp-content\/uploads\/2020\/12\/cropped-BE.png","width":512,"height":512,"caption":"Bahia Econ\u00f4mica"},"image":{"@id":"https:\/\/bahiaeconomica.com.br\/wp\/#\/schema\/logo\/image\/"},"sameAs":["https:\/\/www.facebook.com\/bahiaeconomica"]},{"@type":"Person","@id":"https:\/\/bahiaeconomica.com.br\/wp\/#\/schema\/person\/cb1ab5ba96ad3d9390805381c76284ec","name":"admin","url":"https:\/\/bahiaeconomica.com.br\/wp\/author\/admin\/"}]}},"views":2,"_links":{"self":[{"href":"https:\/\/bahiaeconomica.com.br\/wp\/wp-json\/wp\/v2\/posts\/642625"}],"collection":[{"href":"https:\/\/bahiaeconomica.com.br\/wp\/wp-json\/wp\/v2\/posts"}],"about":[{"href":"https:\/\/bahiaeconomica.com.br\/wp\/wp-json\/wp\/v2\/types\/post"}],"author":[{"embeddable":true,"href":"https:\/\/bahiaeconomica.com.br\/wp\/wp-json\/wp\/v2\/users\/1"}],"replies":[{"embeddable":true,"href":"https:\/\/bahiaeconomica.com.br\/wp\/wp-json\/wp\/v2\/comments?post=642625"}],"version-history":[{"count":2,"href":"https:\/\/bahiaeconomica.com.br\/wp\/wp-json\/wp\/v2\/posts\/642625\/revisions"}],"predecessor-version":[{"id":643087,"href":"https:\/\/bahiaeconomica.com.br\/wp\/wp-json\/wp\/v2\/posts\/642625\/revisions\/643087"}],"wp:featuredmedia":[{"embeddable":true,"href":"https:\/\/bahiaeconomica.com.br\/wp\/wp-json\/wp\/v2\/media\/642627"}],"wp:attachment":[{"href":"https:\/\/bahiaeconomica.com.br\/wp\/wp-json\/wp\/v2\/media?parent=642625"}],"wp:term":[{"taxonomy":"category","embeddable":true,"href":"https:\/\/bahiaeconomica.com.br\/wp\/wp-json\/wp\/v2\/categories?post=642625"},{"taxonomy":"post_tag","embeddable":true,"href":"https:\/\/bahiaeconomica.com.br\/wp\/wp-json\/wp\/v2\/tags?post=642625"}],"curies":[{"name":"wp","href":"https:\/\/api.w.org\/{rel}","templated":true}]}}