{"id":641489,"date":"2022-02-19T08:00:44","date_gmt":"2022-02-19T11:00:44","guid":{"rendered":"https:\/\/bahiaeconomica.com.br\/wp\/beta\/?p=641489"},"modified":"2022-02-19T08:21:12","modified_gmt":"2022-02-19T11:21:12","slug":"bolsonaro-convida-principe-da-arabia-saudita-para-visitar-o-brasil","status":"publish","type":"post","link":"https:\/\/bahiaeconomica.com.br\/wp\/2022\/02\/19\/bolsonaro-convida-principe-da-arabia-saudita-para-visitar-o-brasil\/","title":{"rendered":"BOLSONARO CONVIDA PR\u00cdNCIPE DA AR\u00c1BIA SAUDITA PARA VISITAR O BRASIL"},"content":{"rendered":"<p>O presidente Jair Bolsonaro convidou o pr\u00edncipe herdeiro da Ar\u00e1bia Saudita, Mohamed bin Salman, para vir ao Brasil, afirmam fontes do governo. Essas fontes<!--more--> disseram \u00e0s comentaristas Natuza Nery e Julia Duailibi que Salman aceitou. As informa\u00e7\u00e3o foram divulgadas pelo portal G1. Conforme as tratativas, o encontro est\u00e1 previsto para mar\u00e7o. O convite formal foi feito pela diplomacia brasileira ao ministro dos Neg\u00f3cios Estrangeiros, pr\u00edncipe Faisal bin Farhan Al Saud, em 25 de novembro de 2021, quando ele esteve no Brasil. Mohamed bin Salman \u00e9 conhecido no mundo por usar medidas violentas para silenciar dissidentes, inclusive no exterior. A Ar\u00e1bia Saudita \u00e9 uma ditadura.<\/p>\n<p>Foto: divulga\u00e7\u00e3o<\/p>\n","protected":false},"excerpt":{"rendered":"<p>O presidente Jair Bolsonaro convidou o pr\u00edncipe herdeiro da Ar\u00e1bia Saudita, Mohamed bin Salman, para vir ao Brasil, afirmam fontes do governo. Essas fontes<\/p>\n","protected":false},"author":1,"featured_media":641491,"comment_status":"closed","ping_status":"closed","sticky":false,"template":"","format":"standard","meta":[],"categories":[3],"tags":[95,52,1307],"acf":[],"yoast_head":"<!-- This site is optimized with the Yoast SEO plugin v20.8 - https:\/\/yoast.com\/wordpress\/plugins\/seo\/ -->\n<title>BOLSONARO CONVIDA PR\u00cdNCIPE DA AR\u00c1BIA SAUDITA PARA VISITAR O BRASIL - Bahia Economica<\/title>\n<meta name=\"description\" content=\"O maior portal de Economia da Bahia ECONOMIA \/ POL\u00cdTICA Bahia Economica\" \/>\n<meta name=\"robots\" content=\"index, follow, max-snippet:-1, max-image-preview:large, max-video-preview:-1\" \/>\n<link rel=\"canonical\" href=\"https:\/\/bahiaeconomica.com.br\/wp\/2022\/02\/19\/bolsonaro-convida-principe-da-arabia-saudita-para-visitar-o-brasil\/\" \/>\n<meta property=\"og:locale\" content=\"pt_BR\" \/>\n<meta property=\"og:type\" content=\"article\" \/>\n<meta property=\"og:title\" content=\"BOLSONARO CONVIDA PR\u00cdNCIPE DA AR\u00c1BIA SAUDITA PARA VISITAR O BRASIL - Bahia Economica\" \/>\n<meta property=\"og:description\" content=\"O maior portal de Economia da Bahia ECONOMIA \/ POL\u00cdTICA Bahia Economica\" \/>\n<meta property=\"og:url\" content=\"https:\/\/bahiaeconomica.com.br\/wp\/2022\/02\/19\/bolsonaro-convida-principe-da-arabia-saudita-para-visitar-o-brasil\/\" \/>\n<meta property=\"og:site_name\" content=\"Bahia Economica\" \/>\n<meta property=\"article:publisher\" content=\"https:\/\/www.facebook.com\/bahiaeconomica\" \/>\n<meta property=\"article:published_time\" content=\"2022-02-19T11:00:44+00:00\" \/>\n<meta property=\"article:modified_time\" content=\"2022-02-19T11:21:12+00:00\" \/>\n<meta property=\"og:image\" content=\"https:\/\/bahiaeconomica.com.br\/wp\/wp-content\/uploads\/2022\/02\/119366bolsonaro-convida-principe-da-arabia-saudita-para-visitar-o-brasil-3360.jpg\" \/>\n\t<meta property=\"og:image:width\" content=\"360\" \/>\n\t<meta property=\"og:image:height\" content=\"220\" \/>\n\t<meta property=\"og:image:type\" content=\"image\/jpeg\" \/>\n<meta name=\"author\" content=\"admin\" \/>\n<meta name=\"twitter:card\" content=\"summary_large_image\" \/>\n<meta name=\"twitter:label1\" content=\"Escrito por\" \/>\n\t<meta name=\"twitter:data1\" content=\"admin\" \/>\n\t<meta name=\"twitter:label2\" content=\"Est. tempo de leitura\" \/>\n\t<meta name=\"twitter:data2\" content=\"1 minuto\" \/>\n<script type=\"application\/ld+json\" class=\"yoast-schema-graph\">{\"@context\":\"https:\/\/schema.org\",\"@graph\":[{\"@type\":\"Article\",\"@id\":\"https:\/\/bahiaeconomica.com.br\/wp\/2022\/02\/19\/bolsonaro-convida-principe-da-arabia-saudita-para-visitar-o-brasil\/#article\",\"isPartOf\":{\"@id\":\"https:\/\/bahiaeconomica.com.br\/wp\/2022\/02\/19\/bolsonaro-convida-principe-da-arabia-saudita-para-visitar-o-brasil\/\"},\"author\":{\"name\":\"admin\",\"@id\":\"https:\/\/bahiaeconomica.com.br\/wp\/#\/schema\/person\/cb1ab5ba96ad3d9390805381c76284ec\"},\"headline\":\"BOLSONARO CONVIDA PR\u00cdNCIPE DA AR\u00c1BIA SAUDITA PARA VISITAR O BRASIL\",\"datePublished\":\"2022-02-19T11:00:44+00:00\",\"dateModified\":\"2022-02-19T11:21:12+00:00\",\"mainEntityOfPage\":{\"@id\":\"https:\/\/bahiaeconomica.com.br\/wp\/2022\/02\/19\/bolsonaro-convida-principe-da-arabia-saudita-para-visitar-o-brasil\/\"},\"wordCount\":122,\"publisher\":{\"@id\":\"https:\/\/bahiaeconomica.com.br\/wp\/#organization\"},\"keywords\":[\"Bolsonaro\",\"Brasil\",\"polica\"],\"articleSection\":[\"ECONOMIA \/ POL\u00cdTICA\"],\"inLanguage\":\"pt-BR\"},{\"@type\":\"WebPage\",\"@id\":\"https:\/\/bahiaeconomica.com.br\/wp\/2022\/02\/19\/bolsonaro-convida-principe-da-arabia-saudita-para-visitar-o-brasil\/\",\"url\":\"https:\/\/bahiaeconomica.com.br\/wp\/2022\/02\/19\/bolsonaro-convida-principe-da-arabia-saudita-para-visitar-o-brasil\/\",\"name\":\"BOLSONARO CONVIDA PR\u00cdNCIPE DA AR\u00c1BIA SAUDITA PARA VISITAR O BRASIL - Bahia Economica\",\"isPartOf\":{\"@id\":\"https:\/\/bahiaeconomica.com.br\/wp\/#website\"},\"datePublished\":\"2022-02-19T11:00:44+00:00\",\"dateModified\":\"2022-02-19T11:21:12+00:00\",\"description\":\"O maior portal de Economia da Bahia ECONOMIA \/ POL\u00cdTICA Bahia Economica\",\"breadcrumb\":{\"@id\":\"https:\/\/bahiaeconomica.com.br\/wp\/2022\/02\/19\/bolsonaro-convida-principe-da-arabia-saudita-para-visitar-o-brasil\/#breadcrumb\"},\"inLanguage\":\"pt-BR\",\"potentialAction\":[{\"@type\":\"ReadAction\",\"target\":[\"https:\/\/bahiaeconomica.com.br\/wp\/2022\/02\/19\/bolsonaro-convida-principe-da-arabia-saudita-para-visitar-o-brasil\/\"]}]},{\"@type\":\"BreadcrumbList\",\"@id\":\"https:\/\/bahiaeconomica.com.br\/wp\/2022\/02\/19\/bolsonaro-convida-principe-da-arabia-saudita-para-visitar-o-brasil\/#breadcrumb\",\"itemListElement\":[{\"@type\":\"ListItem\",\"position\":1,\"name\":\"In\u00edcio\",\"item\":\"https:\/\/bahiaeconomica.com.br\/wp\/\"},{\"@type\":\"ListItem\",\"position\":2,\"name\":\"BOLSONARO CONVIDA PR\u00cdNCIPE DA AR\u00c1BIA SAUDITA PARA VISITAR O BRASIL\"}]},{\"@type\":\"WebSite\",\"@id\":\"https:\/\/bahiaeconomica.com.br\/wp\/#website\",\"url\":\"https:\/\/bahiaeconomica.com.br\/wp\/\",\"name\":\"Bahia Economica\",\"description\":\"O maior portal de Economia da Bahia\",\"publisher\":{\"@id\":\"https:\/\/bahiaeconomica.com.br\/wp\/#organization\"},\"potentialAction\":[{\"@type\":\"SearchAction\",\"target\":{\"@type\":\"EntryPoint\",\"urlTemplate\":\"https:\/\/bahiaeconomica.com.br\/wp\/?s={search_term_string}\"},\"query-input\":\"required name=search_term_string\"}],\"inLanguage\":\"pt-BR\"},{\"@type\":\"Organization\",\"@id\":\"https:\/\/bahiaeconomica.com.br\/wp\/#organization\",\"name\":\"Bahia Econ\u00f4mica\",\"url\":\"https:\/\/bahiaeconomica.com.br\/wp\/\",\"logo\":{\"@type\":\"ImageObject\",\"inLanguage\":\"pt-BR\",\"@id\":\"https:\/\/bahiaeconomica.com.br\/wp\/#\/schema\/logo\/image\/\",\"url\":\"https:\/\/bahiaeconomica.com.br\/wp\/wp-content\/uploads\/2020\/12\/cropped-BE.png\",\"contentUrl\":\"https:\/\/bahiaeconomica.com.br\/wp\/wp-content\/uploads\/2020\/12\/cropped-BE.png\",\"width\":512,\"height\":512,\"caption\":\"Bahia Econ\u00f4mica\"},\"image\":{\"@id\":\"https:\/\/bahiaeconomica.com.br\/wp\/#\/schema\/logo\/image\/\"},\"sameAs\":[\"https:\/\/www.facebook.com\/bahiaeconomica\"]},{\"@type\":\"Person\",\"@id\":\"https:\/\/bahiaeconomica.com.br\/wp\/#\/schema\/person\/cb1ab5ba96ad3d9390805381c76284ec\",\"name\":\"admin\",\"url\":\"https:\/\/bahiaeconomica.com.br\/wp\/author\/admin\/\"}]}<\/script>\n<!-- \/ Yoast SEO plugin. -->","yoast_head_json":{"title":"BOLSONARO CONVIDA PR\u00cdNCIPE DA AR\u00c1BIA SAUDITA PARA VISITAR O BRASIL - Bahia Economica","description":"O maior portal de Economia da Bahia ECONOMIA \/ POL\u00cdTICA Bahia Economica","robots":{"index":"index","follow":"follow","max-snippet":"max-snippet:-1","max-image-preview":"max-image-preview:large","max-video-preview":"max-video-preview:-1"},"canonical":"https:\/\/bahiaeconomica.com.br\/wp\/2022\/02\/19\/bolsonaro-convida-principe-da-arabia-saudita-para-visitar-o-brasil\/","og_locale":"pt_BR","og_type":"article","og_title":"BOLSONARO CONVIDA PR\u00cdNCIPE DA AR\u00c1BIA SAUDITA PARA VISITAR O BRASIL - Bahia Economica","og_description":"O maior portal de Economia da Bahia ECONOMIA \/ POL\u00cdTICA Bahia Economica","og_url":"https:\/\/bahiaeconomica.com.br\/wp\/2022\/02\/19\/bolsonaro-convida-principe-da-arabia-saudita-para-visitar-o-brasil\/","og_site_name":"Bahia Economica","article_publisher":"https:\/\/www.facebook.com\/bahiaeconomica","article_published_time":"2022-02-19T11:00:44+00:00","article_modified_time":"2022-02-19T11:21:12+00:00","og_image":[{"width":360,"height":220,"url":"https:\/\/bahiaeconomica.com.br\/wp\/wp-content\/uploads\/2022\/02\/119366bolsonaro-convida-principe-da-arabia-saudita-para-visitar-o-brasil-3360.jpg","type":"image\/jpeg"}],"author":"admin","twitter_card":"summary_large_image","twitter_misc":{"Escrito por":"admin","Est. tempo de leitura":"1 minuto"},"schema":{"@context":"https:\/\/schema.org","@graph":[{"@type":"Article","@id":"https:\/\/bahiaeconomica.com.br\/wp\/2022\/02\/19\/bolsonaro-convida-principe-da-arabia-saudita-para-visitar-o-brasil\/#article","isPartOf":{"@id":"https:\/\/bahiaeconomica.com.br\/wp\/2022\/02\/19\/bolsonaro-convida-principe-da-arabia-saudita-para-visitar-o-brasil\/"},"author":{"name":"admin","@id":"https:\/\/bahiaeconomica.com.br\/wp\/#\/schema\/person\/cb1ab5ba96ad3d9390805381c76284ec"},"headline":"BOLSONARO CONVIDA PR\u00cdNCIPE DA AR\u00c1BIA SAUDITA PARA VISITAR O BRASIL","datePublished":"2022-02-19T11:00:44+00:00","dateModified":"2022-02-19T11:21:12+00:00","mainEntityOfPage":{"@id":"https:\/\/bahiaeconomica.com.br\/wp\/2022\/02\/19\/bolsonaro-convida-principe-da-arabia-saudita-para-visitar-o-brasil\/"},"wordCount":122,"publisher":{"@id":"https:\/\/bahiaeconomica.com.br\/wp\/#organization"},"keywords":["Bolsonaro","Brasil","polica"],"articleSection":["ECONOMIA \/ POL\u00cdTICA"],"inLanguage":"pt-BR"},{"@type":"WebPage","@id":"https:\/\/bahiaeconomica.com.br\/wp\/2022\/02\/19\/bolsonaro-convida-principe-da-arabia-saudita-para-visitar-o-brasil\/","url":"https:\/\/bahiaeconomica.com.br\/wp\/2022\/02\/19\/bolsonaro-convida-principe-da-arabia-saudita-para-visitar-o-brasil\/","name":"BOLSONARO CONVIDA PR\u00cdNCIPE DA AR\u00c1BIA SAUDITA PARA VISITAR O BRASIL - Bahia Economica","isPartOf":{"@id":"https:\/\/bahiaeconomica.com.br\/wp\/#website"},"datePublished":"2022-02-19T11:00:44+00:00","dateModified":"2022-02-19T11:21:12+00:00","description":"O maior portal de Economia da Bahia ECONOMIA \/ POL\u00cdTICA Bahia Economica","breadcrumb":{"@id":"https:\/\/bahiaeconomica.com.br\/wp\/2022\/02\/19\/bolsonaro-convida-principe-da-arabia-saudita-para-visitar-o-brasil\/#breadcrumb"},"inLanguage":"pt-BR","potentialAction":[{"@type":"ReadAction","target":["https:\/\/bahiaeconomica.com.br\/wp\/2022\/02\/19\/bolsonaro-convida-principe-da-arabia-saudita-para-visitar-o-brasil\/"]}]},{"@type":"BreadcrumbList","@id":"https:\/\/bahiaeconomica.com.br\/wp\/2022\/02\/19\/bolsonaro-convida-principe-da-arabia-saudita-para-visitar-o-brasil\/#breadcrumb","itemListElement":[{"@type":"ListItem","position":1,"name":"In\u00edcio","item":"https:\/\/bahiaeconomica.com.br\/wp\/"},{"@type":"ListItem","position":2,"name":"BOLSONARO CONVIDA PR\u00cdNCIPE DA AR\u00c1BIA SAUDITA PARA VISITAR O BRASIL"}]},{"@type":"WebSite","@id":"https:\/\/bahiaeconomica.com.br\/wp\/#website","url":"https:\/\/bahiaeconomica.com.br\/wp\/","name":"Bahia Economica","description":"O maior portal de Economia da Bahia","publisher":{"@id":"https:\/\/bahiaeconomica.com.br\/wp\/#organization"},"potentialAction":[{"@type":"SearchAction","target":{"@type":"EntryPoint","urlTemplate":"https:\/\/bahiaeconomica.com.br\/wp\/?s={search_term_string}"},"query-input":"required name=search_term_string"}],"inLanguage":"pt-BR"},{"@type":"Organization","@id":"https:\/\/bahiaeconomica.com.br\/wp\/#organization","name":"Bahia Econ\u00f4mica","url":"https:\/\/bahiaeconomica.com.br\/wp\/","logo":{"@type":"ImageObject","inLanguage":"pt-BR","@id":"https:\/\/bahiaeconomica.com.br\/wp\/#\/schema\/logo\/image\/","url":"https:\/\/bahiaeconomica.com.br\/wp\/wp-content\/uploads\/2020\/12\/cropped-BE.png","contentUrl":"https:\/\/bahiaeconomica.com.br\/wp\/wp-content\/uploads\/2020\/12\/cropped-BE.png","width":512,"height":512,"caption":"Bahia Econ\u00f4mica"},"image":{"@id":"https:\/\/bahiaeconomica.com.br\/wp\/#\/schema\/logo\/image\/"},"sameAs":["https:\/\/www.facebook.com\/bahiaeconomica"]},{"@type":"Person","@id":"https:\/\/bahiaeconomica.com.br\/wp\/#\/schema\/person\/cb1ab5ba96ad3d9390805381c76284ec","name":"admin","url":"https:\/\/bahiaeconomica.com.br\/wp\/author\/admin\/"}]}},"views":2,"_links":{"self":[{"href":"https:\/\/bahiaeconomica.com.br\/wp\/wp-json\/wp\/v2\/posts\/641489"}],"collection":[{"href":"https:\/\/bahiaeconomica.com.br\/wp\/wp-json\/wp\/v2\/posts"}],"about":[{"href":"https:\/\/bahiaeconomica.com.br\/wp\/wp-json\/wp\/v2\/types\/post"}],"author":[{"embeddable":true,"href":"https:\/\/bahiaeconomica.com.br\/wp\/wp-json\/wp\/v2\/users\/1"}],"replies":[{"embeddable":true,"href":"https:\/\/bahiaeconomica.com.br\/wp\/wp-json\/wp\/v2\/comments?post=641489"}],"version-history":[{"count":1,"href":"https:\/\/bahiaeconomica.com.br\/wp\/wp-json\/wp\/v2\/posts\/641489\/revisions"}],"predecessor-version":[{"id":641492,"href":"https:\/\/bahiaeconomica.com.br\/wp\/wp-json\/wp\/v2\/posts\/641489\/revisions\/641492"}],"wp:featuredmedia":[{"embeddable":true,"href":"https:\/\/bahiaeconomica.com.br\/wp\/wp-json\/wp\/v2\/media\/641491"}],"wp:attachment":[{"href":"https:\/\/bahiaeconomica.com.br\/wp\/wp-json\/wp\/v2\/media?parent=641489"}],"wp:term":[{"taxonomy":"category","embeddable":true,"href":"https:\/\/bahiaeconomica.com.br\/wp\/wp-json\/wp\/v2\/categories?post=641489"},{"taxonomy":"post_tag","embeddable":true,"href":"https:\/\/bahiaeconomica.com.br\/wp\/wp-json\/wp\/v2\/tags?post=641489"}],"curies":[{"name":"wp","href":"https:\/\/api.w.org\/{rel}","templated":true}]}}