{"id":641108,"date":"2022-02-18T07:00:35","date_gmt":"2022-02-18T10:00:35","guid":{"rendered":"https:\/\/bahiaeconomica.com.br\/wp\/beta\/?p=641108"},"modified":"2022-02-17T23:03:01","modified_gmt":"2022-02-18T02:03:01","slug":"inscricoes-para-premio-talento-universitario-sao-prorrogadas","status":"publish","type":"post","link":"https:\/\/bahiaeconomica.com.br\/wp\/2022\/02\/18\/inscricoes-para-premio-talento-universitario-sao-prorrogadas\/","title":{"rendered":"INSCRI\u00c7\u00d5ES PARA PR\u00caMIO TALENTO UNIVERSIT\u00c1RIO S\u00c3O PRORROGADAS"},"content":{"rendered":"<p>As inscri\u00e7\u00f5es para a segunda edi\u00e7\u00e3o do Pr\u00eamio Talento Universit\u00e1rio, que terminariam no dia 13 desse m\u00eas, foram prorrogadas para o pr\u00f3ximo dia 21. Os interessados<!--more--> em participar devem se inscrever atrav\u00e9s do site\u00a0 da competi\u00e7\u00e3o. O Pr\u00eamio Talento Universit\u00e1rio \u00e9 voltado para estudantes que fizeram o Exame Nacional do Ensino M\u00e9dio (Enem) de 2019 ou 2020 e ingressaram na educa\u00e7\u00e3o superior em 2021. Al\u00e9m disso, \u00e9 preciso estar matriculado em um curso de gradua\u00e7\u00e3o \u2013 presencial ou a dist\u00e2ncia \u2013 em uma institui\u00e7\u00e3o de ensino superior p\u00fablica, privada ou militar. Outra exig\u00eancia \u00e9 n\u00e3o estar em d\u00e9bito com a CAPES, o Conselho Nacional de Desenvolvimento Cient\u00edfico e Tecnol\u00f3gico (CNPq) ou outras ag\u00eancias de fomento \u00e0 pesquisa.<\/p>\n<p>Os candidatos ter\u00e3o de responder a uma prova com 80 quest\u00f5es de m\u00faltipla escolha, todas sobre conhecimentos gerais, que est\u00e1 prevista para ser aplicada no dia 20 mar\u00e7o. Os locais do exame ser\u00e3o divulgados a partir de 03 de mar\u00e7o. Os inscritos que obtiverem melhores pontua\u00e7\u00f5es v\u00e3o ser premiados com R$5 mil. Ser\u00e3o aceitas at\u00e9 44 mil inscri\u00e7\u00f5es. A premia\u00e7\u00e3o vai subsidiar estudos e pesquisas da CAPES para a formula\u00e7\u00e3o de pol\u00edticas p\u00fablicas para a educa\u00e7\u00e3o superior. O resultado ser\u00e1 divulgado a partir de abril.<\/p>\n<p>Fonte: Ag\u00eancia Educa Mais Brasil<\/p>\n","protected":false},"excerpt":{"rendered":"<p>As inscri\u00e7\u00f5es para a segunda edi\u00e7\u00e3o do Pr\u00eamio Talento Universit\u00e1rio, que terminariam no dia 13 desse m\u00eas, foram prorrogadas para o pr\u00f3ximo dia 21. Os interessados<\/p>\n","protected":false},"author":1,"featured_media":641110,"comment_status":"closed","ping_status":"closed","sticky":false,"template":"","format":"standard","meta":[],"categories":[14,3,8],"tags":[],"acf":[],"yoast_head":"<!-- This site is optimized with the Yoast SEO plugin v20.8 - https:\/\/yoast.com\/wordpress\/plugins\/seo\/ -->\n<title>INSCRI\u00c7\u00d5ES PARA PR\u00caMIO TALENTO UNIVERSIT\u00c1RIO S\u00c3O PRORROGADAS - Bahia Economica<\/title>\n<meta name=\"description\" content=\"O maior portal de Economia da Bahia DESTAQUE DO DIA, ECONOMIA \/ POL\u00cdTICA, EMPREGOS \/ CONCURSOS Bahia Economica\" \/>\n<meta name=\"robots\" content=\"index, follow, max-snippet:-1, max-image-preview:large, max-video-preview:-1\" \/>\n<link rel=\"canonical\" href=\"https:\/\/bahiaeconomica.com.br\/wp\/2022\/02\/18\/inscricoes-para-premio-talento-universitario-sao-prorrogadas\/\" \/>\n<meta property=\"og:locale\" content=\"pt_BR\" \/>\n<meta property=\"og:type\" content=\"article\" \/>\n<meta property=\"og:title\" content=\"INSCRI\u00c7\u00d5ES PARA PR\u00caMIO TALENTO UNIVERSIT\u00c1RIO S\u00c3O PRORROGADAS - Bahia Economica\" \/>\n<meta property=\"og:description\" content=\"O maior portal de Economia da Bahia DESTAQUE DO DIA, ECONOMIA \/ POL\u00cdTICA, EMPREGOS \/ CONCURSOS Bahia Economica\" \/>\n<meta property=\"og:url\" content=\"https:\/\/bahiaeconomica.com.br\/wp\/2022\/02\/18\/inscricoes-para-premio-talento-universitario-sao-prorrogadas\/\" \/>\n<meta property=\"og:site_name\" content=\"Bahia Economica\" \/>\n<meta property=\"article:publisher\" content=\"https:\/\/www.facebook.com\/bahiaeconomica\" \/>\n<meta property=\"article:published_time\" content=\"2022-02-18T10:00:35+00:00\" \/>\n<meta property=\"article:modified_time\" content=\"2022-02-18T02:03:01+00:00\" \/>\n<meta property=\"og:image\" content=\"https:\/\/bahiaeconomica.com.br\/wp\/wp-content\/uploads\/2022\/02\/csm_FOTO_CORREIO_127c064691.jpg\" \/>\n\t<meta property=\"og:image:width\" content=\"940\" \/>\n\t<meta property=\"og:image:height\" content=\"629\" \/>\n\t<meta property=\"og:image:type\" content=\"image\/jpeg\" \/>\n<meta name=\"author\" content=\"admin\" \/>\n<meta name=\"twitter:card\" content=\"summary_large_image\" \/>\n<meta name=\"twitter:label1\" content=\"Escrito por\" \/>\n\t<meta name=\"twitter:data1\" content=\"admin\" \/>\n\t<meta name=\"twitter:label2\" content=\"Est. tempo de leitura\" \/>\n\t<meta name=\"twitter:data2\" content=\"1 minuto\" \/>\n<script type=\"application\/ld+json\" class=\"yoast-schema-graph\">{\"@context\":\"https:\/\/schema.org\",\"@graph\":[{\"@type\":\"Article\",\"@id\":\"https:\/\/bahiaeconomica.com.br\/wp\/2022\/02\/18\/inscricoes-para-premio-talento-universitario-sao-prorrogadas\/#article\",\"isPartOf\":{\"@id\":\"https:\/\/bahiaeconomica.com.br\/wp\/2022\/02\/18\/inscricoes-para-premio-talento-universitario-sao-prorrogadas\/\"},\"author\":{\"name\":\"admin\",\"@id\":\"https:\/\/bahiaeconomica.com.br\/wp\/#\/schema\/person\/cb1ab5ba96ad3d9390805381c76284ec\"},\"headline\":\"INSCRI\u00c7\u00d5ES PARA PR\u00caMIO TALENTO UNIVERSIT\u00c1RIO S\u00c3O PRORROGADAS\",\"datePublished\":\"2022-02-18T10:00:35+00:00\",\"dateModified\":\"2022-02-18T02:03:01+00:00\",\"mainEntityOfPage\":{\"@id\":\"https:\/\/bahiaeconomica.com.br\/wp\/2022\/02\/18\/inscricoes-para-premio-talento-universitario-sao-prorrogadas\/\"},\"wordCount\":242,\"publisher\":{\"@id\":\"https:\/\/bahiaeconomica.com.br\/wp\/#organization\"},\"articleSection\":[\"DESTAQUE DO DIA\",\"ECONOMIA \/ POL\u00cdTICA\",\"EMPREGOS \/ CONCURSOS\"],\"inLanguage\":\"pt-BR\"},{\"@type\":\"WebPage\",\"@id\":\"https:\/\/bahiaeconomica.com.br\/wp\/2022\/02\/18\/inscricoes-para-premio-talento-universitario-sao-prorrogadas\/\",\"url\":\"https:\/\/bahiaeconomica.com.br\/wp\/2022\/02\/18\/inscricoes-para-premio-talento-universitario-sao-prorrogadas\/\",\"name\":\"INSCRI\u00c7\u00d5ES PARA PR\u00caMIO TALENTO UNIVERSIT\u00c1RIO S\u00c3O PRORROGADAS - Bahia Economica\",\"isPartOf\":{\"@id\":\"https:\/\/bahiaeconomica.com.br\/wp\/#website\"},\"datePublished\":\"2022-02-18T10:00:35+00:00\",\"dateModified\":\"2022-02-18T02:03:01+00:00\",\"description\":\"O maior portal de Economia da Bahia DESTAQUE DO DIA, ECONOMIA \/ POL\u00cdTICA, EMPREGOS \/ CONCURSOS Bahia Economica\",\"breadcrumb\":{\"@id\":\"https:\/\/bahiaeconomica.com.br\/wp\/2022\/02\/18\/inscricoes-para-premio-talento-universitario-sao-prorrogadas\/#breadcrumb\"},\"inLanguage\":\"pt-BR\",\"potentialAction\":[{\"@type\":\"ReadAction\",\"target\":[\"https:\/\/bahiaeconomica.com.br\/wp\/2022\/02\/18\/inscricoes-para-premio-talento-universitario-sao-prorrogadas\/\"]}]},{\"@type\":\"BreadcrumbList\",\"@id\":\"https:\/\/bahiaeconomica.com.br\/wp\/2022\/02\/18\/inscricoes-para-premio-talento-universitario-sao-prorrogadas\/#breadcrumb\",\"itemListElement\":[{\"@type\":\"ListItem\",\"position\":1,\"name\":\"In\u00edcio\",\"item\":\"https:\/\/bahiaeconomica.com.br\/wp\/\"},{\"@type\":\"ListItem\",\"position\":2,\"name\":\"INSCRI\u00c7\u00d5ES PARA PR\u00caMIO TALENTO UNIVERSIT\u00c1RIO S\u00c3O PRORROGADAS\"}]},{\"@type\":\"WebSite\",\"@id\":\"https:\/\/bahiaeconomica.com.br\/wp\/#website\",\"url\":\"https:\/\/bahiaeconomica.com.br\/wp\/\",\"name\":\"Bahia Economica\",\"description\":\"O maior portal de Economia da Bahia\",\"publisher\":{\"@id\":\"https:\/\/bahiaeconomica.com.br\/wp\/#organization\"},\"potentialAction\":[{\"@type\":\"SearchAction\",\"target\":{\"@type\":\"EntryPoint\",\"urlTemplate\":\"https:\/\/bahiaeconomica.com.br\/wp\/?s={search_term_string}\"},\"query-input\":\"required name=search_term_string\"}],\"inLanguage\":\"pt-BR\"},{\"@type\":\"Organization\",\"@id\":\"https:\/\/bahiaeconomica.com.br\/wp\/#organization\",\"name\":\"Bahia Econ\u00f4mica\",\"url\":\"https:\/\/bahiaeconomica.com.br\/wp\/\",\"logo\":{\"@type\":\"ImageObject\",\"inLanguage\":\"pt-BR\",\"@id\":\"https:\/\/bahiaeconomica.com.br\/wp\/#\/schema\/logo\/image\/\",\"url\":\"https:\/\/bahiaeconomica.com.br\/wp\/wp-content\/uploads\/2020\/12\/cropped-BE.png\",\"contentUrl\":\"https:\/\/bahiaeconomica.com.br\/wp\/wp-content\/uploads\/2020\/12\/cropped-BE.png\",\"width\":512,\"height\":512,\"caption\":\"Bahia Econ\u00f4mica\"},\"image\":{\"@id\":\"https:\/\/bahiaeconomica.com.br\/wp\/#\/schema\/logo\/image\/\"},\"sameAs\":[\"https:\/\/www.facebook.com\/bahiaeconomica\"]},{\"@type\":\"Person\",\"@id\":\"https:\/\/bahiaeconomica.com.br\/wp\/#\/schema\/person\/cb1ab5ba96ad3d9390805381c76284ec\",\"name\":\"admin\",\"url\":\"https:\/\/bahiaeconomica.com.br\/wp\/author\/admin\/\"}]}<\/script>\n<!-- \/ Yoast SEO plugin. -->","yoast_head_json":{"title":"INSCRI\u00c7\u00d5ES PARA PR\u00caMIO TALENTO UNIVERSIT\u00c1RIO S\u00c3O PRORROGADAS - Bahia Economica","description":"O maior portal de Economia da Bahia DESTAQUE DO DIA, ECONOMIA \/ POL\u00cdTICA, EMPREGOS \/ CONCURSOS Bahia Economica","robots":{"index":"index","follow":"follow","max-snippet":"max-snippet:-1","max-image-preview":"max-image-preview:large","max-video-preview":"max-video-preview:-1"},"canonical":"https:\/\/bahiaeconomica.com.br\/wp\/2022\/02\/18\/inscricoes-para-premio-talento-universitario-sao-prorrogadas\/","og_locale":"pt_BR","og_type":"article","og_title":"INSCRI\u00c7\u00d5ES PARA PR\u00caMIO TALENTO UNIVERSIT\u00c1RIO S\u00c3O PRORROGADAS - Bahia Economica","og_description":"O maior portal de Economia da Bahia DESTAQUE DO DIA, ECONOMIA \/ POL\u00cdTICA, EMPREGOS \/ CONCURSOS Bahia Economica","og_url":"https:\/\/bahiaeconomica.com.br\/wp\/2022\/02\/18\/inscricoes-para-premio-talento-universitario-sao-prorrogadas\/","og_site_name":"Bahia Economica","article_publisher":"https:\/\/www.facebook.com\/bahiaeconomica","article_published_time":"2022-02-18T10:00:35+00:00","article_modified_time":"2022-02-18T02:03:01+00:00","og_image":[{"width":940,"height":629,"url":"https:\/\/bahiaeconomica.com.br\/wp\/wp-content\/uploads\/2022\/02\/csm_FOTO_CORREIO_127c064691.jpg","type":"image\/jpeg"}],"author":"admin","twitter_card":"summary_large_image","twitter_misc":{"Escrito por":"admin","Est. tempo de leitura":"1 minuto"},"schema":{"@context":"https:\/\/schema.org","@graph":[{"@type":"Article","@id":"https:\/\/bahiaeconomica.com.br\/wp\/2022\/02\/18\/inscricoes-para-premio-talento-universitario-sao-prorrogadas\/#article","isPartOf":{"@id":"https:\/\/bahiaeconomica.com.br\/wp\/2022\/02\/18\/inscricoes-para-premio-talento-universitario-sao-prorrogadas\/"},"author":{"name":"admin","@id":"https:\/\/bahiaeconomica.com.br\/wp\/#\/schema\/person\/cb1ab5ba96ad3d9390805381c76284ec"},"headline":"INSCRI\u00c7\u00d5ES PARA PR\u00caMIO TALENTO UNIVERSIT\u00c1RIO S\u00c3O PRORROGADAS","datePublished":"2022-02-18T10:00:35+00:00","dateModified":"2022-02-18T02:03:01+00:00","mainEntityOfPage":{"@id":"https:\/\/bahiaeconomica.com.br\/wp\/2022\/02\/18\/inscricoes-para-premio-talento-universitario-sao-prorrogadas\/"},"wordCount":242,"publisher":{"@id":"https:\/\/bahiaeconomica.com.br\/wp\/#organization"},"articleSection":["DESTAQUE DO DIA","ECONOMIA \/ POL\u00cdTICA","EMPREGOS \/ CONCURSOS"],"inLanguage":"pt-BR"},{"@type":"WebPage","@id":"https:\/\/bahiaeconomica.com.br\/wp\/2022\/02\/18\/inscricoes-para-premio-talento-universitario-sao-prorrogadas\/","url":"https:\/\/bahiaeconomica.com.br\/wp\/2022\/02\/18\/inscricoes-para-premio-talento-universitario-sao-prorrogadas\/","name":"INSCRI\u00c7\u00d5ES PARA PR\u00caMIO TALENTO UNIVERSIT\u00c1RIO S\u00c3O PRORROGADAS - Bahia Economica","isPartOf":{"@id":"https:\/\/bahiaeconomica.com.br\/wp\/#website"},"datePublished":"2022-02-18T10:00:35+00:00","dateModified":"2022-02-18T02:03:01+00:00","description":"O maior portal de Economia da Bahia DESTAQUE DO DIA, ECONOMIA \/ POL\u00cdTICA, EMPREGOS \/ CONCURSOS Bahia Economica","breadcrumb":{"@id":"https:\/\/bahiaeconomica.com.br\/wp\/2022\/02\/18\/inscricoes-para-premio-talento-universitario-sao-prorrogadas\/#breadcrumb"},"inLanguage":"pt-BR","potentialAction":[{"@type":"ReadAction","target":["https:\/\/bahiaeconomica.com.br\/wp\/2022\/02\/18\/inscricoes-para-premio-talento-universitario-sao-prorrogadas\/"]}]},{"@type":"BreadcrumbList","@id":"https:\/\/bahiaeconomica.com.br\/wp\/2022\/02\/18\/inscricoes-para-premio-talento-universitario-sao-prorrogadas\/#breadcrumb","itemListElement":[{"@type":"ListItem","position":1,"name":"In\u00edcio","item":"https:\/\/bahiaeconomica.com.br\/wp\/"},{"@type":"ListItem","position":2,"name":"INSCRI\u00c7\u00d5ES PARA PR\u00caMIO TALENTO UNIVERSIT\u00c1RIO S\u00c3O PRORROGADAS"}]},{"@type":"WebSite","@id":"https:\/\/bahiaeconomica.com.br\/wp\/#website","url":"https:\/\/bahiaeconomica.com.br\/wp\/","name":"Bahia Economica","description":"O maior portal de Economia da Bahia","publisher":{"@id":"https:\/\/bahiaeconomica.com.br\/wp\/#organization"},"potentialAction":[{"@type":"SearchAction","target":{"@type":"EntryPoint","urlTemplate":"https:\/\/bahiaeconomica.com.br\/wp\/?s={search_term_string}"},"query-input":"required name=search_term_string"}],"inLanguage":"pt-BR"},{"@type":"Organization","@id":"https:\/\/bahiaeconomica.com.br\/wp\/#organization","name":"Bahia Econ\u00f4mica","url":"https:\/\/bahiaeconomica.com.br\/wp\/","logo":{"@type":"ImageObject","inLanguage":"pt-BR","@id":"https:\/\/bahiaeconomica.com.br\/wp\/#\/schema\/logo\/image\/","url":"https:\/\/bahiaeconomica.com.br\/wp\/wp-content\/uploads\/2020\/12\/cropped-BE.png","contentUrl":"https:\/\/bahiaeconomica.com.br\/wp\/wp-content\/uploads\/2020\/12\/cropped-BE.png","width":512,"height":512,"caption":"Bahia Econ\u00f4mica"},"image":{"@id":"https:\/\/bahiaeconomica.com.br\/wp\/#\/schema\/logo\/image\/"},"sameAs":["https:\/\/www.facebook.com\/bahiaeconomica"]},{"@type":"Person","@id":"https:\/\/bahiaeconomica.com.br\/wp\/#\/schema\/person\/cb1ab5ba96ad3d9390805381c76284ec","name":"admin","url":"https:\/\/bahiaeconomica.com.br\/wp\/author\/admin\/"}]}},"views":1,"_links":{"self":[{"href":"https:\/\/bahiaeconomica.com.br\/wp\/wp-json\/wp\/v2\/posts\/641108"}],"collection":[{"href":"https:\/\/bahiaeconomica.com.br\/wp\/wp-json\/wp\/v2\/posts"}],"about":[{"href":"https:\/\/bahiaeconomica.com.br\/wp\/wp-json\/wp\/v2\/types\/post"}],"author":[{"embeddable":true,"href":"https:\/\/bahiaeconomica.com.br\/wp\/wp-json\/wp\/v2\/users\/1"}],"replies":[{"embeddable":true,"href":"https:\/\/bahiaeconomica.com.br\/wp\/wp-json\/wp\/v2\/comments?post=641108"}],"version-history":[{"count":1,"href":"https:\/\/bahiaeconomica.com.br\/wp\/wp-json\/wp\/v2\/posts\/641108\/revisions"}],"predecessor-version":[{"id":641111,"href":"https:\/\/bahiaeconomica.com.br\/wp\/wp-json\/wp\/v2\/posts\/641108\/revisions\/641111"}],"wp:featuredmedia":[{"embeddable":true,"href":"https:\/\/bahiaeconomica.com.br\/wp\/wp-json\/wp\/v2\/media\/641110"}],"wp:attachment":[{"href":"https:\/\/bahiaeconomica.com.br\/wp\/wp-json\/wp\/v2\/media?parent=641108"}],"wp:term":[{"taxonomy":"category","embeddable":true,"href":"https:\/\/bahiaeconomica.com.br\/wp\/wp-json\/wp\/v2\/categories?post=641108"},{"taxonomy":"post_tag","embeddable":true,"href":"https:\/\/bahiaeconomica.com.br\/wp\/wp-json\/wp\/v2\/tags?post=641108"}],"curies":[{"name":"wp","href":"https:\/\/api.w.org\/{rel}","templated":true}]}}