{"id":639123,"date":"2022-02-11T14:40:35","date_gmt":"2022-02-11T17:40:35","guid":{"rendered":"https:\/\/bahiaeconomica.com.br\/wp\/beta\/?p=639123"},"modified":"2022-02-11T14:43:24","modified_gmt":"2022-02-11T17:43:24","slug":"prefeitura-restaura-azulejos-e-estruturas-da-basilica-do-bonfim","status":"publish","type":"post","link":"https:\/\/bahiaeconomica.com.br\/wp\/2022\/02\/11\/prefeitura-restaura-azulejos-e-estruturas-da-basilica-do-bonfim\/","title":{"rendered":"PREFEITURA RESTAURA AZULEJOS E ESTRUTURAS DA BAS\u00cdLICA DO BONFIM"},"content":{"rendered":"<p>A Bas\u00edlica Santu\u00e1rio Senhor do Bonfim, na Cidade Baixa, foi beneficiada com um conjunto de restaura\u00e7\u00f5es realizadas pela Prefeitura nos pain\u00e9is de azulejos do corredor lateral <!--more-->do templo, no arco do cruzeiro e na cancela da capela-mor. As interven\u00e7\u00f5es foram entregues pelo prefeito Bruno Reis nesta sexta-feira (11), ao lado do titular da Secretaria de Cultura e Turismo (Secult), F\u00e1bio Mota, e do padre Edson Menezes, reitor do templo.<\/p>\n<p>A iniciativa valorizou ainda mais a igreja, que \u00e9 considerada um dos maiores \u00edcones de f\u00e9 dos baianos. A a\u00e7\u00e3o integra os investimentos da Prefeitura na manuten\u00e7\u00e3o de espa\u00e7os que fazem parte do patrim\u00f4nio hist\u00f3rico, cultural e religioso da cidade. Na ocasi\u00e3o, o prefeito lembrou as interven\u00e7\u00f5es promovidas anteriormente no templo, e reiterou que governa para todos na cidade, independente da religi\u00e3o, prefer\u00eancia pol\u00edtica ou classe social. \u201cEssa \u00e9 mais uma etapa da recupera\u00e7\u00e3o deste equipamento, que \u00e9 um dos principais pontos tur\u00edsticos dessa cidade, e que representa todas as formas de manifesta\u00e7\u00e3o de f\u00e9 em Salvador. Aqui \u00e9 o espa\u00e7o do respeito e do combate \u00e0 intoler\u00e2ncia religiosa, que n\u00e3o permite nenhum tipo de discrimina\u00e7\u00e3o. Cada um tem o seu caminho para chegar a Deus, e precisamos respeitar isto\u201d.<\/p>\n<p>Restaura\u00e7\u00e3o \u2013 O trabalho de restaura\u00e7\u00e3o na Bas\u00edlica do Bonfim contou com investimento de quase R$400 mil, com recursos de emenda parlamentar e executados pela administra\u00e7\u00e3o municipal. Durante os servi\u00e7os, o templo continuou em funcionamento, n\u00e3o prejudicando as missas e demais atividades religiosas. Coordenadas pela Secult, as melhorias alcan\u00e7aram 2,3 mil azulejos portugueses do s\u00e9culo XIX, localizados no interior do santu\u00e1rio, e que apresentavam desgastes em fun\u00e7\u00e3o do tempo. Para a execu\u00e7\u00e3o do projeto, foi feita documenta\u00e7\u00e3o fotogr\u00e1fica inicial, ampla e detalhada dos elementos que seriam alvos da restaura\u00e7\u00e3o, assim como mapeamento e marca\u00e7\u00e3o dos azulejos para desmonte e montagem das pe\u00e7as.<\/p>\n<p>Os itens a serem recuperados passaram por limpeza e dessaliniza\u00e7\u00e3o, seguindo a colagem das pe\u00e7as fraturadas, fixa\u00e7\u00e3o do vidrado e a consolida\u00e7\u00e3o e pr\u00f3tese das lacunas. J\u00e1 o arco do cruzeiro e o cancelo da capela-mor receberam limpeza, consolida\u00e7\u00e3o estrutural e pr\u00f3teses, assim como envernizamento protetivo. O secret\u00e1rio F\u00e1bio Mota falou da recupera\u00e7\u00e3o das pe\u00e7as hist\u00f3ricas do templo religioso. \u201cEssa a\u00e7\u00e3o \u00e9 de suma import\u00e2ncia para a preserva\u00e7\u00e3o do patrim\u00f4nio hist\u00f3rico de Salvador. A Igreja do Bonfim \u00e9 um dos principais indutores tur\u00edsticos da cidade do Salvador, um dos pontos mais visitados da capital, e essa recupera\u00e7\u00e3o qualifica ainda mais o destino Salvador para baianos e turistas\u201d.<\/p>\n<p>Demais melhorias \u2013 A Bas\u00edlica Senhor do Bonfim j\u00e1 passou por outras restaura\u00e7\u00f5es. Em 2019, foram recuperados a capela-mor, cobertura, ret\u00e1bulo do altar-mor e do forro e molduras dos \u00f3culos do forro, al\u00e9m da escada atr\u00e1s do nicho, instala\u00e7\u00f5es el\u00e9tricas, portas de acesso \u00e0s sacristias, tribunas e pilastras. Al\u00e9m disso, a Prefeitura entregou, naquele mesmo ano, toda a Colina Sagrada requalificada. A interven\u00e7\u00e3o envolveu a coloca\u00e7\u00e3o de nova pavimenta\u00e7\u00e3o na Pra\u00e7a do Largo e na Baixa do Bonfim, sendo feita, ainda, a implanta\u00e7\u00e3o de novo vel\u00e1rio e da Casa da \u00c1gua Benta, com painel de madeira confeccionado pelo artista Bel Borba.<\/p>\n<p>No entorno da bas\u00edlica, as obras envolveram o redesenho da parte baixa, que ficou integrada aos arcos da Ladeira do Bonfim. Foram implantados paisagismo, nova pavimenta\u00e7\u00e3o e ilumina\u00e7\u00e3o em LED, proporcionando ambiente mais seguro e agrad\u00e1vel para a popula\u00e7\u00e3o. O Mercado dos Arcos foi requalificado e o centro da Pra\u00e7a Euz\u00e9bio de Matos ganhou um pequeno palco para realiza\u00e7\u00e3o de eventos pela comunidade. Nesse local, tamb\u00e9m foi constru\u00eddo um estacionamento p\u00fablico com baias para \u00f4nibus e vagas para vans e motocicletas.<\/p>\n<p>\u201cA Igreja possui um patrim\u00f4nio muito rico, que precisa ser conservado, e para isso sempre temos contado com o apoio da Prefeitura. Com as melhorias aqui realizadas, pouco a pouco tornamos este santu\u00e1rio um lugar onde as pessoas se sentem bem, pela miseric\u00f3rdia do Senhor do Bonfim\u201d, destacou o padre Edson Menezes. A professora carioca Regina Azevedo, 70 anos, afirma ter como tradi\u00e7\u00e3o ir ao Bonfim sempre que est\u00e1 em Salvador e refor\u00e7ou a import\u00e2ncia do templo religioso para o exerc\u00edcio da f\u00e9. \u201cTodas as vezes que venho \u00e0 cidade, subo a Colina, para agradecer. \u00c9 muito forte o que sentimos nesta igreja. Estar aqui traz paz, tamb\u00e9m \u00e9 poss\u00edvel perceber como pessoas de outras religi\u00f5es s\u00e3o recebidas e respeitadas neste templo. Aqui \u00e9 a casa de Deus e a gente se sente muito bem acolhido. Ainda n\u00e3o vi um templo com esse n\u00edvel de respeito\u201d, relatou.<\/p>\n<p>Fotos: Betto Jr.\/Secom<\/p>\n","protected":false},"excerpt":{"rendered":"<p>A Bas\u00edlica Santu\u00e1rio Senhor do Bonfim, na Cidade Baixa, foi beneficiada com um conjunto de restaura\u00e7\u00f5es realizadas pela Prefeitura nos pain\u00e9is de azulejos do corredor lateral<\/p>\n","protected":false},"author":1,"featured_media":639125,"comment_status":"closed","ping_status":"closed","sticky":false,"template":"","format":"standard","meta":[],"categories":[3],"tags":[],"acf":[],"yoast_head":"<!-- This site is optimized with the Yoast SEO plugin v20.8 - https:\/\/yoast.com\/wordpress\/plugins\/seo\/ -->\n<title>PREFEITURA RESTAURA AZULEJOS E ESTRUTURAS DA BAS\u00cdLICA DO BONFIM - Bahia Economica<\/title>\n<meta name=\"description\" content=\"O maior portal de Economia da Bahia ECONOMIA \/ POL\u00cdTICA Bahia Economica\" \/>\n<meta name=\"robots\" content=\"index, follow, max-snippet:-1, max-image-preview:large, max-video-preview:-1\" \/>\n<link rel=\"canonical\" href=\"https:\/\/bahiaeconomica.com.br\/wp\/2022\/02\/11\/prefeitura-restaura-azulejos-e-estruturas-da-basilica-do-bonfim\/\" \/>\n<meta property=\"og:locale\" content=\"pt_BR\" \/>\n<meta property=\"og:type\" content=\"article\" \/>\n<meta property=\"og:title\" content=\"PREFEITURA RESTAURA AZULEJOS E ESTRUTURAS DA BAS\u00cdLICA DO BONFIM - Bahia Economica\" \/>\n<meta property=\"og:description\" content=\"O maior portal de Economia da Bahia ECONOMIA \/ POL\u00cdTICA Bahia Economica\" \/>\n<meta property=\"og:url\" content=\"https:\/\/bahiaeconomica.com.br\/wp\/2022\/02\/11\/prefeitura-restaura-azulejos-e-estruturas-da-basilica-do-bonfim\/\" \/>\n<meta property=\"og:site_name\" content=\"Bahia Economica\" \/>\n<meta property=\"article:publisher\" content=\"https:\/\/www.facebook.com\/bahiaeconomica\" \/>\n<meta property=\"article:published_time\" content=\"2022-02-11T17:40:35+00:00\" \/>\n<meta property=\"article:modified_time\" content=\"2022-02-11T17:43:24+00:00\" \/>\n<meta property=\"og:image\" content=\"https:\/\/bahiaeconomica.com.br\/wp\/wp-content\/uploads\/2022\/02\/WhatsApp-Image-2022-02-11-at-11.21.12reis770.jpg\" \/>\n\t<meta property=\"og:image:width\" content=\"770\" \/>\n\t<meta property=\"og:image:height\" content=\"474\" \/>\n\t<meta property=\"og:image:type\" content=\"image\/jpeg\" \/>\n<meta name=\"author\" content=\"admin\" \/>\n<meta name=\"twitter:card\" content=\"summary_large_image\" \/>\n<meta name=\"twitter:label1\" content=\"Escrito por\" \/>\n\t<meta name=\"twitter:data1\" content=\"admin\" \/>\n\t<meta name=\"twitter:label2\" content=\"Est. tempo de leitura\" \/>\n\t<meta name=\"twitter:data2\" content=\"4 minutos\" \/>\n<script type=\"application\/ld+json\" class=\"yoast-schema-graph\">{\"@context\":\"https:\/\/schema.org\",\"@graph\":[{\"@type\":\"Article\",\"@id\":\"https:\/\/bahiaeconomica.com.br\/wp\/2022\/02\/11\/prefeitura-restaura-azulejos-e-estruturas-da-basilica-do-bonfim\/#article\",\"isPartOf\":{\"@id\":\"https:\/\/bahiaeconomica.com.br\/wp\/2022\/02\/11\/prefeitura-restaura-azulejos-e-estruturas-da-basilica-do-bonfim\/\"},\"author\":{\"name\":\"admin\",\"@id\":\"https:\/\/bahiaeconomica.com.br\/wp\/#\/schema\/person\/cb1ab5ba96ad3d9390805381c76284ec\"},\"headline\":\"PREFEITURA RESTAURA AZULEJOS E ESTRUTURAS DA BAS\u00cdLICA DO BONFIM\",\"datePublished\":\"2022-02-11T17:40:35+00:00\",\"dateModified\":\"2022-02-11T17:43:24+00:00\",\"mainEntityOfPage\":{\"@id\":\"https:\/\/bahiaeconomica.com.br\/wp\/2022\/02\/11\/prefeitura-restaura-azulejos-e-estruturas-da-basilica-do-bonfim\/\"},\"wordCount\":830,\"publisher\":{\"@id\":\"https:\/\/bahiaeconomica.com.br\/wp\/#organization\"},\"articleSection\":[\"ECONOMIA \/ POL\u00cdTICA\"],\"inLanguage\":\"pt-BR\"},{\"@type\":\"WebPage\",\"@id\":\"https:\/\/bahiaeconomica.com.br\/wp\/2022\/02\/11\/prefeitura-restaura-azulejos-e-estruturas-da-basilica-do-bonfim\/\",\"url\":\"https:\/\/bahiaeconomica.com.br\/wp\/2022\/02\/11\/prefeitura-restaura-azulejos-e-estruturas-da-basilica-do-bonfim\/\",\"name\":\"PREFEITURA RESTAURA AZULEJOS E ESTRUTURAS DA BAS\u00cdLICA DO BONFIM - Bahia Economica\",\"isPartOf\":{\"@id\":\"https:\/\/bahiaeconomica.com.br\/wp\/#website\"},\"datePublished\":\"2022-02-11T17:40:35+00:00\",\"dateModified\":\"2022-02-11T17:43:24+00:00\",\"description\":\"O maior portal de Economia da Bahia ECONOMIA \/ POL\u00cdTICA Bahia Economica\",\"breadcrumb\":{\"@id\":\"https:\/\/bahiaeconomica.com.br\/wp\/2022\/02\/11\/prefeitura-restaura-azulejos-e-estruturas-da-basilica-do-bonfim\/#breadcrumb\"},\"inLanguage\":\"pt-BR\",\"potentialAction\":[{\"@type\":\"ReadAction\",\"target\":[\"https:\/\/bahiaeconomica.com.br\/wp\/2022\/02\/11\/prefeitura-restaura-azulejos-e-estruturas-da-basilica-do-bonfim\/\"]}]},{\"@type\":\"BreadcrumbList\",\"@id\":\"https:\/\/bahiaeconomica.com.br\/wp\/2022\/02\/11\/prefeitura-restaura-azulejos-e-estruturas-da-basilica-do-bonfim\/#breadcrumb\",\"itemListElement\":[{\"@type\":\"ListItem\",\"position\":1,\"name\":\"In\u00edcio\",\"item\":\"https:\/\/bahiaeconomica.com.br\/wp\/\"},{\"@type\":\"ListItem\",\"position\":2,\"name\":\"PREFEITURA RESTAURA AZULEJOS E ESTRUTURAS DA BAS\u00cdLICA DO BONFIM\"}]},{\"@type\":\"WebSite\",\"@id\":\"https:\/\/bahiaeconomica.com.br\/wp\/#website\",\"url\":\"https:\/\/bahiaeconomica.com.br\/wp\/\",\"name\":\"Bahia Economica\",\"description\":\"O maior portal de Economia da Bahia\",\"publisher\":{\"@id\":\"https:\/\/bahiaeconomica.com.br\/wp\/#organization\"},\"potentialAction\":[{\"@type\":\"SearchAction\",\"target\":{\"@type\":\"EntryPoint\",\"urlTemplate\":\"https:\/\/bahiaeconomica.com.br\/wp\/?s={search_term_string}\"},\"query-input\":\"required name=search_term_string\"}],\"inLanguage\":\"pt-BR\"},{\"@type\":\"Organization\",\"@id\":\"https:\/\/bahiaeconomica.com.br\/wp\/#organization\",\"name\":\"Bahia Econ\u00f4mica\",\"url\":\"https:\/\/bahiaeconomica.com.br\/wp\/\",\"logo\":{\"@type\":\"ImageObject\",\"inLanguage\":\"pt-BR\",\"@id\":\"https:\/\/bahiaeconomica.com.br\/wp\/#\/schema\/logo\/image\/\",\"url\":\"https:\/\/bahiaeconomica.com.br\/wp\/wp-content\/uploads\/2020\/12\/cropped-BE.png\",\"contentUrl\":\"https:\/\/bahiaeconomica.com.br\/wp\/wp-content\/uploads\/2020\/12\/cropped-BE.png\",\"width\":512,\"height\":512,\"caption\":\"Bahia Econ\u00f4mica\"},\"image\":{\"@id\":\"https:\/\/bahiaeconomica.com.br\/wp\/#\/schema\/logo\/image\/\"},\"sameAs\":[\"https:\/\/www.facebook.com\/bahiaeconomica\"]},{\"@type\":\"Person\",\"@id\":\"https:\/\/bahiaeconomica.com.br\/wp\/#\/schema\/person\/cb1ab5ba96ad3d9390805381c76284ec\",\"name\":\"admin\",\"url\":\"https:\/\/bahiaeconomica.com.br\/wp\/author\/admin\/\"}]}<\/script>\n<!-- \/ Yoast SEO plugin. -->","yoast_head_json":{"title":"PREFEITURA RESTAURA AZULEJOS E ESTRUTURAS DA BAS\u00cdLICA DO BONFIM - Bahia Economica","description":"O maior portal de Economia da Bahia ECONOMIA \/ POL\u00cdTICA Bahia Economica","robots":{"index":"index","follow":"follow","max-snippet":"max-snippet:-1","max-image-preview":"max-image-preview:large","max-video-preview":"max-video-preview:-1"},"canonical":"https:\/\/bahiaeconomica.com.br\/wp\/2022\/02\/11\/prefeitura-restaura-azulejos-e-estruturas-da-basilica-do-bonfim\/","og_locale":"pt_BR","og_type":"article","og_title":"PREFEITURA RESTAURA AZULEJOS E ESTRUTURAS DA BAS\u00cdLICA DO BONFIM - Bahia Economica","og_description":"O maior portal de Economia da Bahia ECONOMIA \/ POL\u00cdTICA Bahia Economica","og_url":"https:\/\/bahiaeconomica.com.br\/wp\/2022\/02\/11\/prefeitura-restaura-azulejos-e-estruturas-da-basilica-do-bonfim\/","og_site_name":"Bahia Economica","article_publisher":"https:\/\/www.facebook.com\/bahiaeconomica","article_published_time":"2022-02-11T17:40:35+00:00","article_modified_time":"2022-02-11T17:43:24+00:00","og_image":[{"width":770,"height":474,"url":"https:\/\/bahiaeconomica.com.br\/wp\/wp-content\/uploads\/2022\/02\/WhatsApp-Image-2022-02-11-at-11.21.12reis770.jpg","type":"image\/jpeg"}],"author":"admin","twitter_card":"summary_large_image","twitter_misc":{"Escrito por":"admin","Est. tempo de leitura":"4 minutos"},"schema":{"@context":"https:\/\/schema.org","@graph":[{"@type":"Article","@id":"https:\/\/bahiaeconomica.com.br\/wp\/2022\/02\/11\/prefeitura-restaura-azulejos-e-estruturas-da-basilica-do-bonfim\/#article","isPartOf":{"@id":"https:\/\/bahiaeconomica.com.br\/wp\/2022\/02\/11\/prefeitura-restaura-azulejos-e-estruturas-da-basilica-do-bonfim\/"},"author":{"name":"admin","@id":"https:\/\/bahiaeconomica.com.br\/wp\/#\/schema\/person\/cb1ab5ba96ad3d9390805381c76284ec"},"headline":"PREFEITURA RESTAURA AZULEJOS E ESTRUTURAS DA BAS\u00cdLICA DO BONFIM","datePublished":"2022-02-11T17:40:35+00:00","dateModified":"2022-02-11T17:43:24+00:00","mainEntityOfPage":{"@id":"https:\/\/bahiaeconomica.com.br\/wp\/2022\/02\/11\/prefeitura-restaura-azulejos-e-estruturas-da-basilica-do-bonfim\/"},"wordCount":830,"publisher":{"@id":"https:\/\/bahiaeconomica.com.br\/wp\/#organization"},"articleSection":["ECONOMIA \/ POL\u00cdTICA"],"inLanguage":"pt-BR"},{"@type":"WebPage","@id":"https:\/\/bahiaeconomica.com.br\/wp\/2022\/02\/11\/prefeitura-restaura-azulejos-e-estruturas-da-basilica-do-bonfim\/","url":"https:\/\/bahiaeconomica.com.br\/wp\/2022\/02\/11\/prefeitura-restaura-azulejos-e-estruturas-da-basilica-do-bonfim\/","name":"PREFEITURA RESTAURA AZULEJOS E ESTRUTURAS DA BAS\u00cdLICA DO BONFIM - Bahia Economica","isPartOf":{"@id":"https:\/\/bahiaeconomica.com.br\/wp\/#website"},"datePublished":"2022-02-11T17:40:35+00:00","dateModified":"2022-02-11T17:43:24+00:00","description":"O maior portal de Economia da Bahia ECONOMIA \/ POL\u00cdTICA Bahia Economica","breadcrumb":{"@id":"https:\/\/bahiaeconomica.com.br\/wp\/2022\/02\/11\/prefeitura-restaura-azulejos-e-estruturas-da-basilica-do-bonfim\/#breadcrumb"},"inLanguage":"pt-BR","potentialAction":[{"@type":"ReadAction","target":["https:\/\/bahiaeconomica.com.br\/wp\/2022\/02\/11\/prefeitura-restaura-azulejos-e-estruturas-da-basilica-do-bonfim\/"]}]},{"@type":"BreadcrumbList","@id":"https:\/\/bahiaeconomica.com.br\/wp\/2022\/02\/11\/prefeitura-restaura-azulejos-e-estruturas-da-basilica-do-bonfim\/#breadcrumb","itemListElement":[{"@type":"ListItem","position":1,"name":"In\u00edcio","item":"https:\/\/bahiaeconomica.com.br\/wp\/"},{"@type":"ListItem","position":2,"name":"PREFEITURA RESTAURA AZULEJOS E ESTRUTURAS DA BAS\u00cdLICA DO BONFIM"}]},{"@type":"WebSite","@id":"https:\/\/bahiaeconomica.com.br\/wp\/#website","url":"https:\/\/bahiaeconomica.com.br\/wp\/","name":"Bahia Economica","description":"O maior portal de Economia da Bahia","publisher":{"@id":"https:\/\/bahiaeconomica.com.br\/wp\/#organization"},"potentialAction":[{"@type":"SearchAction","target":{"@type":"EntryPoint","urlTemplate":"https:\/\/bahiaeconomica.com.br\/wp\/?s={search_term_string}"},"query-input":"required name=search_term_string"}],"inLanguage":"pt-BR"},{"@type":"Organization","@id":"https:\/\/bahiaeconomica.com.br\/wp\/#organization","name":"Bahia Econ\u00f4mica","url":"https:\/\/bahiaeconomica.com.br\/wp\/","logo":{"@type":"ImageObject","inLanguage":"pt-BR","@id":"https:\/\/bahiaeconomica.com.br\/wp\/#\/schema\/logo\/image\/","url":"https:\/\/bahiaeconomica.com.br\/wp\/wp-content\/uploads\/2020\/12\/cropped-BE.png","contentUrl":"https:\/\/bahiaeconomica.com.br\/wp\/wp-content\/uploads\/2020\/12\/cropped-BE.png","width":512,"height":512,"caption":"Bahia Econ\u00f4mica"},"image":{"@id":"https:\/\/bahiaeconomica.com.br\/wp\/#\/schema\/logo\/image\/"},"sameAs":["https:\/\/www.facebook.com\/bahiaeconomica"]},{"@type":"Person","@id":"https:\/\/bahiaeconomica.com.br\/wp\/#\/schema\/person\/cb1ab5ba96ad3d9390805381c76284ec","name":"admin","url":"https:\/\/bahiaeconomica.com.br\/wp\/author\/admin\/"}]}},"views":1,"_links":{"self":[{"href":"https:\/\/bahiaeconomica.com.br\/wp\/wp-json\/wp\/v2\/posts\/639123"}],"collection":[{"href":"https:\/\/bahiaeconomica.com.br\/wp\/wp-json\/wp\/v2\/posts"}],"about":[{"href":"https:\/\/bahiaeconomica.com.br\/wp\/wp-json\/wp\/v2\/types\/post"}],"author":[{"embeddable":true,"href":"https:\/\/bahiaeconomica.com.br\/wp\/wp-json\/wp\/v2\/users\/1"}],"replies":[{"embeddable":true,"href":"https:\/\/bahiaeconomica.com.br\/wp\/wp-json\/wp\/v2\/comments?post=639123"}],"version-history":[{"count":1,"href":"https:\/\/bahiaeconomica.com.br\/wp\/wp-json\/wp\/v2\/posts\/639123\/revisions"}],"predecessor-version":[{"id":639127,"href":"https:\/\/bahiaeconomica.com.br\/wp\/wp-json\/wp\/v2\/posts\/639123\/revisions\/639127"}],"wp:featuredmedia":[{"embeddable":true,"href":"https:\/\/bahiaeconomica.com.br\/wp\/wp-json\/wp\/v2\/media\/639125"}],"wp:attachment":[{"href":"https:\/\/bahiaeconomica.com.br\/wp\/wp-json\/wp\/v2\/media?parent=639123"}],"wp:term":[{"taxonomy":"category","embeddable":true,"href":"https:\/\/bahiaeconomica.com.br\/wp\/wp-json\/wp\/v2\/categories?post=639123"},{"taxonomy":"post_tag","embeddable":true,"href":"https:\/\/bahiaeconomica.com.br\/wp\/wp-json\/wp\/v2\/tags?post=639123"}],"curies":[{"name":"wp","href":"https:\/\/api.w.org\/{rel}","templated":true}]}}