{"id":638850,"date":"2022-02-10T15:30:37","date_gmt":"2022-02-10T18:30:37","guid":{"rendered":"https:\/\/bahiaeconomica.com.br\/wp\/beta\/?p=638850"},"modified":"2022-02-10T15:16:50","modified_gmt":"2022-02-10T18:16:50","slug":"vou-fazer-uma-campanha-propositiva-de-ideias-diz-acm-neto","status":"publish","type":"post","link":"https:\/\/bahiaeconomica.com.br\/wp\/2022\/02\/10\/vou-fazer-uma-campanha-propositiva-de-ideias-diz-acm-neto\/","title":{"rendered":"&#8220;VOU FAZER UMA CAMPANHA PROPOSITIVA DE IDEIAS&#8221;, DIZ ACM NETO"},"content":{"rendered":"<p>O pr\u00e9-candidato ao governo da Bahia, ACM Neto (DEM), defendeu uma agenda permanente nos munic\u00edpios do estado para dirimir a<!--more--> dist\u00e2ncia geogr\u00e1fica no estado da Bahia. O ex-prefeito de Salvador tamb\u00e9m prometeu uma campanha propositiva, sem ataques pessoais.<\/p>\n<p>&#8220;Quero fazer uma campanha limpa, honesta e respeitando o povo da Bahia. Voc\u00eas n\u00e3o v\u00e3o me ver atacando ningu\u00e9m. Quero discutir a Bahia e as propostas para a popula\u00e7\u00e3o&#8221;, disse o demista, em entrevista exclusiva ao programa 11 em Ponto, nesta quinta-feira (10), na\u00a0R\u00e1dio Metropole.<\/p>\n<p>Neto tamb\u00e9m comentou a oficializa\u00e7\u00e3o dada pelo Uni\u00e3o Brasil, partido que nasce da fus\u00e3o do Democratas com o PSL.\u00a0&#8220;Uni\u00e3o Brasil foi oficializado. Isso \u00e9 um amadurecimento. No Brasil, existem mais de 30 partidos. N\u00e3o existem 30 ideologias. Estamos antecipando um movimento de muitos dos partidos partirem para uma fus\u00e3o. O Uni\u00e3o Brasil nasce desse movimento&#8221;, afirma.<\/p>\n<p>&nbsp;<\/p>\n<p>Fonte: Metro1<\/p>\n<p>Foto: S\u00e9rgio Lima\/Poder360<\/p>\n","protected":false},"excerpt":{"rendered":"<p>O pr\u00e9-candidato ao governo da Bahia, ACM Neto (DEM), defendeu uma agenda permanente nos munic\u00edpios do estado para dirimir a<\/p>\n","protected":false},"author":1,"featured_media":638854,"comment_status":"closed","ping_status":"closed","sticky":false,"template":"","format":"standard","meta":[],"categories":[14,3],"tags":[85,526,700,233,1291],"acf":[],"yoast_head":"<!-- This site is optimized with the Yoast SEO plugin v20.8 - https:\/\/yoast.com\/wordpress\/plugins\/seo\/ -->\n<title>&quot;VOU FAZER UMA CAMPANHA PROPOSITIVA DE IDEIAS&quot;, DIZ ACM NETO - Bahia Economica<\/title>\n<meta name=\"description\" content=\"O maior portal de Economia da Bahia DESTAQUE DO DIA, ECONOMIA \/ POL\u00cdTICA Bahia Economica\" \/>\n<meta name=\"robots\" content=\"index, follow, max-snippet:-1, max-image-preview:large, max-video-preview:-1\" \/>\n<link rel=\"canonical\" href=\"https:\/\/bahiaeconomica.com.br\/wp\/2022\/02\/10\/vou-fazer-uma-campanha-propositiva-de-ideias-diz-acm-neto\/\" \/>\n<meta property=\"og:locale\" content=\"pt_BR\" \/>\n<meta property=\"og:type\" content=\"article\" \/>\n<meta property=\"og:title\" content=\"&quot;VOU FAZER UMA CAMPANHA PROPOSITIVA DE IDEIAS&quot;, DIZ ACM NETO - Bahia Economica\" \/>\n<meta property=\"og:description\" content=\"O maior portal de Economia da Bahia DESTAQUE DO DIA, ECONOMIA \/ POL\u00cdTICA Bahia Economica\" \/>\n<meta property=\"og:url\" content=\"https:\/\/bahiaeconomica.com.br\/wp\/2022\/02\/10\/vou-fazer-uma-campanha-propositiva-de-ideias-diz-acm-neto\/\" \/>\n<meta property=\"og:site_name\" content=\"Bahia Economica\" \/>\n<meta property=\"article:publisher\" content=\"https:\/\/www.facebook.com\/bahiaeconomica\" \/>\n<meta property=\"article:published_time\" content=\"2022-02-10T18:30:37+00:00\" \/>\n<meta property=\"article:modified_time\" content=\"2022-02-10T18:16:50+00:00\" \/>\n<meta property=\"og:image\" content=\"https:\/\/bahiaeconomica.com.br\/wp\/wp-content\/uploads\/2022\/02\/ACM-Neto-1024x683-1.jpg\" \/>\n\t<meta property=\"og:image:width\" content=\"500\" \/>\n\t<meta property=\"og:image:height\" content=\"300\" \/>\n\t<meta property=\"og:image:type\" content=\"image\/jpeg\" \/>\n<meta name=\"author\" content=\"admin\" \/>\n<meta name=\"twitter:card\" content=\"summary_large_image\" \/>\n<meta name=\"twitter:label1\" content=\"Escrito por\" \/>\n\t<meta name=\"twitter:data1\" content=\"admin\" \/>\n\t<meta name=\"twitter:label2\" content=\"Est. tempo de leitura\" \/>\n\t<meta name=\"twitter:data2\" content=\"1 minuto\" \/>\n<script type=\"application\/ld+json\" class=\"yoast-schema-graph\">{\"@context\":\"https:\/\/schema.org\",\"@graph\":[{\"@type\":\"Article\",\"@id\":\"https:\/\/bahiaeconomica.com.br\/wp\/2022\/02\/10\/vou-fazer-uma-campanha-propositiva-de-ideias-diz-acm-neto\/#article\",\"isPartOf\":{\"@id\":\"https:\/\/bahiaeconomica.com.br\/wp\/2022\/02\/10\/vou-fazer-uma-campanha-propositiva-de-ideias-diz-acm-neto\/\"},\"author\":{\"name\":\"admin\",\"@id\":\"https:\/\/bahiaeconomica.com.br\/wp\/#\/schema\/person\/cb1ab5ba96ad3d9390805381c76284ec\"},\"headline\":\"&#8220;VOU FAZER UMA CAMPANHA PROPOSITIVA DE IDEIAS&#8221;, DIZ ACM NETO\",\"datePublished\":\"2022-02-10T18:30:37+00:00\",\"dateModified\":\"2022-02-10T18:16:50+00:00\",\"mainEntityOfPage\":{\"@id\":\"https:\/\/bahiaeconomica.com.br\/wp\/2022\/02\/10\/vou-fazer-uma-campanha-propositiva-de-ideias-diz-acm-neto\/\"},\"wordCount\":173,\"publisher\":{\"@id\":\"https:\/\/bahiaeconomica.com.br\/wp\/#organization\"},\"keywords\":[\"Bahia\",\"Campanha\",\"eleicoes\",\"Governo\",\"NETO\"],\"articleSection\":[\"DESTAQUE DO DIA\",\"ECONOMIA \/ POL\u00cdTICA\"],\"inLanguage\":\"pt-BR\"},{\"@type\":\"WebPage\",\"@id\":\"https:\/\/bahiaeconomica.com.br\/wp\/2022\/02\/10\/vou-fazer-uma-campanha-propositiva-de-ideias-diz-acm-neto\/\",\"url\":\"https:\/\/bahiaeconomica.com.br\/wp\/2022\/02\/10\/vou-fazer-uma-campanha-propositiva-de-ideias-diz-acm-neto\/\",\"name\":\"\\\"VOU FAZER UMA CAMPANHA PROPOSITIVA DE IDEIAS\\\", DIZ ACM NETO - Bahia Economica\",\"isPartOf\":{\"@id\":\"https:\/\/bahiaeconomica.com.br\/wp\/#website\"},\"datePublished\":\"2022-02-10T18:30:37+00:00\",\"dateModified\":\"2022-02-10T18:16:50+00:00\",\"description\":\"O maior portal de Economia da Bahia DESTAQUE DO DIA, ECONOMIA \/ POL\u00cdTICA Bahia Economica\",\"breadcrumb\":{\"@id\":\"https:\/\/bahiaeconomica.com.br\/wp\/2022\/02\/10\/vou-fazer-uma-campanha-propositiva-de-ideias-diz-acm-neto\/#breadcrumb\"},\"inLanguage\":\"pt-BR\",\"potentialAction\":[{\"@type\":\"ReadAction\",\"target\":[\"https:\/\/bahiaeconomica.com.br\/wp\/2022\/02\/10\/vou-fazer-uma-campanha-propositiva-de-ideias-diz-acm-neto\/\"]}]},{\"@type\":\"BreadcrumbList\",\"@id\":\"https:\/\/bahiaeconomica.com.br\/wp\/2022\/02\/10\/vou-fazer-uma-campanha-propositiva-de-ideias-diz-acm-neto\/#breadcrumb\",\"itemListElement\":[{\"@type\":\"ListItem\",\"position\":1,\"name\":\"In\u00edcio\",\"item\":\"https:\/\/bahiaeconomica.com.br\/wp\/\"},{\"@type\":\"ListItem\",\"position\":2,\"name\":\"&#8220;VOU FAZER UMA CAMPANHA PROPOSITIVA DE IDEIAS&#8221;, DIZ ACM NETO\"}]},{\"@type\":\"WebSite\",\"@id\":\"https:\/\/bahiaeconomica.com.br\/wp\/#website\",\"url\":\"https:\/\/bahiaeconomica.com.br\/wp\/\",\"name\":\"Bahia Economica\",\"description\":\"O maior portal de Economia da Bahia\",\"publisher\":{\"@id\":\"https:\/\/bahiaeconomica.com.br\/wp\/#organization\"},\"potentialAction\":[{\"@type\":\"SearchAction\",\"target\":{\"@type\":\"EntryPoint\",\"urlTemplate\":\"https:\/\/bahiaeconomica.com.br\/wp\/?s={search_term_string}\"},\"query-input\":\"required name=search_term_string\"}],\"inLanguage\":\"pt-BR\"},{\"@type\":\"Organization\",\"@id\":\"https:\/\/bahiaeconomica.com.br\/wp\/#organization\",\"name\":\"Bahia Econ\u00f4mica\",\"url\":\"https:\/\/bahiaeconomica.com.br\/wp\/\",\"logo\":{\"@type\":\"ImageObject\",\"inLanguage\":\"pt-BR\",\"@id\":\"https:\/\/bahiaeconomica.com.br\/wp\/#\/schema\/logo\/image\/\",\"url\":\"https:\/\/bahiaeconomica.com.br\/wp\/wp-content\/uploads\/2020\/12\/cropped-BE.png\",\"contentUrl\":\"https:\/\/bahiaeconomica.com.br\/wp\/wp-content\/uploads\/2020\/12\/cropped-BE.png\",\"width\":512,\"height\":512,\"caption\":\"Bahia Econ\u00f4mica\"},\"image\":{\"@id\":\"https:\/\/bahiaeconomica.com.br\/wp\/#\/schema\/logo\/image\/\"},\"sameAs\":[\"https:\/\/www.facebook.com\/bahiaeconomica\"]},{\"@type\":\"Person\",\"@id\":\"https:\/\/bahiaeconomica.com.br\/wp\/#\/schema\/person\/cb1ab5ba96ad3d9390805381c76284ec\",\"name\":\"admin\",\"url\":\"https:\/\/bahiaeconomica.com.br\/wp\/author\/admin\/\"}]}<\/script>\n<!-- \/ Yoast SEO plugin. -->","yoast_head_json":{"title":"\"VOU FAZER UMA CAMPANHA PROPOSITIVA DE IDEIAS\", DIZ ACM NETO - Bahia Economica","description":"O maior portal de Economia da Bahia DESTAQUE DO DIA, ECONOMIA \/ POL\u00cdTICA Bahia Economica","robots":{"index":"index","follow":"follow","max-snippet":"max-snippet:-1","max-image-preview":"max-image-preview:large","max-video-preview":"max-video-preview:-1"},"canonical":"https:\/\/bahiaeconomica.com.br\/wp\/2022\/02\/10\/vou-fazer-uma-campanha-propositiva-de-ideias-diz-acm-neto\/","og_locale":"pt_BR","og_type":"article","og_title":"\"VOU FAZER UMA CAMPANHA PROPOSITIVA DE IDEIAS\", DIZ ACM NETO - Bahia Economica","og_description":"O maior portal de Economia da Bahia DESTAQUE DO DIA, ECONOMIA \/ POL\u00cdTICA Bahia Economica","og_url":"https:\/\/bahiaeconomica.com.br\/wp\/2022\/02\/10\/vou-fazer-uma-campanha-propositiva-de-ideias-diz-acm-neto\/","og_site_name":"Bahia Economica","article_publisher":"https:\/\/www.facebook.com\/bahiaeconomica","article_published_time":"2022-02-10T18:30:37+00:00","article_modified_time":"2022-02-10T18:16:50+00:00","og_image":[{"width":500,"height":300,"url":"https:\/\/bahiaeconomica.com.br\/wp\/wp-content\/uploads\/2022\/02\/ACM-Neto-1024x683-1.jpg","type":"image\/jpeg"}],"author":"admin","twitter_card":"summary_large_image","twitter_misc":{"Escrito por":"admin","Est. tempo de leitura":"1 minuto"},"schema":{"@context":"https:\/\/schema.org","@graph":[{"@type":"Article","@id":"https:\/\/bahiaeconomica.com.br\/wp\/2022\/02\/10\/vou-fazer-uma-campanha-propositiva-de-ideias-diz-acm-neto\/#article","isPartOf":{"@id":"https:\/\/bahiaeconomica.com.br\/wp\/2022\/02\/10\/vou-fazer-uma-campanha-propositiva-de-ideias-diz-acm-neto\/"},"author":{"name":"admin","@id":"https:\/\/bahiaeconomica.com.br\/wp\/#\/schema\/person\/cb1ab5ba96ad3d9390805381c76284ec"},"headline":"&#8220;VOU FAZER UMA CAMPANHA PROPOSITIVA DE IDEIAS&#8221;, DIZ ACM NETO","datePublished":"2022-02-10T18:30:37+00:00","dateModified":"2022-02-10T18:16:50+00:00","mainEntityOfPage":{"@id":"https:\/\/bahiaeconomica.com.br\/wp\/2022\/02\/10\/vou-fazer-uma-campanha-propositiva-de-ideias-diz-acm-neto\/"},"wordCount":173,"publisher":{"@id":"https:\/\/bahiaeconomica.com.br\/wp\/#organization"},"keywords":["Bahia","Campanha","eleicoes","Governo","NETO"],"articleSection":["DESTAQUE DO DIA","ECONOMIA \/ POL\u00cdTICA"],"inLanguage":"pt-BR"},{"@type":"WebPage","@id":"https:\/\/bahiaeconomica.com.br\/wp\/2022\/02\/10\/vou-fazer-uma-campanha-propositiva-de-ideias-diz-acm-neto\/","url":"https:\/\/bahiaeconomica.com.br\/wp\/2022\/02\/10\/vou-fazer-uma-campanha-propositiva-de-ideias-diz-acm-neto\/","name":"\"VOU FAZER UMA CAMPANHA PROPOSITIVA DE IDEIAS\", DIZ ACM NETO - Bahia Economica","isPartOf":{"@id":"https:\/\/bahiaeconomica.com.br\/wp\/#website"},"datePublished":"2022-02-10T18:30:37+00:00","dateModified":"2022-02-10T18:16:50+00:00","description":"O maior portal de Economia da Bahia DESTAQUE DO DIA, ECONOMIA \/ POL\u00cdTICA Bahia Economica","breadcrumb":{"@id":"https:\/\/bahiaeconomica.com.br\/wp\/2022\/02\/10\/vou-fazer-uma-campanha-propositiva-de-ideias-diz-acm-neto\/#breadcrumb"},"inLanguage":"pt-BR","potentialAction":[{"@type":"ReadAction","target":["https:\/\/bahiaeconomica.com.br\/wp\/2022\/02\/10\/vou-fazer-uma-campanha-propositiva-de-ideias-diz-acm-neto\/"]}]},{"@type":"BreadcrumbList","@id":"https:\/\/bahiaeconomica.com.br\/wp\/2022\/02\/10\/vou-fazer-uma-campanha-propositiva-de-ideias-diz-acm-neto\/#breadcrumb","itemListElement":[{"@type":"ListItem","position":1,"name":"In\u00edcio","item":"https:\/\/bahiaeconomica.com.br\/wp\/"},{"@type":"ListItem","position":2,"name":"&#8220;VOU FAZER UMA CAMPANHA PROPOSITIVA DE IDEIAS&#8221;, DIZ ACM NETO"}]},{"@type":"WebSite","@id":"https:\/\/bahiaeconomica.com.br\/wp\/#website","url":"https:\/\/bahiaeconomica.com.br\/wp\/","name":"Bahia Economica","description":"O maior portal de Economia da Bahia","publisher":{"@id":"https:\/\/bahiaeconomica.com.br\/wp\/#organization"},"potentialAction":[{"@type":"SearchAction","target":{"@type":"EntryPoint","urlTemplate":"https:\/\/bahiaeconomica.com.br\/wp\/?s={search_term_string}"},"query-input":"required name=search_term_string"}],"inLanguage":"pt-BR"},{"@type":"Organization","@id":"https:\/\/bahiaeconomica.com.br\/wp\/#organization","name":"Bahia Econ\u00f4mica","url":"https:\/\/bahiaeconomica.com.br\/wp\/","logo":{"@type":"ImageObject","inLanguage":"pt-BR","@id":"https:\/\/bahiaeconomica.com.br\/wp\/#\/schema\/logo\/image\/","url":"https:\/\/bahiaeconomica.com.br\/wp\/wp-content\/uploads\/2020\/12\/cropped-BE.png","contentUrl":"https:\/\/bahiaeconomica.com.br\/wp\/wp-content\/uploads\/2020\/12\/cropped-BE.png","width":512,"height":512,"caption":"Bahia Econ\u00f4mica"},"image":{"@id":"https:\/\/bahiaeconomica.com.br\/wp\/#\/schema\/logo\/image\/"},"sameAs":["https:\/\/www.facebook.com\/bahiaeconomica"]},{"@type":"Person","@id":"https:\/\/bahiaeconomica.com.br\/wp\/#\/schema\/person\/cb1ab5ba96ad3d9390805381c76284ec","name":"admin","url":"https:\/\/bahiaeconomica.com.br\/wp\/author\/admin\/"}]}},"views":3,"_links":{"self":[{"href":"https:\/\/bahiaeconomica.com.br\/wp\/wp-json\/wp\/v2\/posts\/638850"}],"collection":[{"href":"https:\/\/bahiaeconomica.com.br\/wp\/wp-json\/wp\/v2\/posts"}],"about":[{"href":"https:\/\/bahiaeconomica.com.br\/wp\/wp-json\/wp\/v2\/types\/post"}],"author":[{"embeddable":true,"href":"https:\/\/bahiaeconomica.com.br\/wp\/wp-json\/wp\/v2\/users\/1"}],"replies":[{"embeddable":true,"href":"https:\/\/bahiaeconomica.com.br\/wp\/wp-json\/wp\/v2\/comments?post=638850"}],"version-history":[{"count":1,"href":"https:\/\/bahiaeconomica.com.br\/wp\/wp-json\/wp\/v2\/posts\/638850\/revisions"}],"predecessor-version":[{"id":638857,"href":"https:\/\/bahiaeconomica.com.br\/wp\/wp-json\/wp\/v2\/posts\/638850\/revisions\/638857"}],"wp:featuredmedia":[{"embeddable":true,"href":"https:\/\/bahiaeconomica.com.br\/wp\/wp-json\/wp\/v2\/media\/638854"}],"wp:attachment":[{"href":"https:\/\/bahiaeconomica.com.br\/wp\/wp-json\/wp\/v2\/media?parent=638850"}],"wp:term":[{"taxonomy":"category","embeddable":true,"href":"https:\/\/bahiaeconomica.com.br\/wp\/wp-json\/wp\/v2\/categories?post=638850"},{"taxonomy":"post_tag","embeddable":true,"href":"https:\/\/bahiaeconomica.com.br\/wp\/wp-json\/wp\/v2\/tags?post=638850"}],"curies":[{"name":"wp","href":"https:\/\/api.w.org\/{rel}","templated":true}]}}