{"id":637886,"date":"2022-02-08T09:20:24","date_gmt":"2022-02-08T12:20:24","guid":{"rendered":"https:\/\/bahiaeconomica.com.br\/wp\/beta\/?p=637886"},"modified":"2022-02-08T11:27:10","modified_gmt":"2022-02-08T14:27:10","slug":"medico-critica-tentativa-do-governo-de-avancar-com-kid-covid","status":"publish","type":"post","link":"https:\/\/bahiaeconomica.com.br\/wp\/2022\/02\/08\/medico-critica-tentativa-do-governo-de-avancar-com-kid-covid\/","title":{"rendered":"M\u00c9DICO CRITICA TENTATIVA DO GOVERNO DE AVAN\u00c7AR COM KID COVID"},"content":{"rendered":"<p>O m\u00e9dico Carlos Roberto Ribeiro de Carvalho protocolou recurso administrativo para tentar reverter uma portaria do Minist\u00e9rio da Sa\u00fade: um dos secret\u00e1rios mais importantes da <!--more-->pasta derrubou a decis\u00e3o de um conselho de especialistas contra o uso do &#8216;kit Covid&#8217; para tratamento em pacientes no Sistema \u00danico de Sa\u00fade (SUS).<\/p>\n<p>No texto obtido pela TV Globo, Carvalho faz cr\u00edticas duras aos argumentos e \u00e0 conduta de H\u00e9lio Angotti Neto, secret\u00e1rio que assina a portaria. O recurso foi apoiado, em nota oficial (veja \u00edntegra abaixo), pela Associa\u00e7\u00e3o M\u00e9dica Brasileira (AMB). &#8220;(&#8230;) O veto do secret\u00e1rio (&#8230;) aparenta ser gesto arbitr\u00e1rio e unilateral que constitui grave desservi\u00e7o ao enfrentamento assertivo da Pandemia Covid no Brasil&#8221;, escreveu a AMB.<\/p>\n<p>Autor do recurso contra a portaria, Carlos Carvalho \u00e9 refer\u00eancia na \u00e1rea e \u00e9 professor Universidade de S\u00e3o Paulo (USP). Ele foi respons\u00e1vel por coordenar os estudos feitos ao longo de 2021 pelo grupo de especialistas que redigiu as diretrizes posteriormente aprovadas pela Comiss\u00e3o Nacional de Incorpora\u00e7\u00e3o de Tecnologias ao Sistema \u00danico de Sa\u00fade (Conitec). Os estudos foram solicitados pelo pr\u00f3prio ministro Marcelo Queiroga. A falta de um protocolo nacional unificado para tratar pacientes de Covid foi uma quest\u00e3o levantada pela m\u00e9dica Ludhmilla Hajjar logo ap\u00f3s recusar o convite para o cargo de ministra da Sa\u00fade.<\/p>\n<p>Ao longo de 2021, especialistas se reuniram e definiram os cap\u00edtulos das diretrizes, todos aprovados pelo Conitec. As aprova\u00e7\u00f5es foram por unanimidade, exceto no \u00faltimo cap\u00edtulo sobre o kit covid, quando representantes do minist\u00e9rio foram derrotados na vota\u00e7\u00e3o. Entre outros pontos, o documento final \u00e9 contra o uso de rem\u00e9dios como cloroquina, azitromicina, ivermectina e outros no combate ao coronav\u00edrus, o chamado kit Covid. Apesar de aprovado em vota\u00e7\u00e3o no conselho, as diretrizes foram rejeitadas pelo governo federal.<\/p>\n<p>&#8220;Essa \u00e9 a primeira vez que se tem conhecimento na hist\u00f3ria da Conitec que um secret\u00e1rio de Ci\u00eancia, Tecnologia, Inova\u00e7\u00e3o e Insumos Estrat\u00e9gicos em Sa\u00fade reprova diretriz aprovada pela Comiss\u00e3o&#8221;, afirma Carvalho. Em um documento de 101 p\u00e1ginas, Carvalho rebate em detalhes a nota t\u00e9cnica usada por H\u00e9lio Angotti Neto, secret\u00e1rio de Ci\u00eancia, Tecnologia, Inova\u00e7\u00e3o e Insumos Estrat\u00e9gicos em Sa\u00fade do Minist\u00e9rio da Sa\u00fade, para recusar a decis\u00e3o do Conitec contra o uso do kit Covid. A decis\u00e3o vai ao encontro da postura do presidente Jair Bolsonaro, que fez da defesa do uso de medicamentos sem efic\u00e1cia comprovada uma de suas bandeiras na pandemia.<\/p>\n<p>Foto: divulga\u00e7\u00e3o<\/p>\n","protected":false},"excerpt":{"rendered":"<p>O m\u00e9dico Carlos Roberto Ribeiro de Carvalho protocolou recurso administrativo para tentar reverter uma portaria do Minist\u00e9rio da Sa\u00fade: um dos secret\u00e1rios mais importantes da<\/p>\n","protected":false},"author":1,"featured_media":549370,"comment_status":"closed","ping_status":"closed","sticky":false,"template":"","format":"standard","meta":[],"categories":[14,3,21],"tags":[52,3533,1307],"acf":[],"yoast_head":"<!-- This site is optimized with the Yoast SEO plugin v20.8 - https:\/\/yoast.com\/wordpress\/plugins\/seo\/ -->\n<title>M\u00c9DICO CRITICA TENTATIVA DO GOVERNO DE AVAN\u00c7AR COM KID COVID - Bahia Economica<\/title>\n<meta name=\"description\" content=\"O maior portal de Economia da Bahia DESTAQUE DO DIA, ECONOMIA \/ POL\u00cdTICA, Sa\u00fade \/ Educa\u00e7\u00e3o Bahia Economica\" \/>\n<meta name=\"robots\" content=\"index, follow, max-snippet:-1, max-image-preview:large, max-video-preview:-1\" \/>\n<link rel=\"canonical\" href=\"https:\/\/bahiaeconomica.com.br\/wp\/2022\/02\/08\/medico-critica-tentativa-do-governo-de-avancar-com-kid-covid\/\" \/>\n<meta property=\"og:locale\" content=\"pt_BR\" \/>\n<meta property=\"og:type\" content=\"article\" \/>\n<meta property=\"og:title\" content=\"M\u00c9DICO CRITICA TENTATIVA DO GOVERNO DE AVAN\u00c7AR COM KID COVID - Bahia Economica\" \/>\n<meta property=\"og:description\" content=\"O maior portal de Economia da Bahia DESTAQUE DO DIA, ECONOMIA \/ POL\u00cdTICA, Sa\u00fade \/ Educa\u00e7\u00e3o Bahia Economica\" \/>\n<meta property=\"og:url\" content=\"https:\/\/bahiaeconomica.com.br\/wp\/2022\/02\/08\/medico-critica-tentativa-do-governo-de-avancar-com-kid-covid\/\" \/>\n<meta property=\"og:site_name\" content=\"Bahia Economica\" \/>\n<meta property=\"article:publisher\" content=\"https:\/\/www.facebook.com\/bahiaeconomica\" \/>\n<meta property=\"article:published_time\" content=\"2022-02-08T12:20:24+00:00\" \/>\n<meta property=\"article:modified_time\" content=\"2022-02-08T14:27:10+00:00\" \/>\n<meta property=\"og:image\" content=\"https:\/\/bahiaeconomica.com.br\/wp\/wp-content\/uploads\/2021\/03\/kit-intubacao-Foto-Americo-Antonio-Sesa.jpg\" \/>\n\t<meta property=\"og:image:width\" content=\"500\" \/>\n\t<meta property=\"og:image:height\" content=\"300\" \/>\n\t<meta property=\"og:image:type\" content=\"image\/jpeg\" \/>\n<meta name=\"author\" content=\"admin\" \/>\n<meta name=\"twitter:card\" content=\"summary_large_image\" \/>\n<meta name=\"twitter:label1\" content=\"Escrito por\" \/>\n\t<meta name=\"twitter:data1\" content=\"admin\" \/>\n\t<meta name=\"twitter:label2\" content=\"Est. tempo de leitura\" \/>\n\t<meta name=\"twitter:data2\" content=\"2 minutos\" \/>\n<script type=\"application\/ld+json\" class=\"yoast-schema-graph\">{\"@context\":\"https:\/\/schema.org\",\"@graph\":[{\"@type\":\"Article\",\"@id\":\"https:\/\/bahiaeconomica.com.br\/wp\/2022\/02\/08\/medico-critica-tentativa-do-governo-de-avancar-com-kid-covid\/#article\",\"isPartOf\":{\"@id\":\"https:\/\/bahiaeconomica.com.br\/wp\/2022\/02\/08\/medico-critica-tentativa-do-governo-de-avancar-com-kid-covid\/\"},\"author\":{\"name\":\"admin\",\"@id\":\"https:\/\/bahiaeconomica.com.br\/wp\/#\/schema\/person\/cb1ab5ba96ad3d9390805381c76284ec\"},\"headline\":\"M\u00c9DICO CRITICA TENTATIVA DO GOVERNO DE AVAN\u00c7AR COM KID COVID\",\"datePublished\":\"2022-02-08T12:20:24+00:00\",\"dateModified\":\"2022-02-08T14:27:10+00:00\",\"mainEntityOfPage\":{\"@id\":\"https:\/\/bahiaeconomica.com.br\/wp\/2022\/02\/08\/medico-critica-tentativa-do-governo-de-avancar-com-kid-covid\/\"},\"wordCount\":452,\"publisher\":{\"@id\":\"https:\/\/bahiaeconomica.com.br\/wp\/#organization\"},\"keywords\":[\"Brasil\",\"kit covid\",\"polica\"],\"articleSection\":[\"DESTAQUE DO DIA\",\"ECONOMIA \/ POL\u00cdTICA\",\"Sa\u00fade \/ Educa\u00e7\u00e3o\"],\"inLanguage\":\"pt-BR\"},{\"@type\":\"WebPage\",\"@id\":\"https:\/\/bahiaeconomica.com.br\/wp\/2022\/02\/08\/medico-critica-tentativa-do-governo-de-avancar-com-kid-covid\/\",\"url\":\"https:\/\/bahiaeconomica.com.br\/wp\/2022\/02\/08\/medico-critica-tentativa-do-governo-de-avancar-com-kid-covid\/\",\"name\":\"M\u00c9DICO CRITICA TENTATIVA DO GOVERNO DE AVAN\u00c7AR COM KID COVID - Bahia Economica\",\"isPartOf\":{\"@id\":\"https:\/\/bahiaeconomica.com.br\/wp\/#website\"},\"datePublished\":\"2022-02-08T12:20:24+00:00\",\"dateModified\":\"2022-02-08T14:27:10+00:00\",\"description\":\"O maior portal de Economia da Bahia DESTAQUE DO DIA, ECONOMIA \/ POL\u00cdTICA, Sa\u00fade \/ Educa\u00e7\u00e3o Bahia Economica\",\"breadcrumb\":{\"@id\":\"https:\/\/bahiaeconomica.com.br\/wp\/2022\/02\/08\/medico-critica-tentativa-do-governo-de-avancar-com-kid-covid\/#breadcrumb\"},\"inLanguage\":\"pt-BR\",\"potentialAction\":[{\"@type\":\"ReadAction\",\"target\":[\"https:\/\/bahiaeconomica.com.br\/wp\/2022\/02\/08\/medico-critica-tentativa-do-governo-de-avancar-com-kid-covid\/\"]}]},{\"@type\":\"BreadcrumbList\",\"@id\":\"https:\/\/bahiaeconomica.com.br\/wp\/2022\/02\/08\/medico-critica-tentativa-do-governo-de-avancar-com-kid-covid\/#breadcrumb\",\"itemListElement\":[{\"@type\":\"ListItem\",\"position\":1,\"name\":\"In\u00edcio\",\"item\":\"https:\/\/bahiaeconomica.com.br\/wp\/\"},{\"@type\":\"ListItem\",\"position\":2,\"name\":\"M\u00c9DICO CRITICA TENTATIVA DO GOVERNO DE AVAN\u00c7AR COM KID COVID\"}]},{\"@type\":\"WebSite\",\"@id\":\"https:\/\/bahiaeconomica.com.br\/wp\/#website\",\"url\":\"https:\/\/bahiaeconomica.com.br\/wp\/\",\"name\":\"Bahia Economica\",\"description\":\"O maior portal de Economia da Bahia\",\"publisher\":{\"@id\":\"https:\/\/bahiaeconomica.com.br\/wp\/#organization\"},\"potentialAction\":[{\"@type\":\"SearchAction\",\"target\":{\"@type\":\"EntryPoint\",\"urlTemplate\":\"https:\/\/bahiaeconomica.com.br\/wp\/?s={search_term_string}\"},\"query-input\":\"required name=search_term_string\"}],\"inLanguage\":\"pt-BR\"},{\"@type\":\"Organization\",\"@id\":\"https:\/\/bahiaeconomica.com.br\/wp\/#organization\",\"name\":\"Bahia Econ\u00f4mica\",\"url\":\"https:\/\/bahiaeconomica.com.br\/wp\/\",\"logo\":{\"@type\":\"ImageObject\",\"inLanguage\":\"pt-BR\",\"@id\":\"https:\/\/bahiaeconomica.com.br\/wp\/#\/schema\/logo\/image\/\",\"url\":\"https:\/\/bahiaeconomica.com.br\/wp\/wp-content\/uploads\/2020\/12\/cropped-BE.png\",\"contentUrl\":\"https:\/\/bahiaeconomica.com.br\/wp\/wp-content\/uploads\/2020\/12\/cropped-BE.png\",\"width\":512,\"height\":512,\"caption\":\"Bahia Econ\u00f4mica\"},\"image\":{\"@id\":\"https:\/\/bahiaeconomica.com.br\/wp\/#\/schema\/logo\/image\/\"},\"sameAs\":[\"https:\/\/www.facebook.com\/bahiaeconomica\"]},{\"@type\":\"Person\",\"@id\":\"https:\/\/bahiaeconomica.com.br\/wp\/#\/schema\/person\/cb1ab5ba96ad3d9390805381c76284ec\",\"name\":\"admin\",\"url\":\"https:\/\/bahiaeconomica.com.br\/wp\/author\/admin\/\"}]}<\/script>\n<!-- \/ Yoast SEO plugin. -->","yoast_head_json":{"title":"M\u00c9DICO CRITICA TENTATIVA DO GOVERNO DE AVAN\u00c7AR COM KID COVID - Bahia Economica","description":"O maior portal de Economia da Bahia DESTAQUE DO DIA, ECONOMIA \/ POL\u00cdTICA, Sa\u00fade \/ Educa\u00e7\u00e3o Bahia Economica","robots":{"index":"index","follow":"follow","max-snippet":"max-snippet:-1","max-image-preview":"max-image-preview:large","max-video-preview":"max-video-preview:-1"},"canonical":"https:\/\/bahiaeconomica.com.br\/wp\/2022\/02\/08\/medico-critica-tentativa-do-governo-de-avancar-com-kid-covid\/","og_locale":"pt_BR","og_type":"article","og_title":"M\u00c9DICO CRITICA TENTATIVA DO GOVERNO DE AVAN\u00c7AR COM KID COVID - Bahia Economica","og_description":"O maior portal de Economia da Bahia DESTAQUE DO DIA, ECONOMIA \/ POL\u00cdTICA, Sa\u00fade \/ Educa\u00e7\u00e3o Bahia Economica","og_url":"https:\/\/bahiaeconomica.com.br\/wp\/2022\/02\/08\/medico-critica-tentativa-do-governo-de-avancar-com-kid-covid\/","og_site_name":"Bahia Economica","article_publisher":"https:\/\/www.facebook.com\/bahiaeconomica","article_published_time":"2022-02-08T12:20:24+00:00","article_modified_time":"2022-02-08T14:27:10+00:00","og_image":[{"width":500,"height":300,"url":"https:\/\/bahiaeconomica.com.br\/wp\/wp-content\/uploads\/2021\/03\/kit-intubacao-Foto-Americo-Antonio-Sesa.jpg","type":"image\/jpeg"}],"author":"admin","twitter_card":"summary_large_image","twitter_misc":{"Escrito por":"admin","Est. tempo de leitura":"2 minutos"},"schema":{"@context":"https:\/\/schema.org","@graph":[{"@type":"Article","@id":"https:\/\/bahiaeconomica.com.br\/wp\/2022\/02\/08\/medico-critica-tentativa-do-governo-de-avancar-com-kid-covid\/#article","isPartOf":{"@id":"https:\/\/bahiaeconomica.com.br\/wp\/2022\/02\/08\/medico-critica-tentativa-do-governo-de-avancar-com-kid-covid\/"},"author":{"name":"admin","@id":"https:\/\/bahiaeconomica.com.br\/wp\/#\/schema\/person\/cb1ab5ba96ad3d9390805381c76284ec"},"headline":"M\u00c9DICO CRITICA TENTATIVA DO GOVERNO DE AVAN\u00c7AR COM KID COVID","datePublished":"2022-02-08T12:20:24+00:00","dateModified":"2022-02-08T14:27:10+00:00","mainEntityOfPage":{"@id":"https:\/\/bahiaeconomica.com.br\/wp\/2022\/02\/08\/medico-critica-tentativa-do-governo-de-avancar-com-kid-covid\/"},"wordCount":452,"publisher":{"@id":"https:\/\/bahiaeconomica.com.br\/wp\/#organization"},"keywords":["Brasil","kit covid","polica"],"articleSection":["DESTAQUE DO DIA","ECONOMIA \/ POL\u00cdTICA","Sa\u00fade \/ Educa\u00e7\u00e3o"],"inLanguage":"pt-BR"},{"@type":"WebPage","@id":"https:\/\/bahiaeconomica.com.br\/wp\/2022\/02\/08\/medico-critica-tentativa-do-governo-de-avancar-com-kid-covid\/","url":"https:\/\/bahiaeconomica.com.br\/wp\/2022\/02\/08\/medico-critica-tentativa-do-governo-de-avancar-com-kid-covid\/","name":"M\u00c9DICO CRITICA TENTATIVA DO GOVERNO DE AVAN\u00c7AR COM KID COVID - Bahia Economica","isPartOf":{"@id":"https:\/\/bahiaeconomica.com.br\/wp\/#website"},"datePublished":"2022-02-08T12:20:24+00:00","dateModified":"2022-02-08T14:27:10+00:00","description":"O maior portal de Economia da Bahia DESTAQUE DO DIA, ECONOMIA \/ POL\u00cdTICA, Sa\u00fade \/ Educa\u00e7\u00e3o Bahia Economica","breadcrumb":{"@id":"https:\/\/bahiaeconomica.com.br\/wp\/2022\/02\/08\/medico-critica-tentativa-do-governo-de-avancar-com-kid-covid\/#breadcrumb"},"inLanguage":"pt-BR","potentialAction":[{"@type":"ReadAction","target":["https:\/\/bahiaeconomica.com.br\/wp\/2022\/02\/08\/medico-critica-tentativa-do-governo-de-avancar-com-kid-covid\/"]}]},{"@type":"BreadcrumbList","@id":"https:\/\/bahiaeconomica.com.br\/wp\/2022\/02\/08\/medico-critica-tentativa-do-governo-de-avancar-com-kid-covid\/#breadcrumb","itemListElement":[{"@type":"ListItem","position":1,"name":"In\u00edcio","item":"https:\/\/bahiaeconomica.com.br\/wp\/"},{"@type":"ListItem","position":2,"name":"M\u00c9DICO CRITICA TENTATIVA DO GOVERNO DE AVAN\u00c7AR COM KID COVID"}]},{"@type":"WebSite","@id":"https:\/\/bahiaeconomica.com.br\/wp\/#website","url":"https:\/\/bahiaeconomica.com.br\/wp\/","name":"Bahia Economica","description":"O maior portal de Economia da Bahia","publisher":{"@id":"https:\/\/bahiaeconomica.com.br\/wp\/#organization"},"potentialAction":[{"@type":"SearchAction","target":{"@type":"EntryPoint","urlTemplate":"https:\/\/bahiaeconomica.com.br\/wp\/?s={search_term_string}"},"query-input":"required name=search_term_string"}],"inLanguage":"pt-BR"},{"@type":"Organization","@id":"https:\/\/bahiaeconomica.com.br\/wp\/#organization","name":"Bahia Econ\u00f4mica","url":"https:\/\/bahiaeconomica.com.br\/wp\/","logo":{"@type":"ImageObject","inLanguage":"pt-BR","@id":"https:\/\/bahiaeconomica.com.br\/wp\/#\/schema\/logo\/image\/","url":"https:\/\/bahiaeconomica.com.br\/wp\/wp-content\/uploads\/2020\/12\/cropped-BE.png","contentUrl":"https:\/\/bahiaeconomica.com.br\/wp\/wp-content\/uploads\/2020\/12\/cropped-BE.png","width":512,"height":512,"caption":"Bahia Econ\u00f4mica"},"image":{"@id":"https:\/\/bahiaeconomica.com.br\/wp\/#\/schema\/logo\/image\/"},"sameAs":["https:\/\/www.facebook.com\/bahiaeconomica"]},{"@type":"Person","@id":"https:\/\/bahiaeconomica.com.br\/wp\/#\/schema\/person\/cb1ab5ba96ad3d9390805381c76284ec","name":"admin","url":"https:\/\/bahiaeconomica.com.br\/wp\/author\/admin\/"}]}},"views":0,"_links":{"self":[{"href":"https:\/\/bahiaeconomica.com.br\/wp\/wp-json\/wp\/v2\/posts\/637886"}],"collection":[{"href":"https:\/\/bahiaeconomica.com.br\/wp\/wp-json\/wp\/v2\/posts"}],"about":[{"href":"https:\/\/bahiaeconomica.com.br\/wp\/wp-json\/wp\/v2\/types\/post"}],"author":[{"embeddable":true,"href":"https:\/\/bahiaeconomica.com.br\/wp\/wp-json\/wp\/v2\/users\/1"}],"replies":[{"embeddable":true,"href":"https:\/\/bahiaeconomica.com.br\/wp\/wp-json\/wp\/v2\/comments?post=637886"}],"version-history":[{"count":1,"href":"https:\/\/bahiaeconomica.com.br\/wp\/wp-json\/wp\/v2\/posts\/637886\/revisions"}],"predecessor-version":[{"id":637888,"href":"https:\/\/bahiaeconomica.com.br\/wp\/wp-json\/wp\/v2\/posts\/637886\/revisions\/637888"}],"wp:featuredmedia":[{"embeddable":true,"href":"https:\/\/bahiaeconomica.com.br\/wp\/wp-json\/wp\/v2\/media\/549370"}],"wp:attachment":[{"href":"https:\/\/bahiaeconomica.com.br\/wp\/wp-json\/wp\/v2\/media?parent=637886"}],"wp:term":[{"taxonomy":"category","embeddable":true,"href":"https:\/\/bahiaeconomica.com.br\/wp\/wp-json\/wp\/v2\/categories?post=637886"},{"taxonomy":"post_tag","embeddable":true,"href":"https:\/\/bahiaeconomica.com.br\/wp\/wp-json\/wp\/v2\/tags?post=637886"}],"curies":[{"name":"wp","href":"https:\/\/api.w.org\/{rel}","templated":true}]}}