{"id":637463,"date":"2022-02-07T08:20:49","date_gmt":"2022-02-07T11:20:49","guid":{"rendered":"https:\/\/bahiaeconomica.com.br\/wp\/beta\/?p=637463"},"modified":"2022-02-07T11:08:59","modified_gmt":"2022-02-07T14:08:59","slug":"inscricoes-para-edital-do-programa-medicos-pelo-brasil-encerram","status":"publish","type":"post","link":"https:\/\/bahiaeconomica.com.br\/wp\/2022\/02\/07\/inscricoes-para-edital-do-programa-medicos-pelo-brasil-encerram\/","title":{"rendered":"INSCRI\u00c7\u00d5ES PARA EDITAL DO PROGRAMA M\u00c9DICOS PELO BRASIL ENCERRAM"},"content":{"rendered":"<p>Encerram neste domingo (6), as inscri\u00e7\u00f5es para o edital do programa M\u00e9dicos pelo Brasil, que substitui o Mais M\u00e9dicos. A sele\u00e7\u00e3o conta com 4.057 vagas para m\u00e9dicos bolsistas, <!--more-->que receber\u00e3o bolsa de R$ 15 mil mensais; e 595 vagas para m\u00e9dicos tutores, cuja remunera\u00e7\u00e3o ser\u00e1 de R$ 18,1 mil por m\u00eas. O regime de contrata\u00e7\u00e3o para os dois tipos de profissionais \u00e9 Consolida\u00e7\u00e3o das Leis do Trabalho (CLT).<\/p>\n<p>Os interessados devem se inscrever atrav\u00e9s do site do Instituto Brasileiro de Forma\u00e7\u00e3o e Capacita\u00e7\u00e3o e a taxa de inscri\u00e7\u00e3o, no valor de R$ 53, pode ser paga at\u00e9 segunda-feira (7). No ato de inscri\u00e7\u00e3o, o candidato deve indicar o estado ou a macrorregi\u00e3o onde deseja trabalhar, podendo indicar tr\u00eas munic\u00edpios, por ordem de prefer\u00eancia. Para participar do edital, os profissionais devem ter registro em conselho regional de medicina. Aqueles que pleiteiam as vagas de tutores devem apresentar ainda comprova\u00e7\u00e3o de resid\u00eancia ou de especializa\u00e7\u00e3o em medicina da fam\u00edlia e comunidade ou cl\u00ednica m\u00e9dica.<\/p>\n<p>Com dura\u00e7\u00e3o de quatro horas, as provas objetivas ser\u00e3o realizadas em todas as capitais do Brasil, no dia 6 de mar\u00e7o. Nesta etapa, os candidatos ser\u00e3o avaliados a respeito de l\u00edngua portuguesa, Sistema \u00danico de Sa\u00fade (SUS) e conhecimentos espec\u00edficos. Ao todo, a prova conta com 50 quest\u00f5es que valem o total de 100 pontos.<\/p>\n<p>&nbsp;<\/p>\n<p>Foto: Marcelo Camargo \/ Ag\u00eancia Brasil<\/p>\n","protected":false},"excerpt":{"rendered":"<p>Encerram neste domingo (6), as inscri\u00e7\u00f5es para o edital do programa M\u00e9dicos pelo Brasil, que substitui o Mais M\u00e9dicos. A sele\u00e7\u00e3o conta com 4.057 vagas para m\u00e9dicos bolsistas,<\/p>\n","protected":false},"author":1,"featured_media":607814,"comment_status":"closed","ping_status":"closed","sticky":false,"template":"","format":"standard","meta":[],"categories":[14,3,8],"tags":[],"acf":[],"yoast_head":"<!-- This site is optimized with the Yoast SEO plugin v20.8 - https:\/\/yoast.com\/wordpress\/plugins\/seo\/ -->\n<title>INSCRI\u00c7\u00d5ES PARA EDITAL DO PROGRAMA M\u00c9DICOS PELO BRASIL ENCERRAM - Bahia Economica<\/title>\n<meta name=\"description\" content=\"O maior portal de Economia da Bahia DESTAQUE DO DIA, ECONOMIA \/ POL\u00cdTICA, EMPREGOS \/ CONCURSOS Bahia Economica\" \/>\n<meta name=\"robots\" content=\"index, follow, max-snippet:-1, max-image-preview:large, max-video-preview:-1\" \/>\n<link rel=\"canonical\" href=\"https:\/\/bahiaeconomica.com.br\/wp\/2022\/02\/07\/inscricoes-para-edital-do-programa-medicos-pelo-brasil-encerram\/\" \/>\n<meta property=\"og:locale\" content=\"pt_BR\" \/>\n<meta property=\"og:type\" content=\"article\" \/>\n<meta property=\"og:title\" content=\"INSCRI\u00c7\u00d5ES PARA EDITAL DO PROGRAMA M\u00c9DICOS PELO BRASIL ENCERRAM - Bahia Economica\" \/>\n<meta property=\"og:description\" content=\"O maior portal de Economia da Bahia DESTAQUE DO DIA, ECONOMIA \/ POL\u00cdTICA, EMPREGOS \/ CONCURSOS Bahia Economica\" \/>\n<meta property=\"og:url\" content=\"https:\/\/bahiaeconomica.com.br\/wp\/2022\/02\/07\/inscricoes-para-edital-do-programa-medicos-pelo-brasil-encerram\/\" \/>\n<meta property=\"og:site_name\" content=\"Bahia Economica\" \/>\n<meta property=\"article:publisher\" content=\"https:\/\/www.facebook.com\/bahiaeconomica\" \/>\n<meta property=\"article:published_time\" content=\"2022-02-07T11:20:49+00:00\" \/>\n<meta property=\"article:modified_time\" content=\"2022-02-07T14:08:59+00:00\" \/>\n<meta property=\"og:image\" content=\"https:\/\/bahiaeconomica.com.br\/wp\/wp-content\/uploads\/2021\/10\/revalida_mcamgo_abr-universidade-estudante-medicina-foto-Marcelo-Camargo-Agencia-Brasil.jpg\" \/>\n\t<meta property=\"og:image:width\" content=\"500\" \/>\n\t<meta property=\"og:image:height\" content=\"300\" \/>\n\t<meta property=\"og:image:type\" content=\"image\/jpeg\" \/>\n<meta name=\"author\" content=\"admin\" \/>\n<meta name=\"twitter:card\" content=\"summary_large_image\" \/>\n<meta name=\"twitter:label1\" content=\"Escrito por\" \/>\n\t<meta name=\"twitter:data1\" content=\"admin\" \/>\n\t<meta name=\"twitter:label2\" content=\"Est. tempo de leitura\" \/>\n\t<meta name=\"twitter:data2\" content=\"1 minuto\" \/>\n<script type=\"application\/ld+json\" class=\"yoast-schema-graph\">{\"@context\":\"https:\/\/schema.org\",\"@graph\":[{\"@type\":\"Article\",\"@id\":\"https:\/\/bahiaeconomica.com.br\/wp\/2022\/02\/07\/inscricoes-para-edital-do-programa-medicos-pelo-brasil-encerram\/#article\",\"isPartOf\":{\"@id\":\"https:\/\/bahiaeconomica.com.br\/wp\/2022\/02\/07\/inscricoes-para-edital-do-programa-medicos-pelo-brasil-encerram\/\"},\"author\":{\"name\":\"admin\",\"@id\":\"https:\/\/bahiaeconomica.com.br\/wp\/#\/schema\/person\/cb1ab5ba96ad3d9390805381c76284ec\"},\"headline\":\"INSCRI\u00c7\u00d5ES PARA EDITAL DO PROGRAMA M\u00c9DICOS PELO BRASIL ENCERRAM\",\"datePublished\":\"2022-02-07T11:20:49+00:00\",\"dateModified\":\"2022-02-07T14:08:59+00:00\",\"mainEntityOfPage\":{\"@id\":\"https:\/\/bahiaeconomica.com.br\/wp\/2022\/02\/07\/inscricoes-para-edital-do-programa-medicos-pelo-brasil-encerram\/\"},\"wordCount\":258,\"publisher\":{\"@id\":\"https:\/\/bahiaeconomica.com.br\/wp\/#organization\"},\"articleSection\":[\"DESTAQUE DO DIA\",\"ECONOMIA \/ POL\u00cdTICA\",\"EMPREGOS \/ CONCURSOS\"],\"inLanguage\":\"pt-BR\"},{\"@type\":\"WebPage\",\"@id\":\"https:\/\/bahiaeconomica.com.br\/wp\/2022\/02\/07\/inscricoes-para-edital-do-programa-medicos-pelo-brasil-encerram\/\",\"url\":\"https:\/\/bahiaeconomica.com.br\/wp\/2022\/02\/07\/inscricoes-para-edital-do-programa-medicos-pelo-brasil-encerram\/\",\"name\":\"INSCRI\u00c7\u00d5ES PARA EDITAL DO PROGRAMA M\u00c9DICOS PELO BRASIL ENCERRAM - Bahia Economica\",\"isPartOf\":{\"@id\":\"https:\/\/bahiaeconomica.com.br\/wp\/#website\"},\"datePublished\":\"2022-02-07T11:20:49+00:00\",\"dateModified\":\"2022-02-07T14:08:59+00:00\",\"description\":\"O maior portal de Economia da Bahia DESTAQUE DO DIA, ECONOMIA \/ POL\u00cdTICA, EMPREGOS \/ CONCURSOS Bahia Economica\",\"breadcrumb\":{\"@id\":\"https:\/\/bahiaeconomica.com.br\/wp\/2022\/02\/07\/inscricoes-para-edital-do-programa-medicos-pelo-brasil-encerram\/#breadcrumb\"},\"inLanguage\":\"pt-BR\",\"potentialAction\":[{\"@type\":\"ReadAction\",\"target\":[\"https:\/\/bahiaeconomica.com.br\/wp\/2022\/02\/07\/inscricoes-para-edital-do-programa-medicos-pelo-brasil-encerram\/\"]}]},{\"@type\":\"BreadcrumbList\",\"@id\":\"https:\/\/bahiaeconomica.com.br\/wp\/2022\/02\/07\/inscricoes-para-edital-do-programa-medicos-pelo-brasil-encerram\/#breadcrumb\",\"itemListElement\":[{\"@type\":\"ListItem\",\"position\":1,\"name\":\"In\u00edcio\",\"item\":\"https:\/\/bahiaeconomica.com.br\/wp\/\"},{\"@type\":\"ListItem\",\"position\":2,\"name\":\"INSCRI\u00c7\u00d5ES PARA EDITAL DO PROGRAMA M\u00c9DICOS PELO BRASIL ENCERRAM\"}]},{\"@type\":\"WebSite\",\"@id\":\"https:\/\/bahiaeconomica.com.br\/wp\/#website\",\"url\":\"https:\/\/bahiaeconomica.com.br\/wp\/\",\"name\":\"Bahia Economica\",\"description\":\"O maior portal de Economia da Bahia\",\"publisher\":{\"@id\":\"https:\/\/bahiaeconomica.com.br\/wp\/#organization\"},\"potentialAction\":[{\"@type\":\"SearchAction\",\"target\":{\"@type\":\"EntryPoint\",\"urlTemplate\":\"https:\/\/bahiaeconomica.com.br\/wp\/?s={search_term_string}\"},\"query-input\":\"required name=search_term_string\"}],\"inLanguage\":\"pt-BR\"},{\"@type\":\"Organization\",\"@id\":\"https:\/\/bahiaeconomica.com.br\/wp\/#organization\",\"name\":\"Bahia Econ\u00f4mica\",\"url\":\"https:\/\/bahiaeconomica.com.br\/wp\/\",\"logo\":{\"@type\":\"ImageObject\",\"inLanguage\":\"pt-BR\",\"@id\":\"https:\/\/bahiaeconomica.com.br\/wp\/#\/schema\/logo\/image\/\",\"url\":\"https:\/\/bahiaeconomica.com.br\/wp\/wp-content\/uploads\/2020\/12\/cropped-BE.png\",\"contentUrl\":\"https:\/\/bahiaeconomica.com.br\/wp\/wp-content\/uploads\/2020\/12\/cropped-BE.png\",\"width\":512,\"height\":512,\"caption\":\"Bahia Econ\u00f4mica\"},\"image\":{\"@id\":\"https:\/\/bahiaeconomica.com.br\/wp\/#\/schema\/logo\/image\/\"},\"sameAs\":[\"https:\/\/www.facebook.com\/bahiaeconomica\"]},{\"@type\":\"Person\",\"@id\":\"https:\/\/bahiaeconomica.com.br\/wp\/#\/schema\/person\/cb1ab5ba96ad3d9390805381c76284ec\",\"name\":\"admin\",\"url\":\"https:\/\/bahiaeconomica.com.br\/wp\/author\/admin\/\"}]}<\/script>\n<!-- \/ Yoast SEO plugin. -->","yoast_head_json":{"title":"INSCRI\u00c7\u00d5ES PARA EDITAL DO PROGRAMA M\u00c9DICOS PELO BRASIL ENCERRAM - Bahia Economica","description":"O maior portal de Economia da Bahia DESTAQUE DO DIA, ECONOMIA \/ POL\u00cdTICA, EMPREGOS \/ CONCURSOS Bahia Economica","robots":{"index":"index","follow":"follow","max-snippet":"max-snippet:-1","max-image-preview":"max-image-preview:large","max-video-preview":"max-video-preview:-1"},"canonical":"https:\/\/bahiaeconomica.com.br\/wp\/2022\/02\/07\/inscricoes-para-edital-do-programa-medicos-pelo-brasil-encerram\/","og_locale":"pt_BR","og_type":"article","og_title":"INSCRI\u00c7\u00d5ES PARA EDITAL DO PROGRAMA M\u00c9DICOS PELO BRASIL ENCERRAM - Bahia Economica","og_description":"O maior portal de Economia da Bahia DESTAQUE DO DIA, ECONOMIA \/ POL\u00cdTICA, EMPREGOS \/ CONCURSOS Bahia Economica","og_url":"https:\/\/bahiaeconomica.com.br\/wp\/2022\/02\/07\/inscricoes-para-edital-do-programa-medicos-pelo-brasil-encerram\/","og_site_name":"Bahia Economica","article_publisher":"https:\/\/www.facebook.com\/bahiaeconomica","article_published_time":"2022-02-07T11:20:49+00:00","article_modified_time":"2022-02-07T14:08:59+00:00","og_image":[{"width":500,"height":300,"url":"https:\/\/bahiaeconomica.com.br\/wp\/wp-content\/uploads\/2021\/10\/revalida_mcamgo_abr-universidade-estudante-medicina-foto-Marcelo-Camargo-Agencia-Brasil.jpg","type":"image\/jpeg"}],"author":"admin","twitter_card":"summary_large_image","twitter_misc":{"Escrito por":"admin","Est. tempo de leitura":"1 minuto"},"schema":{"@context":"https:\/\/schema.org","@graph":[{"@type":"Article","@id":"https:\/\/bahiaeconomica.com.br\/wp\/2022\/02\/07\/inscricoes-para-edital-do-programa-medicos-pelo-brasil-encerram\/#article","isPartOf":{"@id":"https:\/\/bahiaeconomica.com.br\/wp\/2022\/02\/07\/inscricoes-para-edital-do-programa-medicos-pelo-brasil-encerram\/"},"author":{"name":"admin","@id":"https:\/\/bahiaeconomica.com.br\/wp\/#\/schema\/person\/cb1ab5ba96ad3d9390805381c76284ec"},"headline":"INSCRI\u00c7\u00d5ES PARA EDITAL DO PROGRAMA M\u00c9DICOS PELO BRASIL ENCERRAM","datePublished":"2022-02-07T11:20:49+00:00","dateModified":"2022-02-07T14:08:59+00:00","mainEntityOfPage":{"@id":"https:\/\/bahiaeconomica.com.br\/wp\/2022\/02\/07\/inscricoes-para-edital-do-programa-medicos-pelo-brasil-encerram\/"},"wordCount":258,"publisher":{"@id":"https:\/\/bahiaeconomica.com.br\/wp\/#organization"},"articleSection":["DESTAQUE DO DIA","ECONOMIA \/ POL\u00cdTICA","EMPREGOS \/ CONCURSOS"],"inLanguage":"pt-BR"},{"@type":"WebPage","@id":"https:\/\/bahiaeconomica.com.br\/wp\/2022\/02\/07\/inscricoes-para-edital-do-programa-medicos-pelo-brasil-encerram\/","url":"https:\/\/bahiaeconomica.com.br\/wp\/2022\/02\/07\/inscricoes-para-edital-do-programa-medicos-pelo-brasil-encerram\/","name":"INSCRI\u00c7\u00d5ES PARA EDITAL DO PROGRAMA M\u00c9DICOS PELO BRASIL ENCERRAM - Bahia Economica","isPartOf":{"@id":"https:\/\/bahiaeconomica.com.br\/wp\/#website"},"datePublished":"2022-02-07T11:20:49+00:00","dateModified":"2022-02-07T14:08:59+00:00","description":"O maior portal de Economia da Bahia DESTAQUE DO DIA, ECONOMIA \/ POL\u00cdTICA, EMPREGOS \/ CONCURSOS Bahia Economica","breadcrumb":{"@id":"https:\/\/bahiaeconomica.com.br\/wp\/2022\/02\/07\/inscricoes-para-edital-do-programa-medicos-pelo-brasil-encerram\/#breadcrumb"},"inLanguage":"pt-BR","potentialAction":[{"@type":"ReadAction","target":["https:\/\/bahiaeconomica.com.br\/wp\/2022\/02\/07\/inscricoes-para-edital-do-programa-medicos-pelo-brasil-encerram\/"]}]},{"@type":"BreadcrumbList","@id":"https:\/\/bahiaeconomica.com.br\/wp\/2022\/02\/07\/inscricoes-para-edital-do-programa-medicos-pelo-brasil-encerram\/#breadcrumb","itemListElement":[{"@type":"ListItem","position":1,"name":"In\u00edcio","item":"https:\/\/bahiaeconomica.com.br\/wp\/"},{"@type":"ListItem","position":2,"name":"INSCRI\u00c7\u00d5ES PARA EDITAL DO PROGRAMA M\u00c9DICOS PELO BRASIL ENCERRAM"}]},{"@type":"WebSite","@id":"https:\/\/bahiaeconomica.com.br\/wp\/#website","url":"https:\/\/bahiaeconomica.com.br\/wp\/","name":"Bahia Economica","description":"O maior portal de Economia da Bahia","publisher":{"@id":"https:\/\/bahiaeconomica.com.br\/wp\/#organization"},"potentialAction":[{"@type":"SearchAction","target":{"@type":"EntryPoint","urlTemplate":"https:\/\/bahiaeconomica.com.br\/wp\/?s={search_term_string}"},"query-input":"required name=search_term_string"}],"inLanguage":"pt-BR"},{"@type":"Organization","@id":"https:\/\/bahiaeconomica.com.br\/wp\/#organization","name":"Bahia Econ\u00f4mica","url":"https:\/\/bahiaeconomica.com.br\/wp\/","logo":{"@type":"ImageObject","inLanguage":"pt-BR","@id":"https:\/\/bahiaeconomica.com.br\/wp\/#\/schema\/logo\/image\/","url":"https:\/\/bahiaeconomica.com.br\/wp\/wp-content\/uploads\/2020\/12\/cropped-BE.png","contentUrl":"https:\/\/bahiaeconomica.com.br\/wp\/wp-content\/uploads\/2020\/12\/cropped-BE.png","width":512,"height":512,"caption":"Bahia Econ\u00f4mica"},"image":{"@id":"https:\/\/bahiaeconomica.com.br\/wp\/#\/schema\/logo\/image\/"},"sameAs":["https:\/\/www.facebook.com\/bahiaeconomica"]},{"@type":"Person","@id":"https:\/\/bahiaeconomica.com.br\/wp\/#\/schema\/person\/cb1ab5ba96ad3d9390805381c76284ec","name":"admin","url":"https:\/\/bahiaeconomica.com.br\/wp\/author\/admin\/"}]}},"views":2,"_links":{"self":[{"href":"https:\/\/bahiaeconomica.com.br\/wp\/wp-json\/wp\/v2\/posts\/637463"}],"collection":[{"href":"https:\/\/bahiaeconomica.com.br\/wp\/wp-json\/wp\/v2\/posts"}],"about":[{"href":"https:\/\/bahiaeconomica.com.br\/wp\/wp-json\/wp\/v2\/types\/post"}],"author":[{"embeddable":true,"href":"https:\/\/bahiaeconomica.com.br\/wp\/wp-json\/wp\/v2\/users\/1"}],"replies":[{"embeddable":true,"href":"https:\/\/bahiaeconomica.com.br\/wp\/wp-json\/wp\/v2\/comments?post=637463"}],"version-history":[{"count":1,"href":"https:\/\/bahiaeconomica.com.br\/wp\/wp-json\/wp\/v2\/posts\/637463\/revisions"}],"predecessor-version":[{"id":637465,"href":"https:\/\/bahiaeconomica.com.br\/wp\/wp-json\/wp\/v2\/posts\/637463\/revisions\/637465"}],"wp:featuredmedia":[{"embeddable":true,"href":"https:\/\/bahiaeconomica.com.br\/wp\/wp-json\/wp\/v2\/media\/607814"}],"wp:attachment":[{"href":"https:\/\/bahiaeconomica.com.br\/wp\/wp-json\/wp\/v2\/media?parent=637463"}],"wp:term":[{"taxonomy":"category","embeddable":true,"href":"https:\/\/bahiaeconomica.com.br\/wp\/wp-json\/wp\/v2\/categories?post=637463"},{"taxonomy":"post_tag","embeddable":true,"href":"https:\/\/bahiaeconomica.com.br\/wp\/wp-json\/wp\/v2\/tags?post=637463"}],"curies":[{"name":"wp","href":"https:\/\/api.w.org\/{rel}","templated":true}]}}