{"id":634844,"date":"2022-01-27T14:00:26","date_gmt":"2022-01-27T17:00:26","guid":{"rendered":"https:\/\/bahiaeconomica.com.br\/wp\/beta\/?p=634844"},"modified":"2022-01-27T08:24:02","modified_gmt":"2022-01-27T11:24:02","slug":"baile-da-santinha-e-adiado-em-sao-paulo","status":"publish","type":"post","link":"https:\/\/bahiaeconomica.com.br\/wp\/2022\/01\/27\/baile-da-santinha-e-adiado-em-sao-paulo\/","title":{"rendered":"BAILE DA SANTINHA \u00c9 ADIADO EM S\u00c3O PAULO"},"content":{"rendered":"<p>Com a alta dos novos casos de Covid-19 em todo o Brasil, a edi\u00e7\u00e3o do Baile da Santinha do cantor L\u00e9o Santana, que aconteceria no pr\u00f3ximo dia 29, em S\u00e3o Paulo, tamb\u00e9m teve que ser adiada. O an\u00fancio do adiamento veio um dia ap\u00f3s o baiano fazer duras cr\u00edticas ao governo da Bahia por reduzir o limite de p\u00fablico em eventos no estado.<\/p>\n<p>No comunicado publicado nas redes sociais, a organiza\u00e7\u00e3o do evento diz que a decis\u00e3o foi tomada &#8220;prezando pelo cuidado e seguran\u00e7a do p\u00fablico&#8221;.\u00a0<strong><br \/>\n<\/strong><br \/>\nA equipe do artista informou tamb\u00e9m que os ingressos adquiridos permanecer\u00e3o v\u00e1lidos para a nova data, que ainda n\u00e3o foi divulgada.<\/p>\n<p>COVID-19<br \/>\nDe acordo com o \u00faltimo boletim epidemiol\u00f3gico de S\u00e3o Paulo, a taxa de ocupa\u00e7\u00e3o de leitos de UTI na capital est\u00e1 em 71%. J\u00e1 a ocupa\u00e7\u00e3o nos leitos de enfermaria, est\u00e1 em 65%.<\/p>\n<p>No estado paulista, a recomenda\u00e7\u00e3o \u00e9 que os eventos musicais e festas sejam realizados com 70% do p\u00fablico e mediante comprovante de vacina\u00e7\u00e3o. Diferente da Bahia, a\u00a0decis\u00e3o de seguir ou n\u00e3o a\u00a0recomenda\u00e7\u00e3o\u00a0fica a crit\u00e9rio dos gestores municipais.<\/p>\n<p>Foto: Divulga\u00e7\u00e3o<\/p>\n","protected":false},"excerpt":{"rendered":"<p>Com a alta dos novos casos de Covid-19 em todo o Brasil, a edi\u00e7\u00e3o do Baile da Santinha do cantor L\u00e9o Santana, que aconteceria no pr\u00f3ximo dia 29, em S\u00e3o Paulo, tamb\u00e9m teve que ser adiada. O an\u00fancio do adiamento veio um dia ap\u00f3s o baiano fazer duras cr\u00edticas ao governo da Bahia por reduzir [&hellip;]<\/p>\n","protected":false},"author":1,"featured_media":630503,"comment_status":"closed","ping_status":"closed","sticky":false,"template":"","format":"standard","meta":[],"categories":[4],"tags":[],"acf":[],"yoast_head":"<!-- This site is optimized with the Yoast SEO plugin v20.8 - https:\/\/yoast.com\/wordpress\/plugins\/seo\/ -->\n<title>BAILE DA SANTINHA \u00c9 ADIADO EM S\u00c3O PAULO - Bahia Economica<\/title>\n<meta name=\"description\" content=\"O maior portal de Economia da Bahia ENTRETENIMENTO Bahia Economica\" \/>\n<meta name=\"robots\" content=\"index, follow, max-snippet:-1, max-image-preview:large, max-video-preview:-1\" \/>\n<link rel=\"canonical\" href=\"https:\/\/bahiaeconomica.com.br\/wp\/2022\/01\/27\/baile-da-santinha-e-adiado-em-sao-paulo\/\" \/>\n<meta property=\"og:locale\" content=\"pt_BR\" \/>\n<meta property=\"og:type\" content=\"article\" \/>\n<meta property=\"og:title\" content=\"BAILE DA SANTINHA \u00c9 ADIADO EM S\u00c3O PAULO - Bahia Economica\" \/>\n<meta property=\"og:description\" content=\"O maior portal de Economia da Bahia ENTRETENIMENTO Bahia Economica\" \/>\n<meta property=\"og:url\" content=\"https:\/\/bahiaeconomica.com.br\/wp\/2022\/01\/27\/baile-da-santinha-e-adiado-em-sao-paulo\/\" \/>\n<meta property=\"og:site_name\" content=\"Bahia Economica\" \/>\n<meta property=\"article:publisher\" content=\"https:\/\/www.facebook.com\/bahiaeconomica\" \/>\n<meta property=\"article:published_time\" content=\"2022-01-27T17:00:26+00:00\" \/>\n<meta property=\"article:modified_time\" content=\"2022-01-27T11:24:02+00:00\" \/>\n<meta property=\"og:image\" content=\"https:\/\/bahiaeconomica.com.br\/wp\/wp-content\/uploads\/2022\/01\/LEO-SANTANA-DIVULGACAO.jpeg\" \/>\n\t<meta property=\"og:image:width\" content=\"940\" \/>\n\t<meta property=\"og:image:height\" content=\"588\" \/>\n\t<meta property=\"og:image:type\" content=\"image\/jpeg\" \/>\n<meta name=\"author\" content=\"admin\" \/>\n<meta name=\"twitter:card\" content=\"summary_large_image\" \/>\n<meta name=\"twitter:label1\" content=\"Escrito por\" \/>\n\t<meta name=\"twitter:data1\" content=\"admin\" \/>\n\t<meta name=\"twitter:label2\" content=\"Est. tempo de leitura\" \/>\n\t<meta name=\"twitter:data2\" content=\"1 minuto\" \/>\n<script type=\"application\/ld+json\" class=\"yoast-schema-graph\">{\"@context\":\"https:\/\/schema.org\",\"@graph\":[{\"@type\":\"Article\",\"@id\":\"https:\/\/bahiaeconomica.com.br\/wp\/2022\/01\/27\/baile-da-santinha-e-adiado-em-sao-paulo\/#article\",\"isPartOf\":{\"@id\":\"https:\/\/bahiaeconomica.com.br\/wp\/2022\/01\/27\/baile-da-santinha-e-adiado-em-sao-paulo\/\"},\"author\":{\"name\":\"admin\",\"@id\":\"https:\/\/bahiaeconomica.com.br\/wp\/#\/schema\/person\/cb1ab5ba96ad3d9390805381c76284ec\"},\"headline\":\"BAILE DA SANTINHA \u00c9 ADIADO EM S\u00c3O PAULO\",\"datePublished\":\"2022-01-27T17:00:26+00:00\",\"dateModified\":\"2022-01-27T11:24:02+00:00\",\"mainEntityOfPage\":{\"@id\":\"https:\/\/bahiaeconomica.com.br\/wp\/2022\/01\/27\/baile-da-santinha-e-adiado-em-sao-paulo\/\"},\"wordCount\":215,\"publisher\":{\"@id\":\"https:\/\/bahiaeconomica.com.br\/wp\/#organization\"},\"articleSection\":[\"ENTRETENIMENTO\"],\"inLanguage\":\"pt-BR\"},{\"@type\":\"WebPage\",\"@id\":\"https:\/\/bahiaeconomica.com.br\/wp\/2022\/01\/27\/baile-da-santinha-e-adiado-em-sao-paulo\/\",\"url\":\"https:\/\/bahiaeconomica.com.br\/wp\/2022\/01\/27\/baile-da-santinha-e-adiado-em-sao-paulo\/\",\"name\":\"BAILE DA SANTINHA \u00c9 ADIADO EM S\u00c3O PAULO - Bahia Economica\",\"isPartOf\":{\"@id\":\"https:\/\/bahiaeconomica.com.br\/wp\/#website\"},\"datePublished\":\"2022-01-27T17:00:26+00:00\",\"dateModified\":\"2022-01-27T11:24:02+00:00\",\"description\":\"O maior portal de Economia da Bahia ENTRETENIMENTO Bahia Economica\",\"breadcrumb\":{\"@id\":\"https:\/\/bahiaeconomica.com.br\/wp\/2022\/01\/27\/baile-da-santinha-e-adiado-em-sao-paulo\/#breadcrumb\"},\"inLanguage\":\"pt-BR\",\"potentialAction\":[{\"@type\":\"ReadAction\",\"target\":[\"https:\/\/bahiaeconomica.com.br\/wp\/2022\/01\/27\/baile-da-santinha-e-adiado-em-sao-paulo\/\"]}]},{\"@type\":\"BreadcrumbList\",\"@id\":\"https:\/\/bahiaeconomica.com.br\/wp\/2022\/01\/27\/baile-da-santinha-e-adiado-em-sao-paulo\/#breadcrumb\",\"itemListElement\":[{\"@type\":\"ListItem\",\"position\":1,\"name\":\"In\u00edcio\",\"item\":\"https:\/\/bahiaeconomica.com.br\/wp\/\"},{\"@type\":\"ListItem\",\"position\":2,\"name\":\"BAILE DA SANTINHA \u00c9 ADIADO EM S\u00c3O PAULO\"}]},{\"@type\":\"WebSite\",\"@id\":\"https:\/\/bahiaeconomica.com.br\/wp\/#website\",\"url\":\"https:\/\/bahiaeconomica.com.br\/wp\/\",\"name\":\"Bahia Economica\",\"description\":\"O maior portal de Economia da Bahia\",\"publisher\":{\"@id\":\"https:\/\/bahiaeconomica.com.br\/wp\/#organization\"},\"potentialAction\":[{\"@type\":\"SearchAction\",\"target\":{\"@type\":\"EntryPoint\",\"urlTemplate\":\"https:\/\/bahiaeconomica.com.br\/wp\/?s={search_term_string}\"},\"query-input\":\"required name=search_term_string\"}],\"inLanguage\":\"pt-BR\"},{\"@type\":\"Organization\",\"@id\":\"https:\/\/bahiaeconomica.com.br\/wp\/#organization\",\"name\":\"Bahia Econ\u00f4mica\",\"url\":\"https:\/\/bahiaeconomica.com.br\/wp\/\",\"logo\":{\"@type\":\"ImageObject\",\"inLanguage\":\"pt-BR\",\"@id\":\"https:\/\/bahiaeconomica.com.br\/wp\/#\/schema\/logo\/image\/\",\"url\":\"https:\/\/bahiaeconomica.com.br\/wp\/wp-content\/uploads\/2020\/12\/cropped-BE.png\",\"contentUrl\":\"https:\/\/bahiaeconomica.com.br\/wp\/wp-content\/uploads\/2020\/12\/cropped-BE.png\",\"width\":512,\"height\":512,\"caption\":\"Bahia Econ\u00f4mica\"},\"image\":{\"@id\":\"https:\/\/bahiaeconomica.com.br\/wp\/#\/schema\/logo\/image\/\"},\"sameAs\":[\"https:\/\/www.facebook.com\/bahiaeconomica\"]},{\"@type\":\"Person\",\"@id\":\"https:\/\/bahiaeconomica.com.br\/wp\/#\/schema\/person\/cb1ab5ba96ad3d9390805381c76284ec\",\"name\":\"admin\",\"url\":\"https:\/\/bahiaeconomica.com.br\/wp\/author\/admin\/\"}]}<\/script>\n<!-- \/ Yoast SEO plugin. -->","yoast_head_json":{"title":"BAILE DA SANTINHA \u00c9 ADIADO EM S\u00c3O PAULO - Bahia Economica","description":"O maior portal de Economia da Bahia ENTRETENIMENTO Bahia Economica","robots":{"index":"index","follow":"follow","max-snippet":"max-snippet:-1","max-image-preview":"max-image-preview:large","max-video-preview":"max-video-preview:-1"},"canonical":"https:\/\/bahiaeconomica.com.br\/wp\/2022\/01\/27\/baile-da-santinha-e-adiado-em-sao-paulo\/","og_locale":"pt_BR","og_type":"article","og_title":"BAILE DA SANTINHA \u00c9 ADIADO EM S\u00c3O PAULO - Bahia Economica","og_description":"O maior portal de Economia da Bahia ENTRETENIMENTO Bahia Economica","og_url":"https:\/\/bahiaeconomica.com.br\/wp\/2022\/01\/27\/baile-da-santinha-e-adiado-em-sao-paulo\/","og_site_name":"Bahia Economica","article_publisher":"https:\/\/www.facebook.com\/bahiaeconomica","article_published_time":"2022-01-27T17:00:26+00:00","article_modified_time":"2022-01-27T11:24:02+00:00","og_image":[{"width":940,"height":588,"url":"https:\/\/bahiaeconomica.com.br\/wp\/wp-content\/uploads\/2022\/01\/LEO-SANTANA-DIVULGACAO.jpeg","type":"image\/jpeg"}],"author":"admin","twitter_card":"summary_large_image","twitter_misc":{"Escrito por":"admin","Est. tempo de leitura":"1 minuto"},"schema":{"@context":"https:\/\/schema.org","@graph":[{"@type":"Article","@id":"https:\/\/bahiaeconomica.com.br\/wp\/2022\/01\/27\/baile-da-santinha-e-adiado-em-sao-paulo\/#article","isPartOf":{"@id":"https:\/\/bahiaeconomica.com.br\/wp\/2022\/01\/27\/baile-da-santinha-e-adiado-em-sao-paulo\/"},"author":{"name":"admin","@id":"https:\/\/bahiaeconomica.com.br\/wp\/#\/schema\/person\/cb1ab5ba96ad3d9390805381c76284ec"},"headline":"BAILE DA SANTINHA \u00c9 ADIADO EM S\u00c3O PAULO","datePublished":"2022-01-27T17:00:26+00:00","dateModified":"2022-01-27T11:24:02+00:00","mainEntityOfPage":{"@id":"https:\/\/bahiaeconomica.com.br\/wp\/2022\/01\/27\/baile-da-santinha-e-adiado-em-sao-paulo\/"},"wordCount":215,"publisher":{"@id":"https:\/\/bahiaeconomica.com.br\/wp\/#organization"},"articleSection":["ENTRETENIMENTO"],"inLanguage":"pt-BR"},{"@type":"WebPage","@id":"https:\/\/bahiaeconomica.com.br\/wp\/2022\/01\/27\/baile-da-santinha-e-adiado-em-sao-paulo\/","url":"https:\/\/bahiaeconomica.com.br\/wp\/2022\/01\/27\/baile-da-santinha-e-adiado-em-sao-paulo\/","name":"BAILE DA SANTINHA \u00c9 ADIADO EM S\u00c3O PAULO - Bahia Economica","isPartOf":{"@id":"https:\/\/bahiaeconomica.com.br\/wp\/#website"},"datePublished":"2022-01-27T17:00:26+00:00","dateModified":"2022-01-27T11:24:02+00:00","description":"O maior portal de Economia da Bahia ENTRETENIMENTO Bahia Economica","breadcrumb":{"@id":"https:\/\/bahiaeconomica.com.br\/wp\/2022\/01\/27\/baile-da-santinha-e-adiado-em-sao-paulo\/#breadcrumb"},"inLanguage":"pt-BR","potentialAction":[{"@type":"ReadAction","target":["https:\/\/bahiaeconomica.com.br\/wp\/2022\/01\/27\/baile-da-santinha-e-adiado-em-sao-paulo\/"]}]},{"@type":"BreadcrumbList","@id":"https:\/\/bahiaeconomica.com.br\/wp\/2022\/01\/27\/baile-da-santinha-e-adiado-em-sao-paulo\/#breadcrumb","itemListElement":[{"@type":"ListItem","position":1,"name":"In\u00edcio","item":"https:\/\/bahiaeconomica.com.br\/wp\/"},{"@type":"ListItem","position":2,"name":"BAILE DA SANTINHA \u00c9 ADIADO EM S\u00c3O PAULO"}]},{"@type":"WebSite","@id":"https:\/\/bahiaeconomica.com.br\/wp\/#website","url":"https:\/\/bahiaeconomica.com.br\/wp\/","name":"Bahia Economica","description":"O maior portal de Economia da Bahia","publisher":{"@id":"https:\/\/bahiaeconomica.com.br\/wp\/#organization"},"potentialAction":[{"@type":"SearchAction","target":{"@type":"EntryPoint","urlTemplate":"https:\/\/bahiaeconomica.com.br\/wp\/?s={search_term_string}"},"query-input":"required name=search_term_string"}],"inLanguage":"pt-BR"},{"@type":"Organization","@id":"https:\/\/bahiaeconomica.com.br\/wp\/#organization","name":"Bahia Econ\u00f4mica","url":"https:\/\/bahiaeconomica.com.br\/wp\/","logo":{"@type":"ImageObject","inLanguage":"pt-BR","@id":"https:\/\/bahiaeconomica.com.br\/wp\/#\/schema\/logo\/image\/","url":"https:\/\/bahiaeconomica.com.br\/wp\/wp-content\/uploads\/2020\/12\/cropped-BE.png","contentUrl":"https:\/\/bahiaeconomica.com.br\/wp\/wp-content\/uploads\/2020\/12\/cropped-BE.png","width":512,"height":512,"caption":"Bahia Econ\u00f4mica"},"image":{"@id":"https:\/\/bahiaeconomica.com.br\/wp\/#\/schema\/logo\/image\/"},"sameAs":["https:\/\/www.facebook.com\/bahiaeconomica"]},{"@type":"Person","@id":"https:\/\/bahiaeconomica.com.br\/wp\/#\/schema\/person\/cb1ab5ba96ad3d9390805381c76284ec","name":"admin","url":"https:\/\/bahiaeconomica.com.br\/wp\/author\/admin\/"}]}},"views":4,"_links":{"self":[{"href":"https:\/\/bahiaeconomica.com.br\/wp\/wp-json\/wp\/v2\/posts\/634844"}],"collection":[{"href":"https:\/\/bahiaeconomica.com.br\/wp\/wp-json\/wp\/v2\/posts"}],"about":[{"href":"https:\/\/bahiaeconomica.com.br\/wp\/wp-json\/wp\/v2\/types\/post"}],"author":[{"embeddable":true,"href":"https:\/\/bahiaeconomica.com.br\/wp\/wp-json\/wp\/v2\/users\/1"}],"replies":[{"embeddable":true,"href":"https:\/\/bahiaeconomica.com.br\/wp\/wp-json\/wp\/v2\/comments?post=634844"}],"version-history":[{"count":1,"href":"https:\/\/bahiaeconomica.com.br\/wp\/wp-json\/wp\/v2\/posts\/634844\/revisions"}],"predecessor-version":[{"id":634846,"href":"https:\/\/bahiaeconomica.com.br\/wp\/wp-json\/wp\/v2\/posts\/634844\/revisions\/634846"}],"wp:featuredmedia":[{"embeddable":true,"href":"https:\/\/bahiaeconomica.com.br\/wp\/wp-json\/wp\/v2\/media\/630503"}],"wp:attachment":[{"href":"https:\/\/bahiaeconomica.com.br\/wp\/wp-json\/wp\/v2\/media?parent=634844"}],"wp:term":[{"taxonomy":"category","embeddable":true,"href":"https:\/\/bahiaeconomica.com.br\/wp\/wp-json\/wp\/v2\/categories?post=634844"},{"taxonomy":"post_tag","embeddable":true,"href":"https:\/\/bahiaeconomica.com.br\/wp\/wp-json\/wp\/v2\/tags?post=634844"}],"curies":[{"name":"wp","href":"https:\/\/api.w.org\/{rel}","templated":true}]}}