{"id":632670,"date":"2022-01-19T09:35:09","date_gmt":"2022-01-19T12:35:09","guid":{"rendered":"https:\/\/bahiaeconomica.com.br\/wp\/beta\/?p=632670"},"modified":"2022-01-19T09:35:09","modified_gmt":"2022-01-19T12:35:09","slug":"al-ba-reabre-trabalhos-de-forma-hibrida-no-proximo-1o-de-fevereiro","status":"publish","type":"post","link":"https:\/\/bahiaeconomica.com.br\/wp\/2022\/01\/19\/al-ba-reabre-trabalhos-de-forma-hibrida-no-proximo-1o-de-fevereiro\/","title":{"rendered":"AL-BA REABRE TRABALHOS DE FORMA H\u00cdBRIDA NO PR\u00d3XIMO 1\u00ba DE FEVEREIRO"},"content":{"rendered":"<p>A Assembleia Legislativa da Bahia (AL-BA) retomar\u00e1 os trabalhos ordin\u00e1rios no pr\u00f3ximo dia 1\u00ba de fevereiro, mantendo os protocolos de atua\u00e7\u00e3o do ano passado, que permitiram o funcionamento da Casa, com a aprecia\u00e7\u00e3o de todos os projetos da pauta de vota\u00e7\u00f5es.<!--more--> Os deputados estaduais atuar\u00e3o no plen\u00e1rio e nas comiss\u00f5es em regime h\u00edbrido \u2013 presencial ou virtual \u2013 e com os servidores presencialmente, como j\u00e1 vinha ocorrendo.<\/p>\n<p>Al\u00e9m do uso de m\u00e1scaras, do distanciamento social e da oferta de \u00e1lcool 70%, ser\u00e1 exigido de todos um comprovante de vacina\u00e7\u00e3o para ingresso na AL-BA. Para o funcionalismo, a Superintend\u00eancia de Recursos Humanos finaliza no Portal do RH um campo onde dever\u00e1 ser apresentado documento comprobat\u00f3rio do cumprimento do calend\u00e1rio vacinal emitido pelas autoridades sanit\u00e1rias ou resultado do teste negativo.<\/p>\n<p>Quem n\u00e3o se vacinar, parlamentar ou servidor, precisa comprovar a imunidade atrav\u00e9s do teste PCR ou de ant\u00edgenos negativos, renovado a cada 72 horas. Para o p\u00fablico externo n\u00e3o vacinado, a exig\u00eancia \u00e9 id\u00eantica.<\/p>\n<p>Para o presidente da AL-BA, Adolfo Menezes (PSD), a prote\u00e7\u00e3o da sa\u00fade de todos que se vacinaram \u00e9 prioridade para os integrantes da Mesa Diretora da Casa, impondo barreiras para a circula\u00e7\u00e3o do v\u00edrus no ambiente do Legislativo.<\/p>\n<p>\u201cEnquanto estivermos sob o risco de contamina\u00e7\u00e3o, zelaremos pela sa\u00fade e integridade f\u00edsica dos 63 deputados, centenas de servidores, estagi\u00e1rios e funcion\u00e1rios terceirizados, respeitando a op\u00e7\u00e3o daqueles que preferirem n\u00e3o se vacinar\u201d.<\/p>\n<p>&nbsp;<\/p>\n<p>Foto: Divulga\u00e7\u00e3o<\/p>\n","protected":false},"excerpt":{"rendered":"<p>A Assembleia Legislativa da Bahia (AL-BA) retomar\u00e1 os trabalhos ordin\u00e1rios no pr\u00f3ximo dia 1\u00ba de fevereiro, mantendo os protocolos de atua\u00e7\u00e3o do ano passado, que permitiram o funcionamento da Casa, com a aprecia\u00e7\u00e3o de todos os projetos da pauta de vota\u00e7\u00f5es.<\/p>\n","protected":false},"author":1,"featured_media":632672,"comment_status":"closed","ping_status":"closed","sticky":false,"template":"","format":"standard","meta":[],"categories":[3],"tags":[1670,794],"acf":[],"yoast_head":"<!-- This site is optimized with the Yoast SEO plugin v20.8 - https:\/\/yoast.com\/wordpress\/plugins\/seo\/ -->\n<title>AL-BA REABRE TRABALHOS DE FORMA H\u00cdBRIDA NO PR\u00d3XIMO 1\u00ba DE FEVEREIRO - Bahia Economica<\/title>\n<meta name=\"description\" content=\"O maior portal de Economia da Bahia ECONOMIA \/ POL\u00cdTICA Bahia Economica\" \/>\n<meta name=\"robots\" content=\"index, follow, max-snippet:-1, max-image-preview:large, max-video-preview:-1\" \/>\n<link rel=\"canonical\" href=\"https:\/\/bahiaeconomica.com.br\/wp\/2022\/01\/19\/al-ba-reabre-trabalhos-de-forma-hibrida-no-proximo-1o-de-fevereiro\/\" \/>\n<meta property=\"og:locale\" content=\"pt_BR\" \/>\n<meta property=\"og:type\" content=\"article\" \/>\n<meta property=\"og:title\" content=\"AL-BA REABRE TRABALHOS DE FORMA H\u00cdBRIDA NO PR\u00d3XIMO 1\u00ba DE FEVEREIRO - Bahia Economica\" \/>\n<meta property=\"og:description\" content=\"O maior portal de Economia da Bahia ECONOMIA \/ POL\u00cdTICA Bahia Economica\" \/>\n<meta property=\"og:url\" content=\"https:\/\/bahiaeconomica.com.br\/wp\/2022\/01\/19\/al-ba-reabre-trabalhos-de-forma-hibrida-no-proximo-1o-de-fevereiro\/\" \/>\n<meta property=\"og:site_name\" content=\"Bahia Economica\" \/>\n<meta property=\"article:publisher\" content=\"https:\/\/www.facebook.com\/bahiaeconomica\" \/>\n<meta property=\"article:published_time\" content=\"2022-01-19T12:35:09+00:00\" \/>\n<meta property=\"og:image\" content=\"https:\/\/bahiaeconomica.com.br\/wp\/wp-content\/uploads\/2022\/01\/IMAGEM_NOTICIA_5-4.jpg\" \/>\n\t<meta property=\"og:image:width\" content=\"380\" \/>\n\t<meta property=\"og:image:height\" content=\"280\" \/>\n\t<meta property=\"og:image:type\" content=\"image\/jpeg\" \/>\n<meta name=\"author\" content=\"admin\" \/>\n<meta name=\"twitter:card\" content=\"summary_large_image\" \/>\n<meta name=\"twitter:label1\" content=\"Escrito por\" \/>\n\t<meta name=\"twitter:data1\" content=\"admin\" \/>\n\t<meta name=\"twitter:label2\" content=\"Est. tempo de leitura\" \/>\n\t<meta name=\"twitter:data2\" content=\"1 minuto\" \/>\n<script type=\"application\/ld+json\" class=\"yoast-schema-graph\">{\"@context\":\"https:\/\/schema.org\",\"@graph\":[{\"@type\":\"Article\",\"@id\":\"https:\/\/bahiaeconomica.com.br\/wp\/2022\/01\/19\/al-ba-reabre-trabalhos-de-forma-hibrida-no-proximo-1o-de-fevereiro\/#article\",\"isPartOf\":{\"@id\":\"https:\/\/bahiaeconomica.com.br\/wp\/2022\/01\/19\/al-ba-reabre-trabalhos-de-forma-hibrida-no-proximo-1o-de-fevereiro\/\"},\"author\":{\"name\":\"admin\",\"@id\":\"https:\/\/bahiaeconomica.com.br\/wp\/#\/schema\/person\/cb1ab5ba96ad3d9390805381c76284ec\"},\"headline\":\"AL-BA REABRE TRABALHOS DE FORMA H\u00cdBRIDA NO PR\u00d3XIMO 1\u00ba DE FEVEREIRO\",\"datePublished\":\"2022-01-19T12:35:09+00:00\",\"dateModified\":\"2022-01-19T12:35:09+00:00\",\"mainEntityOfPage\":{\"@id\":\"https:\/\/bahiaeconomica.com.br\/wp\/2022\/01\/19\/al-ba-reabre-trabalhos-de-forma-hibrida-no-proximo-1o-de-fevereiro\/\"},\"wordCount\":274,\"publisher\":{\"@id\":\"https:\/\/bahiaeconomica.com.br\/wp\/#organization\"},\"keywords\":[\"AL-BA\",\"covid\"],\"articleSection\":[\"ECONOMIA \/ POL\u00cdTICA\"],\"inLanguage\":\"pt-BR\"},{\"@type\":\"WebPage\",\"@id\":\"https:\/\/bahiaeconomica.com.br\/wp\/2022\/01\/19\/al-ba-reabre-trabalhos-de-forma-hibrida-no-proximo-1o-de-fevereiro\/\",\"url\":\"https:\/\/bahiaeconomica.com.br\/wp\/2022\/01\/19\/al-ba-reabre-trabalhos-de-forma-hibrida-no-proximo-1o-de-fevereiro\/\",\"name\":\"AL-BA REABRE TRABALHOS DE FORMA H\u00cdBRIDA NO PR\u00d3XIMO 1\u00ba DE FEVEREIRO - Bahia Economica\",\"isPartOf\":{\"@id\":\"https:\/\/bahiaeconomica.com.br\/wp\/#website\"},\"datePublished\":\"2022-01-19T12:35:09+00:00\",\"dateModified\":\"2022-01-19T12:35:09+00:00\",\"description\":\"O maior portal de Economia da Bahia ECONOMIA \/ POL\u00cdTICA Bahia Economica\",\"breadcrumb\":{\"@id\":\"https:\/\/bahiaeconomica.com.br\/wp\/2022\/01\/19\/al-ba-reabre-trabalhos-de-forma-hibrida-no-proximo-1o-de-fevereiro\/#breadcrumb\"},\"inLanguage\":\"pt-BR\",\"potentialAction\":[{\"@type\":\"ReadAction\",\"target\":[\"https:\/\/bahiaeconomica.com.br\/wp\/2022\/01\/19\/al-ba-reabre-trabalhos-de-forma-hibrida-no-proximo-1o-de-fevereiro\/\"]}]},{\"@type\":\"BreadcrumbList\",\"@id\":\"https:\/\/bahiaeconomica.com.br\/wp\/2022\/01\/19\/al-ba-reabre-trabalhos-de-forma-hibrida-no-proximo-1o-de-fevereiro\/#breadcrumb\",\"itemListElement\":[{\"@type\":\"ListItem\",\"position\":1,\"name\":\"In\u00edcio\",\"item\":\"https:\/\/bahiaeconomica.com.br\/wp\/\"},{\"@type\":\"ListItem\",\"position\":2,\"name\":\"AL-BA REABRE TRABALHOS DE FORMA H\u00cdBRIDA NO PR\u00d3XIMO 1\u00ba DE FEVEREIRO\"}]},{\"@type\":\"WebSite\",\"@id\":\"https:\/\/bahiaeconomica.com.br\/wp\/#website\",\"url\":\"https:\/\/bahiaeconomica.com.br\/wp\/\",\"name\":\"Bahia Economica\",\"description\":\"O maior portal de Economia da Bahia\",\"publisher\":{\"@id\":\"https:\/\/bahiaeconomica.com.br\/wp\/#organization\"},\"potentialAction\":[{\"@type\":\"SearchAction\",\"target\":{\"@type\":\"EntryPoint\",\"urlTemplate\":\"https:\/\/bahiaeconomica.com.br\/wp\/?s={search_term_string}\"},\"query-input\":\"required name=search_term_string\"}],\"inLanguage\":\"pt-BR\"},{\"@type\":\"Organization\",\"@id\":\"https:\/\/bahiaeconomica.com.br\/wp\/#organization\",\"name\":\"Bahia Econ\u00f4mica\",\"url\":\"https:\/\/bahiaeconomica.com.br\/wp\/\",\"logo\":{\"@type\":\"ImageObject\",\"inLanguage\":\"pt-BR\",\"@id\":\"https:\/\/bahiaeconomica.com.br\/wp\/#\/schema\/logo\/image\/\",\"url\":\"https:\/\/bahiaeconomica.com.br\/wp\/wp-content\/uploads\/2020\/12\/cropped-BE.png\",\"contentUrl\":\"https:\/\/bahiaeconomica.com.br\/wp\/wp-content\/uploads\/2020\/12\/cropped-BE.png\",\"width\":512,\"height\":512,\"caption\":\"Bahia Econ\u00f4mica\"},\"image\":{\"@id\":\"https:\/\/bahiaeconomica.com.br\/wp\/#\/schema\/logo\/image\/\"},\"sameAs\":[\"https:\/\/www.facebook.com\/bahiaeconomica\"]},{\"@type\":\"Person\",\"@id\":\"https:\/\/bahiaeconomica.com.br\/wp\/#\/schema\/person\/cb1ab5ba96ad3d9390805381c76284ec\",\"name\":\"admin\",\"url\":\"https:\/\/bahiaeconomica.com.br\/wp\/author\/admin\/\"}]}<\/script>\n<!-- \/ Yoast SEO plugin. -->","yoast_head_json":{"title":"AL-BA REABRE TRABALHOS DE FORMA H\u00cdBRIDA NO PR\u00d3XIMO 1\u00ba DE FEVEREIRO - Bahia Economica","description":"O maior portal de Economia da Bahia ECONOMIA \/ POL\u00cdTICA Bahia Economica","robots":{"index":"index","follow":"follow","max-snippet":"max-snippet:-1","max-image-preview":"max-image-preview:large","max-video-preview":"max-video-preview:-1"},"canonical":"https:\/\/bahiaeconomica.com.br\/wp\/2022\/01\/19\/al-ba-reabre-trabalhos-de-forma-hibrida-no-proximo-1o-de-fevereiro\/","og_locale":"pt_BR","og_type":"article","og_title":"AL-BA REABRE TRABALHOS DE FORMA H\u00cdBRIDA NO PR\u00d3XIMO 1\u00ba DE FEVEREIRO - Bahia Economica","og_description":"O maior portal de Economia da Bahia ECONOMIA \/ POL\u00cdTICA Bahia Economica","og_url":"https:\/\/bahiaeconomica.com.br\/wp\/2022\/01\/19\/al-ba-reabre-trabalhos-de-forma-hibrida-no-proximo-1o-de-fevereiro\/","og_site_name":"Bahia Economica","article_publisher":"https:\/\/www.facebook.com\/bahiaeconomica","article_published_time":"2022-01-19T12:35:09+00:00","og_image":[{"width":380,"height":280,"url":"https:\/\/bahiaeconomica.com.br\/wp\/wp-content\/uploads\/2022\/01\/IMAGEM_NOTICIA_5-4.jpg","type":"image\/jpeg"}],"author":"admin","twitter_card":"summary_large_image","twitter_misc":{"Escrito por":"admin","Est. tempo de leitura":"1 minuto"},"schema":{"@context":"https:\/\/schema.org","@graph":[{"@type":"Article","@id":"https:\/\/bahiaeconomica.com.br\/wp\/2022\/01\/19\/al-ba-reabre-trabalhos-de-forma-hibrida-no-proximo-1o-de-fevereiro\/#article","isPartOf":{"@id":"https:\/\/bahiaeconomica.com.br\/wp\/2022\/01\/19\/al-ba-reabre-trabalhos-de-forma-hibrida-no-proximo-1o-de-fevereiro\/"},"author":{"name":"admin","@id":"https:\/\/bahiaeconomica.com.br\/wp\/#\/schema\/person\/cb1ab5ba96ad3d9390805381c76284ec"},"headline":"AL-BA REABRE TRABALHOS DE FORMA H\u00cdBRIDA NO PR\u00d3XIMO 1\u00ba DE FEVEREIRO","datePublished":"2022-01-19T12:35:09+00:00","dateModified":"2022-01-19T12:35:09+00:00","mainEntityOfPage":{"@id":"https:\/\/bahiaeconomica.com.br\/wp\/2022\/01\/19\/al-ba-reabre-trabalhos-de-forma-hibrida-no-proximo-1o-de-fevereiro\/"},"wordCount":274,"publisher":{"@id":"https:\/\/bahiaeconomica.com.br\/wp\/#organization"},"keywords":["AL-BA","covid"],"articleSection":["ECONOMIA \/ POL\u00cdTICA"],"inLanguage":"pt-BR"},{"@type":"WebPage","@id":"https:\/\/bahiaeconomica.com.br\/wp\/2022\/01\/19\/al-ba-reabre-trabalhos-de-forma-hibrida-no-proximo-1o-de-fevereiro\/","url":"https:\/\/bahiaeconomica.com.br\/wp\/2022\/01\/19\/al-ba-reabre-trabalhos-de-forma-hibrida-no-proximo-1o-de-fevereiro\/","name":"AL-BA REABRE TRABALHOS DE FORMA H\u00cdBRIDA NO PR\u00d3XIMO 1\u00ba DE FEVEREIRO - Bahia Economica","isPartOf":{"@id":"https:\/\/bahiaeconomica.com.br\/wp\/#website"},"datePublished":"2022-01-19T12:35:09+00:00","dateModified":"2022-01-19T12:35:09+00:00","description":"O maior portal de Economia da Bahia ECONOMIA \/ POL\u00cdTICA Bahia Economica","breadcrumb":{"@id":"https:\/\/bahiaeconomica.com.br\/wp\/2022\/01\/19\/al-ba-reabre-trabalhos-de-forma-hibrida-no-proximo-1o-de-fevereiro\/#breadcrumb"},"inLanguage":"pt-BR","potentialAction":[{"@type":"ReadAction","target":["https:\/\/bahiaeconomica.com.br\/wp\/2022\/01\/19\/al-ba-reabre-trabalhos-de-forma-hibrida-no-proximo-1o-de-fevereiro\/"]}]},{"@type":"BreadcrumbList","@id":"https:\/\/bahiaeconomica.com.br\/wp\/2022\/01\/19\/al-ba-reabre-trabalhos-de-forma-hibrida-no-proximo-1o-de-fevereiro\/#breadcrumb","itemListElement":[{"@type":"ListItem","position":1,"name":"In\u00edcio","item":"https:\/\/bahiaeconomica.com.br\/wp\/"},{"@type":"ListItem","position":2,"name":"AL-BA REABRE TRABALHOS DE FORMA H\u00cdBRIDA NO PR\u00d3XIMO 1\u00ba DE FEVEREIRO"}]},{"@type":"WebSite","@id":"https:\/\/bahiaeconomica.com.br\/wp\/#website","url":"https:\/\/bahiaeconomica.com.br\/wp\/","name":"Bahia Economica","description":"O maior portal de Economia da Bahia","publisher":{"@id":"https:\/\/bahiaeconomica.com.br\/wp\/#organization"},"potentialAction":[{"@type":"SearchAction","target":{"@type":"EntryPoint","urlTemplate":"https:\/\/bahiaeconomica.com.br\/wp\/?s={search_term_string}"},"query-input":"required name=search_term_string"}],"inLanguage":"pt-BR"},{"@type":"Organization","@id":"https:\/\/bahiaeconomica.com.br\/wp\/#organization","name":"Bahia Econ\u00f4mica","url":"https:\/\/bahiaeconomica.com.br\/wp\/","logo":{"@type":"ImageObject","inLanguage":"pt-BR","@id":"https:\/\/bahiaeconomica.com.br\/wp\/#\/schema\/logo\/image\/","url":"https:\/\/bahiaeconomica.com.br\/wp\/wp-content\/uploads\/2020\/12\/cropped-BE.png","contentUrl":"https:\/\/bahiaeconomica.com.br\/wp\/wp-content\/uploads\/2020\/12\/cropped-BE.png","width":512,"height":512,"caption":"Bahia Econ\u00f4mica"},"image":{"@id":"https:\/\/bahiaeconomica.com.br\/wp\/#\/schema\/logo\/image\/"},"sameAs":["https:\/\/www.facebook.com\/bahiaeconomica"]},{"@type":"Person","@id":"https:\/\/bahiaeconomica.com.br\/wp\/#\/schema\/person\/cb1ab5ba96ad3d9390805381c76284ec","name":"admin","url":"https:\/\/bahiaeconomica.com.br\/wp\/author\/admin\/"}]}},"views":0,"_links":{"self":[{"href":"https:\/\/bahiaeconomica.com.br\/wp\/wp-json\/wp\/v2\/posts\/632670"}],"collection":[{"href":"https:\/\/bahiaeconomica.com.br\/wp\/wp-json\/wp\/v2\/posts"}],"about":[{"href":"https:\/\/bahiaeconomica.com.br\/wp\/wp-json\/wp\/v2\/types\/post"}],"author":[{"embeddable":true,"href":"https:\/\/bahiaeconomica.com.br\/wp\/wp-json\/wp\/v2\/users\/1"}],"replies":[{"embeddable":true,"href":"https:\/\/bahiaeconomica.com.br\/wp\/wp-json\/wp\/v2\/comments?post=632670"}],"version-history":[{"count":1,"href":"https:\/\/bahiaeconomica.com.br\/wp\/wp-json\/wp\/v2\/posts\/632670\/revisions"}],"predecessor-version":[{"id":632675,"href":"https:\/\/bahiaeconomica.com.br\/wp\/wp-json\/wp\/v2\/posts\/632670\/revisions\/632675"}],"wp:featuredmedia":[{"embeddable":true,"href":"https:\/\/bahiaeconomica.com.br\/wp\/wp-json\/wp\/v2\/media\/632672"}],"wp:attachment":[{"href":"https:\/\/bahiaeconomica.com.br\/wp\/wp-json\/wp\/v2\/media?parent=632670"}],"wp:term":[{"taxonomy":"category","embeddable":true,"href":"https:\/\/bahiaeconomica.com.br\/wp\/wp-json\/wp\/v2\/categories?post=632670"},{"taxonomy":"post_tag","embeddable":true,"href":"https:\/\/bahiaeconomica.com.br\/wp\/wp-json\/wp\/v2\/tags?post=632670"}],"curies":[{"name":"wp","href":"https:\/\/api.w.org\/{rel}","templated":true}]}}