{"id":632400,"date":"2022-01-18T13:00:11","date_gmt":"2022-01-18T16:00:11","guid":{"rendered":"https:\/\/bahiaeconomica.com.br\/wp\/beta\/?p=632400"},"modified":"2022-01-18T13:09:56","modified_gmt":"2022-01-18T16:09:56","slug":"conab-aponta-para-uma-producao-de-557-milhoes-de-sacas-de-cafe-na-safra-neste-ano","status":"publish","type":"post","link":"https:\/\/bahiaeconomica.com.br\/wp\/2022\/01\/18\/conab-aponta-para-uma-producao-de-557-milhoes-de-sacas-de-cafe-na-safra-neste-ano\/","title":{"rendered":"CONAB APONTA PARA UMA PRODU\u00c7\u00c3O DE 55,7 MILH\u00d5ES DE SACAS DE CAF\u00c9 NA SAFRA NESTE ANO"},"content":{"rendered":"<p>Os produtores de caf\u00e9 dever\u00e3o colher a terceira maior safra do gr\u00e3o neste ano. De acordo com o primeiro levantamento da safra do produto em 2022, <!--more-->divulgado nesta ter\u00e7a-feira (18) pela Companhia Nacional de Abastecimento (Conab), a produ\u00e7\u00e3o esperada \u00e9 de 55,7 milh\u00f5es de sacas de 60 quilos. A estimativa, caso confirmada, representa um acr\u00e9scimo de 16,8% em compara\u00e7\u00e3o \u00e0 2021 \u2013 aumento j\u00e1 era esperado devido \u00e0 temporada anterior ser de bienalidade negativa para a cultura. O resultado s\u00f3 n\u00e3o \u00e9 melhor que os desempenhos registrados nos anos de 2020 e 2018, as duas \u00faltimas safras de bienalidade positiva.<\/p>\n<p>A queda na produ\u00e7\u00e3o neste ano, quando comparada com 2020, \u00e9 reflexo das condi\u00e7\u00f5es clim\u00e1ticas adversas registradas principalmente entre os meses de julho e agosto em 2021. A estiagem e as geadas ocorridas com maior intensidade nos estados de Minas Gerais, S\u00e3o Paulo e Paran\u00e1, impactaram nas condi\u00e7\u00f5es fisiol\u00f3gicas dos cafezais. Com isso, as produtividades, em especial da esp\u00e9cie ar\u00e1bica, n\u00e3o dever\u00e3o manifestar seu pleno potencial produtivo. Ainda assim, a produ\u00e7\u00e3o para esta variedade de caf\u00e9 dever\u00e1 ser acrescida em 23,4% em rela\u00e7\u00e3o \u00e0 safra anterior, sendo estimada em 38,7 milh\u00f5es sacas.<\/p>\n<p>J\u00e1 para o conilon, a expectativa \u00e9 de um novo recorde com a colheita podendo chegar pr\u00f3xima a 17 milh\u00f5es sacas. O aumento de 4,1% em rela\u00e7\u00e3o \u00e0 safra anterior combina a eleva\u00e7\u00e3o da \u00e1rea plantada estimada em 3%, passando de 375,2 mil hectares para 389,1 mil ha, e uma ligeira melhora na produtividade de 0,4%, saindo de 43,4 sacas colhidas por hectare cultivado para 43,6 sc\/ha.<\/p>\n<p>\u00c1rea \u2013 A \u00e1rea destinada \u00e0 cafeicultura, quando consideradas as duas variedades, totaliza 2,23 milh\u00f5es de hectares, representando acr\u00e9scimo de 1,7% sobre o ciclo anterior. Considerando apenas as lavouras em produ\u00e7\u00e3o, o \u00edndice fica pr\u00f3ximo da estabilidade e soma 1,824 milh\u00e3o de hectares, em rela\u00e7\u00e3o ao per\u00edodo anterior. Em contrapartida, a \u00e1rea de forma\u00e7\u00e3o dever\u00e1 ter acr\u00e9scimo de 6,4%, alcan\u00e7ando 416,7 mil hectares.<\/p>\n<p>Se compararmos com 2020, \u00faltimo ano de bienalidade positiva, o crescimento para as \u00e1reas que n\u00e3o registram produ\u00e7\u00e3o chega a ser de 50%. \u201cEsse elevado aumento da \u00e1rea em forma\u00e7\u00e3o mostra os efeitos das condi\u00e7\u00f5es clim\u00e1ticas adversas registradas no ano passado. A estiagem e as baixas temperaturas exigiram um manejo de poda mais intenso, conduzindo uma \u00e1rea significativa de caf\u00e9 para produ\u00e7\u00e3o somente na safra 2023 ou 2024.\u201d, ressalta o diretor de Pol\u00edtica Agr\u00edcola e Informa\u00e7\u00f5es da Companhia, Sergio De Zen.<\/p>\n<p>Mercado \u2013 O cen\u00e1rio neste in\u00edcio de ano \u00e9 de restri\u00e7\u00e3o da oferta de caf\u00e9 no mercado interno, influenciado pela redu\u00e7\u00e3o na produ\u00e7\u00e3o em 2021, demanda exportadora aquecida e pelo per\u00edodo de entressafra. Mesmo com a maior produ\u00e7\u00e3o estimada no pa\u00eds em 2022, a tend\u00eancia \u00e9 que os pre\u00e7os do produto se mantenham pressionados, uma vez que \u00e9 esperada uma redu\u00e7\u00e3o nos estoques mundiais de caf\u00e9 para o ciclo 2021\/22. Este panorama de pre\u00e7os elevados estimula as vendas externas.<\/p>\n<p>Apenas em 2021, o Brasil exportou cerca de 42,4 milh\u00f5es de sacas de 60 quilos de caf\u00e9 verde, o que representa um recuo de 3,3% em rela\u00e7\u00e3o ao volume exportado no ano anterior, mas um aumento na receita de 15,3%, chegando a US$ 6,4 bilh\u00f5es. Vale lembrar que em 2020 o pa\u00eds registrou o recorde de vendas ao mercado externo, favorecida naquele ano pela maior produ\u00e7\u00e3o j\u00e1 registrada no Brasil. Al\u00e9m disso, mesmo com a redu\u00e7\u00e3o registrada nos embarques entre 2020 e 2021, a quantidade exportada no ano passado \u00e9 14,3% maior que a exporta\u00e7\u00e3o m\u00e9dia dos cinco anos anteriores.<\/p>\n<p>&nbsp;<\/p>\n<p>Foto: Marcelo Camargo\/Ag\u00eancia Brasil<\/p>\n","protected":false},"excerpt":{"rendered":"<p>Os produtores de caf\u00e9 dever\u00e3o colher a terceira maior safra do gr\u00e3o neste ano. De acordo com o primeiro levantamento da safra do produto em 2022,<\/p>\n","protected":false},"author":1,"featured_media":589560,"comment_status":"closed","ping_status":"closed","sticky":false,"template":"","format":"standard","meta":[],"categories":[3],"tags":[1387,3105],"acf":[],"yoast_head":"<!-- This site is optimized with the Yoast SEO plugin v20.8 - https:\/\/yoast.com\/wordpress\/plugins\/seo\/ -->\n<title>CONAB APONTA PARA UMA PRODU\u00c7\u00c3O DE 55,7 MILH\u00d5ES DE SACAS DE CAF\u00c9 NA SAFRA NESTE ANO - Bahia Economica<\/title>\n<meta name=\"description\" content=\"O maior portal de Economia da Bahia ECONOMIA \/ POL\u00cdTICA Bahia Economica\" \/>\n<meta name=\"robots\" content=\"index, follow, max-snippet:-1, max-image-preview:large, max-video-preview:-1\" \/>\n<link rel=\"canonical\" href=\"https:\/\/bahiaeconomica.com.br\/wp\/2022\/01\/18\/conab-aponta-para-uma-producao-de-557-milhoes-de-sacas-de-cafe-na-safra-neste-ano\/\" \/>\n<meta property=\"og:locale\" content=\"pt_BR\" \/>\n<meta property=\"og:type\" content=\"article\" \/>\n<meta property=\"og:title\" content=\"CONAB APONTA PARA UMA PRODU\u00c7\u00c3O DE 55,7 MILH\u00d5ES DE SACAS DE CAF\u00c9 NA SAFRA NESTE ANO - Bahia Economica\" \/>\n<meta property=\"og:description\" content=\"O maior portal de Economia da Bahia ECONOMIA \/ POL\u00cdTICA Bahia Economica\" \/>\n<meta property=\"og:url\" content=\"https:\/\/bahiaeconomica.com.br\/wp\/2022\/01\/18\/conab-aponta-para-uma-producao-de-557-milhoes-de-sacas-de-cafe-na-safra-neste-ano\/\" \/>\n<meta property=\"og:site_name\" content=\"Bahia Economica\" \/>\n<meta property=\"article:publisher\" content=\"https:\/\/www.facebook.com\/bahiaeconomica\" \/>\n<meta property=\"article:published_time\" content=\"2022-01-18T16:00:11+00:00\" \/>\n<meta property=\"article:modified_time\" content=\"2022-01-18T16:09:56+00:00\" \/>\n<meta property=\"og:image\" content=\"https:\/\/bahiaeconomica.com.br\/wp\/wp-content\/uploads\/2021\/08\/Foto-Camila-Souza_GOVBA-2-cafe.jpeg\" \/>\n\t<meta property=\"og:image:width\" content=\"500\" \/>\n\t<meta property=\"og:image:height\" content=\"333\" \/>\n\t<meta property=\"og:image:type\" content=\"image\/jpeg\" \/>\n<meta name=\"author\" content=\"admin\" \/>\n<meta name=\"twitter:card\" content=\"summary_large_image\" \/>\n<meta name=\"twitter:label1\" content=\"Escrito por\" \/>\n\t<meta name=\"twitter:data1\" content=\"admin\" \/>\n\t<meta name=\"twitter:label2\" content=\"Est. tempo de leitura\" \/>\n\t<meta name=\"twitter:data2\" content=\"3 minutos\" \/>\n<script type=\"application\/ld+json\" class=\"yoast-schema-graph\">{\"@context\":\"https:\/\/schema.org\",\"@graph\":[{\"@type\":\"Article\",\"@id\":\"https:\/\/bahiaeconomica.com.br\/wp\/2022\/01\/18\/conab-aponta-para-uma-producao-de-557-milhoes-de-sacas-de-cafe-na-safra-neste-ano\/#article\",\"isPartOf\":{\"@id\":\"https:\/\/bahiaeconomica.com.br\/wp\/2022\/01\/18\/conab-aponta-para-uma-producao-de-557-milhoes-de-sacas-de-cafe-na-safra-neste-ano\/\"},\"author\":{\"name\":\"admin\",\"@id\":\"https:\/\/bahiaeconomica.com.br\/wp\/#\/schema\/person\/cb1ab5ba96ad3d9390805381c76284ec\"},\"headline\":\"CONAB APONTA PARA UMA PRODU\u00c7\u00c3O DE 55,7 MILH\u00d5ES DE SACAS DE CAF\u00c9 NA SAFRA NESTE ANO\",\"datePublished\":\"2022-01-18T16:00:11+00:00\",\"dateModified\":\"2022-01-18T16:09:56+00:00\",\"mainEntityOfPage\":{\"@id\":\"https:\/\/bahiaeconomica.com.br\/wp\/2022\/01\/18\/conab-aponta-para-uma-producao-de-557-milhoes-de-sacas-de-cafe-na-safra-neste-ano\/\"},\"wordCount\":614,\"publisher\":{\"@id\":\"https:\/\/bahiaeconomica.com.br\/wp\/#organization\"},\"keywords\":[\"caf\u00e9\",\"produ\u00e7\u00e3o. brasil\"],\"articleSection\":[\"ECONOMIA \/ POL\u00cdTICA\"],\"inLanguage\":\"pt-BR\"},{\"@type\":\"WebPage\",\"@id\":\"https:\/\/bahiaeconomica.com.br\/wp\/2022\/01\/18\/conab-aponta-para-uma-producao-de-557-milhoes-de-sacas-de-cafe-na-safra-neste-ano\/\",\"url\":\"https:\/\/bahiaeconomica.com.br\/wp\/2022\/01\/18\/conab-aponta-para-uma-producao-de-557-milhoes-de-sacas-de-cafe-na-safra-neste-ano\/\",\"name\":\"CONAB APONTA PARA UMA PRODU\u00c7\u00c3O DE 55,7 MILH\u00d5ES DE SACAS DE CAF\u00c9 NA SAFRA NESTE ANO - Bahia Economica\",\"isPartOf\":{\"@id\":\"https:\/\/bahiaeconomica.com.br\/wp\/#website\"},\"datePublished\":\"2022-01-18T16:00:11+00:00\",\"dateModified\":\"2022-01-18T16:09:56+00:00\",\"description\":\"O maior portal de Economia da Bahia ECONOMIA \/ POL\u00cdTICA Bahia Economica\",\"breadcrumb\":{\"@id\":\"https:\/\/bahiaeconomica.com.br\/wp\/2022\/01\/18\/conab-aponta-para-uma-producao-de-557-milhoes-de-sacas-de-cafe-na-safra-neste-ano\/#breadcrumb\"},\"inLanguage\":\"pt-BR\",\"potentialAction\":[{\"@type\":\"ReadAction\",\"target\":[\"https:\/\/bahiaeconomica.com.br\/wp\/2022\/01\/18\/conab-aponta-para-uma-producao-de-557-milhoes-de-sacas-de-cafe-na-safra-neste-ano\/\"]}]},{\"@type\":\"BreadcrumbList\",\"@id\":\"https:\/\/bahiaeconomica.com.br\/wp\/2022\/01\/18\/conab-aponta-para-uma-producao-de-557-milhoes-de-sacas-de-cafe-na-safra-neste-ano\/#breadcrumb\",\"itemListElement\":[{\"@type\":\"ListItem\",\"position\":1,\"name\":\"In\u00edcio\",\"item\":\"https:\/\/bahiaeconomica.com.br\/wp\/\"},{\"@type\":\"ListItem\",\"position\":2,\"name\":\"CONAB APONTA PARA UMA PRODU\u00c7\u00c3O DE 55,7 MILH\u00d5ES DE SACAS DE CAF\u00c9 NA SAFRA NESTE ANO\"}]},{\"@type\":\"WebSite\",\"@id\":\"https:\/\/bahiaeconomica.com.br\/wp\/#website\",\"url\":\"https:\/\/bahiaeconomica.com.br\/wp\/\",\"name\":\"Bahia Economica\",\"description\":\"O maior portal de Economia da Bahia\",\"publisher\":{\"@id\":\"https:\/\/bahiaeconomica.com.br\/wp\/#organization\"},\"potentialAction\":[{\"@type\":\"SearchAction\",\"target\":{\"@type\":\"EntryPoint\",\"urlTemplate\":\"https:\/\/bahiaeconomica.com.br\/wp\/?s={search_term_string}\"},\"query-input\":\"required name=search_term_string\"}],\"inLanguage\":\"pt-BR\"},{\"@type\":\"Organization\",\"@id\":\"https:\/\/bahiaeconomica.com.br\/wp\/#organization\",\"name\":\"Bahia Econ\u00f4mica\",\"url\":\"https:\/\/bahiaeconomica.com.br\/wp\/\",\"logo\":{\"@type\":\"ImageObject\",\"inLanguage\":\"pt-BR\",\"@id\":\"https:\/\/bahiaeconomica.com.br\/wp\/#\/schema\/logo\/image\/\",\"url\":\"https:\/\/bahiaeconomica.com.br\/wp\/wp-content\/uploads\/2020\/12\/cropped-BE.png\",\"contentUrl\":\"https:\/\/bahiaeconomica.com.br\/wp\/wp-content\/uploads\/2020\/12\/cropped-BE.png\",\"width\":512,\"height\":512,\"caption\":\"Bahia Econ\u00f4mica\"},\"image\":{\"@id\":\"https:\/\/bahiaeconomica.com.br\/wp\/#\/schema\/logo\/image\/\"},\"sameAs\":[\"https:\/\/www.facebook.com\/bahiaeconomica\"]},{\"@type\":\"Person\",\"@id\":\"https:\/\/bahiaeconomica.com.br\/wp\/#\/schema\/person\/cb1ab5ba96ad3d9390805381c76284ec\",\"name\":\"admin\",\"url\":\"https:\/\/bahiaeconomica.com.br\/wp\/author\/admin\/\"}]}<\/script>\n<!-- \/ Yoast SEO plugin. -->","yoast_head_json":{"title":"CONAB APONTA PARA UMA PRODU\u00c7\u00c3O DE 55,7 MILH\u00d5ES DE SACAS DE CAF\u00c9 NA SAFRA NESTE ANO - Bahia Economica","description":"O maior portal de Economia da Bahia ECONOMIA \/ POL\u00cdTICA Bahia Economica","robots":{"index":"index","follow":"follow","max-snippet":"max-snippet:-1","max-image-preview":"max-image-preview:large","max-video-preview":"max-video-preview:-1"},"canonical":"https:\/\/bahiaeconomica.com.br\/wp\/2022\/01\/18\/conab-aponta-para-uma-producao-de-557-milhoes-de-sacas-de-cafe-na-safra-neste-ano\/","og_locale":"pt_BR","og_type":"article","og_title":"CONAB APONTA PARA UMA PRODU\u00c7\u00c3O DE 55,7 MILH\u00d5ES DE SACAS DE CAF\u00c9 NA SAFRA NESTE ANO - Bahia Economica","og_description":"O maior portal de Economia da Bahia ECONOMIA \/ POL\u00cdTICA Bahia Economica","og_url":"https:\/\/bahiaeconomica.com.br\/wp\/2022\/01\/18\/conab-aponta-para-uma-producao-de-557-milhoes-de-sacas-de-cafe-na-safra-neste-ano\/","og_site_name":"Bahia Economica","article_publisher":"https:\/\/www.facebook.com\/bahiaeconomica","article_published_time":"2022-01-18T16:00:11+00:00","article_modified_time":"2022-01-18T16:09:56+00:00","og_image":[{"width":500,"height":333,"url":"https:\/\/bahiaeconomica.com.br\/wp\/wp-content\/uploads\/2021\/08\/Foto-Camila-Souza_GOVBA-2-cafe.jpeg","type":"image\/jpeg"}],"author":"admin","twitter_card":"summary_large_image","twitter_misc":{"Escrito por":"admin","Est. tempo de leitura":"3 minutos"},"schema":{"@context":"https:\/\/schema.org","@graph":[{"@type":"Article","@id":"https:\/\/bahiaeconomica.com.br\/wp\/2022\/01\/18\/conab-aponta-para-uma-producao-de-557-milhoes-de-sacas-de-cafe-na-safra-neste-ano\/#article","isPartOf":{"@id":"https:\/\/bahiaeconomica.com.br\/wp\/2022\/01\/18\/conab-aponta-para-uma-producao-de-557-milhoes-de-sacas-de-cafe-na-safra-neste-ano\/"},"author":{"name":"admin","@id":"https:\/\/bahiaeconomica.com.br\/wp\/#\/schema\/person\/cb1ab5ba96ad3d9390805381c76284ec"},"headline":"CONAB APONTA PARA UMA PRODU\u00c7\u00c3O DE 55,7 MILH\u00d5ES DE SACAS DE CAF\u00c9 NA SAFRA NESTE ANO","datePublished":"2022-01-18T16:00:11+00:00","dateModified":"2022-01-18T16:09:56+00:00","mainEntityOfPage":{"@id":"https:\/\/bahiaeconomica.com.br\/wp\/2022\/01\/18\/conab-aponta-para-uma-producao-de-557-milhoes-de-sacas-de-cafe-na-safra-neste-ano\/"},"wordCount":614,"publisher":{"@id":"https:\/\/bahiaeconomica.com.br\/wp\/#organization"},"keywords":["caf\u00e9","produ\u00e7\u00e3o. brasil"],"articleSection":["ECONOMIA \/ POL\u00cdTICA"],"inLanguage":"pt-BR"},{"@type":"WebPage","@id":"https:\/\/bahiaeconomica.com.br\/wp\/2022\/01\/18\/conab-aponta-para-uma-producao-de-557-milhoes-de-sacas-de-cafe-na-safra-neste-ano\/","url":"https:\/\/bahiaeconomica.com.br\/wp\/2022\/01\/18\/conab-aponta-para-uma-producao-de-557-milhoes-de-sacas-de-cafe-na-safra-neste-ano\/","name":"CONAB APONTA PARA UMA PRODU\u00c7\u00c3O DE 55,7 MILH\u00d5ES DE SACAS DE CAF\u00c9 NA SAFRA NESTE ANO - Bahia Economica","isPartOf":{"@id":"https:\/\/bahiaeconomica.com.br\/wp\/#website"},"datePublished":"2022-01-18T16:00:11+00:00","dateModified":"2022-01-18T16:09:56+00:00","description":"O maior portal de Economia da Bahia ECONOMIA \/ POL\u00cdTICA Bahia Economica","breadcrumb":{"@id":"https:\/\/bahiaeconomica.com.br\/wp\/2022\/01\/18\/conab-aponta-para-uma-producao-de-557-milhoes-de-sacas-de-cafe-na-safra-neste-ano\/#breadcrumb"},"inLanguage":"pt-BR","potentialAction":[{"@type":"ReadAction","target":["https:\/\/bahiaeconomica.com.br\/wp\/2022\/01\/18\/conab-aponta-para-uma-producao-de-557-milhoes-de-sacas-de-cafe-na-safra-neste-ano\/"]}]},{"@type":"BreadcrumbList","@id":"https:\/\/bahiaeconomica.com.br\/wp\/2022\/01\/18\/conab-aponta-para-uma-producao-de-557-milhoes-de-sacas-de-cafe-na-safra-neste-ano\/#breadcrumb","itemListElement":[{"@type":"ListItem","position":1,"name":"In\u00edcio","item":"https:\/\/bahiaeconomica.com.br\/wp\/"},{"@type":"ListItem","position":2,"name":"CONAB APONTA PARA UMA PRODU\u00c7\u00c3O DE 55,7 MILH\u00d5ES DE SACAS DE CAF\u00c9 NA SAFRA NESTE ANO"}]},{"@type":"WebSite","@id":"https:\/\/bahiaeconomica.com.br\/wp\/#website","url":"https:\/\/bahiaeconomica.com.br\/wp\/","name":"Bahia Economica","description":"O maior portal de Economia da Bahia","publisher":{"@id":"https:\/\/bahiaeconomica.com.br\/wp\/#organization"},"potentialAction":[{"@type":"SearchAction","target":{"@type":"EntryPoint","urlTemplate":"https:\/\/bahiaeconomica.com.br\/wp\/?s={search_term_string}"},"query-input":"required name=search_term_string"}],"inLanguage":"pt-BR"},{"@type":"Organization","@id":"https:\/\/bahiaeconomica.com.br\/wp\/#organization","name":"Bahia Econ\u00f4mica","url":"https:\/\/bahiaeconomica.com.br\/wp\/","logo":{"@type":"ImageObject","inLanguage":"pt-BR","@id":"https:\/\/bahiaeconomica.com.br\/wp\/#\/schema\/logo\/image\/","url":"https:\/\/bahiaeconomica.com.br\/wp\/wp-content\/uploads\/2020\/12\/cropped-BE.png","contentUrl":"https:\/\/bahiaeconomica.com.br\/wp\/wp-content\/uploads\/2020\/12\/cropped-BE.png","width":512,"height":512,"caption":"Bahia Econ\u00f4mica"},"image":{"@id":"https:\/\/bahiaeconomica.com.br\/wp\/#\/schema\/logo\/image\/"},"sameAs":["https:\/\/www.facebook.com\/bahiaeconomica"]},{"@type":"Person","@id":"https:\/\/bahiaeconomica.com.br\/wp\/#\/schema\/person\/cb1ab5ba96ad3d9390805381c76284ec","name":"admin","url":"https:\/\/bahiaeconomica.com.br\/wp\/author\/admin\/"}]}},"views":0,"_links":{"self":[{"href":"https:\/\/bahiaeconomica.com.br\/wp\/wp-json\/wp\/v2\/posts\/632400"}],"collection":[{"href":"https:\/\/bahiaeconomica.com.br\/wp\/wp-json\/wp\/v2\/posts"}],"about":[{"href":"https:\/\/bahiaeconomica.com.br\/wp\/wp-json\/wp\/v2\/types\/post"}],"author":[{"embeddable":true,"href":"https:\/\/bahiaeconomica.com.br\/wp\/wp-json\/wp\/v2\/users\/1"}],"replies":[{"embeddable":true,"href":"https:\/\/bahiaeconomica.com.br\/wp\/wp-json\/wp\/v2\/comments?post=632400"}],"version-history":[{"count":1,"href":"https:\/\/bahiaeconomica.com.br\/wp\/wp-json\/wp\/v2\/posts\/632400\/revisions"}],"predecessor-version":[{"id":632402,"href":"https:\/\/bahiaeconomica.com.br\/wp\/wp-json\/wp\/v2\/posts\/632400\/revisions\/632402"}],"wp:featuredmedia":[{"embeddable":true,"href":"https:\/\/bahiaeconomica.com.br\/wp\/wp-json\/wp\/v2\/media\/589560"}],"wp:attachment":[{"href":"https:\/\/bahiaeconomica.com.br\/wp\/wp-json\/wp\/v2\/media?parent=632400"}],"wp:term":[{"taxonomy":"category","embeddable":true,"href":"https:\/\/bahiaeconomica.com.br\/wp\/wp-json\/wp\/v2\/categories?post=632400"},{"taxonomy":"post_tag","embeddable":true,"href":"https:\/\/bahiaeconomica.com.br\/wp\/wp-json\/wp\/v2\/tags?post=632400"}],"curies":[{"name":"wp","href":"https:\/\/api.w.org\/{rel}","templated":true}]}}