{"id":632038,"date":"2022-01-17T11:09:54","date_gmt":"2022-01-17T14:09:54","guid":{"rendered":"https:\/\/bahiaeconomica.com.br\/wp\/beta\/?p=632038"},"modified":"2022-01-17T11:09:54","modified_gmt":"2022-01-17T14:09:54","slug":"vice-de-bruno-reis-e-cotada-para-assumir-secretaria-da-saude-de-salvador","status":"publish","type":"post","link":"https:\/\/bahiaeconomica.com.br\/wp\/2022\/01\/17\/vice-de-bruno-reis-e-cotada-para-assumir-secretaria-da-saude-de-salvador\/","title":{"rendered":"VICE DE BRUNO REIS \u00c9 COTADA PARA ASSUMIR SECRETARIA DA SA\u00daDE DE SALVADOR"},"content":{"rendered":"<p>Futura cadeira vacante por causa da desincompatibiliza\u00e7\u00e3o de L\u00e9o Prates (PDT) do cargo para concorrer a deputado federal no pleito deste ano, a vaga de secret\u00e1rio da Sa\u00fade da<!--more--> prefeitura de Salvador tem movimentado os arranjos internos da base governista de Bruno Reis (DEM). A vice-prefeita da capital e secret\u00e1ria de Governo, Ana Paula Matos (PDT), surgiu como novo nome posto na mesa para assumir o fun\u00e7\u00e3o.<\/p>\n<p>Pelo apurado, a medida n\u00e3o partiu da pr\u00f3pria Ana Paula e muito menos de Prates, mas do presidente nacional do PDT, Carlos Lupi. Ele cogitou o nome da vice e defende a indica\u00e7\u00e3o de um pedetista. Lupi enxerga nela um quadro para catapultar o partido no futuro do maior col\u00e9gio eleitoral baiano.<\/p>\n<p>O movimento vai de encontro daquilo articulado por Prates. Ele deseja que seu o subsecret\u00e1rio da Sa\u00fade, D\u00e9cio Martins Mendes Filho, pessoa da sua inteira confian\u00e7a, fique em seu lugar. O BNews, em novembro do ano passado, ventilou os nomes cotados, a \u00e9poca, para o posto, mas um novo desenho tem sido rabiscado no Pal\u00e1cio Thom\u00e9 de Souza.<\/p>\n<p>Naquela ocasi\u00e3o, o presidente do PDT, F\u00e9lix Mendon\u00e7a J\u00fanior, reiterou: a indica\u00e7\u00e3o parte do PDT. \u201cEssa indica\u00e7\u00e3o n\u00e3o foi do partido, porque Leo Prates j\u00e1 estava na secretaria quando se filiou ao PDT. Se o prefeito nos chamar, podemos indicar, sim. Temos quadros diversos e qualificados no PDT\u201d, afirmou ano passado quando o assunto passou a esquentar. Algumas pessoas pr\u00f3ximas de Ana Paula n\u00e3o confirmam, neste momento, a migra\u00e7\u00e3o de posto, mas n\u00e3o descartaram a possibilidade, uma vez que o convite parta da articula\u00e7\u00e3o de Bruno Reis junto aos caciques do PDT.<\/p>\n<p>Ana chegou ser ventilada como poss\u00edvel candidata a deputada federal no pleito deste ano, mas o assunto \u00e9 tratado como p\u00e1gina virada. Ela mesmo negou a pretens\u00e3o. Apesar de ter assumido a linha de frente das articula\u00e7\u00f5es pol\u00edticas e administrativas ao lado de Reis no Pal\u00e1cio, tem gostado do trabalho e pretende, nos pr\u00f3ximos anos, continuar com essa atribui\u00e7\u00e3o. Caso assuma a Sa\u00fade, teria embutido neste cen\u00e1rio uma perspectiva crescimento pol\u00edtico no futuro, dada a visibilidade da fun\u00e7\u00e3o.<\/p>\n<p>Foto: divulga\u00e7\u00e3o<\/p>\n","protected":false},"excerpt":{"rendered":"<p>Futura cadeira vacante por causa da desincompatibiliza\u00e7\u00e3o de L\u00e9o Prates (PDT) do cargo para concorrer a deputado federal no pleito deste ano, a vaga de secret\u00e1rio da Sa\u00fade da<\/p>\n","protected":false},"author":1,"featured_media":609120,"comment_status":"closed","ping_status":"closed","sticky":false,"template":"","format":"standard","meta":[],"categories":[3],"tags":[52,166,1204,1899],"acf":[],"yoast_head":"<!-- This site is optimized with the Yoast SEO plugin v20.8 - https:\/\/yoast.com\/wordpress\/plugins\/seo\/ -->\n<title>VICE DE BRUNO REIS \u00c9 COTADA PARA ASSUMIR SECRETARIA DA SA\u00daDE DE SALVADOR - Bahia Economica<\/title>\n<meta name=\"description\" content=\"O maior portal de Economia da Bahia ECONOMIA \/ POL\u00cdTICA Bahia Economica\" \/>\n<meta name=\"robots\" content=\"index, follow, max-snippet:-1, max-image-preview:large, max-video-preview:-1\" \/>\n<link rel=\"canonical\" href=\"https:\/\/bahiaeconomica.com.br\/wp\/2022\/01\/17\/vice-de-bruno-reis-e-cotada-para-assumir-secretaria-da-saude-de-salvador\/\" \/>\n<meta property=\"og:locale\" content=\"pt_BR\" \/>\n<meta property=\"og:type\" content=\"article\" \/>\n<meta property=\"og:title\" content=\"VICE DE BRUNO REIS \u00c9 COTADA PARA ASSUMIR SECRETARIA DA SA\u00daDE DE SALVADOR - Bahia Economica\" \/>\n<meta property=\"og:description\" content=\"O maior portal de Economia da Bahia ECONOMIA \/ POL\u00cdTICA Bahia Economica\" \/>\n<meta property=\"og:url\" content=\"https:\/\/bahiaeconomica.com.br\/wp\/2022\/01\/17\/vice-de-bruno-reis-e-cotada-para-assumir-secretaria-da-saude-de-salvador\/\" \/>\n<meta property=\"og:site_name\" content=\"Bahia Economica\" \/>\n<meta property=\"article:publisher\" content=\"https:\/\/www.facebook.com\/bahiaeconomica\" \/>\n<meta property=\"article:published_time\" content=\"2022-01-17T14:09:54+00:00\" \/>\n<meta property=\"og:image\" content=\"https:\/\/bahiaeconomica.com.br\/wp\/wp-content\/uploads\/2021\/10\/750_empregos-salvador-parceria-ana-paula-viceprefeita_2021101491340185-foto-Adam-Vidal.jpg\" \/>\n\t<meta property=\"og:image:width\" content=\"500\" \/>\n\t<meta property=\"og:image:height\" content=\"300\" \/>\n\t<meta property=\"og:image:type\" content=\"image\/jpeg\" \/>\n<meta name=\"author\" content=\"admin\" \/>\n<meta name=\"twitter:card\" content=\"summary_large_image\" \/>\n<meta name=\"twitter:label1\" content=\"Escrito por\" \/>\n\t<meta name=\"twitter:data1\" content=\"admin\" \/>\n\t<meta name=\"twitter:label2\" content=\"Est. tempo de leitura\" \/>\n\t<meta name=\"twitter:data2\" content=\"2 minutos\" \/>\n<script type=\"application\/ld+json\" class=\"yoast-schema-graph\">{\"@context\":\"https:\/\/schema.org\",\"@graph\":[{\"@type\":\"Article\",\"@id\":\"https:\/\/bahiaeconomica.com.br\/wp\/2022\/01\/17\/vice-de-bruno-reis-e-cotada-para-assumir-secretaria-da-saude-de-salvador\/#article\",\"isPartOf\":{\"@id\":\"https:\/\/bahiaeconomica.com.br\/wp\/2022\/01\/17\/vice-de-bruno-reis-e-cotada-para-assumir-secretaria-da-saude-de-salvador\/\"},\"author\":{\"name\":\"admin\",\"@id\":\"https:\/\/bahiaeconomica.com.br\/wp\/#\/schema\/person\/cb1ab5ba96ad3d9390805381c76284ec\"},\"headline\":\"VICE DE BRUNO REIS \u00c9 COTADA PARA ASSUMIR SECRETARIA DA SA\u00daDE DE SALVADOR\",\"datePublished\":\"2022-01-17T14:09:54+00:00\",\"dateModified\":\"2022-01-17T14:09:54+00:00\",\"mainEntityOfPage\":{\"@id\":\"https:\/\/bahiaeconomica.com.br\/wp\/2022\/01\/17\/vice-de-bruno-reis-e-cotada-para-assumir-secretaria-da-saude-de-salvador\/\"},\"wordCount\":401,\"publisher\":{\"@id\":\"https:\/\/bahiaeconomica.com.br\/wp\/#organization\"},\"keywords\":[\"Brasil\",\"Bruno Reis\",\"prefeita\",\"vice\"],\"articleSection\":[\"ECONOMIA \/ POL\u00cdTICA\"],\"inLanguage\":\"pt-BR\"},{\"@type\":\"WebPage\",\"@id\":\"https:\/\/bahiaeconomica.com.br\/wp\/2022\/01\/17\/vice-de-bruno-reis-e-cotada-para-assumir-secretaria-da-saude-de-salvador\/\",\"url\":\"https:\/\/bahiaeconomica.com.br\/wp\/2022\/01\/17\/vice-de-bruno-reis-e-cotada-para-assumir-secretaria-da-saude-de-salvador\/\",\"name\":\"VICE DE BRUNO REIS \u00c9 COTADA PARA ASSUMIR SECRETARIA DA SA\u00daDE DE SALVADOR - Bahia Economica\",\"isPartOf\":{\"@id\":\"https:\/\/bahiaeconomica.com.br\/wp\/#website\"},\"datePublished\":\"2022-01-17T14:09:54+00:00\",\"dateModified\":\"2022-01-17T14:09:54+00:00\",\"description\":\"O maior portal de Economia da Bahia ECONOMIA \/ POL\u00cdTICA Bahia Economica\",\"breadcrumb\":{\"@id\":\"https:\/\/bahiaeconomica.com.br\/wp\/2022\/01\/17\/vice-de-bruno-reis-e-cotada-para-assumir-secretaria-da-saude-de-salvador\/#breadcrumb\"},\"inLanguage\":\"pt-BR\",\"potentialAction\":[{\"@type\":\"ReadAction\",\"target\":[\"https:\/\/bahiaeconomica.com.br\/wp\/2022\/01\/17\/vice-de-bruno-reis-e-cotada-para-assumir-secretaria-da-saude-de-salvador\/\"]}]},{\"@type\":\"BreadcrumbList\",\"@id\":\"https:\/\/bahiaeconomica.com.br\/wp\/2022\/01\/17\/vice-de-bruno-reis-e-cotada-para-assumir-secretaria-da-saude-de-salvador\/#breadcrumb\",\"itemListElement\":[{\"@type\":\"ListItem\",\"position\":1,\"name\":\"In\u00edcio\",\"item\":\"https:\/\/bahiaeconomica.com.br\/wp\/\"},{\"@type\":\"ListItem\",\"position\":2,\"name\":\"VICE DE BRUNO REIS \u00c9 COTADA PARA ASSUMIR SECRETARIA DA SA\u00daDE DE SALVADOR\"}]},{\"@type\":\"WebSite\",\"@id\":\"https:\/\/bahiaeconomica.com.br\/wp\/#website\",\"url\":\"https:\/\/bahiaeconomica.com.br\/wp\/\",\"name\":\"Bahia Economica\",\"description\":\"O maior portal de Economia da Bahia\",\"publisher\":{\"@id\":\"https:\/\/bahiaeconomica.com.br\/wp\/#organization\"},\"potentialAction\":[{\"@type\":\"SearchAction\",\"target\":{\"@type\":\"EntryPoint\",\"urlTemplate\":\"https:\/\/bahiaeconomica.com.br\/wp\/?s={search_term_string}\"},\"query-input\":\"required name=search_term_string\"}],\"inLanguage\":\"pt-BR\"},{\"@type\":\"Organization\",\"@id\":\"https:\/\/bahiaeconomica.com.br\/wp\/#organization\",\"name\":\"Bahia Econ\u00f4mica\",\"url\":\"https:\/\/bahiaeconomica.com.br\/wp\/\",\"logo\":{\"@type\":\"ImageObject\",\"inLanguage\":\"pt-BR\",\"@id\":\"https:\/\/bahiaeconomica.com.br\/wp\/#\/schema\/logo\/image\/\",\"url\":\"https:\/\/bahiaeconomica.com.br\/wp\/wp-content\/uploads\/2020\/12\/cropped-BE.png\",\"contentUrl\":\"https:\/\/bahiaeconomica.com.br\/wp\/wp-content\/uploads\/2020\/12\/cropped-BE.png\",\"width\":512,\"height\":512,\"caption\":\"Bahia Econ\u00f4mica\"},\"image\":{\"@id\":\"https:\/\/bahiaeconomica.com.br\/wp\/#\/schema\/logo\/image\/\"},\"sameAs\":[\"https:\/\/www.facebook.com\/bahiaeconomica\"]},{\"@type\":\"Person\",\"@id\":\"https:\/\/bahiaeconomica.com.br\/wp\/#\/schema\/person\/cb1ab5ba96ad3d9390805381c76284ec\",\"name\":\"admin\",\"url\":\"https:\/\/bahiaeconomica.com.br\/wp\/author\/admin\/\"}]}<\/script>\n<!-- \/ Yoast SEO plugin. -->","yoast_head_json":{"title":"VICE DE BRUNO REIS \u00c9 COTADA PARA ASSUMIR SECRETARIA DA SA\u00daDE DE SALVADOR - Bahia Economica","description":"O maior portal de Economia da Bahia ECONOMIA \/ POL\u00cdTICA Bahia Economica","robots":{"index":"index","follow":"follow","max-snippet":"max-snippet:-1","max-image-preview":"max-image-preview:large","max-video-preview":"max-video-preview:-1"},"canonical":"https:\/\/bahiaeconomica.com.br\/wp\/2022\/01\/17\/vice-de-bruno-reis-e-cotada-para-assumir-secretaria-da-saude-de-salvador\/","og_locale":"pt_BR","og_type":"article","og_title":"VICE DE BRUNO REIS \u00c9 COTADA PARA ASSUMIR SECRETARIA DA SA\u00daDE DE SALVADOR - Bahia Economica","og_description":"O maior portal de Economia da Bahia ECONOMIA \/ POL\u00cdTICA Bahia Economica","og_url":"https:\/\/bahiaeconomica.com.br\/wp\/2022\/01\/17\/vice-de-bruno-reis-e-cotada-para-assumir-secretaria-da-saude-de-salvador\/","og_site_name":"Bahia Economica","article_publisher":"https:\/\/www.facebook.com\/bahiaeconomica","article_published_time":"2022-01-17T14:09:54+00:00","og_image":[{"width":500,"height":300,"url":"https:\/\/bahiaeconomica.com.br\/wp\/wp-content\/uploads\/2021\/10\/750_empregos-salvador-parceria-ana-paula-viceprefeita_2021101491340185-foto-Adam-Vidal.jpg","type":"image\/jpeg"}],"author":"admin","twitter_card":"summary_large_image","twitter_misc":{"Escrito por":"admin","Est. tempo de leitura":"2 minutos"},"schema":{"@context":"https:\/\/schema.org","@graph":[{"@type":"Article","@id":"https:\/\/bahiaeconomica.com.br\/wp\/2022\/01\/17\/vice-de-bruno-reis-e-cotada-para-assumir-secretaria-da-saude-de-salvador\/#article","isPartOf":{"@id":"https:\/\/bahiaeconomica.com.br\/wp\/2022\/01\/17\/vice-de-bruno-reis-e-cotada-para-assumir-secretaria-da-saude-de-salvador\/"},"author":{"name":"admin","@id":"https:\/\/bahiaeconomica.com.br\/wp\/#\/schema\/person\/cb1ab5ba96ad3d9390805381c76284ec"},"headline":"VICE DE BRUNO REIS \u00c9 COTADA PARA ASSUMIR SECRETARIA DA SA\u00daDE DE SALVADOR","datePublished":"2022-01-17T14:09:54+00:00","dateModified":"2022-01-17T14:09:54+00:00","mainEntityOfPage":{"@id":"https:\/\/bahiaeconomica.com.br\/wp\/2022\/01\/17\/vice-de-bruno-reis-e-cotada-para-assumir-secretaria-da-saude-de-salvador\/"},"wordCount":401,"publisher":{"@id":"https:\/\/bahiaeconomica.com.br\/wp\/#organization"},"keywords":["Brasil","Bruno Reis","prefeita","vice"],"articleSection":["ECONOMIA \/ POL\u00cdTICA"],"inLanguage":"pt-BR"},{"@type":"WebPage","@id":"https:\/\/bahiaeconomica.com.br\/wp\/2022\/01\/17\/vice-de-bruno-reis-e-cotada-para-assumir-secretaria-da-saude-de-salvador\/","url":"https:\/\/bahiaeconomica.com.br\/wp\/2022\/01\/17\/vice-de-bruno-reis-e-cotada-para-assumir-secretaria-da-saude-de-salvador\/","name":"VICE DE BRUNO REIS \u00c9 COTADA PARA ASSUMIR SECRETARIA DA SA\u00daDE DE SALVADOR - Bahia Economica","isPartOf":{"@id":"https:\/\/bahiaeconomica.com.br\/wp\/#website"},"datePublished":"2022-01-17T14:09:54+00:00","dateModified":"2022-01-17T14:09:54+00:00","description":"O maior portal de Economia da Bahia ECONOMIA \/ POL\u00cdTICA Bahia Economica","breadcrumb":{"@id":"https:\/\/bahiaeconomica.com.br\/wp\/2022\/01\/17\/vice-de-bruno-reis-e-cotada-para-assumir-secretaria-da-saude-de-salvador\/#breadcrumb"},"inLanguage":"pt-BR","potentialAction":[{"@type":"ReadAction","target":["https:\/\/bahiaeconomica.com.br\/wp\/2022\/01\/17\/vice-de-bruno-reis-e-cotada-para-assumir-secretaria-da-saude-de-salvador\/"]}]},{"@type":"BreadcrumbList","@id":"https:\/\/bahiaeconomica.com.br\/wp\/2022\/01\/17\/vice-de-bruno-reis-e-cotada-para-assumir-secretaria-da-saude-de-salvador\/#breadcrumb","itemListElement":[{"@type":"ListItem","position":1,"name":"In\u00edcio","item":"https:\/\/bahiaeconomica.com.br\/wp\/"},{"@type":"ListItem","position":2,"name":"VICE DE BRUNO REIS \u00c9 COTADA PARA ASSUMIR SECRETARIA DA SA\u00daDE DE SALVADOR"}]},{"@type":"WebSite","@id":"https:\/\/bahiaeconomica.com.br\/wp\/#website","url":"https:\/\/bahiaeconomica.com.br\/wp\/","name":"Bahia Economica","description":"O maior portal de Economia da Bahia","publisher":{"@id":"https:\/\/bahiaeconomica.com.br\/wp\/#organization"},"potentialAction":[{"@type":"SearchAction","target":{"@type":"EntryPoint","urlTemplate":"https:\/\/bahiaeconomica.com.br\/wp\/?s={search_term_string}"},"query-input":"required name=search_term_string"}],"inLanguage":"pt-BR"},{"@type":"Organization","@id":"https:\/\/bahiaeconomica.com.br\/wp\/#organization","name":"Bahia Econ\u00f4mica","url":"https:\/\/bahiaeconomica.com.br\/wp\/","logo":{"@type":"ImageObject","inLanguage":"pt-BR","@id":"https:\/\/bahiaeconomica.com.br\/wp\/#\/schema\/logo\/image\/","url":"https:\/\/bahiaeconomica.com.br\/wp\/wp-content\/uploads\/2020\/12\/cropped-BE.png","contentUrl":"https:\/\/bahiaeconomica.com.br\/wp\/wp-content\/uploads\/2020\/12\/cropped-BE.png","width":512,"height":512,"caption":"Bahia Econ\u00f4mica"},"image":{"@id":"https:\/\/bahiaeconomica.com.br\/wp\/#\/schema\/logo\/image\/"},"sameAs":["https:\/\/www.facebook.com\/bahiaeconomica"]},{"@type":"Person","@id":"https:\/\/bahiaeconomica.com.br\/wp\/#\/schema\/person\/cb1ab5ba96ad3d9390805381c76284ec","name":"admin","url":"https:\/\/bahiaeconomica.com.br\/wp\/author\/admin\/"}]}},"views":1,"_links":{"self":[{"href":"https:\/\/bahiaeconomica.com.br\/wp\/wp-json\/wp\/v2\/posts\/632038"}],"collection":[{"href":"https:\/\/bahiaeconomica.com.br\/wp\/wp-json\/wp\/v2\/posts"}],"about":[{"href":"https:\/\/bahiaeconomica.com.br\/wp\/wp-json\/wp\/v2\/types\/post"}],"author":[{"embeddable":true,"href":"https:\/\/bahiaeconomica.com.br\/wp\/wp-json\/wp\/v2\/users\/1"}],"replies":[{"embeddable":true,"href":"https:\/\/bahiaeconomica.com.br\/wp\/wp-json\/wp\/v2\/comments?post=632038"}],"version-history":[{"count":1,"href":"https:\/\/bahiaeconomica.com.br\/wp\/wp-json\/wp\/v2\/posts\/632038\/revisions"}],"predecessor-version":[{"id":632040,"href":"https:\/\/bahiaeconomica.com.br\/wp\/wp-json\/wp\/v2\/posts\/632038\/revisions\/632040"}],"wp:featuredmedia":[{"embeddable":true,"href":"https:\/\/bahiaeconomica.com.br\/wp\/wp-json\/wp\/v2\/media\/609120"}],"wp:attachment":[{"href":"https:\/\/bahiaeconomica.com.br\/wp\/wp-json\/wp\/v2\/media?parent=632038"}],"wp:term":[{"taxonomy":"category","embeddable":true,"href":"https:\/\/bahiaeconomica.com.br\/wp\/wp-json\/wp\/v2\/categories?post=632038"},{"taxonomy":"post_tag","embeddable":true,"href":"https:\/\/bahiaeconomica.com.br\/wp\/wp-json\/wp\/v2\/tags?post=632038"}],"curies":[{"name":"wp","href":"https:\/\/api.w.org\/{rel}","templated":true}]}}