{"id":631834,"date":"2022-01-15T07:50:56","date_gmt":"2022-01-15T10:50:56","guid":{"rendered":"https:\/\/bahiaeconomica.com.br\/wp\/beta\/?p=631834"},"modified":"2022-01-15T07:50:56","modified_gmt":"2022-01-15T10:50:56","slug":"confira-a-programacao-da-imunizacao-contra-covid-19-neste-sabado-15-em-salvador","status":"publish","type":"post","link":"https:\/\/bahiaeconomica.com.br\/wp\/2022\/01\/15\/confira-a-programacao-da-imunizacao-contra-covid-19-neste-sabado-15-em-salvador\/","title":{"rendered":"CONFIRA A PROGRAMA\u00c7\u00c3O DA IMUNIZA\u00c7\u00c3O CONTRA COVID-19 NESTE S\u00c1BADO (15) EM SALVADOR"},"content":{"rendered":"<p>Os pontos de imuniza\u00e7\u00e3o espalhados por toda a cidade dar\u00e3o continuidade neste s\u00e1bado (15) \u00e0 vacina\u00e7\u00e3o contra a Covid-19, das 08 \u00e0s 16 horas. A estrat\u00e9gia acontece <!--more-->com a aplica\u00e7\u00e3o da 1\u00aa, 2\u00aa e 3\u00aa dose apenas para as pessoas que estiverem com o nome na lista da Secretaria Municipal da Sa\u00fade dispon\u00edvel no site: sa\u00fade.salvador.ba.gov.br.<\/p>\n<p>A 1\u00aa dose ser\u00e1 ofertada para adolescentes e adultos com idade igual ou superior a 12 anos; adolescentes com comorbidades; gestantes e pu\u00e9peras com 12 anos ou mais com nome na lista dispon\u00edvel no site da SMS.<\/p>\n<p>Poder\u00e3o tomar a 2\u00aa dose os indiv\u00edduos com nome na lista enquadrados nos seguintes aprazamentos: PFIZER e OXFORD at\u00e9 o dia 10\/02\/2022, e CORONAVAC at\u00e9 14\/01\/2022. A 2\u00aa dose da Janssen (dose de refor\u00e7o) ser\u00e1 apenas para aquelas pessoas com nome na lista e que tomaram a primeira dose\/dose \u00fanica da Janssen at\u00e9 a o dia 14\/11\/2021.<\/p>\n<p>A 3\u00aa dose estar\u00e1 dispon\u00edvel para os imunossuprimidos que tomaram a 2\u00aa dose at\u00e9 15\/12\/2021 e para indiv\u00edduos com 18 anos ou mais que tomaram a 2\u00aa dose at\u00e9 o dia 16\/09\/2021. Todos devem estar, obrigatoriamente, com o nome na lista da SMS.<\/p>\n<p>A 3\u00aa dose para Gestantes e Pu\u00e9rperas ser\u00e1 ofertada para quem est\u00e1 com nome na lista e tomou a segunda dose at\u00e9 16\/08\/2021, ou seja, a partir de 5 meses do recebimento da segunda dose de acordo com nova orienta\u00e7\u00e3o do Minist\u00e9rio da Sa\u00fade (NT 65\/2021).<\/p>\n<p>Os servi\u00e7os do Vacina Express e Hora Marcada estar\u00e3o funcionando normalmente para quem fez o agendamento pr\u00e9vio.<\/p>\n<p>A VACINA\u00c7\u00c3O DA GRIPE ESTAR\u00c1 SUSPENSA NESTE S\u00c1BADO (15)<\/p>\n<p>VOLUNT\u00c1RIOS DE PESQUISAS E ESTUDOS<\/p>\n<p>Para recebimento da 3\u00aa dose, os volunt\u00e1rios de pesquisas e estudos dever\u00e3o apresentar os documentos citados acima al\u00e9m de declara\u00e7\u00e3o do Instituto de pesquisa indicando que est\u00e3o liberados para 3\u00aa dose sem preju\u00edzo do prosseguimento do estudo\/pesquisa.<\/p>\n<p>DEMAIS DOCUMENTOS PARA MENORES DE IDADE E GESTANTES<\/p>\n<p>Vale salientar que os menores de 18 anos dever\u00e3o ser acompanhados pelos pais ou outro respons\u00e1vel de maior de idade durante o ato da vacina\u00e7\u00e3o. Para comprova\u00e7\u00e3o da responsabilidade, o pai ou a m\u00e3e devem apresentar documento de identifica\u00e7\u00e3o original com foto no momento da imuniza\u00e7\u00e3o. No caso de outro respons\u00e1vel maior de idade, al\u00e9m do documento de identifica\u00e7\u00e3o com foto, ser\u00e1 necess\u00e1rio apresentar ainda uma declara\u00e7\u00e3o de responsabilidade que pode ser feita manualmente.<\/p>\n<p>As gestantes devem apresentar obrigatoriamente c\u00f3pia impressa da prescri\u00e7\u00e3o m\u00e9dica, j\u00e1 as pu\u00e9rperas, al\u00e9m da prescri\u00e7\u00e3o m\u00e9dica, uma c\u00f3pia tamb\u00e9m da certid\u00e3o de nascimento do beb\u00ea ou Declara\u00e7\u00e3o dos Nascidos Vivos.<\/p>\n<p>&nbsp;<\/p>\n<p>CONFIRA OS PONTOS DE VACINA\u00c7\u00c3O COVID (TODOS DE 08 \u00c0S 16H):<\/p>\n<p>1\u00aa dose: repescagem para pessoas com 12 anos ou mais sem comorbidades com nome na lista da SMS<\/p>\n<p>Drive-Thru: Atakad\u00e3o Atakarejo (Fazenda Coutos) e Vila Militar (Dendezeiros)<\/p>\n<p>Pontos Fixos: USF Resgate, USF Ant\u00f4nio Ribeiro Neiva (Arraial do Retiro), USF Eduardo Mamede (Mussurunga), USF Jardim das Margaridas, Esta\u00e7\u00e3o Mussurunga, UBS S\u00e3o Crist\u00f3v\u00e3o, USF Cajazeiras X, USF Joanes Leste, USF Tubar\u00e3o, USF Teot\u00f4nio Vilela II, USF Vale do Matatu, USF Santa Luzia, USF Imbu\u00ed, USF Jo\u00e3o Roma (Jardim Nova Esperan\u00e7a), Ramiro de Azevedo (Campo da P\u00f3lvora), USF San Martim I, USF San Martim III, USF Boa Vista de S\u00e3o Caetano e USF Piraj\u00e1.<\/p>\n<p>Adolescentes de 12 a 17 anos com comorbidades; gestantes e pu\u00e9rperas de 12 a 17 anos ou mais com nomes na lista da SMS<\/p>\n<p>Drive-Thru: Atakad\u00e3o Atakarejo (Fazenda Coutos) e Vila Militar (Dendezeiros)<\/p>\n<p>Pontos Fixos: USF Resgate, USF Ant\u00f4nio Ribeiro Neiva (Arraial do Retiro), USF Eduardo Mamede (Mussurunga), USF Jardim das Margaridas, Esta\u00e7\u00e3o Mussurunga, UBS S\u00e3o Crist\u00f3v\u00e3o, USF Cajazeiras X, USF Joanes Leste, USF Tubar\u00e3o, USF Teot\u00f4nio Vilela II, USF Vale do Matatu, USF Santa Luzia, USF Imbu\u00ed, USF Jo\u00e3o Roma (Jardim Nova Esperan\u00e7a), Ramiro de Azevedo (Campo da P\u00f3lvora), USF San Martim I, USF San Martim III, USF Boa Vista de S\u00e3o Caetano e USF Piraj\u00e1.<\/p>\n<p>2\u00aa dose: OXFORD (aprazados at\u00e9 10\/02\/2022 com nome na lista da SMS)<\/p>\n<p>Drive-Thru: Shopping Bela Vista (9 \u00e0s 16h) e Unijorge Paralela.<\/p>\n<p>Pontos Fixos: USF Plataforma, Nelson Piauhy Dourado (\u00c1guas Claras), UBS M\u00e1rio Andrea (Sete Portas), USF Aristides Maltez, USF Menino Joel (Nordeste de Amaralina), Marechal Rondon, USF Pitua\u00e7u e USF Terreiro de Jesus.<\/p>\n<p>2\u00aa dose CORONAVAC (aprazados at\u00e9 14\/01\/2022 com nome na lista da SMS)<\/p>\n<p>Drive-Thru: Shopping Bela Vista (9 \u00e0s 16h) e Unijorge Paralela.<\/p>\n<p>Pontos Fixos: USF Plataforma, Nelson Piauhy Dourado (\u00c1guas Claras), UBS M\u00e1rio Andrea (Sete Portas), USF Aristides Maltez, USF Menino Joel (Nordeste de Amaralina), Marechal Rondon, USF Pitua\u00e7u e USF Terreiro de Jesus.<\/p>\n<p>2\u00aa PFIZER (aprazados at\u00e9 10\/02\/2022 com nome na lista da SMS)<\/p>\n<p>Drive-Thru: Atakad\u00e3o Atakarejo (Fazenda Coutos) e Vila Militar (Dendezeiros)<\/p>\n<p>Pontos Fixos: USF Resgate, USF Ant\u00f4nio Ribeiro Neiva (Arraial do Retiro), USF Eduardo Mamede (Mussurunga), USF Jardim das Margaridas, Esta\u00e7\u00e3o Mussurunga, UBS S\u00e3o Crist\u00f3v\u00e3o, USF Cajazeiras X, USF Joanes Leste, USF Tubar\u00e3o, USF Teot\u00f4nio Vilela II, USF Vale do Matatu, USF Santa Luzia, USF Imbu\u00ed, USF Jo\u00e3o Roma (Jardim Nova Esperan\u00e7a), Ramiro de Azevedo (Campo da P\u00f3lvora), USF San Martim I, USF San Martim III, USF Boa Vista de S\u00e3o Caetano e USF Piraj\u00e1.<\/p>\n<p>Dose de refor\u00e7o JANSSEN (pessoas que tomaram a 1\u00aa dose da JANSSEN at\u00e9 14\/11\/2021 com nome na lista da SMS)<\/p>\n<p>Drive-Thru: Shopping Bela Vista (9 \u00e0s 16h) e Unijorge Paralela<\/p>\n<p>Pontos Fixos: USF Terreiro de Jesus, USF Alto de Coutos II, USF Vista Alegre, USF Itapu\u00e3, UBS Marechal Rondon, Nelson Piauhy Dourado (\u00c1guas Claras) e USF Pitua\u00e7u.<\/p>\n<p>3\u00aa dose pacientes imunossuprimidos que tomaram a 2\u00aa dose at\u00e9 15\/12\/2021 com nome na lista da SMS<\/p>\n<p>Drive-Thru: Atakad\u00e3o Atakarejo (Fazenda Coutos) e Vila Militar (Dendezeiros)<\/p>\n<p>Pontos Fixos: USF Resgate, USF Ant\u00f4nio Ribeiro Neiva (Arraial do Retiro), USF Eduardo Mamede (Mussurunga), USF Jardim das Margaridas, Esta\u00e7\u00e3o Mussurunga, UBS S\u00e3o Crist\u00f3v\u00e3o, USF Cajazeiras X, USF Joanes Leste, USF Tubar\u00e3o, USF Teot\u00f4nio Vilela II, USF Vale do Matatu, USF Santa Luzia, USF Imbu\u00ed, USF Jo\u00e3o Roma (Jardim Nova Esperan\u00e7a), Ramiro de Azevedo (Campo da P\u00f3lvora), USF San Martim I, USF San Martim III, USF Boa Vista de S\u00e3o Caetano e USF Piraj\u00e1.<\/p>\n<p>3\u00aa dose pessoas com 18 anos ou mais que tomaram a 2\u00aa dose at\u00e9 16\/09\/2021 com nome na lista da SMS<\/p>\n<p>Drive-Thru: Atakad\u00e3o Atakarejo (Fazenda Coutos) e Vila Militar (Dendezeiros)<\/p>\n<p>Pontos Fixos: USF Resgate, USF Ant\u00f4nio Ribeiro Neiva (Arraial do Retiro), USF Eduardo Mamede (Mussurunga), USF Jardim das Margaridas, Esta\u00e7\u00e3o Mussurunga, UBS S\u00e3o Crist\u00f3v\u00e3o, USF Cajazeiras X, USF Joanes Leste, USF Tubar\u00e3o, USF Teot\u00f4nio Vilela II, USF Vale do Matatu, USF Santa Luzia, USF Imbu\u00ed, USF Jo\u00e3o Roma (Jardim Nova Esperan\u00e7a), Ramiro de Azevedo (Campo da P\u00f3lvora), USF San Martim I, USF San Martim III, USF Boa Vista de S\u00e3o Caetano e USF Piraj\u00e1.<\/p>\n<p>3\u00aa dose de Gestantes e Pu\u00e9rperas que tomaram a 2\u00aa dose at\u00e9 16\/08\/2021 com nome na Lista da SMS<\/p>\n<p>Drive-Thru: Atakad\u00e3o Atakarejo (Fazenda Coutos) e Vila Militar (Dendezeiros)<\/p>\n<p>Pontos Fixos: USF Resgate, USF Ant\u00f4nio Ribeiro Neiva (Arraial do Retiro), USF Eduardo Mamede (Mussurunga), USF Jardim das Margaridas, Esta\u00e7\u00e3o Mussurunga, UBS S\u00e3o Crist\u00f3v\u00e3o, USF Cajazeiras X, USF Joanes Leste, USF Tubar\u00e3o, USF Teot\u00f4nio Vilela II, USF Vale do Matatu, USF Santa Luzia, USF Imbu\u00ed, USF Jo\u00e3o Roma (Jardim Nova Esperan\u00e7a), Ramiro de Azevedo (Campo da P\u00f3lvora), USF San Martim I, USF San Martim III, USF Boa Vista de S\u00e3o Caetano e USF Piraj\u00e1.<\/p>\n","protected":false},"excerpt":{"rendered":"<p>Os pontos de imuniza\u00e7\u00e3o espalhados por toda a cidade dar\u00e3o continuidade neste s\u00e1bado (15) \u00e0 vacina\u00e7\u00e3o contra a Covid-19, das 08 \u00e0s 16 horas. A estrat\u00e9gia acontece<\/p>\n","protected":false},"author":1,"featured_media":629579,"comment_status":"closed","ping_status":"closed","sticky":false,"template":"","format":"standard","meta":[],"categories":[3],"tags":[73,528],"acf":[],"yoast_head":"<!-- This site is optimized with the Yoast SEO plugin v20.8 - https:\/\/yoast.com\/wordpress\/plugins\/seo\/ -->\n<title>CONFIRA A PROGRAMA\u00c7\u00c3O DA IMUNIZA\u00c7\u00c3O CONTRA COVID-19 NESTE S\u00c1BADO (15) EM SALVADOR - Bahia Economica<\/title>\n<meta name=\"description\" content=\"O maior portal de Economia da Bahia ECONOMIA \/ POL\u00cdTICA Bahia Economica\" \/>\n<meta name=\"robots\" content=\"index, follow, max-snippet:-1, max-image-preview:large, max-video-preview:-1\" \/>\n<link rel=\"canonical\" href=\"https:\/\/bahiaeconomica.com.br\/wp\/2022\/01\/15\/confira-a-programacao-da-imunizacao-contra-covid-19-neste-sabado-15-em-salvador\/\" \/>\n<meta property=\"og:locale\" content=\"pt_BR\" \/>\n<meta property=\"og:type\" content=\"article\" \/>\n<meta property=\"og:title\" content=\"CONFIRA A PROGRAMA\u00c7\u00c3O DA IMUNIZA\u00c7\u00c3O CONTRA COVID-19 NESTE S\u00c1BADO (15) EM SALVADOR - Bahia Economica\" \/>\n<meta property=\"og:description\" content=\"O maior portal de Economia da Bahia ECONOMIA \/ POL\u00cdTICA Bahia Economica\" \/>\n<meta property=\"og:url\" content=\"https:\/\/bahiaeconomica.com.br\/wp\/2022\/01\/15\/confira-a-programacao-da-imunizacao-contra-covid-19-neste-sabado-15-em-salvador\/\" \/>\n<meta property=\"og:site_name\" content=\"Bahia Economica\" \/>\n<meta property=\"article:publisher\" content=\"https:\/\/www.facebook.com\/bahiaeconomica\" \/>\n<meta property=\"article:published_time\" content=\"2022-01-15T10:50:56+00:00\" \/>\n<meta property=\"og:image\" content=\"https:\/\/bahiaeconomica.com.br\/wp\/wp-content\/uploads\/2022\/01\/lugar_vacina_braco_trabalhadores_industria_b.jpg\" \/>\n\t<meta property=\"og:image:width\" content=\"500\" \/>\n\t<meta property=\"og:image:height\" content=\"300\" \/>\n\t<meta property=\"og:image:type\" content=\"image\/jpeg\" \/>\n<meta name=\"author\" content=\"admin\" \/>\n<meta name=\"twitter:card\" content=\"summary_large_image\" \/>\n<meta name=\"twitter:label1\" content=\"Escrito por\" \/>\n\t<meta name=\"twitter:data1\" content=\"admin\" \/>\n\t<meta name=\"twitter:label2\" content=\"Est. tempo de leitura\" \/>\n\t<meta name=\"twitter:data2\" content=\"6 minutos\" \/>\n<script type=\"application\/ld+json\" class=\"yoast-schema-graph\">{\"@context\":\"https:\/\/schema.org\",\"@graph\":[{\"@type\":\"Article\",\"@id\":\"https:\/\/bahiaeconomica.com.br\/wp\/2022\/01\/15\/confira-a-programacao-da-imunizacao-contra-covid-19-neste-sabado-15-em-salvador\/#article\",\"isPartOf\":{\"@id\":\"https:\/\/bahiaeconomica.com.br\/wp\/2022\/01\/15\/confira-a-programacao-da-imunizacao-contra-covid-19-neste-sabado-15-em-salvador\/\"},\"author\":{\"name\":\"admin\",\"@id\":\"https:\/\/bahiaeconomica.com.br\/wp\/#\/schema\/person\/cb1ab5ba96ad3d9390805381c76284ec\"},\"headline\":\"CONFIRA A PROGRAMA\u00c7\u00c3O DA IMUNIZA\u00c7\u00c3O CONTRA COVID-19 NESTE S\u00c1BADO (15) EM SALVADOR\",\"datePublished\":\"2022-01-15T10:50:56+00:00\",\"dateModified\":\"2022-01-15T10:50:56+00:00\",\"mainEntityOfPage\":{\"@id\":\"https:\/\/bahiaeconomica.com.br\/wp\/2022\/01\/15\/confira-a-programacao-da-imunizacao-contra-covid-19-neste-sabado-15-em-salvador\/\"},\"wordCount\":1304,\"publisher\":{\"@id\":\"https:\/\/bahiaeconomica.com.br\/wp\/#organization\"},\"keywords\":[\"Salvador\",\"Vacina\"],\"articleSection\":[\"ECONOMIA \/ POL\u00cdTICA\"],\"inLanguage\":\"pt-BR\"},{\"@type\":\"WebPage\",\"@id\":\"https:\/\/bahiaeconomica.com.br\/wp\/2022\/01\/15\/confira-a-programacao-da-imunizacao-contra-covid-19-neste-sabado-15-em-salvador\/\",\"url\":\"https:\/\/bahiaeconomica.com.br\/wp\/2022\/01\/15\/confira-a-programacao-da-imunizacao-contra-covid-19-neste-sabado-15-em-salvador\/\",\"name\":\"CONFIRA A PROGRAMA\u00c7\u00c3O DA IMUNIZA\u00c7\u00c3O CONTRA COVID-19 NESTE S\u00c1BADO (15) EM SALVADOR - Bahia Economica\",\"isPartOf\":{\"@id\":\"https:\/\/bahiaeconomica.com.br\/wp\/#website\"},\"datePublished\":\"2022-01-15T10:50:56+00:00\",\"dateModified\":\"2022-01-15T10:50:56+00:00\",\"description\":\"O maior portal de Economia da Bahia ECONOMIA \/ POL\u00cdTICA Bahia Economica\",\"breadcrumb\":{\"@id\":\"https:\/\/bahiaeconomica.com.br\/wp\/2022\/01\/15\/confira-a-programacao-da-imunizacao-contra-covid-19-neste-sabado-15-em-salvador\/#breadcrumb\"},\"inLanguage\":\"pt-BR\",\"potentialAction\":[{\"@type\":\"ReadAction\",\"target\":[\"https:\/\/bahiaeconomica.com.br\/wp\/2022\/01\/15\/confira-a-programacao-da-imunizacao-contra-covid-19-neste-sabado-15-em-salvador\/\"]}]},{\"@type\":\"BreadcrumbList\",\"@id\":\"https:\/\/bahiaeconomica.com.br\/wp\/2022\/01\/15\/confira-a-programacao-da-imunizacao-contra-covid-19-neste-sabado-15-em-salvador\/#breadcrumb\",\"itemListElement\":[{\"@type\":\"ListItem\",\"position\":1,\"name\":\"In\u00edcio\",\"item\":\"https:\/\/bahiaeconomica.com.br\/wp\/\"},{\"@type\":\"ListItem\",\"position\":2,\"name\":\"CONFIRA A PROGRAMA\u00c7\u00c3O DA IMUNIZA\u00c7\u00c3O CONTRA COVID-19 NESTE S\u00c1BADO (15) EM SALVADOR\"}]},{\"@type\":\"WebSite\",\"@id\":\"https:\/\/bahiaeconomica.com.br\/wp\/#website\",\"url\":\"https:\/\/bahiaeconomica.com.br\/wp\/\",\"name\":\"Bahia Economica\",\"description\":\"O maior portal de Economia da Bahia\",\"publisher\":{\"@id\":\"https:\/\/bahiaeconomica.com.br\/wp\/#organization\"},\"potentialAction\":[{\"@type\":\"SearchAction\",\"target\":{\"@type\":\"EntryPoint\",\"urlTemplate\":\"https:\/\/bahiaeconomica.com.br\/wp\/?s={search_term_string}\"},\"query-input\":\"required name=search_term_string\"}],\"inLanguage\":\"pt-BR\"},{\"@type\":\"Organization\",\"@id\":\"https:\/\/bahiaeconomica.com.br\/wp\/#organization\",\"name\":\"Bahia Econ\u00f4mica\",\"url\":\"https:\/\/bahiaeconomica.com.br\/wp\/\",\"logo\":{\"@type\":\"ImageObject\",\"inLanguage\":\"pt-BR\",\"@id\":\"https:\/\/bahiaeconomica.com.br\/wp\/#\/schema\/logo\/image\/\",\"url\":\"https:\/\/bahiaeconomica.com.br\/wp\/wp-content\/uploads\/2020\/12\/cropped-BE.png\",\"contentUrl\":\"https:\/\/bahiaeconomica.com.br\/wp\/wp-content\/uploads\/2020\/12\/cropped-BE.png\",\"width\":512,\"height\":512,\"caption\":\"Bahia Econ\u00f4mica\"},\"image\":{\"@id\":\"https:\/\/bahiaeconomica.com.br\/wp\/#\/schema\/logo\/image\/\"},\"sameAs\":[\"https:\/\/www.facebook.com\/bahiaeconomica\"]},{\"@type\":\"Person\",\"@id\":\"https:\/\/bahiaeconomica.com.br\/wp\/#\/schema\/person\/cb1ab5ba96ad3d9390805381c76284ec\",\"name\":\"admin\",\"url\":\"https:\/\/bahiaeconomica.com.br\/wp\/author\/admin\/\"}]}<\/script>\n<!-- \/ Yoast SEO plugin. -->","yoast_head_json":{"title":"CONFIRA A PROGRAMA\u00c7\u00c3O DA IMUNIZA\u00c7\u00c3O CONTRA COVID-19 NESTE S\u00c1BADO (15) EM SALVADOR - Bahia Economica","description":"O maior portal de Economia da Bahia ECONOMIA \/ POL\u00cdTICA Bahia Economica","robots":{"index":"index","follow":"follow","max-snippet":"max-snippet:-1","max-image-preview":"max-image-preview:large","max-video-preview":"max-video-preview:-1"},"canonical":"https:\/\/bahiaeconomica.com.br\/wp\/2022\/01\/15\/confira-a-programacao-da-imunizacao-contra-covid-19-neste-sabado-15-em-salvador\/","og_locale":"pt_BR","og_type":"article","og_title":"CONFIRA A PROGRAMA\u00c7\u00c3O DA IMUNIZA\u00c7\u00c3O CONTRA COVID-19 NESTE S\u00c1BADO (15) EM SALVADOR - Bahia Economica","og_description":"O maior portal de Economia da Bahia ECONOMIA \/ POL\u00cdTICA Bahia Economica","og_url":"https:\/\/bahiaeconomica.com.br\/wp\/2022\/01\/15\/confira-a-programacao-da-imunizacao-contra-covid-19-neste-sabado-15-em-salvador\/","og_site_name":"Bahia Economica","article_publisher":"https:\/\/www.facebook.com\/bahiaeconomica","article_published_time":"2022-01-15T10:50:56+00:00","og_image":[{"width":500,"height":300,"url":"https:\/\/bahiaeconomica.com.br\/wp\/wp-content\/uploads\/2022\/01\/lugar_vacina_braco_trabalhadores_industria_b.jpg","type":"image\/jpeg"}],"author":"admin","twitter_card":"summary_large_image","twitter_misc":{"Escrito por":"admin","Est. tempo de leitura":"6 minutos"},"schema":{"@context":"https:\/\/schema.org","@graph":[{"@type":"Article","@id":"https:\/\/bahiaeconomica.com.br\/wp\/2022\/01\/15\/confira-a-programacao-da-imunizacao-contra-covid-19-neste-sabado-15-em-salvador\/#article","isPartOf":{"@id":"https:\/\/bahiaeconomica.com.br\/wp\/2022\/01\/15\/confira-a-programacao-da-imunizacao-contra-covid-19-neste-sabado-15-em-salvador\/"},"author":{"name":"admin","@id":"https:\/\/bahiaeconomica.com.br\/wp\/#\/schema\/person\/cb1ab5ba96ad3d9390805381c76284ec"},"headline":"CONFIRA A PROGRAMA\u00c7\u00c3O DA IMUNIZA\u00c7\u00c3O CONTRA COVID-19 NESTE S\u00c1BADO (15) EM SALVADOR","datePublished":"2022-01-15T10:50:56+00:00","dateModified":"2022-01-15T10:50:56+00:00","mainEntityOfPage":{"@id":"https:\/\/bahiaeconomica.com.br\/wp\/2022\/01\/15\/confira-a-programacao-da-imunizacao-contra-covid-19-neste-sabado-15-em-salvador\/"},"wordCount":1304,"publisher":{"@id":"https:\/\/bahiaeconomica.com.br\/wp\/#organization"},"keywords":["Salvador","Vacina"],"articleSection":["ECONOMIA \/ POL\u00cdTICA"],"inLanguage":"pt-BR"},{"@type":"WebPage","@id":"https:\/\/bahiaeconomica.com.br\/wp\/2022\/01\/15\/confira-a-programacao-da-imunizacao-contra-covid-19-neste-sabado-15-em-salvador\/","url":"https:\/\/bahiaeconomica.com.br\/wp\/2022\/01\/15\/confira-a-programacao-da-imunizacao-contra-covid-19-neste-sabado-15-em-salvador\/","name":"CONFIRA A PROGRAMA\u00c7\u00c3O DA IMUNIZA\u00c7\u00c3O CONTRA COVID-19 NESTE S\u00c1BADO (15) EM SALVADOR - Bahia Economica","isPartOf":{"@id":"https:\/\/bahiaeconomica.com.br\/wp\/#website"},"datePublished":"2022-01-15T10:50:56+00:00","dateModified":"2022-01-15T10:50:56+00:00","description":"O maior portal de Economia da Bahia ECONOMIA \/ POL\u00cdTICA Bahia Economica","breadcrumb":{"@id":"https:\/\/bahiaeconomica.com.br\/wp\/2022\/01\/15\/confira-a-programacao-da-imunizacao-contra-covid-19-neste-sabado-15-em-salvador\/#breadcrumb"},"inLanguage":"pt-BR","potentialAction":[{"@type":"ReadAction","target":["https:\/\/bahiaeconomica.com.br\/wp\/2022\/01\/15\/confira-a-programacao-da-imunizacao-contra-covid-19-neste-sabado-15-em-salvador\/"]}]},{"@type":"BreadcrumbList","@id":"https:\/\/bahiaeconomica.com.br\/wp\/2022\/01\/15\/confira-a-programacao-da-imunizacao-contra-covid-19-neste-sabado-15-em-salvador\/#breadcrumb","itemListElement":[{"@type":"ListItem","position":1,"name":"In\u00edcio","item":"https:\/\/bahiaeconomica.com.br\/wp\/"},{"@type":"ListItem","position":2,"name":"CONFIRA A PROGRAMA\u00c7\u00c3O DA IMUNIZA\u00c7\u00c3O CONTRA COVID-19 NESTE S\u00c1BADO (15) EM SALVADOR"}]},{"@type":"WebSite","@id":"https:\/\/bahiaeconomica.com.br\/wp\/#website","url":"https:\/\/bahiaeconomica.com.br\/wp\/","name":"Bahia Economica","description":"O maior portal de Economia da Bahia","publisher":{"@id":"https:\/\/bahiaeconomica.com.br\/wp\/#organization"},"potentialAction":[{"@type":"SearchAction","target":{"@type":"EntryPoint","urlTemplate":"https:\/\/bahiaeconomica.com.br\/wp\/?s={search_term_string}"},"query-input":"required name=search_term_string"}],"inLanguage":"pt-BR"},{"@type":"Organization","@id":"https:\/\/bahiaeconomica.com.br\/wp\/#organization","name":"Bahia Econ\u00f4mica","url":"https:\/\/bahiaeconomica.com.br\/wp\/","logo":{"@type":"ImageObject","inLanguage":"pt-BR","@id":"https:\/\/bahiaeconomica.com.br\/wp\/#\/schema\/logo\/image\/","url":"https:\/\/bahiaeconomica.com.br\/wp\/wp-content\/uploads\/2020\/12\/cropped-BE.png","contentUrl":"https:\/\/bahiaeconomica.com.br\/wp\/wp-content\/uploads\/2020\/12\/cropped-BE.png","width":512,"height":512,"caption":"Bahia Econ\u00f4mica"},"image":{"@id":"https:\/\/bahiaeconomica.com.br\/wp\/#\/schema\/logo\/image\/"},"sameAs":["https:\/\/www.facebook.com\/bahiaeconomica"]},{"@type":"Person","@id":"https:\/\/bahiaeconomica.com.br\/wp\/#\/schema\/person\/cb1ab5ba96ad3d9390805381c76284ec","name":"admin","url":"https:\/\/bahiaeconomica.com.br\/wp\/author\/admin\/"}]}},"views":2,"_links":{"self":[{"href":"https:\/\/bahiaeconomica.com.br\/wp\/wp-json\/wp\/v2\/posts\/631834"}],"collection":[{"href":"https:\/\/bahiaeconomica.com.br\/wp\/wp-json\/wp\/v2\/posts"}],"about":[{"href":"https:\/\/bahiaeconomica.com.br\/wp\/wp-json\/wp\/v2\/types\/post"}],"author":[{"embeddable":true,"href":"https:\/\/bahiaeconomica.com.br\/wp\/wp-json\/wp\/v2\/users\/1"}],"replies":[{"embeddable":true,"href":"https:\/\/bahiaeconomica.com.br\/wp\/wp-json\/wp\/v2\/comments?post=631834"}],"version-history":[{"count":1,"href":"https:\/\/bahiaeconomica.com.br\/wp\/wp-json\/wp\/v2\/posts\/631834\/revisions"}],"predecessor-version":[{"id":631836,"href":"https:\/\/bahiaeconomica.com.br\/wp\/wp-json\/wp\/v2\/posts\/631834\/revisions\/631836"}],"wp:featuredmedia":[{"embeddable":true,"href":"https:\/\/bahiaeconomica.com.br\/wp\/wp-json\/wp\/v2\/media\/629579"}],"wp:attachment":[{"href":"https:\/\/bahiaeconomica.com.br\/wp\/wp-json\/wp\/v2\/media?parent=631834"}],"wp:term":[{"taxonomy":"category","embeddable":true,"href":"https:\/\/bahiaeconomica.com.br\/wp\/wp-json\/wp\/v2\/categories?post=631834"},{"taxonomy":"post_tag","embeddable":true,"href":"https:\/\/bahiaeconomica.com.br\/wp\/wp-json\/wp\/v2\/tags?post=631834"}],"curies":[{"name":"wp","href":"https:\/\/api.w.org\/{rel}","templated":true}]}}