{"id":629522,"date":"2022-01-06T17:01:02","date_gmt":"2022-01-06T20:01:02","guid":{"rendered":"https:\/\/bahiaeconomica.com.br\/wp\/beta\/?p=629522"},"modified":"2022-01-06T17:01:02","modified_gmt":"2022-01-06T20:01:02","slug":"rui-costa-autoriza-reforma-de-aeroporto-no-sul-da-bahia","status":"publish","type":"post","link":"https:\/\/bahiaeconomica.com.br\/wp\/2022\/01\/06\/rui-costa-autoriza-reforma-de-aeroporto-no-sul-da-bahia\/","title":{"rendered":"RUI COSTA AUTORIZA REFORMA DE AEROPORTO NO SUL DA BAHIA"},"content":{"rendered":"<p>O governador Rui Costa (PT), em visita \u00e0 cidade de Belmonte, no extremo-sul da Bahia, autorizou nesta quinta-feira (6) a <!--more-->reforma do aeroporto local, interditado h\u00e1 mais de tr\u00eas\u00a0anos.<\/p>\n<p>Nesta quinta, no entanto, a Seinfra foi autorizada a lan\u00e7ar a licita\u00e7\u00e3o para obras de recupera\u00e7\u00e3o do aeroporto da cidade.<\/p>\n<p>\u201cAutorizei a licita\u00e7\u00e3o imediata pra recupera\u00e7\u00e3o do aeroporto pra que a gente , o mais r\u00e1pido poss\u00edvel, volte a ter v\u00f4os nessa cidade que \u00e9 bel\u00edssima, uma cidade com a voca\u00e7\u00e3o tur\u00edstica grande em que temos que apostar no turismo e na acessibilidade pra popula\u00e7\u00e3o que precisa sair e chegar aqui\u201d, afirmou o governador.<\/p>\n<p>&nbsp;<\/p>\n<p>Foto: Reprodu\u00e7\u00e3o\/redes sociais<\/p>\n","protected":false},"excerpt":{"rendered":"<p>O governador Rui Costa (PT), em visita \u00e0 cidade de Belmonte, no extremo-sul da Bahia, autorizou nesta quinta-feira (6) a<\/p>\n","protected":false},"author":1,"featured_media":629526,"comment_status":"closed","ping_status":"closed","sticky":false,"template":"","format":"standard","meta":[],"categories":[14,3,5],"tags":[1130,85,1598,17,2139],"acf":[],"yoast_head":"<!-- This site is optimized with the Yoast SEO plugin v20.8 - https:\/\/yoast.com\/wordpress\/plugins\/seo\/ -->\n<title>RUI COSTA AUTORIZA REFORMA DE AEROPORTO NO SUL DA BAHIA - Bahia Economica<\/title>\n<meta name=\"description\" content=\"O maior portal de Economia da Bahia DESTAQUE DO DIA, ECONOMIA \/ POL\u00cdTICA, MUNIC\u00cdPIOS Bahia Economica\" \/>\n<meta name=\"robots\" content=\"index, follow, max-snippet:-1, max-image-preview:large, max-video-preview:-1\" \/>\n<link rel=\"canonical\" href=\"https:\/\/bahiaeconomica.com.br\/wp\/2022\/01\/06\/rui-costa-autoriza-reforma-de-aeroporto-no-sul-da-bahia\/\" \/>\n<meta property=\"og:locale\" content=\"pt_BR\" \/>\n<meta property=\"og:type\" content=\"article\" \/>\n<meta property=\"og:title\" content=\"RUI COSTA AUTORIZA REFORMA DE AEROPORTO NO SUL DA BAHIA - Bahia Economica\" \/>\n<meta property=\"og:description\" content=\"O maior portal de Economia da Bahia DESTAQUE DO DIA, ECONOMIA \/ POL\u00cdTICA, MUNIC\u00cdPIOS Bahia Economica\" \/>\n<meta property=\"og:url\" content=\"https:\/\/bahiaeconomica.com.br\/wp\/2022\/01\/06\/rui-costa-autoriza-reforma-de-aeroporto-no-sul-da-bahia\/\" \/>\n<meta property=\"og:site_name\" content=\"Bahia Economica\" \/>\n<meta property=\"article:publisher\" content=\"https:\/\/www.facebook.com\/bahiaeconomica\" \/>\n<meta property=\"article:published_time\" content=\"2022-01-06T20:01:02+00:00\" \/>\n<meta property=\"og:image\" content=\"https:\/\/bahiaeconomica.com.br\/wp\/wp-content\/uploads\/2022\/01\/ruiaero.jpg\" \/>\n\t<meta property=\"og:image:width\" content=\"500\" \/>\n\t<meta property=\"og:image:height\" content=\"300\" \/>\n\t<meta property=\"og:image:type\" content=\"image\/jpeg\" \/>\n<meta name=\"author\" content=\"admin\" \/>\n<meta name=\"twitter:card\" content=\"summary_large_image\" \/>\n<meta name=\"twitter:label1\" content=\"Escrito por\" \/>\n\t<meta name=\"twitter:data1\" content=\"admin\" \/>\n\t<meta name=\"twitter:label2\" content=\"Est. tempo de leitura\" \/>\n\t<meta name=\"twitter:data2\" content=\"1 minuto\" \/>\n<script type=\"application\/ld+json\" class=\"yoast-schema-graph\">{\"@context\":\"https:\/\/schema.org\",\"@graph\":[{\"@type\":\"Article\",\"@id\":\"https:\/\/bahiaeconomica.com.br\/wp\/2022\/01\/06\/rui-costa-autoriza-reforma-de-aeroporto-no-sul-da-bahia\/#article\",\"isPartOf\":{\"@id\":\"https:\/\/bahiaeconomica.com.br\/wp\/2022\/01\/06\/rui-costa-autoriza-reforma-de-aeroporto-no-sul-da-bahia\/\"},\"author\":{\"name\":\"admin\",\"@id\":\"https:\/\/bahiaeconomica.com.br\/wp\/#\/schema\/person\/cb1ab5ba96ad3d9390805381c76284ec\"},\"headline\":\"RUI COSTA AUTORIZA REFORMA DE AEROPORTO NO SUL DA BAHIA\",\"datePublished\":\"2022-01-06T20:01:02+00:00\",\"dateModified\":\"2022-01-06T20:01:02+00:00\",\"mainEntityOfPage\":{\"@id\":\"https:\/\/bahiaeconomica.com.br\/wp\/2022\/01\/06\/rui-costa-autoriza-reforma-de-aeroporto-no-sul-da-bahia\/\"},\"wordCount\":129,\"publisher\":{\"@id\":\"https:\/\/bahiaeconomica.com.br\/wp\/#organization\"},\"keywords\":[\"aeroporto\",\"Bahia\",\"constru\u00e7\u00e3o\",\"rui\",\"sul\"],\"articleSection\":[\"DESTAQUE DO DIA\",\"ECONOMIA \/ POL\u00cdTICA\",\"MUNIC\u00cdPIOS\"],\"inLanguage\":\"pt-BR\"},{\"@type\":\"WebPage\",\"@id\":\"https:\/\/bahiaeconomica.com.br\/wp\/2022\/01\/06\/rui-costa-autoriza-reforma-de-aeroporto-no-sul-da-bahia\/\",\"url\":\"https:\/\/bahiaeconomica.com.br\/wp\/2022\/01\/06\/rui-costa-autoriza-reforma-de-aeroporto-no-sul-da-bahia\/\",\"name\":\"RUI COSTA AUTORIZA REFORMA DE AEROPORTO NO SUL DA BAHIA - Bahia Economica\",\"isPartOf\":{\"@id\":\"https:\/\/bahiaeconomica.com.br\/wp\/#website\"},\"datePublished\":\"2022-01-06T20:01:02+00:00\",\"dateModified\":\"2022-01-06T20:01:02+00:00\",\"description\":\"O maior portal de Economia da Bahia DESTAQUE DO DIA, ECONOMIA \/ POL\u00cdTICA, MUNIC\u00cdPIOS Bahia Economica\",\"breadcrumb\":{\"@id\":\"https:\/\/bahiaeconomica.com.br\/wp\/2022\/01\/06\/rui-costa-autoriza-reforma-de-aeroporto-no-sul-da-bahia\/#breadcrumb\"},\"inLanguage\":\"pt-BR\",\"potentialAction\":[{\"@type\":\"ReadAction\",\"target\":[\"https:\/\/bahiaeconomica.com.br\/wp\/2022\/01\/06\/rui-costa-autoriza-reforma-de-aeroporto-no-sul-da-bahia\/\"]}]},{\"@type\":\"BreadcrumbList\",\"@id\":\"https:\/\/bahiaeconomica.com.br\/wp\/2022\/01\/06\/rui-costa-autoriza-reforma-de-aeroporto-no-sul-da-bahia\/#breadcrumb\",\"itemListElement\":[{\"@type\":\"ListItem\",\"position\":1,\"name\":\"In\u00edcio\",\"item\":\"https:\/\/bahiaeconomica.com.br\/wp\/\"},{\"@type\":\"ListItem\",\"position\":2,\"name\":\"RUI COSTA AUTORIZA REFORMA DE AEROPORTO NO SUL DA BAHIA\"}]},{\"@type\":\"WebSite\",\"@id\":\"https:\/\/bahiaeconomica.com.br\/wp\/#website\",\"url\":\"https:\/\/bahiaeconomica.com.br\/wp\/\",\"name\":\"Bahia Economica\",\"description\":\"O maior portal de Economia da Bahia\",\"publisher\":{\"@id\":\"https:\/\/bahiaeconomica.com.br\/wp\/#organization\"},\"potentialAction\":[{\"@type\":\"SearchAction\",\"target\":{\"@type\":\"EntryPoint\",\"urlTemplate\":\"https:\/\/bahiaeconomica.com.br\/wp\/?s={search_term_string}\"},\"query-input\":\"required name=search_term_string\"}],\"inLanguage\":\"pt-BR\"},{\"@type\":\"Organization\",\"@id\":\"https:\/\/bahiaeconomica.com.br\/wp\/#organization\",\"name\":\"Bahia Econ\u00f4mica\",\"url\":\"https:\/\/bahiaeconomica.com.br\/wp\/\",\"logo\":{\"@type\":\"ImageObject\",\"inLanguage\":\"pt-BR\",\"@id\":\"https:\/\/bahiaeconomica.com.br\/wp\/#\/schema\/logo\/image\/\",\"url\":\"https:\/\/bahiaeconomica.com.br\/wp\/wp-content\/uploads\/2020\/12\/cropped-BE.png\",\"contentUrl\":\"https:\/\/bahiaeconomica.com.br\/wp\/wp-content\/uploads\/2020\/12\/cropped-BE.png\",\"width\":512,\"height\":512,\"caption\":\"Bahia Econ\u00f4mica\"},\"image\":{\"@id\":\"https:\/\/bahiaeconomica.com.br\/wp\/#\/schema\/logo\/image\/\"},\"sameAs\":[\"https:\/\/www.facebook.com\/bahiaeconomica\"]},{\"@type\":\"Person\",\"@id\":\"https:\/\/bahiaeconomica.com.br\/wp\/#\/schema\/person\/cb1ab5ba96ad3d9390805381c76284ec\",\"name\":\"admin\",\"url\":\"https:\/\/bahiaeconomica.com.br\/wp\/author\/admin\/\"}]}<\/script>\n<!-- \/ Yoast SEO plugin. -->","yoast_head_json":{"title":"RUI COSTA AUTORIZA REFORMA DE AEROPORTO NO SUL DA BAHIA - Bahia Economica","description":"O maior portal de Economia da Bahia DESTAQUE DO DIA, ECONOMIA \/ POL\u00cdTICA, MUNIC\u00cdPIOS Bahia Economica","robots":{"index":"index","follow":"follow","max-snippet":"max-snippet:-1","max-image-preview":"max-image-preview:large","max-video-preview":"max-video-preview:-1"},"canonical":"https:\/\/bahiaeconomica.com.br\/wp\/2022\/01\/06\/rui-costa-autoriza-reforma-de-aeroporto-no-sul-da-bahia\/","og_locale":"pt_BR","og_type":"article","og_title":"RUI COSTA AUTORIZA REFORMA DE AEROPORTO NO SUL DA BAHIA - Bahia Economica","og_description":"O maior portal de Economia da Bahia DESTAQUE DO DIA, ECONOMIA \/ POL\u00cdTICA, MUNIC\u00cdPIOS Bahia Economica","og_url":"https:\/\/bahiaeconomica.com.br\/wp\/2022\/01\/06\/rui-costa-autoriza-reforma-de-aeroporto-no-sul-da-bahia\/","og_site_name":"Bahia Economica","article_publisher":"https:\/\/www.facebook.com\/bahiaeconomica","article_published_time":"2022-01-06T20:01:02+00:00","og_image":[{"width":500,"height":300,"url":"https:\/\/bahiaeconomica.com.br\/wp\/wp-content\/uploads\/2022\/01\/ruiaero.jpg","type":"image\/jpeg"}],"author":"admin","twitter_card":"summary_large_image","twitter_misc":{"Escrito por":"admin","Est. tempo de leitura":"1 minuto"},"schema":{"@context":"https:\/\/schema.org","@graph":[{"@type":"Article","@id":"https:\/\/bahiaeconomica.com.br\/wp\/2022\/01\/06\/rui-costa-autoriza-reforma-de-aeroporto-no-sul-da-bahia\/#article","isPartOf":{"@id":"https:\/\/bahiaeconomica.com.br\/wp\/2022\/01\/06\/rui-costa-autoriza-reforma-de-aeroporto-no-sul-da-bahia\/"},"author":{"name":"admin","@id":"https:\/\/bahiaeconomica.com.br\/wp\/#\/schema\/person\/cb1ab5ba96ad3d9390805381c76284ec"},"headline":"RUI COSTA AUTORIZA REFORMA DE AEROPORTO NO SUL DA BAHIA","datePublished":"2022-01-06T20:01:02+00:00","dateModified":"2022-01-06T20:01:02+00:00","mainEntityOfPage":{"@id":"https:\/\/bahiaeconomica.com.br\/wp\/2022\/01\/06\/rui-costa-autoriza-reforma-de-aeroporto-no-sul-da-bahia\/"},"wordCount":129,"publisher":{"@id":"https:\/\/bahiaeconomica.com.br\/wp\/#organization"},"keywords":["aeroporto","Bahia","constru\u00e7\u00e3o","rui","sul"],"articleSection":["DESTAQUE DO DIA","ECONOMIA \/ POL\u00cdTICA","MUNIC\u00cdPIOS"],"inLanguage":"pt-BR"},{"@type":"WebPage","@id":"https:\/\/bahiaeconomica.com.br\/wp\/2022\/01\/06\/rui-costa-autoriza-reforma-de-aeroporto-no-sul-da-bahia\/","url":"https:\/\/bahiaeconomica.com.br\/wp\/2022\/01\/06\/rui-costa-autoriza-reforma-de-aeroporto-no-sul-da-bahia\/","name":"RUI COSTA AUTORIZA REFORMA DE AEROPORTO NO SUL DA BAHIA - Bahia Economica","isPartOf":{"@id":"https:\/\/bahiaeconomica.com.br\/wp\/#website"},"datePublished":"2022-01-06T20:01:02+00:00","dateModified":"2022-01-06T20:01:02+00:00","description":"O maior portal de Economia da Bahia DESTAQUE DO DIA, ECONOMIA \/ POL\u00cdTICA, MUNIC\u00cdPIOS Bahia Economica","breadcrumb":{"@id":"https:\/\/bahiaeconomica.com.br\/wp\/2022\/01\/06\/rui-costa-autoriza-reforma-de-aeroporto-no-sul-da-bahia\/#breadcrumb"},"inLanguage":"pt-BR","potentialAction":[{"@type":"ReadAction","target":["https:\/\/bahiaeconomica.com.br\/wp\/2022\/01\/06\/rui-costa-autoriza-reforma-de-aeroporto-no-sul-da-bahia\/"]}]},{"@type":"BreadcrumbList","@id":"https:\/\/bahiaeconomica.com.br\/wp\/2022\/01\/06\/rui-costa-autoriza-reforma-de-aeroporto-no-sul-da-bahia\/#breadcrumb","itemListElement":[{"@type":"ListItem","position":1,"name":"In\u00edcio","item":"https:\/\/bahiaeconomica.com.br\/wp\/"},{"@type":"ListItem","position":2,"name":"RUI COSTA AUTORIZA REFORMA DE AEROPORTO NO SUL DA BAHIA"}]},{"@type":"WebSite","@id":"https:\/\/bahiaeconomica.com.br\/wp\/#website","url":"https:\/\/bahiaeconomica.com.br\/wp\/","name":"Bahia Economica","description":"O maior portal de Economia da Bahia","publisher":{"@id":"https:\/\/bahiaeconomica.com.br\/wp\/#organization"},"potentialAction":[{"@type":"SearchAction","target":{"@type":"EntryPoint","urlTemplate":"https:\/\/bahiaeconomica.com.br\/wp\/?s={search_term_string}"},"query-input":"required name=search_term_string"}],"inLanguage":"pt-BR"},{"@type":"Organization","@id":"https:\/\/bahiaeconomica.com.br\/wp\/#organization","name":"Bahia Econ\u00f4mica","url":"https:\/\/bahiaeconomica.com.br\/wp\/","logo":{"@type":"ImageObject","inLanguage":"pt-BR","@id":"https:\/\/bahiaeconomica.com.br\/wp\/#\/schema\/logo\/image\/","url":"https:\/\/bahiaeconomica.com.br\/wp\/wp-content\/uploads\/2020\/12\/cropped-BE.png","contentUrl":"https:\/\/bahiaeconomica.com.br\/wp\/wp-content\/uploads\/2020\/12\/cropped-BE.png","width":512,"height":512,"caption":"Bahia Econ\u00f4mica"},"image":{"@id":"https:\/\/bahiaeconomica.com.br\/wp\/#\/schema\/logo\/image\/"},"sameAs":["https:\/\/www.facebook.com\/bahiaeconomica"]},{"@type":"Person","@id":"https:\/\/bahiaeconomica.com.br\/wp\/#\/schema\/person\/cb1ab5ba96ad3d9390805381c76284ec","name":"admin","url":"https:\/\/bahiaeconomica.com.br\/wp\/author\/admin\/"}]}},"views":18,"_links":{"self":[{"href":"https:\/\/bahiaeconomica.com.br\/wp\/wp-json\/wp\/v2\/posts\/629522"}],"collection":[{"href":"https:\/\/bahiaeconomica.com.br\/wp\/wp-json\/wp\/v2\/posts"}],"about":[{"href":"https:\/\/bahiaeconomica.com.br\/wp\/wp-json\/wp\/v2\/types\/post"}],"author":[{"embeddable":true,"href":"https:\/\/bahiaeconomica.com.br\/wp\/wp-json\/wp\/v2\/users\/1"}],"replies":[{"embeddable":true,"href":"https:\/\/bahiaeconomica.com.br\/wp\/wp-json\/wp\/v2\/comments?post=629522"}],"version-history":[{"count":1,"href":"https:\/\/bahiaeconomica.com.br\/wp\/wp-json\/wp\/v2\/posts\/629522\/revisions"}],"predecessor-version":[{"id":629527,"href":"https:\/\/bahiaeconomica.com.br\/wp\/wp-json\/wp\/v2\/posts\/629522\/revisions\/629527"}],"wp:featuredmedia":[{"embeddable":true,"href":"https:\/\/bahiaeconomica.com.br\/wp\/wp-json\/wp\/v2\/media\/629526"}],"wp:attachment":[{"href":"https:\/\/bahiaeconomica.com.br\/wp\/wp-json\/wp\/v2\/media?parent=629522"}],"wp:term":[{"taxonomy":"category","embeddable":true,"href":"https:\/\/bahiaeconomica.com.br\/wp\/wp-json\/wp\/v2\/categories?post=629522"},{"taxonomy":"post_tag","embeddable":true,"href":"https:\/\/bahiaeconomica.com.br\/wp\/wp-json\/wp\/v2\/tags?post=629522"}],"curies":[{"name":"wp","href":"https:\/\/api.w.org\/{rel}","templated":true}]}}