{"id":628015,"date":"2022-01-02T18:00:38","date_gmt":"2022-01-02T21:00:38","guid":{"rendered":"https:\/\/bahiaeconomica.com.br\/wp\/beta\/?p=628015"},"modified":"2022-01-01T06:45:00","modified_gmt":"2022-01-01T09:45:00","slug":"numero-de-atingidos-pelas-chuvas-na-bahia-supera-661-mil","status":"publish","type":"post","link":"https:\/\/bahiaeconomica.com.br\/wp\/2022\/01\/02\/numero-de-atingidos-pelas-chuvas-na-bahia-supera-661-mil\/","title":{"rendered":"N\u00daMERO DE ATINGIDOS PELAS CHUVAS NA BAHIA SUPERA 661 MIL"},"content":{"rendered":"<p>O n\u00famero total de atingidos pelas chuvas na Bahia chega a 661.208 pessoas. S\u00e3o 33.247 desabrigados, 57.243 desalojados, <!--more-->25 mortos e 517 feridos. Os dados foram divulgados pela Superintend\u00eancia de Prote\u00e7\u00e3o e Defesa Civil da Bahia (Sudec), nesta sexta-feira, 31.<\/p>\n<p>Os n\u00fameros correspondem \u00e0s ocorr\u00eancias registradas em 165 munic\u00edpios afetados. \u201c\u00c9 importante destacar que, desse total, 153 est\u00e3o com decreto de situa\u00e7\u00e3o de emerg\u00eancia\u201d, diz nota do \u00f3rg\u00e3o.<\/p>\n<p>As localidades com v\u00edtimas fatais s\u00e3o: Amargosa (2), Itaberaba (2), Itamaraju (4), Jucuru\u00e7u (3), Macarani (1), Prado (2), Ruy Barbosa (1), Itapetinga (1), Ilh\u00e9us (3), Aurelino Leal (1), Itabuna (2), S\u00e3o F\u00e9lix do Coribe (2) e Ubaitaba (1).<\/p>\n<p>&nbsp;<\/p>\n<p>Foto: Camila Souza\/GOVBA<\/p>\n","protected":false},"excerpt":{"rendered":"<p>O n\u00famero total de atingidos pelas chuvas na Bahia chega a 661.208 pessoas. S\u00e3o 33.247 desabrigados, 57.243 desalojados,<\/p>\n","protected":false},"author":1,"featured_media":628017,"comment_status":"closed","ping_status":"closed","sticky":false,"template":"","format":"standard","meta":[],"categories":[14,3],"tags":[85,852,2178],"acf":[],"yoast_head":"<!-- This site is optimized with the Yoast SEO plugin v20.8 - https:\/\/yoast.com\/wordpress\/plugins\/seo\/ -->\n<title>N\u00daMERO DE ATINGIDOS PELAS CHUVAS NA BAHIA SUPERA 661 MIL - Bahia Economica<\/title>\n<meta name=\"description\" content=\"O maior portal de Economia da Bahia DESTAQUE DO DIA, ECONOMIA \/ POL\u00cdTICA Bahia Economica\" \/>\n<meta name=\"robots\" content=\"index, follow, max-snippet:-1, max-image-preview:large, max-video-preview:-1\" \/>\n<link rel=\"canonical\" href=\"https:\/\/bahiaeconomica.com.br\/wp\/2022\/01\/02\/numero-de-atingidos-pelas-chuvas-na-bahia-supera-661-mil\/\" \/>\n<meta property=\"og:locale\" content=\"pt_BR\" \/>\n<meta property=\"og:type\" content=\"article\" \/>\n<meta property=\"og:title\" content=\"N\u00daMERO DE ATINGIDOS PELAS CHUVAS NA BAHIA SUPERA 661 MIL - Bahia Economica\" \/>\n<meta property=\"og:description\" content=\"O maior portal de Economia da Bahia DESTAQUE DO DIA, ECONOMIA \/ POL\u00cdTICA Bahia Economica\" \/>\n<meta property=\"og:url\" content=\"https:\/\/bahiaeconomica.com.br\/wp\/2022\/01\/02\/numero-de-atingidos-pelas-chuvas-na-bahia-supera-661-mil\/\" \/>\n<meta property=\"og:site_name\" content=\"Bahia Economica\" \/>\n<meta property=\"article:publisher\" content=\"https:\/\/www.facebook.com\/bahiaeconomica\" \/>\n<meta property=\"article:published_time\" content=\"2022-01-02T21:00:38+00:00\" \/>\n<meta property=\"article:modified_time\" content=\"2022-01-01T09:45:00+00:00\" \/>\n<meta property=\"og:image\" content=\"https:\/\/bahiaeconomica.com.br\/wp\/wp-content\/uploads\/2021\/12\/chuvas.jpeg\" \/>\n\t<meta property=\"og:image:width\" content=\"500\" \/>\n\t<meta property=\"og:image:height\" content=\"300\" \/>\n\t<meta property=\"og:image:type\" content=\"image\/jpeg\" \/>\n<meta name=\"author\" content=\"admin\" \/>\n<meta name=\"twitter:card\" content=\"summary_large_image\" \/>\n<meta name=\"twitter:label1\" content=\"Escrito por\" \/>\n\t<meta name=\"twitter:data1\" content=\"admin\" \/>\n\t<meta name=\"twitter:label2\" content=\"Est. tempo de leitura\" \/>\n\t<meta name=\"twitter:data2\" content=\"1 minuto\" \/>\n<script type=\"application\/ld+json\" class=\"yoast-schema-graph\">{\"@context\":\"https:\/\/schema.org\",\"@graph\":[{\"@type\":\"Article\",\"@id\":\"https:\/\/bahiaeconomica.com.br\/wp\/2022\/01\/02\/numero-de-atingidos-pelas-chuvas-na-bahia-supera-661-mil\/#article\",\"isPartOf\":{\"@id\":\"https:\/\/bahiaeconomica.com.br\/wp\/2022\/01\/02\/numero-de-atingidos-pelas-chuvas-na-bahia-supera-661-mil\/\"},\"author\":{\"name\":\"admin\",\"@id\":\"https:\/\/bahiaeconomica.com.br\/wp\/#\/schema\/person\/cb1ab5ba96ad3d9390805381c76284ec\"},\"headline\":\"N\u00daMERO DE ATINGIDOS PELAS CHUVAS NA BAHIA SUPERA 661 MIL\",\"datePublished\":\"2022-01-02T21:00:38+00:00\",\"dateModified\":\"2022-01-01T09:45:00+00:00\",\"mainEntityOfPage\":{\"@id\":\"https:\/\/bahiaeconomica.com.br\/wp\/2022\/01\/02\/numero-de-atingidos-pelas-chuvas-na-bahia-supera-661-mil\/\"},\"wordCount\":116,\"publisher\":{\"@id\":\"https:\/\/bahiaeconomica.com.br\/wp\/#organization\"},\"keywords\":[\"Bahia\",\"chuvas\",\"numeros\"],\"articleSection\":[\"DESTAQUE DO DIA\",\"ECONOMIA \/ POL\u00cdTICA\"],\"inLanguage\":\"pt-BR\"},{\"@type\":\"WebPage\",\"@id\":\"https:\/\/bahiaeconomica.com.br\/wp\/2022\/01\/02\/numero-de-atingidos-pelas-chuvas-na-bahia-supera-661-mil\/\",\"url\":\"https:\/\/bahiaeconomica.com.br\/wp\/2022\/01\/02\/numero-de-atingidos-pelas-chuvas-na-bahia-supera-661-mil\/\",\"name\":\"N\u00daMERO DE ATINGIDOS PELAS CHUVAS NA BAHIA SUPERA 661 MIL - Bahia Economica\",\"isPartOf\":{\"@id\":\"https:\/\/bahiaeconomica.com.br\/wp\/#website\"},\"datePublished\":\"2022-01-02T21:00:38+00:00\",\"dateModified\":\"2022-01-01T09:45:00+00:00\",\"description\":\"O maior portal de Economia da Bahia DESTAQUE DO DIA, ECONOMIA \/ POL\u00cdTICA Bahia Economica\",\"breadcrumb\":{\"@id\":\"https:\/\/bahiaeconomica.com.br\/wp\/2022\/01\/02\/numero-de-atingidos-pelas-chuvas-na-bahia-supera-661-mil\/#breadcrumb\"},\"inLanguage\":\"pt-BR\",\"potentialAction\":[{\"@type\":\"ReadAction\",\"target\":[\"https:\/\/bahiaeconomica.com.br\/wp\/2022\/01\/02\/numero-de-atingidos-pelas-chuvas-na-bahia-supera-661-mil\/\"]}]},{\"@type\":\"BreadcrumbList\",\"@id\":\"https:\/\/bahiaeconomica.com.br\/wp\/2022\/01\/02\/numero-de-atingidos-pelas-chuvas-na-bahia-supera-661-mil\/#breadcrumb\",\"itemListElement\":[{\"@type\":\"ListItem\",\"position\":1,\"name\":\"In\u00edcio\",\"item\":\"https:\/\/bahiaeconomica.com.br\/wp\/\"},{\"@type\":\"ListItem\",\"position\":2,\"name\":\"N\u00daMERO DE ATINGIDOS PELAS CHUVAS NA BAHIA SUPERA 661 MIL\"}]},{\"@type\":\"WebSite\",\"@id\":\"https:\/\/bahiaeconomica.com.br\/wp\/#website\",\"url\":\"https:\/\/bahiaeconomica.com.br\/wp\/\",\"name\":\"Bahia Economica\",\"description\":\"O maior portal de Economia da Bahia\",\"publisher\":{\"@id\":\"https:\/\/bahiaeconomica.com.br\/wp\/#organization\"},\"potentialAction\":[{\"@type\":\"SearchAction\",\"target\":{\"@type\":\"EntryPoint\",\"urlTemplate\":\"https:\/\/bahiaeconomica.com.br\/wp\/?s={search_term_string}\"},\"query-input\":\"required name=search_term_string\"}],\"inLanguage\":\"pt-BR\"},{\"@type\":\"Organization\",\"@id\":\"https:\/\/bahiaeconomica.com.br\/wp\/#organization\",\"name\":\"Bahia Econ\u00f4mica\",\"url\":\"https:\/\/bahiaeconomica.com.br\/wp\/\",\"logo\":{\"@type\":\"ImageObject\",\"inLanguage\":\"pt-BR\",\"@id\":\"https:\/\/bahiaeconomica.com.br\/wp\/#\/schema\/logo\/image\/\",\"url\":\"https:\/\/bahiaeconomica.com.br\/wp\/wp-content\/uploads\/2020\/12\/cropped-BE.png\",\"contentUrl\":\"https:\/\/bahiaeconomica.com.br\/wp\/wp-content\/uploads\/2020\/12\/cropped-BE.png\",\"width\":512,\"height\":512,\"caption\":\"Bahia Econ\u00f4mica\"},\"image\":{\"@id\":\"https:\/\/bahiaeconomica.com.br\/wp\/#\/schema\/logo\/image\/\"},\"sameAs\":[\"https:\/\/www.facebook.com\/bahiaeconomica\"]},{\"@type\":\"Person\",\"@id\":\"https:\/\/bahiaeconomica.com.br\/wp\/#\/schema\/person\/cb1ab5ba96ad3d9390805381c76284ec\",\"name\":\"admin\",\"url\":\"https:\/\/bahiaeconomica.com.br\/wp\/author\/admin\/\"}]}<\/script>\n<!-- \/ Yoast SEO plugin. -->","yoast_head_json":{"title":"N\u00daMERO DE ATINGIDOS PELAS CHUVAS NA BAHIA SUPERA 661 MIL - Bahia Economica","description":"O maior portal de Economia da Bahia DESTAQUE DO DIA, ECONOMIA \/ POL\u00cdTICA Bahia Economica","robots":{"index":"index","follow":"follow","max-snippet":"max-snippet:-1","max-image-preview":"max-image-preview:large","max-video-preview":"max-video-preview:-1"},"canonical":"https:\/\/bahiaeconomica.com.br\/wp\/2022\/01\/02\/numero-de-atingidos-pelas-chuvas-na-bahia-supera-661-mil\/","og_locale":"pt_BR","og_type":"article","og_title":"N\u00daMERO DE ATINGIDOS PELAS CHUVAS NA BAHIA SUPERA 661 MIL - Bahia Economica","og_description":"O maior portal de Economia da Bahia DESTAQUE DO DIA, ECONOMIA \/ POL\u00cdTICA Bahia Economica","og_url":"https:\/\/bahiaeconomica.com.br\/wp\/2022\/01\/02\/numero-de-atingidos-pelas-chuvas-na-bahia-supera-661-mil\/","og_site_name":"Bahia Economica","article_publisher":"https:\/\/www.facebook.com\/bahiaeconomica","article_published_time":"2022-01-02T21:00:38+00:00","article_modified_time":"2022-01-01T09:45:00+00:00","og_image":[{"width":500,"height":300,"url":"https:\/\/bahiaeconomica.com.br\/wp\/wp-content\/uploads\/2021\/12\/chuvas.jpeg","type":"image\/jpeg"}],"author":"admin","twitter_card":"summary_large_image","twitter_misc":{"Escrito por":"admin","Est. tempo de leitura":"1 minuto"},"schema":{"@context":"https:\/\/schema.org","@graph":[{"@type":"Article","@id":"https:\/\/bahiaeconomica.com.br\/wp\/2022\/01\/02\/numero-de-atingidos-pelas-chuvas-na-bahia-supera-661-mil\/#article","isPartOf":{"@id":"https:\/\/bahiaeconomica.com.br\/wp\/2022\/01\/02\/numero-de-atingidos-pelas-chuvas-na-bahia-supera-661-mil\/"},"author":{"name":"admin","@id":"https:\/\/bahiaeconomica.com.br\/wp\/#\/schema\/person\/cb1ab5ba96ad3d9390805381c76284ec"},"headline":"N\u00daMERO DE ATINGIDOS PELAS CHUVAS NA BAHIA SUPERA 661 MIL","datePublished":"2022-01-02T21:00:38+00:00","dateModified":"2022-01-01T09:45:00+00:00","mainEntityOfPage":{"@id":"https:\/\/bahiaeconomica.com.br\/wp\/2022\/01\/02\/numero-de-atingidos-pelas-chuvas-na-bahia-supera-661-mil\/"},"wordCount":116,"publisher":{"@id":"https:\/\/bahiaeconomica.com.br\/wp\/#organization"},"keywords":["Bahia","chuvas","numeros"],"articleSection":["DESTAQUE DO DIA","ECONOMIA \/ POL\u00cdTICA"],"inLanguage":"pt-BR"},{"@type":"WebPage","@id":"https:\/\/bahiaeconomica.com.br\/wp\/2022\/01\/02\/numero-de-atingidos-pelas-chuvas-na-bahia-supera-661-mil\/","url":"https:\/\/bahiaeconomica.com.br\/wp\/2022\/01\/02\/numero-de-atingidos-pelas-chuvas-na-bahia-supera-661-mil\/","name":"N\u00daMERO DE ATINGIDOS PELAS CHUVAS NA BAHIA SUPERA 661 MIL - Bahia Economica","isPartOf":{"@id":"https:\/\/bahiaeconomica.com.br\/wp\/#website"},"datePublished":"2022-01-02T21:00:38+00:00","dateModified":"2022-01-01T09:45:00+00:00","description":"O maior portal de Economia da Bahia DESTAQUE DO DIA, ECONOMIA \/ POL\u00cdTICA Bahia Economica","breadcrumb":{"@id":"https:\/\/bahiaeconomica.com.br\/wp\/2022\/01\/02\/numero-de-atingidos-pelas-chuvas-na-bahia-supera-661-mil\/#breadcrumb"},"inLanguage":"pt-BR","potentialAction":[{"@type":"ReadAction","target":["https:\/\/bahiaeconomica.com.br\/wp\/2022\/01\/02\/numero-de-atingidos-pelas-chuvas-na-bahia-supera-661-mil\/"]}]},{"@type":"BreadcrumbList","@id":"https:\/\/bahiaeconomica.com.br\/wp\/2022\/01\/02\/numero-de-atingidos-pelas-chuvas-na-bahia-supera-661-mil\/#breadcrumb","itemListElement":[{"@type":"ListItem","position":1,"name":"In\u00edcio","item":"https:\/\/bahiaeconomica.com.br\/wp\/"},{"@type":"ListItem","position":2,"name":"N\u00daMERO DE ATINGIDOS PELAS CHUVAS NA BAHIA SUPERA 661 MIL"}]},{"@type":"WebSite","@id":"https:\/\/bahiaeconomica.com.br\/wp\/#website","url":"https:\/\/bahiaeconomica.com.br\/wp\/","name":"Bahia Economica","description":"O maior portal de Economia da Bahia","publisher":{"@id":"https:\/\/bahiaeconomica.com.br\/wp\/#organization"},"potentialAction":[{"@type":"SearchAction","target":{"@type":"EntryPoint","urlTemplate":"https:\/\/bahiaeconomica.com.br\/wp\/?s={search_term_string}"},"query-input":"required name=search_term_string"}],"inLanguage":"pt-BR"},{"@type":"Organization","@id":"https:\/\/bahiaeconomica.com.br\/wp\/#organization","name":"Bahia Econ\u00f4mica","url":"https:\/\/bahiaeconomica.com.br\/wp\/","logo":{"@type":"ImageObject","inLanguage":"pt-BR","@id":"https:\/\/bahiaeconomica.com.br\/wp\/#\/schema\/logo\/image\/","url":"https:\/\/bahiaeconomica.com.br\/wp\/wp-content\/uploads\/2020\/12\/cropped-BE.png","contentUrl":"https:\/\/bahiaeconomica.com.br\/wp\/wp-content\/uploads\/2020\/12\/cropped-BE.png","width":512,"height":512,"caption":"Bahia Econ\u00f4mica"},"image":{"@id":"https:\/\/bahiaeconomica.com.br\/wp\/#\/schema\/logo\/image\/"},"sameAs":["https:\/\/www.facebook.com\/bahiaeconomica"]},{"@type":"Person","@id":"https:\/\/bahiaeconomica.com.br\/wp\/#\/schema\/person\/cb1ab5ba96ad3d9390805381c76284ec","name":"admin","url":"https:\/\/bahiaeconomica.com.br\/wp\/author\/admin\/"}]}},"views":5,"_links":{"self":[{"href":"https:\/\/bahiaeconomica.com.br\/wp\/wp-json\/wp\/v2\/posts\/628015"}],"collection":[{"href":"https:\/\/bahiaeconomica.com.br\/wp\/wp-json\/wp\/v2\/posts"}],"about":[{"href":"https:\/\/bahiaeconomica.com.br\/wp\/wp-json\/wp\/v2\/types\/post"}],"author":[{"embeddable":true,"href":"https:\/\/bahiaeconomica.com.br\/wp\/wp-json\/wp\/v2\/users\/1"}],"replies":[{"embeddable":true,"href":"https:\/\/bahiaeconomica.com.br\/wp\/wp-json\/wp\/v2\/comments?post=628015"}],"version-history":[{"count":1,"href":"https:\/\/bahiaeconomica.com.br\/wp\/wp-json\/wp\/v2\/posts\/628015\/revisions"}],"predecessor-version":[{"id":628018,"href":"https:\/\/bahiaeconomica.com.br\/wp\/wp-json\/wp\/v2\/posts\/628015\/revisions\/628018"}],"wp:featuredmedia":[{"embeddable":true,"href":"https:\/\/bahiaeconomica.com.br\/wp\/wp-json\/wp\/v2\/media\/628017"}],"wp:attachment":[{"href":"https:\/\/bahiaeconomica.com.br\/wp\/wp-json\/wp\/v2\/media?parent=628015"}],"wp:term":[{"taxonomy":"category","embeddable":true,"href":"https:\/\/bahiaeconomica.com.br\/wp\/wp-json\/wp\/v2\/categories?post=628015"},{"taxonomy":"post_tag","embeddable":true,"href":"https:\/\/bahiaeconomica.com.br\/wp\/wp-json\/wp\/v2\/tags?post=628015"}],"curies":[{"name":"wp","href":"https:\/\/api.w.org\/{rel}","templated":true}]}}