{"id":625514,"date":"2021-12-24T09:20:10","date_gmt":"2021-12-24T12:20:10","guid":{"rendered":"https:\/\/bahiaeconomica.com.br\/wp\/beta\/?p=625514"},"modified":"2021-12-24T09:04:58","modified_gmt":"2021-12-24T12:04:58","slug":"obras-em-cacha-pregos-tem-previsao-de-entrega-para-antes-do-reveillon","status":"publish","type":"post","link":"https:\/\/bahiaeconomica.com.br\/wp\/2021\/12\/24\/obras-em-cacha-pregos-tem-previsao-de-entrega-para-antes-do-reveillon\/","title":{"rendered":"OBRAS EM CACHA PREGOS T\u00caM PREVIS\u00c3O PARA ANTES DO R\u00c9VEILLON"},"content":{"rendered":"<p>A praia de Cacha Pregos, na Ilha de Itaparica, vai entrar pelo segundo ano consecutivo na alta esta\u00e7\u00e3o vivendo os transtornos das obras do terminal tur\u00edstico e base n\u00e1utica que est\u00e3o sendo constru\u00eddos na localidade, pertencentes ao munic\u00edpio de Vera Cruz.<!--more--><\/p>\n<p>As obras fazem parte do Programa Nacional de Desenvolvimento do Turismo (Prodetur) na Bahia e s\u00e3o executadas pela Secretaria de Turismo do Estado. Os trabalhos come\u00e7aram em outubro do ano passado com previs\u00e3o de terminar em outubro deste ano, mas j\u00e1 est\u00e3o atrasados h\u00e1 dois meses.<\/p>\n<p>A requalifica\u00e7\u00e3o do atracadouro, que agora passa a contar com 18 vagas molhadas e um posto de gasolina, j\u00e1 est\u00e1 quase pronto. No entanto, o entorno que abriga grande parte da orla de Cacha Pregos ainda est\u00e1 cercado por tapumes de alum\u00ednio. Por tr\u00e1s deles est\u00e3o os novos quiosques e a regi\u00e3o da pra\u00e7a e anfiteatro.<\/p>\n<p>A maior parte da \u00e1rea de circula\u00e7\u00e3o da orla est\u00e1 isolada, \u00e0s v\u00e9speras do Natal e do R\u00e9veillon, quando a localidade recebe um grande n\u00famero de visitantes.<\/p>\n<p>O secret\u00e1rio de Turismo, Maur\u00edcio Bacelar, garantiu ao Metro1 que o trecho onde est\u00e3o os quiosques ser\u00e1 entregue antes do R\u00e9veillon. \u201cNos reunimos com a prefeitura de Vera Cruz, que far\u00e1 a administra\u00e7\u00e3o do espa\u00e7o. Os permission\u00e1rios passaram por capacita\u00e7\u00e3o e requalifica\u00e7\u00e3o e at\u00e9 o R\u00e9veillon os equipamentos ser\u00e3o entregues\u201d. Bacelar disse que o trecho da obra da marina ser\u00e1 entregue at\u00e9 o final de janeiro de 2022. O local vai ser alvo de licita\u00e7\u00e3o para ser administrado pela iniciativa privada.<\/p>\n<p>O secret\u00e1rio apontou dois motivos para o atraso nas obras. O primeiro relativo \u00e0 pandemia do coronav\u00edrus e o segundo se refere \u00e0s dificuldades t\u00e9cnicas na&nbsp; constru\u00e7\u00e3o da marina. \u201cA obra est\u00e1 dividida em dois trechos, o da marina e o da \u00e1rea do entorno. Houve um atraso na execu\u00e7\u00e3o do atracadouro por causa das fortes correntes marinhas que passam pela frente da marina\u201d, explica.<\/p>\n<p>As obras em Cacha Pregos est\u00e3o or\u00e7adas em R$ 12 milh\u00f5es e s\u00e3o tocadas pela empresa Pejota. Elas fazem parte de um pacote com outras 13 interven\u00e7\u00f5es em outras cidades para melhorar a infraestrutura tur\u00edstica e fortalecer a cadeia produtiva, a gest\u00e3o e a promo\u00e7\u00e3o do turismo em toda a Ba\u00eda de Todos-os-Santos (BTS). Os trabalhos s\u00e3o viabilizados a partir do financiamento de R$ 400 milh\u00f5es feito pelo Banco Interamericano de Desenvolvimento (BID), quantia a ser paga parceladamente pelo Governo do Estado.<\/p>\n","protected":false},"excerpt":{"rendered":"<p>A praia de Cacha Pregos, na Ilha de Itaparica, vai entrar pelo segundo ano consecutivo na alta esta\u00e7\u00e3o vivendo os transtornos das obras do terminal tur\u00edstico e base n\u00e1utica que est\u00e3o sendo constru\u00eddos na localidade, pertencentes ao munic\u00edpio de Vera Cruz.<\/p>\n","protected":false},"author":1,"featured_media":625521,"comment_status":"closed","ping_status":"closed","sticky":false,"template":"","format":"standard","meta":[],"categories":[5],"tags":[2122,2555,1147],"acf":[],"yoast_head":"<!-- This site is optimized with the Yoast SEO plugin v20.8 - https:\/\/yoast.com\/wordpress\/plugins\/seo\/ -->\n<title>OBRAS EM CACHA PREGOS T\u00caM PREVIS\u00c3O PARA ANTES DO R\u00c9VEILLON - Bahia Economica<\/title>\n<meta name=\"description\" content=\"O maior portal de Economia da Bahia MUNIC\u00cdPIOS Bahia Economica\" \/>\n<meta name=\"robots\" content=\"index, follow, max-snippet:-1, max-image-preview:large, max-video-preview:-1\" \/>\n<link rel=\"canonical\" href=\"https:\/\/bahiaeconomica.com.br\/wp\/2021\/12\/24\/obras-em-cacha-pregos-tem-previsao-de-entrega-para-antes-do-reveillon\/\" \/>\n<meta property=\"og:locale\" content=\"pt_BR\" \/>\n<meta property=\"og:type\" content=\"article\" \/>\n<meta property=\"og:title\" content=\"OBRAS EM CACHA PREGOS T\u00caM PREVIS\u00c3O PARA ANTES DO R\u00c9VEILLON - Bahia Economica\" \/>\n<meta property=\"og:description\" content=\"O maior portal de Economia da Bahia MUNIC\u00cdPIOS Bahia Economica\" \/>\n<meta property=\"og:url\" content=\"https:\/\/bahiaeconomica.com.br\/wp\/2021\/12\/24\/obras-em-cacha-pregos-tem-previsao-de-entrega-para-antes-do-reveillon\/\" \/>\n<meta property=\"og:site_name\" content=\"Bahia Economica\" \/>\n<meta property=\"article:publisher\" content=\"https:\/\/www.facebook.com\/bahiaeconomica\" \/>\n<meta property=\"article:published_time\" content=\"2021-12-24T12:20:10+00:00\" \/>\n<meta property=\"article:modified_time\" content=\"2021-12-24T12:04:58+00:00\" \/>\n<meta property=\"og:image\" content=\"https:\/\/bahiaeconomica.com.br\/wp\/wp-content\/uploads\/2021\/12\/116880atrasadas-obras-em-cacha-pregos-serao-entregues-antes-do-reveillon-garante-secretario-de-turismo-3.jpg\" \/>\n\t<meta property=\"og:image:width\" content=\"1600\" \/>\n\t<meta property=\"og:image:height\" content=\"752\" \/>\n\t<meta property=\"og:image:type\" content=\"image\/jpeg\" \/>\n<meta name=\"author\" content=\"admin\" \/>\n<meta name=\"twitter:card\" content=\"summary_large_image\" \/>\n<meta name=\"twitter:label1\" content=\"Escrito por\" \/>\n\t<meta name=\"twitter:data1\" content=\"admin\" \/>\n\t<meta name=\"twitter:label2\" content=\"Est. tempo de leitura\" \/>\n\t<meta name=\"twitter:data2\" content=\"2 minutos\" \/>\n<script type=\"application\/ld+json\" class=\"yoast-schema-graph\">{\"@context\":\"https:\/\/schema.org\",\"@graph\":[{\"@type\":\"Article\",\"@id\":\"https:\/\/bahiaeconomica.com.br\/wp\/2021\/12\/24\/obras-em-cacha-pregos-tem-previsao-de-entrega-para-antes-do-reveillon\/#article\",\"isPartOf\":{\"@id\":\"https:\/\/bahiaeconomica.com.br\/wp\/2021\/12\/24\/obras-em-cacha-pregos-tem-previsao-de-entrega-para-antes-do-reveillon\/\"},\"author\":{\"name\":\"admin\",\"@id\":\"https:\/\/bahiaeconomica.com.br\/wp\/#\/schema\/person\/cb1ab5ba96ad3d9390805381c76284ec\"},\"headline\":\"OBRAS EM CACHA PREGOS T\u00caM PREVIS\u00c3O PARA ANTES DO R\u00c9VEILLON\",\"datePublished\":\"2021-12-24T12:20:10+00:00\",\"dateModified\":\"2021-12-24T12:04:58+00:00\",\"mainEntityOfPage\":{\"@id\":\"https:\/\/bahiaeconomica.com.br\/wp\/2021\/12\/24\/obras-em-cacha-pregos-tem-previsao-de-entrega-para-antes-do-reveillon\/\"},\"wordCount\":454,\"publisher\":{\"@id\":\"https:\/\/bahiaeconomica.com.br\/wp\/#organization\"},\"keywords\":[\"atraso\",\"cacha pregos\",\"obra\"],\"articleSection\":[\"MUNIC\u00cdPIOS\"],\"inLanguage\":\"pt-BR\"},{\"@type\":\"WebPage\",\"@id\":\"https:\/\/bahiaeconomica.com.br\/wp\/2021\/12\/24\/obras-em-cacha-pregos-tem-previsao-de-entrega-para-antes-do-reveillon\/\",\"url\":\"https:\/\/bahiaeconomica.com.br\/wp\/2021\/12\/24\/obras-em-cacha-pregos-tem-previsao-de-entrega-para-antes-do-reveillon\/\",\"name\":\"OBRAS EM CACHA PREGOS T\u00caM PREVIS\u00c3O PARA ANTES DO R\u00c9VEILLON - Bahia Economica\",\"isPartOf\":{\"@id\":\"https:\/\/bahiaeconomica.com.br\/wp\/#website\"},\"datePublished\":\"2021-12-24T12:20:10+00:00\",\"dateModified\":\"2021-12-24T12:04:58+00:00\",\"description\":\"O maior portal de Economia da Bahia MUNIC\u00cdPIOS Bahia Economica\",\"breadcrumb\":{\"@id\":\"https:\/\/bahiaeconomica.com.br\/wp\/2021\/12\/24\/obras-em-cacha-pregos-tem-previsao-de-entrega-para-antes-do-reveillon\/#breadcrumb\"},\"inLanguage\":\"pt-BR\",\"potentialAction\":[{\"@type\":\"ReadAction\",\"target\":[\"https:\/\/bahiaeconomica.com.br\/wp\/2021\/12\/24\/obras-em-cacha-pregos-tem-previsao-de-entrega-para-antes-do-reveillon\/\"]}]},{\"@type\":\"BreadcrumbList\",\"@id\":\"https:\/\/bahiaeconomica.com.br\/wp\/2021\/12\/24\/obras-em-cacha-pregos-tem-previsao-de-entrega-para-antes-do-reveillon\/#breadcrumb\",\"itemListElement\":[{\"@type\":\"ListItem\",\"position\":1,\"name\":\"In\u00edcio\",\"item\":\"https:\/\/bahiaeconomica.com.br\/wp\/\"},{\"@type\":\"ListItem\",\"position\":2,\"name\":\"OBRAS EM CACHA PREGOS T\u00caM PREVIS\u00c3O PARA ANTES DO R\u00c9VEILLON\"}]},{\"@type\":\"WebSite\",\"@id\":\"https:\/\/bahiaeconomica.com.br\/wp\/#website\",\"url\":\"https:\/\/bahiaeconomica.com.br\/wp\/\",\"name\":\"Bahia Economica\",\"description\":\"O maior portal de Economia da Bahia\",\"publisher\":{\"@id\":\"https:\/\/bahiaeconomica.com.br\/wp\/#organization\"},\"potentialAction\":[{\"@type\":\"SearchAction\",\"target\":{\"@type\":\"EntryPoint\",\"urlTemplate\":\"https:\/\/bahiaeconomica.com.br\/wp\/?s={search_term_string}\"},\"query-input\":\"required name=search_term_string\"}],\"inLanguage\":\"pt-BR\"},{\"@type\":\"Organization\",\"@id\":\"https:\/\/bahiaeconomica.com.br\/wp\/#organization\",\"name\":\"Bahia Econ\u00f4mica\",\"url\":\"https:\/\/bahiaeconomica.com.br\/wp\/\",\"logo\":{\"@type\":\"ImageObject\",\"inLanguage\":\"pt-BR\",\"@id\":\"https:\/\/bahiaeconomica.com.br\/wp\/#\/schema\/logo\/image\/\",\"url\":\"https:\/\/bahiaeconomica.com.br\/wp\/wp-content\/uploads\/2020\/12\/cropped-BE.png\",\"contentUrl\":\"https:\/\/bahiaeconomica.com.br\/wp\/wp-content\/uploads\/2020\/12\/cropped-BE.png\",\"width\":512,\"height\":512,\"caption\":\"Bahia Econ\u00f4mica\"},\"image\":{\"@id\":\"https:\/\/bahiaeconomica.com.br\/wp\/#\/schema\/logo\/image\/\"},\"sameAs\":[\"https:\/\/www.facebook.com\/bahiaeconomica\"]},{\"@type\":\"Person\",\"@id\":\"https:\/\/bahiaeconomica.com.br\/wp\/#\/schema\/person\/cb1ab5ba96ad3d9390805381c76284ec\",\"name\":\"admin\",\"url\":\"https:\/\/bahiaeconomica.com.br\/wp\/author\/admin\/\"}]}<\/script>\n<!-- \/ Yoast SEO plugin. -->","yoast_head_json":{"title":"OBRAS EM CACHA PREGOS T\u00caM PREVIS\u00c3O PARA ANTES DO R\u00c9VEILLON - Bahia Economica","description":"O maior portal de Economia da Bahia MUNIC\u00cdPIOS Bahia Economica","robots":{"index":"index","follow":"follow","max-snippet":"max-snippet:-1","max-image-preview":"max-image-preview:large","max-video-preview":"max-video-preview:-1"},"canonical":"https:\/\/bahiaeconomica.com.br\/wp\/2021\/12\/24\/obras-em-cacha-pregos-tem-previsao-de-entrega-para-antes-do-reveillon\/","og_locale":"pt_BR","og_type":"article","og_title":"OBRAS EM CACHA PREGOS T\u00caM PREVIS\u00c3O PARA ANTES DO R\u00c9VEILLON - Bahia Economica","og_description":"O maior portal de Economia da Bahia MUNIC\u00cdPIOS Bahia Economica","og_url":"https:\/\/bahiaeconomica.com.br\/wp\/2021\/12\/24\/obras-em-cacha-pregos-tem-previsao-de-entrega-para-antes-do-reveillon\/","og_site_name":"Bahia Economica","article_publisher":"https:\/\/www.facebook.com\/bahiaeconomica","article_published_time":"2021-12-24T12:20:10+00:00","article_modified_time":"2021-12-24T12:04:58+00:00","og_image":[{"width":1600,"height":752,"url":"https:\/\/bahiaeconomica.com.br\/wp\/wp-content\/uploads\/2021\/12\/116880atrasadas-obras-em-cacha-pregos-serao-entregues-antes-do-reveillon-garante-secretario-de-turismo-3.jpg","type":"image\/jpeg"}],"author":"admin","twitter_card":"summary_large_image","twitter_misc":{"Escrito por":"admin","Est. tempo de leitura":"2 minutos"},"schema":{"@context":"https:\/\/schema.org","@graph":[{"@type":"Article","@id":"https:\/\/bahiaeconomica.com.br\/wp\/2021\/12\/24\/obras-em-cacha-pregos-tem-previsao-de-entrega-para-antes-do-reveillon\/#article","isPartOf":{"@id":"https:\/\/bahiaeconomica.com.br\/wp\/2021\/12\/24\/obras-em-cacha-pregos-tem-previsao-de-entrega-para-antes-do-reveillon\/"},"author":{"name":"admin","@id":"https:\/\/bahiaeconomica.com.br\/wp\/#\/schema\/person\/cb1ab5ba96ad3d9390805381c76284ec"},"headline":"OBRAS EM CACHA PREGOS T\u00caM PREVIS\u00c3O PARA ANTES DO R\u00c9VEILLON","datePublished":"2021-12-24T12:20:10+00:00","dateModified":"2021-12-24T12:04:58+00:00","mainEntityOfPage":{"@id":"https:\/\/bahiaeconomica.com.br\/wp\/2021\/12\/24\/obras-em-cacha-pregos-tem-previsao-de-entrega-para-antes-do-reveillon\/"},"wordCount":454,"publisher":{"@id":"https:\/\/bahiaeconomica.com.br\/wp\/#organization"},"keywords":["atraso","cacha pregos","obra"],"articleSection":["MUNIC\u00cdPIOS"],"inLanguage":"pt-BR"},{"@type":"WebPage","@id":"https:\/\/bahiaeconomica.com.br\/wp\/2021\/12\/24\/obras-em-cacha-pregos-tem-previsao-de-entrega-para-antes-do-reveillon\/","url":"https:\/\/bahiaeconomica.com.br\/wp\/2021\/12\/24\/obras-em-cacha-pregos-tem-previsao-de-entrega-para-antes-do-reveillon\/","name":"OBRAS EM CACHA PREGOS T\u00caM PREVIS\u00c3O PARA ANTES DO R\u00c9VEILLON - Bahia Economica","isPartOf":{"@id":"https:\/\/bahiaeconomica.com.br\/wp\/#website"},"datePublished":"2021-12-24T12:20:10+00:00","dateModified":"2021-12-24T12:04:58+00:00","description":"O maior portal de Economia da Bahia MUNIC\u00cdPIOS Bahia Economica","breadcrumb":{"@id":"https:\/\/bahiaeconomica.com.br\/wp\/2021\/12\/24\/obras-em-cacha-pregos-tem-previsao-de-entrega-para-antes-do-reveillon\/#breadcrumb"},"inLanguage":"pt-BR","potentialAction":[{"@type":"ReadAction","target":["https:\/\/bahiaeconomica.com.br\/wp\/2021\/12\/24\/obras-em-cacha-pregos-tem-previsao-de-entrega-para-antes-do-reveillon\/"]}]},{"@type":"BreadcrumbList","@id":"https:\/\/bahiaeconomica.com.br\/wp\/2021\/12\/24\/obras-em-cacha-pregos-tem-previsao-de-entrega-para-antes-do-reveillon\/#breadcrumb","itemListElement":[{"@type":"ListItem","position":1,"name":"In\u00edcio","item":"https:\/\/bahiaeconomica.com.br\/wp\/"},{"@type":"ListItem","position":2,"name":"OBRAS EM CACHA PREGOS T\u00caM PREVIS\u00c3O PARA ANTES DO R\u00c9VEILLON"}]},{"@type":"WebSite","@id":"https:\/\/bahiaeconomica.com.br\/wp\/#website","url":"https:\/\/bahiaeconomica.com.br\/wp\/","name":"Bahia Economica","description":"O maior portal de Economia da Bahia","publisher":{"@id":"https:\/\/bahiaeconomica.com.br\/wp\/#organization"},"potentialAction":[{"@type":"SearchAction","target":{"@type":"EntryPoint","urlTemplate":"https:\/\/bahiaeconomica.com.br\/wp\/?s={search_term_string}"},"query-input":"required name=search_term_string"}],"inLanguage":"pt-BR"},{"@type":"Organization","@id":"https:\/\/bahiaeconomica.com.br\/wp\/#organization","name":"Bahia Econ\u00f4mica","url":"https:\/\/bahiaeconomica.com.br\/wp\/","logo":{"@type":"ImageObject","inLanguage":"pt-BR","@id":"https:\/\/bahiaeconomica.com.br\/wp\/#\/schema\/logo\/image\/","url":"https:\/\/bahiaeconomica.com.br\/wp\/wp-content\/uploads\/2020\/12\/cropped-BE.png","contentUrl":"https:\/\/bahiaeconomica.com.br\/wp\/wp-content\/uploads\/2020\/12\/cropped-BE.png","width":512,"height":512,"caption":"Bahia Econ\u00f4mica"},"image":{"@id":"https:\/\/bahiaeconomica.com.br\/wp\/#\/schema\/logo\/image\/"},"sameAs":["https:\/\/www.facebook.com\/bahiaeconomica"]},{"@type":"Person","@id":"https:\/\/bahiaeconomica.com.br\/wp\/#\/schema\/person\/cb1ab5ba96ad3d9390805381c76284ec","name":"admin","url":"https:\/\/bahiaeconomica.com.br\/wp\/author\/admin\/"}]}},"views":31,"_links":{"self":[{"href":"https:\/\/bahiaeconomica.com.br\/wp\/wp-json\/wp\/v2\/posts\/625514"}],"collection":[{"href":"https:\/\/bahiaeconomica.com.br\/wp\/wp-json\/wp\/v2\/posts"}],"about":[{"href":"https:\/\/bahiaeconomica.com.br\/wp\/wp-json\/wp\/v2\/types\/post"}],"author":[{"embeddable":true,"href":"https:\/\/bahiaeconomica.com.br\/wp\/wp-json\/wp\/v2\/users\/1"}],"replies":[{"embeddable":true,"href":"https:\/\/bahiaeconomica.com.br\/wp\/wp-json\/wp\/v2\/comments?post=625514"}],"version-history":[{"count":2,"href":"https:\/\/bahiaeconomica.com.br\/wp\/wp-json\/wp\/v2\/posts\/625514\/revisions"}],"predecessor-version":[{"id":625524,"href":"https:\/\/bahiaeconomica.com.br\/wp\/wp-json\/wp\/v2\/posts\/625514\/revisions\/625524"}],"wp:featuredmedia":[{"embeddable":true,"href":"https:\/\/bahiaeconomica.com.br\/wp\/wp-json\/wp\/v2\/media\/625521"}],"wp:attachment":[{"href":"https:\/\/bahiaeconomica.com.br\/wp\/wp-json\/wp\/v2\/media?parent=625514"}],"wp:term":[{"taxonomy":"category","embeddable":true,"href":"https:\/\/bahiaeconomica.com.br\/wp\/wp-json\/wp\/v2\/categories?post=625514"},{"taxonomy":"post_tag","embeddable":true,"href":"https:\/\/bahiaeconomica.com.br\/wp\/wp-json\/wp\/v2\/tags?post=625514"}],"curies":[{"name":"wp","href":"https:\/\/api.w.org\/{rel}","templated":true}]}}