{"id":624153,"date":"2021-12-17T16:07:43","date_gmt":"2021-12-17T19:07:43","guid":{"rendered":"https:\/\/bahiaeconomica.com.br\/wp\/beta\/?p=624153"},"modified":"2021-12-17T16:09:35","modified_gmt":"2021-12-17T19:09:35","slug":"acao-da-fecomercio-ba-vai-doar-5-mil-cestas-basicas-ao-extremo-sul","status":"publish","type":"post","link":"https:\/\/bahiaeconomica.com.br\/wp\/2021\/12\/17\/acao-da-fecomercio-ba-vai-doar-5-mil-cestas-basicas-ao-extremo-sul\/","title":{"rendered":"A\u00c7\u00c3O DA FECOM\u00c9RCIO-BA VAI DOAR 5 MIL CESTAS B\u00c1SICAS AO EXTREMO SUL"},"content":{"rendered":"<p>Com o apoio da Confedera\u00e7\u00e3o Nacional do Com\u00e9rcio de Bens, Servi\u00e7os e Turismo (CNC), a Fecom\u00e9rcio-BA vai destinar 5 mil cestas b\u00e1sicas \u00e0 popula\u00e7\u00e3o do Extremo Sul da Bahia, atingida por essas fortes chuvas<!--more-->A a\u00e7\u00e3o tem mobilizado o empresariado diante dessa trag\u00e9dia.<\/p>\n<p>A inciativa faz parte da campanha Natal Solid\u00e1rio do Sistema Fecom\u00e9rcio-BA. \u201cLogo que soube das dificuldades que a regi\u00e3o&nbsp; est\u00e1 enfrentando, entramos em contato com a Confedera\u00e7\u00e3o Nacional do Com\u00e9rcio. De forma imediata, o presidente Jos\u00e9 Roberto Tadros autorizou a aquisi\u00e7\u00e3o de 5 mil cestas b\u00e1sicas para a distribui\u00e7\u00e3o atrav\u00e9s do Mesa Brasil Sesc nas cidades que mais est\u00e3o necessitando nesse momento dif\u00edcil\u201d,&nbsp;explica Carlos de Souza Andrade, presidente do Sistema Fecom\u00e9rcio-BA.<\/p>\n<p>Segundo o presidente, as institui\u00e7\u00f5es est\u00e3o empenhadas para que a chegada das cestas b\u00e1sicas nas cidades mais necessitadas ocorra o mais breve poss\u00edvel e a distribui\u00e7\u00e3o ser\u00e1 feita com a ajuda do Programa Mesa Brasil Sesc, parceiro log\u00edstico da campanha Natal Solid\u00e1rio.<\/p>\n<p>Para quem deseja ajudar, a Defesa Civil indica como mais necess\u00e1rio: \u00e1gua pot\u00e1vel, alimentos estoc\u00e1veis instant\u00e2neos e prontos para consumo como biscoitos, cereais, leites, sucos, enlatados e achocolatados, produtos infantis como mamadeiras e fraldas, artigos para limpeza dom\u00e9stica e de higiene pessoal e roupas. Mais informa\u00e7\u00f5es no&nbsp;(73) 3291-8000.<\/p>\n<p>&nbsp;<\/p>\n<p>&nbsp;<\/p>\n<p>Foto: Secom\/PMS<\/p>\n","protected":false},"excerpt":{"rendered":"<p>Com o apoio da Confedera\u00e7\u00e3o Nacional do Com\u00e9rcio de Bens, Servi\u00e7os e Turismo (CNC), a Fecom\u00e9rcio-BA vai destinar 5 mil cestas b\u00e1sicas \u00e0 popula\u00e7\u00e3o do Extremo Sul da Bahia, atingida por essas fortes chuvas<\/p>\n","protected":false},"author":1,"featured_media":624155,"comment_status":"closed","ping_status":"closed","sticky":false,"template":"","format":"standard","meta":[],"categories":[14,3],"tags":[85,526,2430,268,1196,2139],"acf":[],"yoast_head":"<!-- This site is optimized with the Yoast SEO plugin v20.8 - https:\/\/yoast.com\/wordpress\/plugins\/seo\/ -->\n<title>A\u00c7\u00c3O DA FECOM\u00c9RCIO-BA VAI DOAR 5 MIL CESTAS B\u00c1SICAS AO EXTREMO SUL - Bahia Economica<\/title>\n<meta name=\"description\" content=\"O maior portal de Economia da Bahia DESTAQUE DO DIA, ECONOMIA \/ POL\u00cdTICA Bahia Economica\" \/>\n<meta name=\"robots\" content=\"index, follow, max-snippet:-1, max-image-preview:large, max-video-preview:-1\" \/>\n<link rel=\"canonical\" href=\"https:\/\/bahiaeconomica.com.br\/wp\/2021\/12\/17\/acao-da-fecomercio-ba-vai-doar-5-mil-cestas-basicas-ao-extremo-sul\/\" \/>\n<meta property=\"og:locale\" content=\"pt_BR\" \/>\n<meta property=\"og:type\" content=\"article\" \/>\n<meta property=\"og:title\" content=\"A\u00c7\u00c3O DA FECOM\u00c9RCIO-BA VAI DOAR 5 MIL CESTAS B\u00c1SICAS AO EXTREMO SUL - Bahia Economica\" \/>\n<meta property=\"og:description\" content=\"O maior portal de Economia da Bahia DESTAQUE DO DIA, ECONOMIA \/ POL\u00cdTICA Bahia Economica\" \/>\n<meta property=\"og:url\" content=\"https:\/\/bahiaeconomica.com.br\/wp\/2021\/12\/17\/acao-da-fecomercio-ba-vai-doar-5-mil-cestas-basicas-ao-extremo-sul\/\" \/>\n<meta property=\"og:site_name\" content=\"Bahia Economica\" \/>\n<meta property=\"article:publisher\" content=\"https:\/\/www.facebook.com\/bahiaeconomica\" \/>\n<meta property=\"article:published_time\" content=\"2021-12-17T19:07:43+00:00\" \/>\n<meta property=\"article:modified_time\" content=\"2021-12-17T19:09:35+00:00\" \/>\n<meta property=\"og:image\" content=\"https:\/\/bahiaeconomica.com.br\/wp\/wp-content\/uploads\/2021\/12\/cestas_basicas_1.jpeg\" \/>\n\t<meta property=\"og:image:width\" content=\"500\" \/>\n\t<meta property=\"og:image:height\" content=\"300\" \/>\n\t<meta property=\"og:image:type\" content=\"image\/jpeg\" \/>\n<meta name=\"author\" content=\"admin\" \/>\n<meta name=\"twitter:card\" content=\"summary_large_image\" \/>\n<meta name=\"twitter:label1\" content=\"Escrito por\" \/>\n\t<meta name=\"twitter:data1\" content=\"admin\" \/>\n\t<meta name=\"twitter:label2\" content=\"Est. tempo de leitura\" \/>\n\t<meta name=\"twitter:data2\" content=\"1 minuto\" \/>\n<script type=\"application\/ld+json\" class=\"yoast-schema-graph\">{\"@context\":\"https:\/\/schema.org\",\"@graph\":[{\"@type\":\"Article\",\"@id\":\"https:\/\/bahiaeconomica.com.br\/wp\/2021\/12\/17\/acao-da-fecomercio-ba-vai-doar-5-mil-cestas-basicas-ao-extremo-sul\/#article\",\"isPartOf\":{\"@id\":\"https:\/\/bahiaeconomica.com.br\/wp\/2021\/12\/17\/acao-da-fecomercio-ba-vai-doar-5-mil-cestas-basicas-ao-extremo-sul\/\"},\"author\":{\"name\":\"admin\",\"@id\":\"https:\/\/bahiaeconomica.com.br\/wp\/#\/schema\/person\/cb1ab5ba96ad3d9390805381c76284ec\"},\"headline\":\"A\u00c7\u00c3O DA FECOM\u00c9RCIO-BA VAI DOAR 5 MIL CESTAS B\u00c1SICAS AO EXTREMO SUL\",\"datePublished\":\"2021-12-17T19:07:43+00:00\",\"dateModified\":\"2021-12-17T19:09:35+00:00\",\"mainEntityOfPage\":{\"@id\":\"https:\/\/bahiaeconomica.com.br\/wp\/2021\/12\/17\/acao-da-fecomercio-ba-vai-doar-5-mil-cestas-basicas-ao-extremo-sul\/\"},\"wordCount\":256,\"publisher\":{\"@id\":\"https:\/\/bahiaeconomica.com.br\/wp\/#organization\"},\"keywords\":[\"Bahia\",\"Campanha\",\"extremo\",\"Fecom\u00e9rcio\",\"natal\",\"sul\"],\"articleSection\":[\"DESTAQUE DO DIA\",\"ECONOMIA \/ POL\u00cdTICA\"],\"inLanguage\":\"pt-BR\"},{\"@type\":\"WebPage\",\"@id\":\"https:\/\/bahiaeconomica.com.br\/wp\/2021\/12\/17\/acao-da-fecomercio-ba-vai-doar-5-mil-cestas-basicas-ao-extremo-sul\/\",\"url\":\"https:\/\/bahiaeconomica.com.br\/wp\/2021\/12\/17\/acao-da-fecomercio-ba-vai-doar-5-mil-cestas-basicas-ao-extremo-sul\/\",\"name\":\"A\u00c7\u00c3O DA FECOM\u00c9RCIO-BA VAI DOAR 5 MIL CESTAS B\u00c1SICAS AO EXTREMO SUL - Bahia Economica\",\"isPartOf\":{\"@id\":\"https:\/\/bahiaeconomica.com.br\/wp\/#website\"},\"datePublished\":\"2021-12-17T19:07:43+00:00\",\"dateModified\":\"2021-12-17T19:09:35+00:00\",\"description\":\"O maior portal de Economia da Bahia DESTAQUE DO DIA, ECONOMIA \/ POL\u00cdTICA Bahia Economica\",\"breadcrumb\":{\"@id\":\"https:\/\/bahiaeconomica.com.br\/wp\/2021\/12\/17\/acao-da-fecomercio-ba-vai-doar-5-mil-cestas-basicas-ao-extremo-sul\/#breadcrumb\"},\"inLanguage\":\"pt-BR\",\"potentialAction\":[{\"@type\":\"ReadAction\",\"target\":[\"https:\/\/bahiaeconomica.com.br\/wp\/2021\/12\/17\/acao-da-fecomercio-ba-vai-doar-5-mil-cestas-basicas-ao-extremo-sul\/\"]}]},{\"@type\":\"BreadcrumbList\",\"@id\":\"https:\/\/bahiaeconomica.com.br\/wp\/2021\/12\/17\/acao-da-fecomercio-ba-vai-doar-5-mil-cestas-basicas-ao-extremo-sul\/#breadcrumb\",\"itemListElement\":[{\"@type\":\"ListItem\",\"position\":1,\"name\":\"In\u00edcio\",\"item\":\"https:\/\/bahiaeconomica.com.br\/wp\/\"},{\"@type\":\"ListItem\",\"position\":2,\"name\":\"A\u00c7\u00c3O DA FECOM\u00c9RCIO-BA VAI DOAR 5 MIL CESTAS B\u00c1SICAS AO EXTREMO SUL\"}]},{\"@type\":\"WebSite\",\"@id\":\"https:\/\/bahiaeconomica.com.br\/wp\/#website\",\"url\":\"https:\/\/bahiaeconomica.com.br\/wp\/\",\"name\":\"Bahia Economica\",\"description\":\"O maior portal de Economia da Bahia\",\"publisher\":{\"@id\":\"https:\/\/bahiaeconomica.com.br\/wp\/#organization\"},\"potentialAction\":[{\"@type\":\"SearchAction\",\"target\":{\"@type\":\"EntryPoint\",\"urlTemplate\":\"https:\/\/bahiaeconomica.com.br\/wp\/?s={search_term_string}\"},\"query-input\":\"required name=search_term_string\"}],\"inLanguage\":\"pt-BR\"},{\"@type\":\"Organization\",\"@id\":\"https:\/\/bahiaeconomica.com.br\/wp\/#organization\",\"name\":\"Bahia Econ\u00f4mica\",\"url\":\"https:\/\/bahiaeconomica.com.br\/wp\/\",\"logo\":{\"@type\":\"ImageObject\",\"inLanguage\":\"pt-BR\",\"@id\":\"https:\/\/bahiaeconomica.com.br\/wp\/#\/schema\/logo\/image\/\",\"url\":\"https:\/\/bahiaeconomica.com.br\/wp\/wp-content\/uploads\/2020\/12\/cropped-BE.png\",\"contentUrl\":\"https:\/\/bahiaeconomica.com.br\/wp\/wp-content\/uploads\/2020\/12\/cropped-BE.png\",\"width\":512,\"height\":512,\"caption\":\"Bahia Econ\u00f4mica\"},\"image\":{\"@id\":\"https:\/\/bahiaeconomica.com.br\/wp\/#\/schema\/logo\/image\/\"},\"sameAs\":[\"https:\/\/www.facebook.com\/bahiaeconomica\"]},{\"@type\":\"Person\",\"@id\":\"https:\/\/bahiaeconomica.com.br\/wp\/#\/schema\/person\/cb1ab5ba96ad3d9390805381c76284ec\",\"name\":\"admin\",\"url\":\"https:\/\/bahiaeconomica.com.br\/wp\/author\/admin\/\"}]}<\/script>\n<!-- \/ Yoast SEO plugin. -->","yoast_head_json":{"title":"A\u00c7\u00c3O DA FECOM\u00c9RCIO-BA VAI DOAR 5 MIL CESTAS B\u00c1SICAS AO EXTREMO SUL - Bahia Economica","description":"O maior portal de Economia da Bahia DESTAQUE DO DIA, ECONOMIA \/ POL\u00cdTICA Bahia Economica","robots":{"index":"index","follow":"follow","max-snippet":"max-snippet:-1","max-image-preview":"max-image-preview:large","max-video-preview":"max-video-preview:-1"},"canonical":"https:\/\/bahiaeconomica.com.br\/wp\/2021\/12\/17\/acao-da-fecomercio-ba-vai-doar-5-mil-cestas-basicas-ao-extremo-sul\/","og_locale":"pt_BR","og_type":"article","og_title":"A\u00c7\u00c3O DA FECOM\u00c9RCIO-BA VAI DOAR 5 MIL CESTAS B\u00c1SICAS AO EXTREMO SUL - Bahia Economica","og_description":"O maior portal de Economia da Bahia DESTAQUE DO DIA, ECONOMIA \/ POL\u00cdTICA Bahia Economica","og_url":"https:\/\/bahiaeconomica.com.br\/wp\/2021\/12\/17\/acao-da-fecomercio-ba-vai-doar-5-mil-cestas-basicas-ao-extremo-sul\/","og_site_name":"Bahia Economica","article_publisher":"https:\/\/www.facebook.com\/bahiaeconomica","article_published_time":"2021-12-17T19:07:43+00:00","article_modified_time":"2021-12-17T19:09:35+00:00","og_image":[{"width":500,"height":300,"url":"https:\/\/bahiaeconomica.com.br\/wp\/wp-content\/uploads\/2021\/12\/cestas_basicas_1.jpeg","type":"image\/jpeg"}],"author":"admin","twitter_card":"summary_large_image","twitter_misc":{"Escrito por":"admin","Est. tempo de leitura":"1 minuto"},"schema":{"@context":"https:\/\/schema.org","@graph":[{"@type":"Article","@id":"https:\/\/bahiaeconomica.com.br\/wp\/2021\/12\/17\/acao-da-fecomercio-ba-vai-doar-5-mil-cestas-basicas-ao-extremo-sul\/#article","isPartOf":{"@id":"https:\/\/bahiaeconomica.com.br\/wp\/2021\/12\/17\/acao-da-fecomercio-ba-vai-doar-5-mil-cestas-basicas-ao-extremo-sul\/"},"author":{"name":"admin","@id":"https:\/\/bahiaeconomica.com.br\/wp\/#\/schema\/person\/cb1ab5ba96ad3d9390805381c76284ec"},"headline":"A\u00c7\u00c3O DA FECOM\u00c9RCIO-BA VAI DOAR 5 MIL CESTAS B\u00c1SICAS AO EXTREMO SUL","datePublished":"2021-12-17T19:07:43+00:00","dateModified":"2021-12-17T19:09:35+00:00","mainEntityOfPage":{"@id":"https:\/\/bahiaeconomica.com.br\/wp\/2021\/12\/17\/acao-da-fecomercio-ba-vai-doar-5-mil-cestas-basicas-ao-extremo-sul\/"},"wordCount":256,"publisher":{"@id":"https:\/\/bahiaeconomica.com.br\/wp\/#organization"},"keywords":["Bahia","Campanha","extremo","Fecom\u00e9rcio","natal","sul"],"articleSection":["DESTAQUE DO DIA","ECONOMIA \/ POL\u00cdTICA"],"inLanguage":"pt-BR"},{"@type":"WebPage","@id":"https:\/\/bahiaeconomica.com.br\/wp\/2021\/12\/17\/acao-da-fecomercio-ba-vai-doar-5-mil-cestas-basicas-ao-extremo-sul\/","url":"https:\/\/bahiaeconomica.com.br\/wp\/2021\/12\/17\/acao-da-fecomercio-ba-vai-doar-5-mil-cestas-basicas-ao-extremo-sul\/","name":"A\u00c7\u00c3O DA FECOM\u00c9RCIO-BA VAI DOAR 5 MIL CESTAS B\u00c1SICAS AO EXTREMO SUL - Bahia Economica","isPartOf":{"@id":"https:\/\/bahiaeconomica.com.br\/wp\/#website"},"datePublished":"2021-12-17T19:07:43+00:00","dateModified":"2021-12-17T19:09:35+00:00","description":"O maior portal de Economia da Bahia DESTAQUE DO DIA, ECONOMIA \/ POL\u00cdTICA Bahia Economica","breadcrumb":{"@id":"https:\/\/bahiaeconomica.com.br\/wp\/2021\/12\/17\/acao-da-fecomercio-ba-vai-doar-5-mil-cestas-basicas-ao-extremo-sul\/#breadcrumb"},"inLanguage":"pt-BR","potentialAction":[{"@type":"ReadAction","target":["https:\/\/bahiaeconomica.com.br\/wp\/2021\/12\/17\/acao-da-fecomercio-ba-vai-doar-5-mil-cestas-basicas-ao-extremo-sul\/"]}]},{"@type":"BreadcrumbList","@id":"https:\/\/bahiaeconomica.com.br\/wp\/2021\/12\/17\/acao-da-fecomercio-ba-vai-doar-5-mil-cestas-basicas-ao-extremo-sul\/#breadcrumb","itemListElement":[{"@type":"ListItem","position":1,"name":"In\u00edcio","item":"https:\/\/bahiaeconomica.com.br\/wp\/"},{"@type":"ListItem","position":2,"name":"A\u00c7\u00c3O DA FECOM\u00c9RCIO-BA VAI DOAR 5 MIL CESTAS B\u00c1SICAS AO EXTREMO SUL"}]},{"@type":"WebSite","@id":"https:\/\/bahiaeconomica.com.br\/wp\/#website","url":"https:\/\/bahiaeconomica.com.br\/wp\/","name":"Bahia Economica","description":"O maior portal de Economia da Bahia","publisher":{"@id":"https:\/\/bahiaeconomica.com.br\/wp\/#organization"},"potentialAction":[{"@type":"SearchAction","target":{"@type":"EntryPoint","urlTemplate":"https:\/\/bahiaeconomica.com.br\/wp\/?s={search_term_string}"},"query-input":"required name=search_term_string"}],"inLanguage":"pt-BR"},{"@type":"Organization","@id":"https:\/\/bahiaeconomica.com.br\/wp\/#organization","name":"Bahia Econ\u00f4mica","url":"https:\/\/bahiaeconomica.com.br\/wp\/","logo":{"@type":"ImageObject","inLanguage":"pt-BR","@id":"https:\/\/bahiaeconomica.com.br\/wp\/#\/schema\/logo\/image\/","url":"https:\/\/bahiaeconomica.com.br\/wp\/wp-content\/uploads\/2020\/12\/cropped-BE.png","contentUrl":"https:\/\/bahiaeconomica.com.br\/wp\/wp-content\/uploads\/2020\/12\/cropped-BE.png","width":512,"height":512,"caption":"Bahia Econ\u00f4mica"},"image":{"@id":"https:\/\/bahiaeconomica.com.br\/wp\/#\/schema\/logo\/image\/"},"sameAs":["https:\/\/www.facebook.com\/bahiaeconomica"]},{"@type":"Person","@id":"https:\/\/bahiaeconomica.com.br\/wp\/#\/schema\/person\/cb1ab5ba96ad3d9390805381c76284ec","name":"admin","url":"https:\/\/bahiaeconomica.com.br\/wp\/author\/admin\/"}]}},"views":8,"_links":{"self":[{"href":"https:\/\/bahiaeconomica.com.br\/wp\/wp-json\/wp\/v2\/posts\/624153"}],"collection":[{"href":"https:\/\/bahiaeconomica.com.br\/wp\/wp-json\/wp\/v2\/posts"}],"about":[{"href":"https:\/\/bahiaeconomica.com.br\/wp\/wp-json\/wp\/v2\/types\/post"}],"author":[{"embeddable":true,"href":"https:\/\/bahiaeconomica.com.br\/wp\/wp-json\/wp\/v2\/users\/1"}],"replies":[{"embeddable":true,"href":"https:\/\/bahiaeconomica.com.br\/wp\/wp-json\/wp\/v2\/comments?post=624153"}],"version-history":[{"count":2,"href":"https:\/\/bahiaeconomica.com.br\/wp\/wp-json\/wp\/v2\/posts\/624153\/revisions"}],"predecessor-version":[{"id":624158,"href":"https:\/\/bahiaeconomica.com.br\/wp\/wp-json\/wp\/v2\/posts\/624153\/revisions\/624158"}],"wp:featuredmedia":[{"embeddable":true,"href":"https:\/\/bahiaeconomica.com.br\/wp\/wp-json\/wp\/v2\/media\/624155"}],"wp:attachment":[{"href":"https:\/\/bahiaeconomica.com.br\/wp\/wp-json\/wp\/v2\/media?parent=624153"}],"wp:term":[{"taxonomy":"category","embeddable":true,"href":"https:\/\/bahiaeconomica.com.br\/wp\/wp-json\/wp\/v2\/categories?post=624153"},{"taxonomy":"post_tag","embeddable":true,"href":"https:\/\/bahiaeconomica.com.br\/wp\/wp-json\/wp\/v2\/tags?post=624153"}],"curies":[{"name":"wp","href":"https:\/\/api.w.org\/{rel}","templated":true}]}}