{"id":624117,"date":"2021-12-17T14:58:51","date_gmt":"2021-12-17T17:58:51","guid":{"rendered":"https:\/\/bahiaeconomica.com.br\/wp\/beta\/?p=624117"},"modified":"2021-12-17T14:58:51","modified_gmt":"2021-12-17T17:58:51","slug":"cliente-conta-com-personal-shopper-para-compras-de-natal","status":"publish","type":"post","link":"https:\/\/bahiaeconomica.com.br\/wp\/2021\/12\/17\/cliente-conta-com-personal-shopper-para-compras-de-natal\/","title":{"rendered":"CLIENTE CONTA COM PERSONAL SHOPPER PARA COMPRAS DE NATAL"},"content":{"rendered":"<p>Fim de ano \u00e9 um corre-corre para decorar a casa para o Natal, planejar os reencontros e comprar os presentes dos familiares e amigos. Para ajudar nessa escolha dos presentes<!--more--> e agilizar a procura, o Shopping Paralela disponibiliza o servi\u00e7o de Personal Shopper, que seleciona os melhores produtos das lojas f\u00edsicas do centro de compras, e ainda entrega em casa, em at\u00e9 24h, sem custo adicional.<\/p>\n<p>O contato com o Personal Shopper \u00e9 realizado pelo (71) 9986- 2707 (whatsapp) e basta escolher a op\u00e7\u00e3o 4 do chat \u2013 compre online, depois, selecionar a op\u00e7\u00e3o 2, com ajuda, informando os produtos procurados, e aguardar o personal identificar os itens. Escolhidos os presentes, o cliente recebe um link para o pagamento e s\u00f3 precisa aguardar a entrega em casa com comodidade e seguran\u00e7a.<\/p>\n<p>Outra novidade do Shopping Paralela \u00e9 a Campanha Promo\u00e7\u00e3o de Natal com sorteios di\u00e1rios de 10 Galaxy Z Flip e 10 Smartwatch da Samsung. Para concorrer \u00e9 preciso trocar a Nota Fiscal de R$400,00 em compras por um cupom, no Balc\u00e3o de Troca (piso L1, em frente ao Bradesco). A oportunidade de ganhar triplica ao doar 1kg de alimento n\u00e3o perec\u00edvel, que d\u00e1 direito a participar com mais tr\u00eas cupons. Os sorteios s\u00e3o realizados at\u00e9 o dia 22\/12, \u00e0s 18h, ao lado do Balc\u00e3o de Trocas, e no dia 23\/12, o sorteio ser\u00e1 \u00e0s 21h. O regulamento da Promo\u00e7\u00e3o de Natal pode ser conferido no site do centro de compras.<\/p>\n<p>O Shopping Paralela preparou um Natal especial com a decora\u00e7\u00e3o tem\u00e1tica da Patrulha Canina, na Pra\u00e7a Eventos, piso L1, e o cliente vai encontrar as melhores op\u00e7\u00f5es de presentes nas lojas f\u00edsica ou no Paralela Online (http:\/\/www.shoppingparalela.com.br) com frete gr\u00e1tis para um raio de at\u00e9 20km. H\u00e1 ainda a op\u00e7\u00e3o de retirar o produto no Espa\u00e7o Shoplog, no estacionamento G2 Azul. Na primeira compra online, com o cupom BEMVINDO10 o cliente ganhar 10% de desconto.<\/p>\n<p>SERVI\u00c7O<\/p>\n<p>Funcionamento fim de ano 2021\/2022<\/p>\n<p>O centro de compras tem hor\u00e1rio especial a partir de hoje (17\/12).<\/p>\n<p>17, 18, 19, 20, 21 e 22\/12 (sexta, s\u00e1bado, domingo, segunda, ter\u00e7a e quarta) \u2013 Lojas, pra\u00e7a de alimenta\u00e7\u00e3o e atra\u00e7\u00f5es de lazer abrem das 9h \u00e0s 23h.<\/p>\n<p>23\/12 (quinta) \u2013 Lojas, pra\u00e7a de alimenta\u00e7\u00e3o e atra\u00e7\u00f5es de lazer abrem das 9h \u00e0s 00h.<\/p>\n<p>24\/12 (sexta) &#8211; Lojas, pra\u00e7a de alimenta\u00e7\u00e3o e atra\u00e7\u00f5es de lazer abrem das 08h \u00e0s 18h.<\/p>\n<p>25\/12 (s\u00e1bado) \u2013 Lojas fechadas. Pra\u00e7a de alimenta\u00e7\u00e3o e atra\u00e7\u00f5es de lazer funcionam das 12h \u00e0s 21h (facultativo).<\/p>\n<p>26\/12 (domingo) &#8211; Lojas, pra\u00e7a de alimenta\u00e7\u00e3o e atra\u00e7\u00f5es de lazer abrem das 12h \u00e0s 21h.<\/p>\n<p>27 a 30\/12 (segunda a quinta) &#8211; Lojas, pra\u00e7a de alimenta\u00e7\u00e3o e atra\u00e7\u00f5es de lazer abrem das 09h \u00e0s 22h.<\/p>\n<p>31\/12 (sexta) \u2013 Lojas, pra\u00e7a de alimenta\u00e7\u00e3o e atra\u00e7\u00f5es de lazer funcionam das 09h \u00e0s 17h.<\/p>\n<p>01\/01 (s\u00e1bado) &#8211; Lojas fechadas. Pra\u00e7a de alimenta\u00e7\u00e3o e atra\u00e7\u00f5es de lazer funcionam das 12h \u00e0s 21h (facultativo).<\/p>\n<p>Mais informa\u00e7\u00f5es no http:\/\/www.shoppingparalela.com.br, no Instagram e Facebook.<\/p>\n","protected":false},"excerpt":{"rendered":"<p>Fim de ano \u00e9 um corre-corre para decorar a casa para o Natal, planejar os reencontros e comprar os presentes dos familiares e amigos. Para ajudar nessa escolha dos presentes<\/p>\n","protected":false},"author":1,"featured_media":624119,"comment_status":"closed","ping_status":"closed","sticky":false,"template":"","format":"standard","meta":[],"categories":[14,3],"tags":[],"acf":[],"yoast_head":"<!-- This site is optimized with the Yoast SEO plugin v20.8 - https:\/\/yoast.com\/wordpress\/plugins\/seo\/ -->\n<title>CLIENTE CONTA COM PERSONAL SHOPPER PARA COMPRAS DE NATAL - Bahia Economica<\/title>\n<meta name=\"description\" content=\"O maior portal de Economia da Bahia DESTAQUE DO DIA, ECONOMIA \/ POL\u00cdTICA Bahia Economica\" \/>\n<meta name=\"robots\" content=\"index, follow, max-snippet:-1, max-image-preview:large, max-video-preview:-1\" \/>\n<link rel=\"canonical\" href=\"https:\/\/bahiaeconomica.com.br\/wp\/2021\/12\/17\/cliente-conta-com-personal-shopper-para-compras-de-natal\/\" \/>\n<meta property=\"og:locale\" content=\"pt_BR\" \/>\n<meta property=\"og:type\" content=\"article\" \/>\n<meta property=\"og:title\" content=\"CLIENTE CONTA COM PERSONAL SHOPPER PARA COMPRAS DE NATAL - Bahia Economica\" \/>\n<meta property=\"og:description\" content=\"O maior portal de Economia da Bahia DESTAQUE DO DIA, ECONOMIA \/ POL\u00cdTICA Bahia Economica\" \/>\n<meta property=\"og:url\" content=\"https:\/\/bahiaeconomica.com.br\/wp\/2021\/12\/17\/cliente-conta-com-personal-shopper-para-compras-de-natal\/\" \/>\n<meta property=\"og:site_name\" content=\"Bahia Economica\" \/>\n<meta property=\"article:publisher\" content=\"https:\/\/www.facebook.com\/bahiaeconomica\" \/>\n<meta property=\"article:published_time\" content=\"2021-12-17T17:58:51+00:00\" \/>\n<meta property=\"og:image\" content=\"https:\/\/bahiaeconomica.com.br\/wp\/wp-content\/uploads\/2021\/12\/shopping-paralela.jpg\" \/>\n\t<meta property=\"og:image:width\" content=\"500\" \/>\n\t<meta property=\"og:image:height\" content=\"300\" \/>\n\t<meta property=\"og:image:type\" content=\"image\/jpeg\" \/>\n<meta name=\"author\" content=\"admin\" \/>\n<meta name=\"twitter:card\" content=\"summary_large_image\" \/>\n<meta name=\"twitter:label1\" content=\"Escrito por\" \/>\n\t<meta name=\"twitter:data1\" content=\"admin\" \/>\n\t<meta name=\"twitter:label2\" content=\"Est. tempo de leitura\" \/>\n\t<meta name=\"twitter:data2\" content=\"3 minutos\" \/>\n<script type=\"application\/ld+json\" class=\"yoast-schema-graph\">{\"@context\":\"https:\/\/schema.org\",\"@graph\":[{\"@type\":\"Article\",\"@id\":\"https:\/\/bahiaeconomica.com.br\/wp\/2021\/12\/17\/cliente-conta-com-personal-shopper-para-compras-de-natal\/#article\",\"isPartOf\":{\"@id\":\"https:\/\/bahiaeconomica.com.br\/wp\/2021\/12\/17\/cliente-conta-com-personal-shopper-para-compras-de-natal\/\"},\"author\":{\"name\":\"admin\",\"@id\":\"https:\/\/bahiaeconomica.com.br\/wp\/#\/schema\/person\/cb1ab5ba96ad3d9390805381c76284ec\"},\"headline\":\"CLIENTE CONTA COM PERSONAL SHOPPER PARA COMPRAS DE NATAL\",\"datePublished\":\"2021-12-17T17:58:51+00:00\",\"dateModified\":\"2021-12-17T17:58:51+00:00\",\"mainEntityOfPage\":{\"@id\":\"https:\/\/bahiaeconomica.com.br\/wp\/2021\/12\/17\/cliente-conta-com-personal-shopper-para-compras-de-natal\/\"},\"wordCount\":526,\"publisher\":{\"@id\":\"https:\/\/bahiaeconomica.com.br\/wp\/#organization\"},\"articleSection\":[\"DESTAQUE DO DIA\",\"ECONOMIA \/ POL\u00cdTICA\"],\"inLanguage\":\"pt-BR\"},{\"@type\":\"WebPage\",\"@id\":\"https:\/\/bahiaeconomica.com.br\/wp\/2021\/12\/17\/cliente-conta-com-personal-shopper-para-compras-de-natal\/\",\"url\":\"https:\/\/bahiaeconomica.com.br\/wp\/2021\/12\/17\/cliente-conta-com-personal-shopper-para-compras-de-natal\/\",\"name\":\"CLIENTE CONTA COM PERSONAL SHOPPER PARA COMPRAS DE NATAL - Bahia Economica\",\"isPartOf\":{\"@id\":\"https:\/\/bahiaeconomica.com.br\/wp\/#website\"},\"datePublished\":\"2021-12-17T17:58:51+00:00\",\"dateModified\":\"2021-12-17T17:58:51+00:00\",\"description\":\"O maior portal de Economia da Bahia DESTAQUE DO DIA, ECONOMIA \/ POL\u00cdTICA Bahia Economica\",\"breadcrumb\":{\"@id\":\"https:\/\/bahiaeconomica.com.br\/wp\/2021\/12\/17\/cliente-conta-com-personal-shopper-para-compras-de-natal\/#breadcrumb\"},\"inLanguage\":\"pt-BR\",\"potentialAction\":[{\"@type\":\"ReadAction\",\"target\":[\"https:\/\/bahiaeconomica.com.br\/wp\/2021\/12\/17\/cliente-conta-com-personal-shopper-para-compras-de-natal\/\"]}]},{\"@type\":\"BreadcrumbList\",\"@id\":\"https:\/\/bahiaeconomica.com.br\/wp\/2021\/12\/17\/cliente-conta-com-personal-shopper-para-compras-de-natal\/#breadcrumb\",\"itemListElement\":[{\"@type\":\"ListItem\",\"position\":1,\"name\":\"In\u00edcio\",\"item\":\"https:\/\/bahiaeconomica.com.br\/wp\/\"},{\"@type\":\"ListItem\",\"position\":2,\"name\":\"CLIENTE CONTA COM PERSONAL SHOPPER PARA COMPRAS DE NATAL\"}]},{\"@type\":\"WebSite\",\"@id\":\"https:\/\/bahiaeconomica.com.br\/wp\/#website\",\"url\":\"https:\/\/bahiaeconomica.com.br\/wp\/\",\"name\":\"Bahia Economica\",\"description\":\"O maior portal de Economia da Bahia\",\"publisher\":{\"@id\":\"https:\/\/bahiaeconomica.com.br\/wp\/#organization\"},\"potentialAction\":[{\"@type\":\"SearchAction\",\"target\":{\"@type\":\"EntryPoint\",\"urlTemplate\":\"https:\/\/bahiaeconomica.com.br\/wp\/?s={search_term_string}\"},\"query-input\":\"required name=search_term_string\"}],\"inLanguage\":\"pt-BR\"},{\"@type\":\"Organization\",\"@id\":\"https:\/\/bahiaeconomica.com.br\/wp\/#organization\",\"name\":\"Bahia Econ\u00f4mica\",\"url\":\"https:\/\/bahiaeconomica.com.br\/wp\/\",\"logo\":{\"@type\":\"ImageObject\",\"inLanguage\":\"pt-BR\",\"@id\":\"https:\/\/bahiaeconomica.com.br\/wp\/#\/schema\/logo\/image\/\",\"url\":\"https:\/\/bahiaeconomica.com.br\/wp\/wp-content\/uploads\/2020\/12\/cropped-BE.png\",\"contentUrl\":\"https:\/\/bahiaeconomica.com.br\/wp\/wp-content\/uploads\/2020\/12\/cropped-BE.png\",\"width\":512,\"height\":512,\"caption\":\"Bahia Econ\u00f4mica\"},\"image\":{\"@id\":\"https:\/\/bahiaeconomica.com.br\/wp\/#\/schema\/logo\/image\/\"},\"sameAs\":[\"https:\/\/www.facebook.com\/bahiaeconomica\"]},{\"@type\":\"Person\",\"@id\":\"https:\/\/bahiaeconomica.com.br\/wp\/#\/schema\/person\/cb1ab5ba96ad3d9390805381c76284ec\",\"name\":\"admin\",\"url\":\"https:\/\/bahiaeconomica.com.br\/wp\/author\/admin\/\"}]}<\/script>\n<!-- \/ Yoast SEO plugin. -->","yoast_head_json":{"title":"CLIENTE CONTA COM PERSONAL SHOPPER PARA COMPRAS DE NATAL - Bahia Economica","description":"O maior portal de Economia da Bahia DESTAQUE DO DIA, ECONOMIA \/ POL\u00cdTICA Bahia Economica","robots":{"index":"index","follow":"follow","max-snippet":"max-snippet:-1","max-image-preview":"max-image-preview:large","max-video-preview":"max-video-preview:-1"},"canonical":"https:\/\/bahiaeconomica.com.br\/wp\/2021\/12\/17\/cliente-conta-com-personal-shopper-para-compras-de-natal\/","og_locale":"pt_BR","og_type":"article","og_title":"CLIENTE CONTA COM PERSONAL SHOPPER PARA COMPRAS DE NATAL - Bahia Economica","og_description":"O maior portal de Economia da Bahia DESTAQUE DO DIA, ECONOMIA \/ POL\u00cdTICA Bahia Economica","og_url":"https:\/\/bahiaeconomica.com.br\/wp\/2021\/12\/17\/cliente-conta-com-personal-shopper-para-compras-de-natal\/","og_site_name":"Bahia Economica","article_publisher":"https:\/\/www.facebook.com\/bahiaeconomica","article_published_time":"2021-12-17T17:58:51+00:00","og_image":[{"width":500,"height":300,"url":"https:\/\/bahiaeconomica.com.br\/wp\/wp-content\/uploads\/2021\/12\/shopping-paralela.jpg","type":"image\/jpeg"}],"author":"admin","twitter_card":"summary_large_image","twitter_misc":{"Escrito por":"admin","Est. tempo de leitura":"3 minutos"},"schema":{"@context":"https:\/\/schema.org","@graph":[{"@type":"Article","@id":"https:\/\/bahiaeconomica.com.br\/wp\/2021\/12\/17\/cliente-conta-com-personal-shopper-para-compras-de-natal\/#article","isPartOf":{"@id":"https:\/\/bahiaeconomica.com.br\/wp\/2021\/12\/17\/cliente-conta-com-personal-shopper-para-compras-de-natal\/"},"author":{"name":"admin","@id":"https:\/\/bahiaeconomica.com.br\/wp\/#\/schema\/person\/cb1ab5ba96ad3d9390805381c76284ec"},"headline":"CLIENTE CONTA COM PERSONAL SHOPPER PARA COMPRAS DE NATAL","datePublished":"2021-12-17T17:58:51+00:00","dateModified":"2021-12-17T17:58:51+00:00","mainEntityOfPage":{"@id":"https:\/\/bahiaeconomica.com.br\/wp\/2021\/12\/17\/cliente-conta-com-personal-shopper-para-compras-de-natal\/"},"wordCount":526,"publisher":{"@id":"https:\/\/bahiaeconomica.com.br\/wp\/#organization"},"articleSection":["DESTAQUE DO DIA","ECONOMIA \/ POL\u00cdTICA"],"inLanguage":"pt-BR"},{"@type":"WebPage","@id":"https:\/\/bahiaeconomica.com.br\/wp\/2021\/12\/17\/cliente-conta-com-personal-shopper-para-compras-de-natal\/","url":"https:\/\/bahiaeconomica.com.br\/wp\/2021\/12\/17\/cliente-conta-com-personal-shopper-para-compras-de-natal\/","name":"CLIENTE CONTA COM PERSONAL SHOPPER PARA COMPRAS DE NATAL - Bahia Economica","isPartOf":{"@id":"https:\/\/bahiaeconomica.com.br\/wp\/#website"},"datePublished":"2021-12-17T17:58:51+00:00","dateModified":"2021-12-17T17:58:51+00:00","description":"O maior portal de Economia da Bahia DESTAQUE DO DIA, ECONOMIA \/ POL\u00cdTICA Bahia Economica","breadcrumb":{"@id":"https:\/\/bahiaeconomica.com.br\/wp\/2021\/12\/17\/cliente-conta-com-personal-shopper-para-compras-de-natal\/#breadcrumb"},"inLanguage":"pt-BR","potentialAction":[{"@type":"ReadAction","target":["https:\/\/bahiaeconomica.com.br\/wp\/2021\/12\/17\/cliente-conta-com-personal-shopper-para-compras-de-natal\/"]}]},{"@type":"BreadcrumbList","@id":"https:\/\/bahiaeconomica.com.br\/wp\/2021\/12\/17\/cliente-conta-com-personal-shopper-para-compras-de-natal\/#breadcrumb","itemListElement":[{"@type":"ListItem","position":1,"name":"In\u00edcio","item":"https:\/\/bahiaeconomica.com.br\/wp\/"},{"@type":"ListItem","position":2,"name":"CLIENTE CONTA COM PERSONAL SHOPPER PARA COMPRAS DE NATAL"}]},{"@type":"WebSite","@id":"https:\/\/bahiaeconomica.com.br\/wp\/#website","url":"https:\/\/bahiaeconomica.com.br\/wp\/","name":"Bahia Economica","description":"O maior portal de Economia da Bahia","publisher":{"@id":"https:\/\/bahiaeconomica.com.br\/wp\/#organization"},"potentialAction":[{"@type":"SearchAction","target":{"@type":"EntryPoint","urlTemplate":"https:\/\/bahiaeconomica.com.br\/wp\/?s={search_term_string}"},"query-input":"required name=search_term_string"}],"inLanguage":"pt-BR"},{"@type":"Organization","@id":"https:\/\/bahiaeconomica.com.br\/wp\/#organization","name":"Bahia Econ\u00f4mica","url":"https:\/\/bahiaeconomica.com.br\/wp\/","logo":{"@type":"ImageObject","inLanguage":"pt-BR","@id":"https:\/\/bahiaeconomica.com.br\/wp\/#\/schema\/logo\/image\/","url":"https:\/\/bahiaeconomica.com.br\/wp\/wp-content\/uploads\/2020\/12\/cropped-BE.png","contentUrl":"https:\/\/bahiaeconomica.com.br\/wp\/wp-content\/uploads\/2020\/12\/cropped-BE.png","width":512,"height":512,"caption":"Bahia Econ\u00f4mica"},"image":{"@id":"https:\/\/bahiaeconomica.com.br\/wp\/#\/schema\/logo\/image\/"},"sameAs":["https:\/\/www.facebook.com\/bahiaeconomica"]},{"@type":"Person","@id":"https:\/\/bahiaeconomica.com.br\/wp\/#\/schema\/person\/cb1ab5ba96ad3d9390805381c76284ec","name":"admin","url":"https:\/\/bahiaeconomica.com.br\/wp\/author\/admin\/"}]}},"views":3,"_links":{"self":[{"href":"https:\/\/bahiaeconomica.com.br\/wp\/wp-json\/wp\/v2\/posts\/624117"}],"collection":[{"href":"https:\/\/bahiaeconomica.com.br\/wp\/wp-json\/wp\/v2\/posts"}],"about":[{"href":"https:\/\/bahiaeconomica.com.br\/wp\/wp-json\/wp\/v2\/types\/post"}],"author":[{"embeddable":true,"href":"https:\/\/bahiaeconomica.com.br\/wp\/wp-json\/wp\/v2\/users\/1"}],"replies":[{"embeddable":true,"href":"https:\/\/bahiaeconomica.com.br\/wp\/wp-json\/wp\/v2\/comments?post=624117"}],"version-history":[{"count":1,"href":"https:\/\/bahiaeconomica.com.br\/wp\/wp-json\/wp\/v2\/posts\/624117\/revisions"}],"predecessor-version":[{"id":624120,"href":"https:\/\/bahiaeconomica.com.br\/wp\/wp-json\/wp\/v2\/posts\/624117\/revisions\/624120"}],"wp:featuredmedia":[{"embeddable":true,"href":"https:\/\/bahiaeconomica.com.br\/wp\/wp-json\/wp\/v2\/media\/624119"}],"wp:attachment":[{"href":"https:\/\/bahiaeconomica.com.br\/wp\/wp-json\/wp\/v2\/media?parent=624117"}],"wp:term":[{"taxonomy":"category","embeddable":true,"href":"https:\/\/bahiaeconomica.com.br\/wp\/wp-json\/wp\/v2\/categories?post=624117"},{"taxonomy":"post_tag","embeddable":true,"href":"https:\/\/bahiaeconomica.com.br\/wp\/wp-json\/wp\/v2\/tags?post=624117"}],"curies":[{"name":"wp","href":"https:\/\/api.w.org\/{rel}","templated":true}]}}