{"id":623610,"date":"2021-12-16T09:15:55","date_gmt":"2021-12-16T12:15:55","guid":{"rendered":"https:\/\/bahiaeconomica.com.br\/wp\/beta\/?p=623610"},"modified":"2021-12-16T09:28:47","modified_gmt":"2021-12-16T12:28:47","slug":"senado-aprova-isencao-de-ipi-para-taxistas-e-pcd","status":"publish","type":"post","link":"https:\/\/bahiaeconomica.com.br\/wp\/2021\/12\/16\/senado-aprova-isencao-de-ipi-para-taxistas-e-pcd\/","title":{"rendered":"SENADO APROVA ISEN\u00c7\u00c3O DE IPI PARA TAXISTAS E PCD"},"content":{"rendered":"<p>O Senado rejeitou altera\u00e7\u00f5es da C\u00e2mara dos Deputados no projeto que prorroga por cinco anos, at\u00e9 31 de dezembro de 2026, a isen\u00e7\u00e3o do Imposto sobre Produtos Industrializados <!--more-->(IPI) na aquisi\u00e7\u00e3o de carros novos por pessoas com defici\u00eancia e deficientes auditivos (PcD). Os taxistas e cooperativas de taxistas tamb\u00e9m est\u00e3o contemplados pela isen\u00e7\u00e3o. O projeto foi aprovado pela C\u00e2mara no in\u00edcio deste m\u00eas, retornou ao Senado, Casa de origem, e agora, segue para san\u00e7\u00e3o presidencial.<\/p>\n<p>Conforme a legisla\u00e7\u00e3o vigente, de 1995, o benef\u00edcio fiscal terminaria em dezembro deste ano, mas o projeto de lei (PL) prorroga a isen\u00e7\u00e3o do IPI at\u00e9 o fim de 2026. Durante a an\u00e1lise do texto na C\u00e2mara, os deputados inclu\u00edram um trecho que revogava a isen\u00e7\u00e3o do Programa de Integra\u00e7\u00e3o Social (PIS) e da Contribui\u00e7\u00e3o para Financiamento da Seguridade Social (Cofins) na compra de produtos qu\u00edmicos e farmac\u00eauticos destinados \u00e0 sa\u00fade, como forma de compensar a ren\u00fancia fiscal provocada pela isen\u00e7\u00e3o do IPI na compra dos autom\u00f3veis, mas os senadores rejeitaram a altera\u00e7\u00e3o.<\/p>\n<p>Durante a vota\u00e7\u00e3o do destaque, o relator do projeto, senador Rom\u00e1rio (PL-RJ), disse que o governo dever\u00e1 entrar em entendimento com o relator-geral do Or\u00e7amento de 2022, deputado Hugo Leal (PSD-RJ), para encontrar uma fonte pagadora para a manuten\u00e7\u00e3o do benef\u00edcio fiscal garantido \u00e0 \u00e1rea da sa\u00fade. A altera\u00e7\u00e3o feita pelos deputados tamb\u00e9m foi criticada por Izalci Lucas (PSDB-DF).<\/p>\n<p>\u201cO governo buscar\u00e1 uma alternativa. N\u00e3o podemos aceitar tirar dinheiro da sa\u00fade. Tem a LOA [Lei Or\u00e7ament\u00e1ria Anual], que n\u00e3o est\u00e1 votada. N\u00e3o h\u00e1 nenhum problema em rela\u00e7\u00e3o \u00e0 fonte no projeto, isso \u00e9 prorroga\u00e7\u00e3o de um incentivo que existia desde 1995, quando ainda n\u00e3o existia a Lei de Responsabilidade Fiscal e, posteriormente, foi sendo identificada a fonte de custeio\u201d, afirmou o senador tucano.<\/p>\n<p>Isen\u00e7\u00e3o<\/p>\n<p>A Lei 8.989\/1995 concede isen\u00e7\u00e3o de IPI na compra de autom\u00f3veis de passageiros de fabrica\u00e7\u00e3o nacional, equipados com motor de cilindrada n\u00e3o superior a 2 mil cent\u00edmetros c\u00fabicos (cm\u00b3) de, no m\u00ednimo, quatro portas, movidos a combust\u00edvel de origem renov\u00e1vel, sistema revers\u00edvel de combust\u00e3o ou h\u00edbrido e el\u00e9tricos. O projeto amplia a isen\u00e7\u00e3o aos acess\u00f3rios opcionais do carro, n\u00e3o cobertos pela lei de 1995. Os acess\u00f3rios inclu\u00eddos pelos senadores devem servir para a adapta\u00e7\u00e3o do ve\u00edculo ao uso por pessoa com defici\u00eancia. O texto eleva de R$ 140 mil para R$ 200 mil o pre\u00e7o m\u00e1ximo do autom\u00f3vel (inclu\u00eddos os tributos incidentes) que poder\u00e1 ser adquirido com isen\u00e7\u00e3o do IPI pela pessoa com defici\u00eancia.<\/p>\n<p>Foto: divulga\u00e7\u00e3o<\/p>\n","protected":false},"excerpt":{"rendered":"<p>O Senado rejeitou altera\u00e7\u00f5es da C\u00e2mara dos Deputados no projeto que prorroga por cinco anos, at\u00e9 31 de dezembro de 2026, a isen\u00e7\u00e3o do Imposto sobre Produtos Industrializados<\/p>\n","protected":false},"author":1,"featured_media":588416,"comment_status":"closed","ping_status":"closed","sticky":false,"template":"","format":"standard","meta":[],"categories":[14,3],"tags":[2354,855,2355],"acf":[],"yoast_head":"<!-- This site is optimized with the Yoast SEO plugin v20.8 - https:\/\/yoast.com\/wordpress\/plugins\/seo\/ -->\n<title>SENADO APROVA ISEN\u00c7\u00c3O DE IPI PARA TAXISTAS E PCD - Bahia Economica<\/title>\n<meta name=\"description\" content=\"O maior portal de Economia da Bahia DESTAQUE DO DIA, ECONOMIA \/ POL\u00cdTICA Bahia Economica\" \/>\n<meta name=\"robots\" content=\"index, follow, max-snippet:-1, max-image-preview:large, max-video-preview:-1\" \/>\n<link rel=\"canonical\" href=\"https:\/\/bahiaeconomica.com.br\/wp\/2021\/12\/16\/senado-aprova-isencao-de-ipi-para-taxistas-e-pcd\/\" \/>\n<meta property=\"og:locale\" content=\"pt_BR\" \/>\n<meta property=\"og:type\" content=\"article\" \/>\n<meta property=\"og:title\" content=\"SENADO APROVA ISEN\u00c7\u00c3O DE IPI PARA TAXISTAS E PCD - Bahia Economica\" \/>\n<meta property=\"og:description\" content=\"O maior portal de Economia da Bahia DESTAQUE DO DIA, ECONOMIA \/ POL\u00cdTICA Bahia Economica\" \/>\n<meta property=\"og:url\" content=\"https:\/\/bahiaeconomica.com.br\/wp\/2021\/12\/16\/senado-aprova-isencao-de-ipi-para-taxistas-e-pcd\/\" \/>\n<meta property=\"og:site_name\" content=\"Bahia Economica\" \/>\n<meta property=\"article:publisher\" content=\"https:\/\/www.facebook.com\/bahiaeconomica\" \/>\n<meta property=\"article:published_time\" content=\"2021-12-16T12:15:55+00:00\" \/>\n<meta property=\"article:modified_time\" content=\"2021-12-16T12:28:47+00:00\" \/>\n<meta property=\"og:image\" content=\"https:\/\/bahiaeconomica.com.br\/wp\/wp-content\/uploads\/2021\/07\/Vistoria-Transalvador_Foto_Jefferson-Peixoto_Secom_Pms-4.jpg\" \/>\n\t<meta property=\"og:image:width\" content=\"500\" \/>\n\t<meta property=\"og:image:height\" content=\"300\" \/>\n\t<meta property=\"og:image:type\" content=\"image\/jpeg\" \/>\n<meta name=\"author\" content=\"admin\" \/>\n<meta name=\"twitter:card\" content=\"summary_large_image\" \/>\n<meta name=\"twitter:label1\" content=\"Escrito por\" \/>\n\t<meta name=\"twitter:data1\" content=\"admin\" \/>\n\t<meta name=\"twitter:label2\" content=\"Est. tempo de leitura\" \/>\n\t<meta name=\"twitter:data2\" content=\"2 minutos\" \/>\n<script type=\"application\/ld+json\" class=\"yoast-schema-graph\">{\"@context\":\"https:\/\/schema.org\",\"@graph\":[{\"@type\":\"Article\",\"@id\":\"https:\/\/bahiaeconomica.com.br\/wp\/2021\/12\/16\/senado-aprova-isencao-de-ipi-para-taxistas-e-pcd\/#article\",\"isPartOf\":{\"@id\":\"https:\/\/bahiaeconomica.com.br\/wp\/2021\/12\/16\/senado-aprova-isencao-de-ipi-para-taxistas-e-pcd\/\"},\"author\":{\"name\":\"admin\",\"@id\":\"https:\/\/bahiaeconomica.com.br\/wp\/#\/schema\/person\/cb1ab5ba96ad3d9390805381c76284ec\"},\"headline\":\"SENADO APROVA ISEN\u00c7\u00c3O DE IPI PARA TAXISTAS E PCD\",\"datePublished\":\"2021-12-16T12:15:55+00:00\",\"dateModified\":\"2021-12-16T12:28:47+00:00\",\"mainEntityOfPage\":{\"@id\":\"https:\/\/bahiaeconomica.com.br\/wp\/2021\/12\/16\/senado-aprova-isencao-de-ipi-para-taxistas-e-pcd\/\"},\"wordCount\":477,\"publisher\":{\"@id\":\"https:\/\/bahiaeconomica.com.br\/wp\/#organization\"},\"keywords\":[\"isen\u00e7\u00e3o\",\"senado\",\"taxas\"],\"articleSection\":[\"DESTAQUE DO DIA\",\"ECONOMIA \/ POL\u00cdTICA\"],\"inLanguage\":\"pt-BR\"},{\"@type\":\"WebPage\",\"@id\":\"https:\/\/bahiaeconomica.com.br\/wp\/2021\/12\/16\/senado-aprova-isencao-de-ipi-para-taxistas-e-pcd\/\",\"url\":\"https:\/\/bahiaeconomica.com.br\/wp\/2021\/12\/16\/senado-aprova-isencao-de-ipi-para-taxistas-e-pcd\/\",\"name\":\"SENADO APROVA ISEN\u00c7\u00c3O DE IPI PARA TAXISTAS E PCD - Bahia Economica\",\"isPartOf\":{\"@id\":\"https:\/\/bahiaeconomica.com.br\/wp\/#website\"},\"datePublished\":\"2021-12-16T12:15:55+00:00\",\"dateModified\":\"2021-12-16T12:28:47+00:00\",\"description\":\"O maior portal de Economia da Bahia DESTAQUE DO DIA, ECONOMIA \/ POL\u00cdTICA Bahia Economica\",\"breadcrumb\":{\"@id\":\"https:\/\/bahiaeconomica.com.br\/wp\/2021\/12\/16\/senado-aprova-isencao-de-ipi-para-taxistas-e-pcd\/#breadcrumb\"},\"inLanguage\":\"pt-BR\",\"potentialAction\":[{\"@type\":\"ReadAction\",\"target\":[\"https:\/\/bahiaeconomica.com.br\/wp\/2021\/12\/16\/senado-aprova-isencao-de-ipi-para-taxistas-e-pcd\/\"]}]},{\"@type\":\"BreadcrumbList\",\"@id\":\"https:\/\/bahiaeconomica.com.br\/wp\/2021\/12\/16\/senado-aprova-isencao-de-ipi-para-taxistas-e-pcd\/#breadcrumb\",\"itemListElement\":[{\"@type\":\"ListItem\",\"position\":1,\"name\":\"In\u00edcio\",\"item\":\"https:\/\/bahiaeconomica.com.br\/wp\/\"},{\"@type\":\"ListItem\",\"position\":2,\"name\":\"SENADO APROVA ISEN\u00c7\u00c3O DE IPI PARA TAXISTAS E PCD\"}]},{\"@type\":\"WebSite\",\"@id\":\"https:\/\/bahiaeconomica.com.br\/wp\/#website\",\"url\":\"https:\/\/bahiaeconomica.com.br\/wp\/\",\"name\":\"Bahia Economica\",\"description\":\"O maior portal de Economia da Bahia\",\"publisher\":{\"@id\":\"https:\/\/bahiaeconomica.com.br\/wp\/#organization\"},\"potentialAction\":[{\"@type\":\"SearchAction\",\"target\":{\"@type\":\"EntryPoint\",\"urlTemplate\":\"https:\/\/bahiaeconomica.com.br\/wp\/?s={search_term_string}\"},\"query-input\":\"required name=search_term_string\"}],\"inLanguage\":\"pt-BR\"},{\"@type\":\"Organization\",\"@id\":\"https:\/\/bahiaeconomica.com.br\/wp\/#organization\",\"name\":\"Bahia Econ\u00f4mica\",\"url\":\"https:\/\/bahiaeconomica.com.br\/wp\/\",\"logo\":{\"@type\":\"ImageObject\",\"inLanguage\":\"pt-BR\",\"@id\":\"https:\/\/bahiaeconomica.com.br\/wp\/#\/schema\/logo\/image\/\",\"url\":\"https:\/\/bahiaeconomica.com.br\/wp\/wp-content\/uploads\/2020\/12\/cropped-BE.png\",\"contentUrl\":\"https:\/\/bahiaeconomica.com.br\/wp\/wp-content\/uploads\/2020\/12\/cropped-BE.png\",\"width\":512,\"height\":512,\"caption\":\"Bahia Econ\u00f4mica\"},\"image\":{\"@id\":\"https:\/\/bahiaeconomica.com.br\/wp\/#\/schema\/logo\/image\/\"},\"sameAs\":[\"https:\/\/www.facebook.com\/bahiaeconomica\"]},{\"@type\":\"Person\",\"@id\":\"https:\/\/bahiaeconomica.com.br\/wp\/#\/schema\/person\/cb1ab5ba96ad3d9390805381c76284ec\",\"name\":\"admin\",\"url\":\"https:\/\/bahiaeconomica.com.br\/wp\/author\/admin\/\"}]}<\/script>\n<!-- \/ Yoast SEO plugin. -->","yoast_head_json":{"title":"SENADO APROVA ISEN\u00c7\u00c3O DE IPI PARA TAXISTAS E PCD - Bahia Economica","description":"O maior portal de Economia da Bahia DESTAQUE DO DIA, ECONOMIA \/ POL\u00cdTICA Bahia Economica","robots":{"index":"index","follow":"follow","max-snippet":"max-snippet:-1","max-image-preview":"max-image-preview:large","max-video-preview":"max-video-preview:-1"},"canonical":"https:\/\/bahiaeconomica.com.br\/wp\/2021\/12\/16\/senado-aprova-isencao-de-ipi-para-taxistas-e-pcd\/","og_locale":"pt_BR","og_type":"article","og_title":"SENADO APROVA ISEN\u00c7\u00c3O DE IPI PARA TAXISTAS E PCD - Bahia Economica","og_description":"O maior portal de Economia da Bahia DESTAQUE DO DIA, ECONOMIA \/ POL\u00cdTICA Bahia Economica","og_url":"https:\/\/bahiaeconomica.com.br\/wp\/2021\/12\/16\/senado-aprova-isencao-de-ipi-para-taxistas-e-pcd\/","og_site_name":"Bahia Economica","article_publisher":"https:\/\/www.facebook.com\/bahiaeconomica","article_published_time":"2021-12-16T12:15:55+00:00","article_modified_time":"2021-12-16T12:28:47+00:00","og_image":[{"width":500,"height":300,"url":"https:\/\/bahiaeconomica.com.br\/wp\/wp-content\/uploads\/2021\/07\/Vistoria-Transalvador_Foto_Jefferson-Peixoto_Secom_Pms-4.jpg","type":"image\/jpeg"}],"author":"admin","twitter_card":"summary_large_image","twitter_misc":{"Escrito por":"admin","Est. tempo de leitura":"2 minutos"},"schema":{"@context":"https:\/\/schema.org","@graph":[{"@type":"Article","@id":"https:\/\/bahiaeconomica.com.br\/wp\/2021\/12\/16\/senado-aprova-isencao-de-ipi-para-taxistas-e-pcd\/#article","isPartOf":{"@id":"https:\/\/bahiaeconomica.com.br\/wp\/2021\/12\/16\/senado-aprova-isencao-de-ipi-para-taxistas-e-pcd\/"},"author":{"name":"admin","@id":"https:\/\/bahiaeconomica.com.br\/wp\/#\/schema\/person\/cb1ab5ba96ad3d9390805381c76284ec"},"headline":"SENADO APROVA ISEN\u00c7\u00c3O DE IPI PARA TAXISTAS E PCD","datePublished":"2021-12-16T12:15:55+00:00","dateModified":"2021-12-16T12:28:47+00:00","mainEntityOfPage":{"@id":"https:\/\/bahiaeconomica.com.br\/wp\/2021\/12\/16\/senado-aprova-isencao-de-ipi-para-taxistas-e-pcd\/"},"wordCount":477,"publisher":{"@id":"https:\/\/bahiaeconomica.com.br\/wp\/#organization"},"keywords":["isen\u00e7\u00e3o","senado","taxas"],"articleSection":["DESTAQUE DO DIA","ECONOMIA \/ POL\u00cdTICA"],"inLanguage":"pt-BR"},{"@type":"WebPage","@id":"https:\/\/bahiaeconomica.com.br\/wp\/2021\/12\/16\/senado-aprova-isencao-de-ipi-para-taxistas-e-pcd\/","url":"https:\/\/bahiaeconomica.com.br\/wp\/2021\/12\/16\/senado-aprova-isencao-de-ipi-para-taxistas-e-pcd\/","name":"SENADO APROVA ISEN\u00c7\u00c3O DE IPI PARA TAXISTAS E PCD - Bahia Economica","isPartOf":{"@id":"https:\/\/bahiaeconomica.com.br\/wp\/#website"},"datePublished":"2021-12-16T12:15:55+00:00","dateModified":"2021-12-16T12:28:47+00:00","description":"O maior portal de Economia da Bahia DESTAQUE DO DIA, ECONOMIA \/ POL\u00cdTICA Bahia Economica","breadcrumb":{"@id":"https:\/\/bahiaeconomica.com.br\/wp\/2021\/12\/16\/senado-aprova-isencao-de-ipi-para-taxistas-e-pcd\/#breadcrumb"},"inLanguage":"pt-BR","potentialAction":[{"@type":"ReadAction","target":["https:\/\/bahiaeconomica.com.br\/wp\/2021\/12\/16\/senado-aprova-isencao-de-ipi-para-taxistas-e-pcd\/"]}]},{"@type":"BreadcrumbList","@id":"https:\/\/bahiaeconomica.com.br\/wp\/2021\/12\/16\/senado-aprova-isencao-de-ipi-para-taxistas-e-pcd\/#breadcrumb","itemListElement":[{"@type":"ListItem","position":1,"name":"In\u00edcio","item":"https:\/\/bahiaeconomica.com.br\/wp\/"},{"@type":"ListItem","position":2,"name":"SENADO APROVA ISEN\u00c7\u00c3O DE IPI PARA TAXISTAS E PCD"}]},{"@type":"WebSite","@id":"https:\/\/bahiaeconomica.com.br\/wp\/#website","url":"https:\/\/bahiaeconomica.com.br\/wp\/","name":"Bahia Economica","description":"O maior portal de Economia da Bahia","publisher":{"@id":"https:\/\/bahiaeconomica.com.br\/wp\/#organization"},"potentialAction":[{"@type":"SearchAction","target":{"@type":"EntryPoint","urlTemplate":"https:\/\/bahiaeconomica.com.br\/wp\/?s={search_term_string}"},"query-input":"required name=search_term_string"}],"inLanguage":"pt-BR"},{"@type":"Organization","@id":"https:\/\/bahiaeconomica.com.br\/wp\/#organization","name":"Bahia Econ\u00f4mica","url":"https:\/\/bahiaeconomica.com.br\/wp\/","logo":{"@type":"ImageObject","inLanguage":"pt-BR","@id":"https:\/\/bahiaeconomica.com.br\/wp\/#\/schema\/logo\/image\/","url":"https:\/\/bahiaeconomica.com.br\/wp\/wp-content\/uploads\/2020\/12\/cropped-BE.png","contentUrl":"https:\/\/bahiaeconomica.com.br\/wp\/wp-content\/uploads\/2020\/12\/cropped-BE.png","width":512,"height":512,"caption":"Bahia Econ\u00f4mica"},"image":{"@id":"https:\/\/bahiaeconomica.com.br\/wp\/#\/schema\/logo\/image\/"},"sameAs":["https:\/\/www.facebook.com\/bahiaeconomica"]},{"@type":"Person","@id":"https:\/\/bahiaeconomica.com.br\/wp\/#\/schema\/person\/cb1ab5ba96ad3d9390805381c76284ec","name":"admin","url":"https:\/\/bahiaeconomica.com.br\/wp\/author\/admin\/"}]}},"views":0,"_links":{"self":[{"href":"https:\/\/bahiaeconomica.com.br\/wp\/wp-json\/wp\/v2\/posts\/623610"}],"collection":[{"href":"https:\/\/bahiaeconomica.com.br\/wp\/wp-json\/wp\/v2\/posts"}],"about":[{"href":"https:\/\/bahiaeconomica.com.br\/wp\/wp-json\/wp\/v2\/types\/post"}],"author":[{"embeddable":true,"href":"https:\/\/bahiaeconomica.com.br\/wp\/wp-json\/wp\/v2\/users\/1"}],"replies":[{"embeddable":true,"href":"https:\/\/bahiaeconomica.com.br\/wp\/wp-json\/wp\/v2\/comments?post=623610"}],"version-history":[{"count":1,"href":"https:\/\/bahiaeconomica.com.br\/wp\/wp-json\/wp\/v2\/posts\/623610\/revisions"}],"predecessor-version":[{"id":623612,"href":"https:\/\/bahiaeconomica.com.br\/wp\/wp-json\/wp\/v2\/posts\/623610\/revisions\/623612"}],"wp:featuredmedia":[{"embeddable":true,"href":"https:\/\/bahiaeconomica.com.br\/wp\/wp-json\/wp\/v2\/media\/588416"}],"wp:attachment":[{"href":"https:\/\/bahiaeconomica.com.br\/wp\/wp-json\/wp\/v2\/media?parent=623610"}],"wp:term":[{"taxonomy":"category","embeddable":true,"href":"https:\/\/bahiaeconomica.com.br\/wp\/wp-json\/wp\/v2\/categories?post=623610"},{"taxonomy":"post_tag","embeddable":true,"href":"https:\/\/bahiaeconomica.com.br\/wp\/wp-json\/wp\/v2\/tags?post=623610"}],"curies":[{"name":"wp","href":"https:\/\/api.w.org\/{rel}","templated":true}]}}