{"id":623407,"date":"2021-12-27T06:55:03","date_gmt":"2021-12-27T09:55:03","guid":{"rendered":"https:\/\/bahiaeconomica.com.br\/wp\/beta\/?p=623407"},"modified":"2021-12-25T07:47:56","modified_gmt":"2021-12-25T10:47:56","slug":"entrevista-com-felix-mendonca-lider-do-pdt-na-bahia","status":"publish","type":"post","link":"https:\/\/bahiaeconomica.com.br\/wp\/2021\/12\/27\/entrevista-com-felix-mendonca-lider-do-pdt-na-bahia\/","title":{"rendered":"ENTREVISTA COM FELIX MENDON\u00c7A L\u00cdDER DO PDT NA BAHIA"},"content":{"rendered":"<p><strong>Bahia Econ\u00f4mica \u2013 Deputado, o PDT pretende lan\u00e7ar candidato ao governo do estado ?<\/strong><\/p>\n<p><strong>Felix Mendon\u00e7a &#8211;<\/strong> Ainda existe essa possibilidade, sim, mas n\u00e3o teremos candidato apenas por ter candidato. S\u00f3 se de fato tivermos um nome vi\u00e1vel, que possa somar nesse processo. Mas temos conversado com o ex-prefeito de Salvador ACM Neto, do Uni\u00e3o Brasil, e existe a possibilidade de uma composi\u00e7\u00e3o. Esse di\u00e1logo come\u00e7ou com a Executiva nacional do PDT, com nosso presidente nacional Carlos Lupi e o nosso pr\u00e9-candidato a presidente, Ciro Gomes, e tem ocorrido conosco tamb\u00e9m, aqui na estadual. Como convidado, estive, inclusive, no evento de lan\u00e7amento da pr\u00e9-candidatura do ex-prefeito.<\/p>\n<p><strong>Bahia Econ\u00f4mica \u2013 O PDT hoje est\u00e1 com uma das principais secretarias da gest\u00e3o municipal com Leo Prates. Isso pode trazer uma aproxima\u00e7\u00e3o maior do partido com a base do ex-prefeito ACM Neto em 2022?<\/strong><\/p>\n<p><strong>Felix Mendon\u00e7a &#8211;<\/strong> O PDT n\u00e3o apoiou o prefeito Bruno Reis em 2020 por conta de cargos. Fizemos isso porque naquele momento o nosso candidato a prefeito, que era Leo Prates, n\u00e3o podia simplesmente deixar a secretaria num momento grave de pandemia para concorrer, e Bruno Reis, ent\u00e3o, era o melhor nome para Salvador, tinha o melhor projeto e participou de uma gest\u00e3o exitosa, aceitando a nossa indica\u00e7\u00e3o para vice na chapa, Ana Paula. Al\u00e9m disso, o secret\u00e1rio Leo Prates foi uma escolha pessoal de ACM Neto e, depois, de Bruno Reis. Ali\u00e1s, ele se filiou ao PDT ap\u00f3s assumir a secretaria de Sa\u00fade de Salvador. N\u00e3o foi nossa indica\u00e7\u00e3o. Claro, se o prefeito desejar ouvir sugest\u00f5es do PDT para o substituto de Leo Prates, que vai ser candidato a deputado federal, podemos dar sugest\u00f5es, mas n\u00e3o \u00e9 um cargo do PDT.<\/p>\n<p><strong>Bahia Econ\u00f4mica \u2013 O PDT pode est\u00e1 na base de Rui em 2022?<\/strong><\/p>\n<p><strong>Felix Mendon\u00e7a &#8211;<\/strong> N\u00e3o vejo mais essa possibilidade. O PT rompeu conosco por ci\u00fames, porque n\u00e3o apoiamos o candidato do PT \u00e0 prefeitura de Salvador em 2020. Eles queriam impor uma candidata tirada do bolso da manga da camisa, sem nenhuma express\u00e3o. Como a gente sempre foi independente, n\u00e3o aceitamos, e da\u00ed eles romperam. Hoje, o PDT e o PT caminham em sentidos opostos, tanto em n\u00edvel federal quanto estadual.<\/p>\n<p><strong>Bahia Econ\u00f4mica \u2013 Como o senhor pretende trabalhar para trazer harmonia entre os poderes estaduais e federais ?<\/strong><\/p>\n<p><strong>Felix Mendon\u00e7a &#8211; <\/strong>Eu falei sobre isso nessa quest\u00e3o dos desabrigados por conta das chuvas no extremo-sul. Nesse momento, os governos devem se unir, ter humildade e deixar as brigas pol\u00edticas de lado. O problema \u00e9 que o acirramento pol\u00edtico est\u00e1 muito grande com essa antecipa\u00e7\u00e3o da campanha de 2022, e, nesse caso, prejudica os baianos. O governador e o presidente precisam tra\u00e7ar uma estrat\u00e9gia conjunta de a\u00e7\u00e3o. Conversei com os colegas da bancada da Bahia e estamos tentando intermediar uma interlocu\u00e7\u00e3o entre os governos federal e estadual. Veja o que aconteceu durante a pandemia em Salvador: a prefeitura e o governo se uniram, deixaram de lado diverg\u00eancias pol\u00edticas, e isso tem que ocorrer tamb\u00e9m neste momento de crise humanit\u00e1ria no sul da Bahia.<\/p>\n<p><strong>Bahia Econ\u00f4mica \u2013 O senhor vai se lan\u00e7ar candidato ?<\/strong><\/p>\n<p><strong>Felix Mendon\u00e7a &#8211;<\/strong> Eu sou candidato a deputado federal novamente. Claro, estou aberto a outras possibilidades, se houver convite. Mas, no momento, sou candidato \u00e0 reelei\u00e7\u00e3o.<\/p>\n<p>Foto: divulga\u00e7\u00e3o<\/p>\n","protected":false},"excerpt":{"rendered":"<p>Bahia Econ\u00f4mica \u2013 Deputado, o PDT pretende lan\u00e7ar candidato ao governo do estado ? Felix Mendon\u00e7a &#8211; Ainda existe essa possibilidade, sim, mas n\u00e3o teremos candidato apenas por ter candidato. S\u00f3 se de fato tivermos um nome vi\u00e1vel, que possa somar nesse processo. Mas temos conversado com o ex-prefeito de Salvador ACM Neto, do Uni\u00e3o [&hellip;]<\/p>\n","protected":false},"author":1,"featured_media":404045,"comment_status":"closed","ping_status":"closed","sticky":false,"template":"","format":"standard","meta":[],"categories":[9],"tags":[1296,2326,839,698],"acf":[],"yoast_head":"<!-- This site is optimized with the Yoast SEO plugin v20.8 - https:\/\/yoast.com\/wordpress\/plugins\/seo\/ -->\n<title>ENTREVISTA COM FELIX MENDON\u00c7A L\u00cdDER DO PDT NA BAHIA - Bahia Economica<\/title>\n<meta name=\"description\" content=\"O maior portal de Economia da Bahia ENTREVISTAS Bahia Economica\" \/>\n<meta name=\"robots\" content=\"index, follow, max-snippet:-1, max-image-preview:large, max-video-preview:-1\" \/>\n<link rel=\"canonical\" href=\"https:\/\/bahiaeconomica.com.br\/wp\/2021\/12\/27\/entrevista-com-felix-mendonca-lider-do-pdt-na-bahia\/\" \/>\n<meta property=\"og:locale\" content=\"pt_BR\" \/>\n<meta property=\"og:type\" content=\"article\" \/>\n<meta property=\"og:title\" content=\"ENTREVISTA COM FELIX MENDON\u00c7A L\u00cdDER DO PDT NA BAHIA - Bahia Economica\" \/>\n<meta property=\"og:description\" content=\"O maior portal de Economia da Bahia ENTREVISTAS Bahia Economica\" \/>\n<meta property=\"og:url\" content=\"https:\/\/bahiaeconomica.com.br\/wp\/2021\/12\/27\/entrevista-com-felix-mendonca-lider-do-pdt-na-bahia\/\" \/>\n<meta property=\"og:site_name\" content=\"Bahia Economica\" \/>\n<meta property=\"article:publisher\" content=\"https:\/\/www.facebook.com\/bahiaeconomica\" \/>\n<meta property=\"article:published_time\" content=\"2021-12-27T09:55:03+00:00\" \/>\n<meta property=\"article:modified_time\" content=\"2021-12-25T10:47:56+00:00\" \/>\n<meta property=\"og:image\" content=\"https:\/\/bahiaeconomica.com.br\/wp\/wp-content\/uploads\/2019\/10\/5969e6b5e6bb7_F\u00e9lix-Mendon\u00e7a-Jr--e1570724027820.jpg\" \/>\n\t<meta property=\"og:image:width\" content=\"500\" \/>\n\t<meta property=\"og:image:height\" content=\"328\" \/>\n\t<meta property=\"og:image:type\" content=\"image\/jpeg\" \/>\n<meta name=\"author\" content=\"admin\" \/>\n<meta name=\"twitter:card\" content=\"summary_large_image\" \/>\n<meta name=\"twitter:label1\" content=\"Escrito por\" \/>\n\t<meta name=\"twitter:data1\" content=\"admin\" \/>\n\t<meta name=\"twitter:label2\" content=\"Est. tempo de leitura\" \/>\n\t<meta name=\"twitter:data2\" content=\"3 minutos\" \/>\n<script type=\"application\/ld+json\" class=\"yoast-schema-graph\">{\"@context\":\"https:\/\/schema.org\",\"@graph\":[{\"@type\":\"Article\",\"@id\":\"https:\/\/bahiaeconomica.com.br\/wp\/2021\/12\/27\/entrevista-com-felix-mendonca-lider-do-pdt-na-bahia\/#article\",\"isPartOf\":{\"@id\":\"https:\/\/bahiaeconomica.com.br\/wp\/2021\/12\/27\/entrevista-com-felix-mendonca-lider-do-pdt-na-bahia\/\"},\"author\":{\"name\":\"admin\",\"@id\":\"https:\/\/bahiaeconomica.com.br\/wp\/#\/schema\/person\/cb1ab5ba96ad3d9390805381c76284ec\"},\"headline\":\"ENTREVISTA COM FELIX MENDON\u00c7A L\u00cdDER DO PDT NA BAHIA\",\"datePublished\":\"2021-12-27T09:55:03+00:00\",\"dateModified\":\"2021-12-25T10:47:56+00:00\",\"mainEntityOfPage\":{\"@id\":\"https:\/\/bahiaeconomica.com.br\/wp\/2021\/12\/27\/entrevista-com-felix-mendonca-lider-do-pdt-na-bahia\/\"},\"wordCount\":599,\"publisher\":{\"@id\":\"https:\/\/bahiaeconomica.com.br\/wp\/#organization\"},\"keywords\":[\"entrevista\",\"feliz\",\"mendon\u00e7a\",\"pdt\"],\"articleSection\":[\"ENTREVISTAS\"],\"inLanguage\":\"pt-BR\"},{\"@type\":\"WebPage\",\"@id\":\"https:\/\/bahiaeconomica.com.br\/wp\/2021\/12\/27\/entrevista-com-felix-mendonca-lider-do-pdt-na-bahia\/\",\"url\":\"https:\/\/bahiaeconomica.com.br\/wp\/2021\/12\/27\/entrevista-com-felix-mendonca-lider-do-pdt-na-bahia\/\",\"name\":\"ENTREVISTA COM FELIX MENDON\u00c7A L\u00cdDER DO PDT NA BAHIA - Bahia Economica\",\"isPartOf\":{\"@id\":\"https:\/\/bahiaeconomica.com.br\/wp\/#website\"},\"datePublished\":\"2021-12-27T09:55:03+00:00\",\"dateModified\":\"2021-12-25T10:47:56+00:00\",\"description\":\"O maior portal de Economia da Bahia ENTREVISTAS Bahia Economica\",\"breadcrumb\":{\"@id\":\"https:\/\/bahiaeconomica.com.br\/wp\/2021\/12\/27\/entrevista-com-felix-mendonca-lider-do-pdt-na-bahia\/#breadcrumb\"},\"inLanguage\":\"pt-BR\",\"potentialAction\":[{\"@type\":\"ReadAction\",\"target\":[\"https:\/\/bahiaeconomica.com.br\/wp\/2021\/12\/27\/entrevista-com-felix-mendonca-lider-do-pdt-na-bahia\/\"]}]},{\"@type\":\"BreadcrumbList\",\"@id\":\"https:\/\/bahiaeconomica.com.br\/wp\/2021\/12\/27\/entrevista-com-felix-mendonca-lider-do-pdt-na-bahia\/#breadcrumb\",\"itemListElement\":[{\"@type\":\"ListItem\",\"position\":1,\"name\":\"In\u00edcio\",\"item\":\"https:\/\/bahiaeconomica.com.br\/wp\/\"},{\"@type\":\"ListItem\",\"position\":2,\"name\":\"ENTREVISTA COM FELIX MENDON\u00c7A L\u00cdDER DO PDT NA BAHIA\"}]},{\"@type\":\"WebSite\",\"@id\":\"https:\/\/bahiaeconomica.com.br\/wp\/#website\",\"url\":\"https:\/\/bahiaeconomica.com.br\/wp\/\",\"name\":\"Bahia Economica\",\"description\":\"O maior portal de Economia da Bahia\",\"publisher\":{\"@id\":\"https:\/\/bahiaeconomica.com.br\/wp\/#organization\"},\"potentialAction\":[{\"@type\":\"SearchAction\",\"target\":{\"@type\":\"EntryPoint\",\"urlTemplate\":\"https:\/\/bahiaeconomica.com.br\/wp\/?s={search_term_string}\"},\"query-input\":\"required name=search_term_string\"}],\"inLanguage\":\"pt-BR\"},{\"@type\":\"Organization\",\"@id\":\"https:\/\/bahiaeconomica.com.br\/wp\/#organization\",\"name\":\"Bahia Econ\u00f4mica\",\"url\":\"https:\/\/bahiaeconomica.com.br\/wp\/\",\"logo\":{\"@type\":\"ImageObject\",\"inLanguage\":\"pt-BR\",\"@id\":\"https:\/\/bahiaeconomica.com.br\/wp\/#\/schema\/logo\/image\/\",\"url\":\"https:\/\/bahiaeconomica.com.br\/wp\/wp-content\/uploads\/2020\/12\/cropped-BE.png\",\"contentUrl\":\"https:\/\/bahiaeconomica.com.br\/wp\/wp-content\/uploads\/2020\/12\/cropped-BE.png\",\"width\":512,\"height\":512,\"caption\":\"Bahia Econ\u00f4mica\"},\"image\":{\"@id\":\"https:\/\/bahiaeconomica.com.br\/wp\/#\/schema\/logo\/image\/\"},\"sameAs\":[\"https:\/\/www.facebook.com\/bahiaeconomica\"]},{\"@type\":\"Person\",\"@id\":\"https:\/\/bahiaeconomica.com.br\/wp\/#\/schema\/person\/cb1ab5ba96ad3d9390805381c76284ec\",\"name\":\"admin\",\"url\":\"https:\/\/bahiaeconomica.com.br\/wp\/author\/admin\/\"}]}<\/script>\n<!-- \/ Yoast SEO plugin. -->","yoast_head_json":{"title":"ENTREVISTA COM FELIX MENDON\u00c7A L\u00cdDER DO PDT NA BAHIA - Bahia Economica","description":"O maior portal de Economia da Bahia ENTREVISTAS Bahia Economica","robots":{"index":"index","follow":"follow","max-snippet":"max-snippet:-1","max-image-preview":"max-image-preview:large","max-video-preview":"max-video-preview:-1"},"canonical":"https:\/\/bahiaeconomica.com.br\/wp\/2021\/12\/27\/entrevista-com-felix-mendonca-lider-do-pdt-na-bahia\/","og_locale":"pt_BR","og_type":"article","og_title":"ENTREVISTA COM FELIX MENDON\u00c7A L\u00cdDER DO PDT NA BAHIA - Bahia Economica","og_description":"O maior portal de Economia da Bahia ENTREVISTAS Bahia Economica","og_url":"https:\/\/bahiaeconomica.com.br\/wp\/2021\/12\/27\/entrevista-com-felix-mendonca-lider-do-pdt-na-bahia\/","og_site_name":"Bahia Economica","article_publisher":"https:\/\/www.facebook.com\/bahiaeconomica","article_published_time":"2021-12-27T09:55:03+00:00","article_modified_time":"2021-12-25T10:47:56+00:00","og_image":[{"width":500,"height":328,"url":"https:\/\/bahiaeconomica.com.br\/wp\/wp-content\/uploads\/2019\/10\/5969e6b5e6bb7_F\u00e9lix-Mendon\u00e7a-Jr--e1570724027820.jpg","type":"image\/jpeg"}],"author":"admin","twitter_card":"summary_large_image","twitter_misc":{"Escrito por":"admin","Est. tempo de leitura":"3 minutos"},"schema":{"@context":"https:\/\/schema.org","@graph":[{"@type":"Article","@id":"https:\/\/bahiaeconomica.com.br\/wp\/2021\/12\/27\/entrevista-com-felix-mendonca-lider-do-pdt-na-bahia\/#article","isPartOf":{"@id":"https:\/\/bahiaeconomica.com.br\/wp\/2021\/12\/27\/entrevista-com-felix-mendonca-lider-do-pdt-na-bahia\/"},"author":{"name":"admin","@id":"https:\/\/bahiaeconomica.com.br\/wp\/#\/schema\/person\/cb1ab5ba96ad3d9390805381c76284ec"},"headline":"ENTREVISTA COM FELIX MENDON\u00c7A L\u00cdDER DO PDT NA BAHIA","datePublished":"2021-12-27T09:55:03+00:00","dateModified":"2021-12-25T10:47:56+00:00","mainEntityOfPage":{"@id":"https:\/\/bahiaeconomica.com.br\/wp\/2021\/12\/27\/entrevista-com-felix-mendonca-lider-do-pdt-na-bahia\/"},"wordCount":599,"publisher":{"@id":"https:\/\/bahiaeconomica.com.br\/wp\/#organization"},"keywords":["entrevista","feliz","mendon\u00e7a","pdt"],"articleSection":["ENTREVISTAS"],"inLanguage":"pt-BR"},{"@type":"WebPage","@id":"https:\/\/bahiaeconomica.com.br\/wp\/2021\/12\/27\/entrevista-com-felix-mendonca-lider-do-pdt-na-bahia\/","url":"https:\/\/bahiaeconomica.com.br\/wp\/2021\/12\/27\/entrevista-com-felix-mendonca-lider-do-pdt-na-bahia\/","name":"ENTREVISTA COM FELIX MENDON\u00c7A L\u00cdDER DO PDT NA BAHIA - Bahia Economica","isPartOf":{"@id":"https:\/\/bahiaeconomica.com.br\/wp\/#website"},"datePublished":"2021-12-27T09:55:03+00:00","dateModified":"2021-12-25T10:47:56+00:00","description":"O maior portal de Economia da Bahia ENTREVISTAS Bahia Economica","breadcrumb":{"@id":"https:\/\/bahiaeconomica.com.br\/wp\/2021\/12\/27\/entrevista-com-felix-mendonca-lider-do-pdt-na-bahia\/#breadcrumb"},"inLanguage":"pt-BR","potentialAction":[{"@type":"ReadAction","target":["https:\/\/bahiaeconomica.com.br\/wp\/2021\/12\/27\/entrevista-com-felix-mendonca-lider-do-pdt-na-bahia\/"]}]},{"@type":"BreadcrumbList","@id":"https:\/\/bahiaeconomica.com.br\/wp\/2021\/12\/27\/entrevista-com-felix-mendonca-lider-do-pdt-na-bahia\/#breadcrumb","itemListElement":[{"@type":"ListItem","position":1,"name":"In\u00edcio","item":"https:\/\/bahiaeconomica.com.br\/wp\/"},{"@type":"ListItem","position":2,"name":"ENTREVISTA COM FELIX MENDON\u00c7A L\u00cdDER DO PDT NA BAHIA"}]},{"@type":"WebSite","@id":"https:\/\/bahiaeconomica.com.br\/wp\/#website","url":"https:\/\/bahiaeconomica.com.br\/wp\/","name":"Bahia Economica","description":"O maior portal de Economia da Bahia","publisher":{"@id":"https:\/\/bahiaeconomica.com.br\/wp\/#organization"},"potentialAction":[{"@type":"SearchAction","target":{"@type":"EntryPoint","urlTemplate":"https:\/\/bahiaeconomica.com.br\/wp\/?s={search_term_string}"},"query-input":"required name=search_term_string"}],"inLanguage":"pt-BR"},{"@type":"Organization","@id":"https:\/\/bahiaeconomica.com.br\/wp\/#organization","name":"Bahia Econ\u00f4mica","url":"https:\/\/bahiaeconomica.com.br\/wp\/","logo":{"@type":"ImageObject","inLanguage":"pt-BR","@id":"https:\/\/bahiaeconomica.com.br\/wp\/#\/schema\/logo\/image\/","url":"https:\/\/bahiaeconomica.com.br\/wp\/wp-content\/uploads\/2020\/12\/cropped-BE.png","contentUrl":"https:\/\/bahiaeconomica.com.br\/wp\/wp-content\/uploads\/2020\/12\/cropped-BE.png","width":512,"height":512,"caption":"Bahia Econ\u00f4mica"},"image":{"@id":"https:\/\/bahiaeconomica.com.br\/wp\/#\/schema\/logo\/image\/"},"sameAs":["https:\/\/www.facebook.com\/bahiaeconomica"]},{"@type":"Person","@id":"https:\/\/bahiaeconomica.com.br\/wp\/#\/schema\/person\/cb1ab5ba96ad3d9390805381c76284ec","name":"admin","url":"https:\/\/bahiaeconomica.com.br\/wp\/author\/admin\/"}]}},"views":2,"_links":{"self":[{"href":"https:\/\/bahiaeconomica.com.br\/wp\/wp-json\/wp\/v2\/posts\/623407"}],"collection":[{"href":"https:\/\/bahiaeconomica.com.br\/wp\/wp-json\/wp\/v2\/posts"}],"about":[{"href":"https:\/\/bahiaeconomica.com.br\/wp\/wp-json\/wp\/v2\/types\/post"}],"author":[{"embeddable":true,"href":"https:\/\/bahiaeconomica.com.br\/wp\/wp-json\/wp\/v2\/users\/1"}],"replies":[{"embeddable":true,"href":"https:\/\/bahiaeconomica.com.br\/wp\/wp-json\/wp\/v2\/comments?post=623407"}],"version-history":[{"count":1,"href":"https:\/\/bahiaeconomica.com.br\/wp\/wp-json\/wp\/v2\/posts\/623407\/revisions"}],"predecessor-version":[{"id":623409,"href":"https:\/\/bahiaeconomica.com.br\/wp\/wp-json\/wp\/v2\/posts\/623407\/revisions\/623409"}],"wp:featuredmedia":[{"embeddable":true,"href":"https:\/\/bahiaeconomica.com.br\/wp\/wp-json\/wp\/v2\/media\/404045"}],"wp:attachment":[{"href":"https:\/\/bahiaeconomica.com.br\/wp\/wp-json\/wp\/v2\/media?parent=623407"}],"wp:term":[{"taxonomy":"category","embeddable":true,"href":"https:\/\/bahiaeconomica.com.br\/wp\/wp-json\/wp\/v2\/categories?post=623407"},{"taxonomy":"post_tag","embeddable":true,"href":"https:\/\/bahiaeconomica.com.br\/wp\/wp-json\/wp\/v2\/tags?post=623407"}],"curies":[{"name":"wp","href":"https:\/\/api.w.org\/{rel}","templated":true}]}}